{"id":4482,"date":"2019-07-29T05:33:52","date_gmt":"2019-07-29T05:33:52","guid":{"rendered":"https:\/\/rednacionaldearte.com\/noticias\/?p=4482"},"modified":"2019-07-29T05:39:04","modified_gmt":"2019-07-29T05:39:04","slug":"gana-una-beca-para-el-laboratorio-de-videodanza","status":"publish","type":"post","link":"https:\/\/rednacionaldearte.com\/noticias\/gana-una-beca-para-el-laboratorio-de-videodanza\/","title":{"rendered":"\u00a1Gana una beca para el Laboratorio de Videodanza!"},"content":{"rendered":"\n<p>El <a href=\"https:\/\/festivalvideodanza.com\/\">Festival Internacional de Videodanza de la Ciudad de M\u00e9xico<\/a> en colaboraci\u00f3n con Red Nacional de Arte cubrir\u00e1 el costo de inscripci\u00f3n de hasta dos personas al 2do Laboratorio de Videodanza que se llevar\u00e1 a cabo el pr\u00f3ximo mes en la Galer\u00eda Afirme.<\/p>\n\n\n\n<p>El laboratorio se realizar\u00e1 del 3 de Agosto al 14 de Septiembre, con 10 sesiones los s\u00e1bados y domingos de 12 a 16 horas. Est\u00e1 dirigido a estudiantes y profesionales de danza, coreograf\u00eda, artes visuales y nuevos medios.<\/p>\n\n\n\n<p>Para participar por la beca sigue los siguientes pasos:<\/p>\n\n\n\n<br \/><ol><li>Dale like a la p\u00e1gina de Red Nacional de Arte en Facebook:<\/li>\n<br \/><iframe loading=\"lazy\" src=\"https:\/\/www.facebook.com\/plugins\/page.php?href=https%3A%2F%2Fwww.facebook.com%2Frednacionaldearte&#038;tabs&#038;width=340&#038;height=214&#038;small_header=false&#038;adapt_container_width=true&#038;hide_cover=false&#038;show_facepile=true&#038;appId=909575375780395\" width=\"340\" height=\"214\" style=\"border:none;overflow:hidden\" scrolling=\"no\" frameborder=\"0\" allowTransparency=\"true\" allow=\"encrypted-media\"><\/iframe>\n<br \/><li>Comparte la siguiente publicaci\u00f3n de manera p\u00fablica en tu muro: <a href=\"https:\/\/www.facebook.com\/rednacionaldearte\/photos\/a.823555817764606\/2262074237246083\/\">https:\/\/www.facebook.com\/rednacionaldearte\/photos\/a.823555817764606\/2262074237246083\/<\/a><\/li><br \/><li>Env\u00eda un correo a cursos@rednacionaldearte.com con el asunto \u00abBeca Videodanza\u00bb y los siguientes datos: Nombre completo, tel\u00e9fono m\u00f3vil, breve semblanza y <a rel=\"noreferrer noopener\" aria-label=\"logline (abre en una nueva pesta\u00f1a)\" href=\"https:\/\/www.raindance.org\/10-tips-for-writing-loglines\/\" target=\"_blank\">logline<\/a> (de no m\u00e1s de 5 l\u00edneas) de la videodanza a realizar durante el laboratorio.<\/li><\/ol>\n\n\n\n<p>Las personas que resulten becadas se comprometen a asistir a todas las sesiones del laboratorio.<\/p>\n\n\n\n<p>S\u00f3lo se aceptar\u00e1n postulaciones individuales y no de grupos o colectivos. Pueden participar personas que ya hayan pagado su inscripci\u00f3n al laboratorio (en caso de resultar acreedores a la beca, se les devolver\u00e1 pago realizado).<\/p>\n\n\n\n<p>El objetivo de la presente convocatoria es apoyar trabajos en estado de desarrollo cuya idea se encuentre ya con cierto avance en el proyecto, por lo que se recibir\u00e1n propuestas hasta el 31 de julio de 2019.<\/p>\n\n\n\n<p>Se informar\u00e1 personalmente a la o las personas que resulten ganadoras el d\u00eda 1 de agosto de 2019.<\/p>\n\n\n\n<p>Para cualquier duda, escribir a cursos@rednacionaldearte.com<\/p>\n","protected":false},"excerpt":{"rendered":"<p>El Festival Internacional de Videodanza de la Ciudad de M\u00e9xico en colaboraci\u00f3n con Red Nacional de Arte cubrir\u00e1 el costo de inscripci\u00f3n de hasta dos personas al 2do Laboratorio de Videodanza que se llevar\u00e1 a cabo el pr\u00f3ximo mes en la Galer\u00eda Afirme. El laboratorio se realizar\u00e1 del 3 de Agosto al 14 de Septiembre, [&hellip;]<\/p>\n","protected":false},"author":1,"featured_media":4484,"comment_status":"closed","ping_status":"open","sticky":false,"template":"","format":"standard","meta":{"footnotes":""},"categories":[24,43,93,63,41],"tags":[76,165],"class_list":["post-4482","post","type-post","status-publish","format-standard","has-post-thumbnail","hentry","category-convocatorias","category-cursos","category-festivales","category-laboratorios","category-rna","tag-festival-internacional-de-videodanza-de-la-ciudad-de-mexico","tag-laboratorio-de-videodanza"],"yoast_head":"<!-- This site is optimized with the Yoast SEO plugin v27.2 - https:\/\/yoast.com\/product\/yoast-seo-wordpress\/ -->\n<title>\u00a1Gana una beca para el Laboratorio de Videodanza! - Red Nacional de Arte<\/title>\n<meta name=\"robots\" content=\"index, follow, max-snippet:-1, max-image-preview:large, max-video-preview:-1\" \/>\n<link rel=\"canonical\" href=\"http:\/\/rednacionaldearte.com\/noticias\/gana-una-beca-para-el-laboratorio-de-videodanza\/\" \/>\n<meta property=\"og:locale\" content=\"es_ES\" \/>\n<meta property=\"og:type\" content=\"article\" \/>\n<meta property=\"og:title\" content=\"\u00a1Gana una beca para el Laboratorio de Videodanza! - Red Nacional de Arte\" \/>\n<meta property=\"og:description\" content=\"El Festival Internacional de Videodanza de la Ciudad de M\u00e9xico en colaboraci\u00f3n con Red Nacional de Arte cubrir\u00e1 el costo de inscripci\u00f3n de hasta dos personas al 2do Laboratorio de Videodanza que se llevar\u00e1 a cabo el pr\u00f3ximo mes en la Galer\u00eda Afirme. El laboratorio se realizar\u00e1 del 3 de Agosto al 14 de Septiembre, [&hellip;]\" \/>\n<meta property=\"og:url\" content=\"http:\/\/rednacionaldearte.com\/noticias\/gana-una-beca-para-el-laboratorio-de-videodanza\/\" \/>\n<meta property=\"og:site_name\" content=\"Red Nacional de Arte\" \/>\n<meta property=\"article:publisher\" content=\"http:\/\/www.facebook.com\/rednacionaldearte\/\" \/>\n<meta property=\"article:published_time\" content=\"2019-07-29T05:33:52+00:00\" \/>\n<meta property=\"article:modified_time\" content=\"2019-07-29T05:39:04+00:00\" \/>\n<meta property=\"og:image\" content=\"http:\/\/rednacionaldearte.com\/noticias\/wp-content\/uploads\/2019\/07\/laboratorio-videodanza.jpg\" \/>\n\t<meta property=\"og:image:width\" content=\"1920\" \/>\n\t<meta property=\"og:image:height\" content=\"1080\" \/>\n\t<meta property=\"og:image:type\" content=\"image\/jpeg\" \/>\n<meta name=\"author\" content=\"Redacci\u00f3n\" \/>\n<meta name=\"twitter:card\" content=\"summary_large_image\" \/>\n<meta name=\"twitter:creator\" content=\"@rednacionalarte\" \/>\n<meta name=\"twitter:site\" content=\"@rednacionalarte\" \/>\n<meta name=\"twitter:label1\" content=\"Escrito por\" \/>\n\t<meta name=\"twitter:data1\" content=\"Redacci\u00f3n\" \/>\n\t<meta name=\"twitter:label2\" content=\"Tiempo de lectura\" \/>\n\t<meta name=\"twitter:data2\" content=\"1 minuto\" \/>\n<script type=\"application\/ld+json\" class=\"yoast-schema-graph\">{\"@context\":\"https:\/\/schema.org\",\"@graph\":[{\"@type\":\"Article\",\"@id\":\"http:\/\/rednacionaldearte.com\/noticias\/gana-una-beca-para-el-laboratorio-de-videodanza\/#article\",\"isPartOf\":{\"@id\":\"http:\/\/rednacionaldearte.com\/noticias\/gana-una-beca-para-el-laboratorio-de-videodanza\/\"},\"author\":{\"name\":\"Redacci\u00f3n\",\"@id\":\"http:\/\/rednacionaldearte.com\/noticias\/#\/schema\/person\/489d635082b1de413434d2708a3e5b9b\"},\"headline\":\"\u00a1Gana una beca para el Laboratorio de Videodanza!\",\"datePublished\":\"2019-07-29T05:33:52+00:00\",\"dateModified\":\"2019-07-29T05:39:04+00:00\",\"mainEntityOfPage\":{\"@id\":\"http:\/\/rednacionaldearte.com\/noticias\/gana-una-beca-para-el-laboratorio-de-videodanza\/\"},\"wordCount\":288,\"publisher\":{\"@id\":\"http:\/\/rednacionaldearte.com\/noticias\/#organization\"},\"image\":{\"@id\":\"http:\/\/rednacionaldearte.com\/noticias\/gana-una-beca-para-el-laboratorio-de-videodanza\/#primaryimage\"},\"thumbnailUrl\":\"https:\/\/rednacionaldearte.com\/noticias\/wp-content\/uploads\/2019\/07\/laboratorio-videodanza.jpg\",\"keywords\":[\"Festival Internacional de Videodanza de la Ciudad de M\u00e9xico\",\"Laboratorio de Videodanza\"],\"articleSection\":[\"Convocatorias\",\"Cursos\",\"Festivales\",\"Laboratorios\",\"RNA\"],\"inLanguage\":\"es\"},{\"@type\":\"WebPage\",\"@id\":\"http:\/\/rednacionaldearte.com\/noticias\/gana-una-beca-para-el-laboratorio-de-videodanza\/\",\"url\":\"http:\/\/rednacionaldearte.com\/noticias\/gana-una-beca-para-el-laboratorio-de-videodanza\/\",\"name\":\"\u00a1Gana una beca para el Laboratorio de Videodanza! - Red Nacional de Arte\",\"isPartOf\":{\"@id\":\"http:\/\/rednacionaldearte.com\/noticias\/#website\"},\"primaryImageOfPage\":{\"@id\":\"http:\/\/rednacionaldearte.com\/noticias\/gana-una-beca-para-el-laboratorio-de-videodanza\/#primaryimage\"},\"image\":{\"@id\":\"http:\/\/rednacionaldearte.com\/noticias\/gana-una-beca-para-el-laboratorio-de-videodanza\/#primaryimage\"},\"thumbnailUrl\":\"https:\/\/rednacionaldearte.com\/noticias\/wp-content\/uploads\/2019\/07\/laboratorio-videodanza.jpg\",\"datePublished\":\"2019-07-29T05:33:52+00:00\",\"dateModified\":\"2019-07-29T05:39:04+00:00\",\"breadcrumb\":{\"@id\":\"http:\/\/rednacionaldearte.com\/noticias\/gana-una-beca-para-el-laboratorio-de-videodanza\/#breadcrumb\"},\"inLanguage\":\"es\",\"potentialAction\":[{\"@type\":\"ReadAction\",\"target\":[\"http:\/\/rednacionaldearte.com\/noticias\/gana-una-beca-para-el-laboratorio-de-videodanza\/\"]}]},{\"@type\":\"ImageObject\",\"inLanguage\":\"es\",\"@id\":\"http:\/\/rednacionaldearte.com\/noticias\/gana-una-beca-para-el-laboratorio-de-videodanza\/#primaryimage\",\"url\":\"https:\/\/rednacionaldearte.com\/noticias\/wp-content\/uploads\/2019\/07\/laboratorio-videodanza.jpg\",\"contentUrl\":\"https:\/\/rednacionaldearte.com\/noticias\/wp-content\/uploads\/2019\/07\/laboratorio-videodanza.jpg\",\"width\":1920,\"height\":1080,\"caption\":\"Laboratorio de Videodanza\"},{\"@type\":\"BreadcrumbList\",\"@id\":\"http:\/\/rednacionaldearte.com\/noticias\/gana-una-beca-para-el-laboratorio-de-videodanza\/#breadcrumb\",\"itemListElement\":[{\"@type\":\"ListItem\",\"position\":1,\"name\":\"Home\",\"item\":\"http:\/\/rednacionaldearte.com\/noticias\/\"},{\"@type\":\"ListItem\",\"position\":2,\"name\":\"\u00a1Gana una beca para el Laboratorio de Videodanza!\"}]},{\"@type\":\"WebSite\",\"@id\":\"http:\/\/rednacionaldearte.com\/noticias\/#website\",\"url\":\"http:\/\/rednacionaldearte.com\/noticias\/\",\"name\":\"Red Nacional de Arte\",\"description\":\"Cultura y Arte contempor\u00e1neo en M\u00e9xico\",\"publisher\":{\"@id\":\"http:\/\/rednacionaldearte.com\/noticias\/#organization\"},\"potentialAction\":[{\"@type\":\"SearchAction\",\"target\":{\"@type\":\"EntryPoint\",\"urlTemplate\":\"http:\/\/rednacionaldearte.com\/noticias\/?s={search_term_string}\"},\"query-input\":{\"@type\":\"PropertyValueSpecification\",\"valueRequired\":true,\"valueName\":\"search_term_string\"}}],\"inLanguage\":\"es\"},{\"@type\":\"Organization\",\"@id\":\"http:\/\/rednacionaldearte.com\/noticias\/#organization\",\"name\":\"Red Nacional de Arte\",\"url\":\"http:\/\/rednacionaldearte.com\/noticias\/\",\"logo\":{\"@type\":\"ImageObject\",\"inLanguage\":\"es\",\"@id\":\"http:\/\/rednacionaldearte.com\/noticias\/#\/schema\/logo\/image\/\",\"url\":\"http:\/\/rednacionaldearte.com\/noticias\/wp-content\/uploads\/2016\/04\/logo.png\",\"contentUrl\":\"http:\/\/rednacionaldearte.com\/noticias\/wp-content\/uploads\/2016\/04\/logo.png\",\"width\":575,\"height\":554,\"caption\":\"Red Nacional de Arte\"},\"image\":{\"@id\":\"http:\/\/rednacionaldearte.com\/noticias\/#\/schema\/logo\/image\/\"},\"sameAs\":[\"http:\/\/www.facebook.com\/rednacionaldearte\/\",\"https:\/\/x.com\/rednacionalarte\"]},{\"@type\":\"Person\",\"@id\":\"http:\/\/rednacionaldearte.com\/noticias\/#\/schema\/person\/489d635082b1de413434d2708a3e5b9b\",\"name\":\"Redacci\u00f3n\",\"image\":{\"@type\":\"ImageObject\",\"inLanguage\":\"es\",\"@id\":\"https:\/\/secure.gravatar.com\/avatar\/1d1c30eaee7c2f6cfa13fb8502cb06839106cdf371b9953d50e4b572d0bfa3c7?s=96&d=mm&r=g\",\"url\":\"https:\/\/secure.gravatar.com\/avatar\/1d1c30eaee7c2f6cfa13fb8502cb06839106cdf371b9953d50e4b572d0bfa3c7?s=96&d=mm&r=g\",\"contentUrl\":\"https:\/\/secure.gravatar.com\/avatar\/1d1c30eaee7c2f6cfa13fb8502cb06839106cdf371b9953d50e4b572d0bfa3c7?s=96&d=mm&r=g\",\"caption\":\"Redacci\u00f3n\"},\"url\":\"https:\/\/rednacionaldearte.com\/noticias\/author\/adan\/\"}]}<\/script>\n<!-- \/ Yoast SEO plugin. -->","yoast_head_json":{"title":"\u00a1Gana una beca para el Laboratorio de Videodanza! - Red Nacional de Arte","robots":{"index":"index","follow":"follow","max-snippet":"max-snippet:-1","max-image-preview":"max-image-preview:large","max-video-preview":"max-video-preview:-1"},"canonical":"http:\/\/rednacionaldearte.com\/noticias\/gana-una-beca-para-el-laboratorio-de-videodanza\/","og_locale":"es_ES","og_type":"article","og_title":"\u00a1Gana una beca para el Laboratorio de Videodanza! - Red Nacional de Arte","og_description":"El Festival Internacional de Videodanza de la Ciudad de M\u00e9xico en colaboraci\u00f3n con Red Nacional de Arte cubrir\u00e1 el costo de inscripci\u00f3n de hasta dos personas al 2do Laboratorio de Videodanza que se llevar\u00e1 a cabo el pr\u00f3ximo mes en la Galer\u00eda Afirme. El laboratorio se realizar\u00e1 del 3 de Agosto al 14 de Septiembre, [&hellip;]","og_url":"http:\/\/rednacionaldearte.com\/noticias\/gana-una-beca-para-el-laboratorio-de-videodanza\/","og_site_name":"Red Nacional de Arte","article_publisher":"http:\/\/www.facebook.com\/rednacionaldearte\/","article_published_time":"2019-07-29T05:33:52+00:00","article_modified_time":"2019-07-29T05:39:04+00:00","og_image":[{"width":1920,"height":1080,"url":"http:\/\/rednacionaldearte.com\/noticias\/wp-content\/uploads\/2019\/07\/laboratorio-videodanza.jpg","type":"image\/jpeg"}],"author":"Redacci\u00f3n","twitter_card":"summary_large_image","twitter_creator":"@rednacionalarte","twitter_site":"@rednacionalarte","twitter_misc":{"Escrito por":"Redacci\u00f3n","Tiempo de lectura":"1 minuto"},"schema":{"@context":"https:\/\/schema.org","@graph":[{"@type":"Article","@id":"http:\/\/rednacionaldearte.com\/noticias\/gana-una-beca-para-el-laboratorio-de-videodanza\/#article","isPartOf":{"@id":"http:\/\/rednacionaldearte.com\/noticias\/gana-una-beca-para-el-laboratorio-de-videodanza\/"},"author":{"name":"Redacci\u00f3n","@id":"http:\/\/rednacionaldearte.com\/noticias\/#\/schema\/person\/489d635082b1de413434d2708a3e5b9b"},"headline":"\u00a1Gana una beca para el Laboratorio de Videodanza!","datePublished":"2019-07-29T05:33:52+00:00","dateModified":"2019-07-29T05:39:04+00:00","mainEntityOfPage":{"@id":"http:\/\/rednacionaldearte.com\/noticias\/gana-una-beca-para-el-laboratorio-de-videodanza\/"},"wordCount":288,"publisher":{"@id":"http:\/\/rednacionaldearte.com\/noticias\/#organization"},"image":{"@id":"http:\/\/rednacionaldearte.com\/noticias\/gana-una-beca-para-el-laboratorio-de-videodanza\/#primaryimage"},"thumbnailUrl":"https:\/\/rednacionaldearte.com\/noticias\/wp-content\/uploads\/2019\/07\/laboratorio-videodanza.jpg","keywords":["Festival Internacional de Videodanza de la Ciudad de M\u00e9xico","Laboratorio de Videodanza"],"articleSection":["Convocatorias","Cursos","Festivales","Laboratorios","RNA"],"inLanguage":"es"},{"@type":"WebPage","@id":"http:\/\/rednacionaldearte.com\/noticias\/gana-una-beca-para-el-laboratorio-de-videodanza\/","url":"http:\/\/rednacionaldearte.com\/noticias\/gana-una-beca-para-el-laboratorio-de-videodanza\/","name":"\u00a1Gana una beca para el Laboratorio de Videodanza! - Red Nacional de Arte","isPartOf":{"@id":"http:\/\/rednacionaldearte.com\/noticias\/#website"},"primaryImageOfPage":{"@id":"http:\/\/rednacionaldearte.com\/noticias\/gana-una-beca-para-el-laboratorio-de-videodanza\/#primaryimage"},"image":{"@id":"http:\/\/rednacionaldearte.com\/noticias\/gana-una-beca-para-el-laboratorio-de-videodanza\/#primaryimage"},"thumbnailUrl":"https:\/\/rednacionaldearte.com\/noticias\/wp-content\/uploads\/2019\/07\/laboratorio-videodanza.jpg","datePublished":"2019-07-29T05:33:52+00:00","dateModified":"2019-07-29T05:39:04+00:00","breadcrumb":{"@id":"http:\/\/rednacionaldearte.com\/noticias\/gana-una-beca-para-el-laboratorio-de-videodanza\/#breadcrumb"},"inLanguage":"es","potentialAction":[{"@type":"ReadAction","target":["http:\/\/rednacionaldearte.com\/noticias\/gana-una-beca-para-el-laboratorio-de-videodanza\/"]}]},{"@type":"ImageObject","inLanguage":"es","@id":"http:\/\/rednacionaldearte.com\/noticias\/gana-una-beca-para-el-laboratorio-de-videodanza\/#primaryimage","url":"https:\/\/rednacionaldearte.com\/noticias\/wp-content\/uploads\/2019\/07\/laboratorio-videodanza.jpg","contentUrl":"https:\/\/rednacionaldearte.com\/noticias\/wp-content\/uploads\/2019\/07\/laboratorio-videodanza.jpg","width":1920,"height":1080,"caption":"Laboratorio de Videodanza"},{"@type":"BreadcrumbList","@id":"http:\/\/rednacionaldearte.com\/noticias\/gana-una-beca-para-el-laboratorio-de-videodanza\/#breadcrumb","itemListElement":[{"@type":"ListItem","position":1,"name":"Home","item":"http:\/\/rednacionaldearte.com\/noticias\/"},{"@type":"ListItem","position":2,"name":"\u00a1Gana una beca para el Laboratorio de Videodanza!"}]},{"@type":"WebSite","@id":"http:\/\/rednacionaldearte.com\/noticias\/#website","url":"http:\/\/rednacionaldearte.com\/noticias\/","name":"Red Nacional de Arte","description":"Cultura y Arte contempor\u00e1neo en M\u00e9xico","publisher":{"@id":"http:\/\/rednacionaldearte.com\/noticias\/#organization"},"potentialAction":[{"@type":"SearchAction","target":{"@type":"EntryPoint","urlTemplate":"http:\/\/rednacionaldearte.com\/noticias\/?s={search_term_string}"},"query-input":{"@type":"PropertyValueSpecification","valueRequired":true,"valueName":"search_term_string"}}],"inLanguage":"es"},{"@type":"Organization","@id":"http:\/\/rednacionaldearte.com\/noticias\/#organization","name":"Red Nacional de Arte","url":"http:\/\/rednacionaldearte.com\/noticias\/","logo":{"@type":"ImageObject","inLanguage":"es","@id":"http:\/\/rednacionaldearte.com\/noticias\/#\/schema\/logo\/image\/","url":"http:\/\/rednacionaldearte.com\/noticias\/wp-content\/uploads\/2016\/04\/logo.png","contentUrl":"http:\/\/rednacionaldearte.com\/noticias\/wp-content\/uploads\/2016\/04\/logo.png","width":575,"height":554,"caption":"Red Nacional de Arte"},"image":{"@id":"http:\/\/rednacionaldearte.com\/noticias\/#\/schema\/logo\/image\/"},"sameAs":["http:\/\/www.facebook.com\/rednacionaldearte\/","https:\/\/x.com\/rednacionalarte"]},{"@type":"Person","@id":"http:\/\/rednacionaldearte.com\/noticias\/#\/schema\/person\/489d635082b1de413434d2708a3e5b9b","name":"Redacci\u00f3n","image":{"@type":"ImageObject","inLanguage":"es","@id":"https:\/\/secure.gravatar.com\/avatar\/1d1c30eaee7c2f6cfa13fb8502cb06839106cdf371b9953d50e4b572d0bfa3c7?s=96&d=mm&r=g","url":"https:\/\/secure.gravatar.com\/avatar\/1d1c30eaee7c2f6cfa13fb8502cb06839106cdf371b9953d50e4b572d0bfa3c7?s=96&d=mm&r=g","contentUrl":"https:\/\/secure.gravatar.com\/avatar\/1d1c30eaee7c2f6cfa13fb8502cb06839106cdf371b9953d50e4b572d0bfa3c7?s=96&d=mm&r=g","caption":"Redacci\u00f3n"},"url":"https:\/\/rednacionaldearte.com\/noticias\/author\/adan\/"}]}},"amp_validity":null,"amp_enabled":true,"_links":{"self":[{"href":"https:\/\/rednacionaldearte.com\/noticias\/wp-json\/wp\/v2\/posts\/4482","targetHints":{"allow":["GET"]}}],"collection":[{"href":"https:\/\/rednacionaldearte.com\/noticias\/wp-json\/wp\/v2\/posts"}],"about":[{"href":"https:\/\/rednacionaldearte.com\/noticias\/wp-json\/wp\/v2\/types\/post"}],"author":[{"embeddable":true,"href":"https:\/\/rednacionaldearte.com\/noticias\/wp-json\/wp\/v2\/users\/1"}],"replies":[{"embeddable":true,"href":"https:\/\/rednacionaldearte.com\/noticias\/wp-json\/wp\/v2\/comments?post=4482"}],"version-history":[{"count":7,"href":"https:\/\/rednacionaldearte.com\/noticias\/wp-json\/wp\/v2\/posts\/4482\/revisions"}],"predecessor-version":[{"id":4492,"href":"https:\/\/rednacionaldearte.com\/noticias\/wp-json\/wp\/v2\/posts\/4482\/revisions\/4492"}],"wp:featuredmedia":[{"embeddable":true,"href":"https:\/\/rednacionaldearte.com\/noticias\/wp-json\/wp\/v2\/media\/4484"}],"wp:attachment":[{"href":"https:\/\/rednacionaldearte.com\/noticias\/wp-json\/wp\/v2\/media?parent=4482"}],"wp:term":[{"taxonomy":"category","embeddable":true,"href":"https:\/\/rednacionaldearte.com\/noticias\/wp-json\/wp\/v2\/categories?post=4482"},{"taxonomy":"post_tag","embeddable":true,"href":"https:\/\/rednacionaldearte.com\/noticias\/wp-json\/wp\/v2\/tags?post=4482"}],"curies":[{"name":"wp","href":"https:\/\/api.w.org\/{rel}","templated":true}]}}