{"id":449,"date":"2017-03-12T10:00:14","date_gmt":"2017-03-12T10:00:14","guid":{"rendered":"http:\/\/rednacionaldearte.com\/noticias\/?p=449"},"modified":"2017-03-12T03:30:37","modified_gmt":"2017-03-12T03:30:37","slug":"surreal-video-blonde-redhead-golden-light","status":"publish","type":"post","link":"https:\/\/rednacionaldearte.com\/noticias\/surreal-video-blonde-redhead-golden-light\/","title":{"rendered":"Ve el Nuevo y Surreal Video de Blonde Redhead \u00abGolden Light\u00bb"},"content":{"rendered":"<p><a href=\"http:\/\/rednacionaldearte.com\/noticias\/wp-content\/uploads\/2017\/03\/blonde-redhead.png\"><img loading=\"lazy\" decoding=\"async\" class=\"aligncenter size-full wp-image-450\" src=\"http:\/\/rednacionaldearte.com\/noticias\/wp-content\/uploads\/2017\/03\/blonde-redhead.png\" alt=\"\" width=\"914\" height=\"609\" srcset=\"https:\/\/rednacionaldearte.com\/noticias\/wp-content\/uploads\/2017\/03\/blonde-redhead.png 914w, https:\/\/rednacionaldearte.com\/noticias\/wp-content\/uploads\/2017\/03\/blonde-redhead-300x200.png 300w, https:\/\/rednacionaldearte.com\/noticias\/wp-content\/uploads\/2017\/03\/blonde-redhead-768x512.png 768w, https:\/\/rednacionaldearte.com\/noticias\/wp-content\/uploads\/2017\/03\/blonde-redhead-360x240.png 360w\" sizes=\"auto, (max-width: 914px) 100vw, 914px\" \/><\/a><\/p>\n<p>El nuevo\u00a0EP deBlonde Redhead,\u00a03 O\u2019Clock, est\u00e1 disponible en la mayor parte del mundo desde hace unos d\u00edas. Para celebrar el lanzamiento, la banda estren\u00f3 el video de su single \u201cGolden Light\u201d dirigido por Virgilio Villoresi, tambi\u00e9n quien protagoniza el clip junto a la actriz Elizabeth Kinnear sobre dos personajes atrapados en sus propias mentes.<\/p>\n<p>La direcci\u00f3n de fotograf\u00eda corri\u00f3 a cargo de Michele Brandstetter, quien hizo un interesante trabajo aunado a una cuidada direcci\u00f3n de arte. El video en cuesti\u00f3n puede verse a continuaci\u00f3n:<\/p>\n<p><iframe loading=\"lazy\" title=\"Blonde Redhead - GOLDEN LIGHT (Official Video)\" width=\"648\" height=\"365\" src=\"https:\/\/www.youtube.com\/embed\/SptdUuiKzOw?feature=oembed\" frameborder=\"0\" allow=\"accelerometer; autoplay; clipboard-write; encrypted-media; gyroscope; picture-in-picture; web-share\" referrerpolicy=\"strict-origin-when-cross-origin\" allowfullscreen><\/iframe><\/p>\n<p>El tracklist de 3 O`Clock es el siguiente:<\/p>\n","protected":false},"excerpt":{"rendered":"<p>El nuevo\u00a0EP deBlonde Redhead,\u00a03 O\u2019Clock, est\u00e1 disponible en la mayor parte del mundo desde hace unos d\u00edas. Para celebrar el lanzamiento, la banda estren\u00f3 el video de su single \u201cGolden Light\u201d dirigido por Virgilio Villoresi, tambi\u00e9n quien protagoniza el clip junto a la actriz Elizabeth Kinnear sobre dos personajes atrapados en sus propias mentes. La [&hellip;]<\/p>\n","protected":false},"author":1,"featured_media":450,"comment_status":"closed","ping_status":"open","sticky":false,"template":"","format":"standard","meta":{"footnotes":""},"categories":[59,61],"tags":[114,115],"class_list":["post-449","post","type-post","status-publish","format-standard","has-post-thumbnail","hentry","category-artes-visuales","category-musica","tag-blonde-redhead","tag-videoclips"],"yoast_head":"<!-- This site is optimized with the Yoast SEO plugin v27.2 - https:\/\/yoast.com\/product\/yoast-seo-wordpress\/ -->\n<title>Ve el Nuevo y Surreal Video de Blonde Redhead &quot;Golden Light&quot; - Red Nacional de Arte<\/title>\n<meta name=\"robots\" content=\"index, follow, max-snippet:-1, max-image-preview:large, max-video-preview:-1\" \/>\n<link rel=\"canonical\" href=\"http:\/\/rednacionaldearte.com\/noticias\/surreal-video-blonde-redhead-golden-light\/\" \/>\n<meta property=\"og:locale\" content=\"es_ES\" \/>\n<meta property=\"og:type\" content=\"article\" \/>\n<meta property=\"og:title\" content=\"Ve el Nuevo y Surreal Video de Blonde Redhead &quot;Golden Light&quot; - Red Nacional de Arte\" \/>\n<meta property=\"og:description\" content=\"El nuevo\u00a0EP deBlonde Redhead,\u00a03 O\u2019Clock, est\u00e1 disponible en la mayor parte del mundo desde hace unos d\u00edas. Para celebrar el lanzamiento, la banda estren\u00f3 el video de su single \u201cGolden Light\u201d dirigido por Virgilio Villoresi, tambi\u00e9n quien protagoniza el clip junto a la actriz Elizabeth Kinnear sobre dos personajes atrapados en sus propias mentes. La [&hellip;]\" \/>\n<meta property=\"og:url\" content=\"http:\/\/rednacionaldearte.com\/noticias\/surreal-video-blonde-redhead-golden-light\/\" \/>\n<meta property=\"og:site_name\" content=\"Red Nacional de Arte\" \/>\n<meta property=\"article:publisher\" content=\"http:\/\/www.facebook.com\/rednacionaldearte\/\" \/>\n<meta property=\"article:published_time\" content=\"2017-03-12T10:00:14+00:00\" \/>\n<meta property=\"og:image\" content=\"http:\/\/rednacionaldearte.com\/noticias\/wp-content\/uploads\/2017\/03\/blonde-redhead.png\" \/>\n\t<meta property=\"og:image:width\" content=\"914\" \/>\n\t<meta property=\"og:image:height\" content=\"609\" \/>\n\t<meta property=\"og:image:type\" content=\"image\/png\" \/>\n<meta name=\"author\" content=\"Redacci\u00f3n\" \/>\n<meta name=\"twitter:card\" content=\"summary_large_image\" \/>\n<meta name=\"twitter:creator\" content=\"@rednacionalarte\" \/>\n<meta name=\"twitter:site\" content=\"@rednacionalarte\" \/>\n<meta name=\"twitter:label1\" content=\"Escrito por\" \/>\n\t<meta name=\"twitter:data1\" content=\"Redacci\u00f3n\" \/>\n\t<meta name=\"twitter:label2\" content=\"Tiempo de lectura\" \/>\n\t<meta name=\"twitter:data2\" content=\"1 minuto\" \/>\n<script type=\"application\/ld+json\" class=\"yoast-schema-graph\">{\"@context\":\"https:\/\/schema.org\",\"@graph\":[{\"@type\":\"Article\",\"@id\":\"http:\/\/rednacionaldearte.com\/noticias\/surreal-video-blonde-redhead-golden-light\/#article\",\"isPartOf\":{\"@id\":\"http:\/\/rednacionaldearte.com\/noticias\/surreal-video-blonde-redhead-golden-light\/\"},\"author\":{\"name\":\"Redacci\u00f3n\",\"@id\":\"http:\/\/rednacionaldearte.com\/noticias\/#\/schema\/person\/489d635082b1de413434d2708a3e5b9b\"},\"headline\":\"Ve el Nuevo y Surreal Video de Blonde Redhead \u00abGolden Light\u00bb\",\"datePublished\":\"2017-03-12T10:00:14+00:00\",\"mainEntityOfPage\":{\"@id\":\"http:\/\/rednacionaldearte.com\/noticias\/surreal-video-blonde-redhead-golden-light\/\"},\"wordCount\":119,\"publisher\":{\"@id\":\"http:\/\/rednacionaldearte.com\/noticias\/#organization\"},\"image\":{\"@id\":\"http:\/\/rednacionaldearte.com\/noticias\/surreal-video-blonde-redhead-golden-light\/#primaryimage\"},\"thumbnailUrl\":\"https:\/\/rednacionaldearte.com\/noticias\/wp-content\/uploads\/2017\/03\/blonde-redhead.png\",\"keywords\":[\"Blonde Redhead\",\"videoclips\"],\"articleSection\":[\"Artes Visuales\",\"M\u00fasica\"],\"inLanguage\":\"es\"},{\"@type\":\"WebPage\",\"@id\":\"http:\/\/rednacionaldearte.com\/noticias\/surreal-video-blonde-redhead-golden-light\/\",\"url\":\"http:\/\/rednacionaldearte.com\/noticias\/surreal-video-blonde-redhead-golden-light\/\",\"name\":\"Ve el Nuevo y Surreal Video de Blonde Redhead \\\"Golden Light\\\" - Red Nacional de Arte\",\"isPartOf\":{\"@id\":\"http:\/\/rednacionaldearte.com\/noticias\/#website\"},\"primaryImageOfPage\":{\"@id\":\"http:\/\/rednacionaldearte.com\/noticias\/surreal-video-blonde-redhead-golden-light\/#primaryimage\"},\"image\":{\"@id\":\"http:\/\/rednacionaldearte.com\/noticias\/surreal-video-blonde-redhead-golden-light\/#primaryimage\"},\"thumbnailUrl\":\"https:\/\/rednacionaldearte.com\/noticias\/wp-content\/uploads\/2017\/03\/blonde-redhead.png\",\"datePublished\":\"2017-03-12T10:00:14+00:00\",\"breadcrumb\":{\"@id\":\"http:\/\/rednacionaldearte.com\/noticias\/surreal-video-blonde-redhead-golden-light\/#breadcrumb\"},\"inLanguage\":\"es\",\"potentialAction\":[{\"@type\":\"ReadAction\",\"target\":[\"http:\/\/rednacionaldearte.com\/noticias\/surreal-video-blonde-redhead-golden-light\/\"]}]},{\"@type\":\"ImageObject\",\"inLanguage\":\"es\",\"@id\":\"http:\/\/rednacionaldearte.com\/noticias\/surreal-video-blonde-redhead-golden-light\/#primaryimage\",\"url\":\"https:\/\/rednacionaldearte.com\/noticias\/wp-content\/uploads\/2017\/03\/blonde-redhead.png\",\"contentUrl\":\"https:\/\/rednacionaldearte.com\/noticias\/wp-content\/uploads\/2017\/03\/blonde-redhead.png\",\"width\":914,\"height\":609},{\"@type\":\"BreadcrumbList\",\"@id\":\"http:\/\/rednacionaldearte.com\/noticias\/surreal-video-blonde-redhead-golden-light\/#breadcrumb\",\"itemListElement\":[{\"@type\":\"ListItem\",\"position\":1,\"name\":\"Home\",\"item\":\"http:\/\/rednacionaldearte.com\/noticias\/\"},{\"@type\":\"ListItem\",\"position\":2,\"name\":\"Ve el Nuevo y Surreal Video de Blonde Redhead \u00abGolden Light\u00bb\"}]},{\"@type\":\"WebSite\",\"@id\":\"http:\/\/rednacionaldearte.com\/noticias\/#website\",\"url\":\"http:\/\/rednacionaldearte.com\/noticias\/\",\"name\":\"Red Nacional de Arte\",\"description\":\"Cultura y Arte contempor\u00e1neo en M\u00e9xico\",\"publisher\":{\"@id\":\"http:\/\/rednacionaldearte.com\/noticias\/#organization\"},\"potentialAction\":[{\"@type\":\"SearchAction\",\"target\":{\"@type\":\"EntryPoint\",\"urlTemplate\":\"http:\/\/rednacionaldearte.com\/noticias\/?s={search_term_string}\"},\"query-input\":{\"@type\":\"PropertyValueSpecification\",\"valueRequired\":true,\"valueName\":\"search_term_string\"}}],\"inLanguage\":\"es\"},{\"@type\":\"Organization\",\"@id\":\"http:\/\/rednacionaldearte.com\/noticias\/#organization\",\"name\":\"Red Nacional de Arte\",\"url\":\"http:\/\/rednacionaldearte.com\/noticias\/\",\"logo\":{\"@type\":\"ImageObject\",\"inLanguage\":\"es\",\"@id\":\"http:\/\/rednacionaldearte.com\/noticias\/#\/schema\/logo\/image\/\",\"url\":\"http:\/\/rednacionaldearte.com\/noticias\/wp-content\/uploads\/2016\/04\/logo.png\",\"contentUrl\":\"http:\/\/rednacionaldearte.com\/noticias\/wp-content\/uploads\/2016\/04\/logo.png\",\"width\":575,\"height\":554,\"caption\":\"Red Nacional de Arte\"},\"image\":{\"@id\":\"http:\/\/rednacionaldearte.com\/noticias\/#\/schema\/logo\/image\/\"},\"sameAs\":[\"http:\/\/www.facebook.com\/rednacionaldearte\/\",\"https:\/\/x.com\/rednacionalarte\"]},{\"@type\":\"Person\",\"@id\":\"http:\/\/rednacionaldearte.com\/noticias\/#\/schema\/person\/489d635082b1de413434d2708a3e5b9b\",\"name\":\"Redacci\u00f3n\",\"image\":{\"@type\":\"ImageObject\",\"inLanguage\":\"es\",\"@id\":\"https:\/\/secure.gravatar.com\/avatar\/1d1c30eaee7c2f6cfa13fb8502cb06839106cdf371b9953d50e4b572d0bfa3c7?s=96&d=mm&r=g\",\"url\":\"https:\/\/secure.gravatar.com\/avatar\/1d1c30eaee7c2f6cfa13fb8502cb06839106cdf371b9953d50e4b572d0bfa3c7?s=96&d=mm&r=g\",\"contentUrl\":\"https:\/\/secure.gravatar.com\/avatar\/1d1c30eaee7c2f6cfa13fb8502cb06839106cdf371b9953d50e4b572d0bfa3c7?s=96&d=mm&r=g\",\"caption\":\"Redacci\u00f3n\"},\"url\":\"https:\/\/rednacionaldearte.com\/noticias\/author\/adan\/\"}]}<\/script>\n<!-- \/ Yoast SEO plugin. -->","yoast_head_json":{"title":"Ve el Nuevo y Surreal Video de Blonde Redhead \"Golden Light\" - Red Nacional de Arte","robots":{"index":"index","follow":"follow","max-snippet":"max-snippet:-1","max-image-preview":"max-image-preview:large","max-video-preview":"max-video-preview:-1"},"canonical":"http:\/\/rednacionaldearte.com\/noticias\/surreal-video-blonde-redhead-golden-light\/","og_locale":"es_ES","og_type":"article","og_title":"Ve el Nuevo y Surreal Video de Blonde Redhead \"Golden Light\" - Red Nacional de Arte","og_description":"El nuevo\u00a0EP deBlonde Redhead,\u00a03 O\u2019Clock, est\u00e1 disponible en la mayor parte del mundo desde hace unos d\u00edas. Para celebrar el lanzamiento, la banda estren\u00f3 el video de su single \u201cGolden Light\u201d dirigido por Virgilio Villoresi, tambi\u00e9n quien protagoniza el clip junto a la actriz Elizabeth Kinnear sobre dos personajes atrapados en sus propias mentes. La [&hellip;]","og_url":"http:\/\/rednacionaldearte.com\/noticias\/surreal-video-blonde-redhead-golden-light\/","og_site_name":"Red Nacional de Arte","article_publisher":"http:\/\/www.facebook.com\/rednacionaldearte\/","article_published_time":"2017-03-12T10:00:14+00:00","og_image":[{"width":914,"height":609,"url":"http:\/\/rednacionaldearte.com\/noticias\/wp-content\/uploads\/2017\/03\/blonde-redhead.png","type":"image\/png"}],"author":"Redacci\u00f3n","twitter_card":"summary_large_image","twitter_creator":"@rednacionalarte","twitter_site":"@rednacionalarte","twitter_misc":{"Escrito por":"Redacci\u00f3n","Tiempo de lectura":"1 minuto"},"schema":{"@context":"https:\/\/schema.org","@graph":[{"@type":"Article","@id":"http:\/\/rednacionaldearte.com\/noticias\/surreal-video-blonde-redhead-golden-light\/#article","isPartOf":{"@id":"http:\/\/rednacionaldearte.com\/noticias\/surreal-video-blonde-redhead-golden-light\/"},"author":{"name":"Redacci\u00f3n","@id":"http:\/\/rednacionaldearte.com\/noticias\/#\/schema\/person\/489d635082b1de413434d2708a3e5b9b"},"headline":"Ve el Nuevo y Surreal Video de Blonde Redhead \u00abGolden Light\u00bb","datePublished":"2017-03-12T10:00:14+00:00","mainEntityOfPage":{"@id":"http:\/\/rednacionaldearte.com\/noticias\/surreal-video-blonde-redhead-golden-light\/"},"wordCount":119,"publisher":{"@id":"http:\/\/rednacionaldearte.com\/noticias\/#organization"},"image":{"@id":"http:\/\/rednacionaldearte.com\/noticias\/surreal-video-blonde-redhead-golden-light\/#primaryimage"},"thumbnailUrl":"https:\/\/rednacionaldearte.com\/noticias\/wp-content\/uploads\/2017\/03\/blonde-redhead.png","keywords":["Blonde Redhead","videoclips"],"articleSection":["Artes Visuales","M\u00fasica"],"inLanguage":"es"},{"@type":"WebPage","@id":"http:\/\/rednacionaldearte.com\/noticias\/surreal-video-blonde-redhead-golden-light\/","url":"http:\/\/rednacionaldearte.com\/noticias\/surreal-video-blonde-redhead-golden-light\/","name":"Ve el Nuevo y Surreal Video de Blonde Redhead \"Golden Light\" - Red Nacional de Arte","isPartOf":{"@id":"http:\/\/rednacionaldearte.com\/noticias\/#website"},"primaryImageOfPage":{"@id":"http:\/\/rednacionaldearte.com\/noticias\/surreal-video-blonde-redhead-golden-light\/#primaryimage"},"image":{"@id":"http:\/\/rednacionaldearte.com\/noticias\/surreal-video-blonde-redhead-golden-light\/#primaryimage"},"thumbnailUrl":"https:\/\/rednacionaldearte.com\/noticias\/wp-content\/uploads\/2017\/03\/blonde-redhead.png","datePublished":"2017-03-12T10:00:14+00:00","breadcrumb":{"@id":"http:\/\/rednacionaldearte.com\/noticias\/surreal-video-blonde-redhead-golden-light\/#breadcrumb"},"inLanguage":"es","potentialAction":[{"@type":"ReadAction","target":["http:\/\/rednacionaldearte.com\/noticias\/surreal-video-blonde-redhead-golden-light\/"]}]},{"@type":"ImageObject","inLanguage":"es","@id":"http:\/\/rednacionaldearte.com\/noticias\/surreal-video-blonde-redhead-golden-light\/#primaryimage","url":"https:\/\/rednacionaldearte.com\/noticias\/wp-content\/uploads\/2017\/03\/blonde-redhead.png","contentUrl":"https:\/\/rednacionaldearte.com\/noticias\/wp-content\/uploads\/2017\/03\/blonde-redhead.png","width":914,"height":609},{"@type":"BreadcrumbList","@id":"http:\/\/rednacionaldearte.com\/noticias\/surreal-video-blonde-redhead-golden-light\/#breadcrumb","itemListElement":[{"@type":"ListItem","position":1,"name":"Home","item":"http:\/\/rednacionaldearte.com\/noticias\/"},{"@type":"ListItem","position":2,"name":"Ve el Nuevo y Surreal Video de Blonde Redhead \u00abGolden Light\u00bb"}]},{"@type":"WebSite","@id":"http:\/\/rednacionaldearte.com\/noticias\/#website","url":"http:\/\/rednacionaldearte.com\/noticias\/","name":"Red Nacional de Arte","description":"Cultura y Arte contempor\u00e1neo en M\u00e9xico","publisher":{"@id":"http:\/\/rednacionaldearte.com\/noticias\/#organization"},"potentialAction":[{"@type":"SearchAction","target":{"@type":"EntryPoint","urlTemplate":"http:\/\/rednacionaldearte.com\/noticias\/?s={search_term_string}"},"query-input":{"@type":"PropertyValueSpecification","valueRequired":true,"valueName":"search_term_string"}}],"inLanguage":"es"},{"@type":"Organization","@id":"http:\/\/rednacionaldearte.com\/noticias\/#organization","name":"Red Nacional de Arte","url":"http:\/\/rednacionaldearte.com\/noticias\/","logo":{"@type":"ImageObject","inLanguage":"es","@id":"http:\/\/rednacionaldearte.com\/noticias\/#\/schema\/logo\/image\/","url":"http:\/\/rednacionaldearte.com\/noticias\/wp-content\/uploads\/2016\/04\/logo.png","contentUrl":"http:\/\/rednacionaldearte.com\/noticias\/wp-content\/uploads\/2016\/04\/logo.png","width":575,"height":554,"caption":"Red Nacional de Arte"},"image":{"@id":"http:\/\/rednacionaldearte.com\/noticias\/#\/schema\/logo\/image\/"},"sameAs":["http:\/\/www.facebook.com\/rednacionaldearte\/","https:\/\/x.com\/rednacionalarte"]},{"@type":"Person","@id":"http:\/\/rednacionaldearte.com\/noticias\/#\/schema\/person\/489d635082b1de413434d2708a3e5b9b","name":"Redacci\u00f3n","image":{"@type":"ImageObject","inLanguage":"es","@id":"https:\/\/secure.gravatar.com\/avatar\/1d1c30eaee7c2f6cfa13fb8502cb06839106cdf371b9953d50e4b572d0bfa3c7?s=96&d=mm&r=g","url":"https:\/\/secure.gravatar.com\/avatar\/1d1c30eaee7c2f6cfa13fb8502cb06839106cdf371b9953d50e4b572d0bfa3c7?s=96&d=mm&r=g","contentUrl":"https:\/\/secure.gravatar.com\/avatar\/1d1c30eaee7c2f6cfa13fb8502cb06839106cdf371b9953d50e4b572d0bfa3c7?s=96&d=mm&r=g","caption":"Redacci\u00f3n"},"url":"https:\/\/rednacionaldearte.com\/noticias\/author\/adan\/"}]}},"amp_validity":null,"amp_enabled":true,"_links":{"self":[{"href":"https:\/\/rednacionaldearte.com\/noticias\/wp-json\/wp\/v2\/posts\/449","targetHints":{"allow":["GET"]}}],"collection":[{"href":"https:\/\/rednacionaldearte.com\/noticias\/wp-json\/wp\/v2\/posts"}],"about":[{"href":"https:\/\/rednacionaldearte.com\/noticias\/wp-json\/wp\/v2\/types\/post"}],"author":[{"embeddable":true,"href":"https:\/\/rednacionaldearte.com\/noticias\/wp-json\/wp\/v2\/users\/1"}],"replies":[{"embeddable":true,"href":"https:\/\/rednacionaldearte.com\/noticias\/wp-json\/wp\/v2\/comments?post=449"}],"version-history":[{"count":1,"href":"https:\/\/rednacionaldearte.com\/noticias\/wp-json\/wp\/v2\/posts\/449\/revisions"}],"predecessor-version":[{"id":451,"href":"https:\/\/rednacionaldearte.com\/noticias\/wp-json\/wp\/v2\/posts\/449\/revisions\/451"}],"wp:featuredmedia":[{"embeddable":true,"href":"https:\/\/rednacionaldearte.com\/noticias\/wp-json\/wp\/v2\/media\/450"}],"wp:attachment":[{"href":"https:\/\/rednacionaldearte.com\/noticias\/wp-json\/wp\/v2\/media?parent=449"}],"wp:term":[{"taxonomy":"category","embeddable":true,"href":"https:\/\/rednacionaldearte.com\/noticias\/wp-json\/wp\/v2\/categories?post=449"},{"taxonomy":"post_tag","embeddable":true,"href":"https:\/\/rednacionaldearte.com\/noticias\/wp-json\/wp\/v2\/tags?post=449"}],"curies":[{"name":"wp","href":"https:\/\/api.w.org\/{rel}","templated":true}]}}