{"id":4497,"date":"2019-08-24T02:57:10","date_gmt":"2019-08-24T02:57:10","guid":{"rendered":"https:\/\/rednacionaldearte.com\/noticias\/?p=4497"},"modified":"2019-08-30T03:01:12","modified_gmt":"2019-08-30T03:01:12","slug":"susurros-del-lago-ficm","status":"publish","type":"post","link":"https:\/\/rednacionaldearte.com\/noticias\/susurros-del-lago-ficm\/","title":{"rendered":"Susurros del Lago competir\u00e1 en el Festival Internacional de Cine de Morelia"},"content":{"rendered":"\n<h2 class=\"wp-block-heading\" id=\"mce_21\">La pel\u00edcula de Ad\u00e1n Ruiz se presentar\u00e1 en el 17 FICM, el evento cinematogr\u00e1fico m\u00e1s importante del pa\u00eds.<\/h2>\n\n\n\n<figure class=\"wp-block-image\"><img loading=\"lazy\" decoding=\"async\" width=\"1024\" height=\"429\" src=\"https:\/\/rednacionaldearte.com\/noticias\/wp-content\/uploads\/2019\/08\/Susurros_del_Lago_4-1-1024x429.jpg\" alt=\"Susurros del Lago, Dir. Ad\u00e1n Ruiz\" class=\"wp-image-4501\" srcset=\"https:\/\/rednacionaldearte.com\/noticias\/wp-content\/uploads\/2019\/08\/Susurros_del_Lago_4-1-1024x429.jpg 1024w, https:\/\/rednacionaldearte.com\/noticias\/wp-content\/uploads\/2019\/08\/Susurros_del_Lago_4-1-300x126.jpg 300w, https:\/\/rednacionaldearte.com\/noticias\/wp-content\/uploads\/2019\/08\/Susurros_del_Lago_4-1-768x322.jpg 768w, https:\/\/rednacionaldearte.com\/noticias\/wp-content\/uploads\/2019\/08\/Susurros_del_Lago_4-1.jpg 1048w\" sizes=\"auto, (max-width: 1024px) 100vw, 1024px\" \/><\/figure>\n\n\n\n<p>El proyecto dirigido por <a href=\"https:\/\/adanruiz.com\">Ad\u00e1n Ruiz<\/a> comenz\u00f3 apenas su recorrido por festivales. Se present\u00f3 en la pasada edici\u00f3n de <strong>Doqumenta<\/strong>, y estar\u00e1 compitiendo adem\u00e1s en el <strong>Festival de Cine de Oaxaca<\/strong> y <strong>Black Canvas Festival de Cine Contempor\u00e1neo<\/strong>. M\u00e1s festivales y proyecciones se estar\u00e1n anunciando en los pr\u00f3ximos meses.<\/p>\n\n\n\n<figure class=\"wp-block-image\"><img loading=\"lazy\" decoding=\"async\" width=\"685\" height=\"1024\" src=\"https:\/\/rednacionaldearte.com\/noticias\/wp-content\/uploads\/2019\/08\/Poster-Susurros_del_Lago_ES_Web-685x1024.jpg\" alt=\"Susurros del Lago (Poster), Dir. Ad\u00e1n Ruiz\" class=\"wp-image-4505\" srcset=\"https:\/\/rednacionaldearte.com\/noticias\/wp-content\/uploads\/2019\/08\/Poster-Susurros_del_Lago_ES_Web-685x1024.jpg 685w, https:\/\/rednacionaldearte.com\/noticias\/wp-content\/uploads\/2019\/08\/Poster-Susurros_del_Lago_ES_Web-201x300.jpg 201w, https:\/\/rednacionaldearte.com\/noticias\/wp-content\/uploads\/2019\/08\/Poster-Susurros_del_Lago_ES_Web.jpg 722w\" sizes=\"auto, (max-width: 685px) 100vw, 685px\" \/><\/figure>\n\n\n\n<p>La pel\u00edcula fue filmada con habitantes no-actores de una isla en Michoac\u00e1n:<\/p>\n\n\n\n<blockquote class=\"wp-block-quote is-layout-flow wp-block-quote-is-layout-flow\"><p>Un pescador p&#8217;urh\u00e9pecha medita sobre sus \u00faltimos d\u00edas. En el lago que rodea su hogar, distintos tiempos coexisten, la luna eleva la marea y con su luz revela secretos que no son visibles durante el d\u00eda. Poco tiempo resta antes de que el pescador quede atrapado para siempre en las aguas m\u00edsticas donde susurran todas las voces.<\/p><cite><br><\/cite><\/blockquote>\n\n\n\n<p>El teaser tr\u00e1iler de la pel\u00edcula puede verse a continuaci\u00f3n:<\/p>\n\n\n\n<figure class=\"wp-block-embed-vimeo wp-block-embed is-type-video is-provider-vimeo wp-embed-aspect-21-9 wp-has-aspect-ratio\"><div class=\"wp-block-embed__wrapper\">\n<iframe loading=\"lazy\" title=\"Susurros del Lago - Teaser (Dir. Ad\u00e1n Ruiz)\" src=\"https:\/\/player.vimeo.com\/video\/339633711?dnt=1&amp;app_id=122963\" width=\"648\" height=\"271\" frameborder=\"0\" allow=\"autoplay; fullscreen; picture-in-picture; clipboard-write\"><\/iframe>\n<\/div><\/figure>\n\n\n\n<p>Con una fotograf\u00eda de Francisco Herrera y m\u00fasica original de Mariana Bojorges y Frank Castella, el proyecto llegar\u00e1 a las pantallas morelianas en octubre pr\u00f3ximo.<\/p>\n","protected":false},"excerpt":{"rendered":"<p>La pel\u00edcula de Ad\u00e1n Ruiz se presentar\u00e1 en el 17 FICM, el evento cinematogr\u00e1fico m\u00e1s importante del pa\u00eds. El proyecto dirigido por Ad\u00e1n Ruiz comenz\u00f3 apenas su recorrido por festivales. Se present\u00f3 en la pasada edici\u00f3n de Doqumenta, y estar\u00e1 compitiendo adem\u00e1s en el Festival de Cine de Oaxaca y Black Canvas Festival de Cine [&hellip;]<\/p>\n","protected":false},"author":1,"featured_media":4506,"comment_status":"closed","ping_status":"open","sticky":false,"template":"","format":"standard","meta":{"footnotes":""},"categories":[60,93,41],"tags":[143,166],"class_list":["post-4497","post","type-post","status-publish","format-standard","has-post-thumbnail","hentry","category-cine","category-festivales","category-rna","tag-adan-ruiz","tag-susurros-del-lago"],"yoast_head":"<!-- This site is optimized with the Yoast SEO plugin v27.2 - https:\/\/yoast.com\/product\/yoast-seo-wordpress\/ -->\n<title>Susurros del Lago competir\u00e1 en el Festival Internacional de Cine de Morelia<\/title>\n<meta name=\"description\" content=\"La pel\u00edcula de Ad\u00e1n Ruiz se presentar\u00e1 en el 17 FICM, el evento cinematogr\u00e1fico m\u00e1s importante de M\u00e9xico. Fue filmada con no-actores en una isla de Michoac\u00e1n.\" \/>\n<meta name=\"robots\" content=\"index, follow, max-snippet:-1, max-image-preview:large, max-video-preview:-1\" \/>\n<link rel=\"canonical\" href=\"http:\/\/rednacionaldearte.com\/noticias\/susurros-del-lago-ficm\/\" \/>\n<meta property=\"og:locale\" content=\"es_ES\" \/>\n<meta property=\"og:type\" content=\"article\" \/>\n<meta property=\"og:title\" content=\"Susurros del Lago competir\u00e1 en el Festival Internacional de Cine de Morelia\" \/>\n<meta property=\"og:description\" content=\"La pel\u00edcula de Ad\u00e1n Ruiz se presentar\u00e1 en el 17 FICM, el evento cinematogr\u00e1fico m\u00e1s importante de M\u00e9xico. Fue filmada con no-actores en una isla de Michoac\u00e1n.\" \/>\n<meta property=\"og:url\" content=\"http:\/\/rednacionaldearte.com\/noticias\/susurros-del-lago-ficm\/\" \/>\n<meta property=\"og:site_name\" content=\"Red Nacional de Arte\" \/>\n<meta property=\"article:publisher\" content=\"http:\/\/www.facebook.com\/rednacionaldearte\/\" \/>\n<meta property=\"article:published_time\" content=\"2019-08-24T02:57:10+00:00\" \/>\n<meta property=\"article:modified_time\" content=\"2019-08-30T03:01:12+00:00\" \/>\n<meta property=\"og:image\" content=\"http:\/\/rednacionaldearte.com\/noticias\/wp-content\/uploads\/2019\/08\/Susurros_del_Lago_1.jpg\" \/>\n\t<meta property=\"og:image:width\" content=\"1048\" \/>\n\t<meta property=\"og:image:height\" content=\"439\" \/>\n\t<meta property=\"og:image:type\" content=\"image\/jpeg\" \/>\n<meta name=\"author\" content=\"Redacci\u00f3n\" \/>\n<meta name=\"twitter:card\" content=\"summary_large_image\" \/>\n<meta name=\"twitter:creator\" content=\"@rednacionalarte\" \/>\n<meta name=\"twitter:site\" content=\"@rednacionalarte\" \/>\n<meta name=\"twitter:label1\" content=\"Escrito por\" \/>\n\t<meta name=\"twitter:data1\" content=\"Redacci\u00f3n\" \/>\n\t<meta name=\"twitter:label2\" content=\"Tiempo de lectura\" \/>\n\t<meta name=\"twitter:data2\" content=\"1 minuto\" \/>\n<script type=\"application\/ld+json\" class=\"yoast-schema-graph\">{\"@context\":\"https:\/\/schema.org\",\"@graph\":[{\"@type\":\"Article\",\"@id\":\"http:\/\/rednacionaldearte.com\/noticias\/susurros-del-lago-ficm\/#article\",\"isPartOf\":{\"@id\":\"http:\/\/rednacionaldearte.com\/noticias\/susurros-del-lago-ficm\/\"},\"author\":{\"name\":\"Redacci\u00f3n\",\"@id\":\"http:\/\/rednacionaldearte.com\/noticias\/#\/schema\/person\/489d635082b1de413434d2708a3e5b9b\"},\"headline\":\"Susurros del Lago competir\u00e1 en el Festival Internacional de Cine de Morelia\",\"datePublished\":\"2019-08-24T02:57:10+00:00\",\"dateModified\":\"2019-08-30T03:01:12+00:00\",\"mainEntityOfPage\":{\"@id\":\"http:\/\/rednacionaldearte.com\/noticias\/susurros-del-lago-ficm\/\"},\"wordCount\":210,\"publisher\":{\"@id\":\"http:\/\/rednacionaldearte.com\/noticias\/#organization\"},\"image\":{\"@id\":\"http:\/\/rednacionaldearte.com\/noticias\/susurros-del-lago-ficm\/#primaryimage\"},\"thumbnailUrl\":\"https:\/\/rednacionaldearte.com\/noticias\/wp-content\/uploads\/2019\/08\/Susurros_del_Lago_1.jpg\",\"keywords\":[\"Ad\u00e1n Ruiz\",\"Susurros del Lago\"],\"articleSection\":[\"Cine\",\"Festivales\",\"RNA\"],\"inLanguage\":\"es\"},{\"@type\":\"WebPage\",\"@id\":\"http:\/\/rednacionaldearte.com\/noticias\/susurros-del-lago-ficm\/\",\"url\":\"http:\/\/rednacionaldearte.com\/noticias\/susurros-del-lago-ficm\/\",\"name\":\"Susurros del Lago competir\u00e1 en el Festival Internacional de Cine de Morelia\",\"isPartOf\":{\"@id\":\"http:\/\/rednacionaldearte.com\/noticias\/#website\"},\"primaryImageOfPage\":{\"@id\":\"http:\/\/rednacionaldearte.com\/noticias\/susurros-del-lago-ficm\/#primaryimage\"},\"image\":{\"@id\":\"http:\/\/rednacionaldearte.com\/noticias\/susurros-del-lago-ficm\/#primaryimage\"},\"thumbnailUrl\":\"https:\/\/rednacionaldearte.com\/noticias\/wp-content\/uploads\/2019\/08\/Susurros_del_Lago_1.jpg\",\"datePublished\":\"2019-08-24T02:57:10+00:00\",\"dateModified\":\"2019-08-30T03:01:12+00:00\",\"description\":\"La pel\u00edcula de Ad\u00e1n Ruiz se presentar\u00e1 en el 17 FICM, el evento cinematogr\u00e1fico m\u00e1s importante de M\u00e9xico. Fue filmada con no-actores en una isla de Michoac\u00e1n.\",\"breadcrumb\":{\"@id\":\"http:\/\/rednacionaldearte.com\/noticias\/susurros-del-lago-ficm\/#breadcrumb\"},\"inLanguage\":\"es\",\"potentialAction\":[{\"@type\":\"ReadAction\",\"target\":[\"http:\/\/rednacionaldearte.com\/noticias\/susurros-del-lago-ficm\/\"]}]},{\"@type\":\"ImageObject\",\"inLanguage\":\"es\",\"@id\":\"http:\/\/rednacionaldearte.com\/noticias\/susurros-del-lago-ficm\/#primaryimage\",\"url\":\"https:\/\/rednacionaldearte.com\/noticias\/wp-content\/uploads\/2019\/08\/Susurros_del_Lago_1.jpg\",\"contentUrl\":\"https:\/\/rednacionaldearte.com\/noticias\/wp-content\/uploads\/2019\/08\/Susurros_del_Lago_1.jpg\",\"width\":1048,\"height\":439,\"caption\":\"Susurro del Lago\"},{\"@type\":\"BreadcrumbList\",\"@id\":\"http:\/\/rednacionaldearte.com\/noticias\/susurros-del-lago-ficm\/#breadcrumb\",\"itemListElement\":[{\"@type\":\"ListItem\",\"position\":1,\"name\":\"Home\",\"item\":\"http:\/\/rednacionaldearte.com\/noticias\/\"},{\"@type\":\"ListItem\",\"position\":2,\"name\":\"Susurros del Lago competir\u00e1 en el Festival Internacional de Cine de Morelia\"}]},{\"@type\":\"WebSite\",\"@id\":\"http:\/\/rednacionaldearte.com\/noticias\/#website\",\"url\":\"http:\/\/rednacionaldearte.com\/noticias\/\",\"name\":\"Red Nacional de Arte\",\"description\":\"Cultura y Arte contempor\u00e1neo en M\u00e9xico\",\"publisher\":{\"@id\":\"http:\/\/rednacionaldearte.com\/noticias\/#organization\"},\"potentialAction\":[{\"@type\":\"SearchAction\",\"target\":{\"@type\":\"EntryPoint\",\"urlTemplate\":\"http:\/\/rednacionaldearte.com\/noticias\/?s={search_term_string}\"},\"query-input\":{\"@type\":\"PropertyValueSpecification\",\"valueRequired\":true,\"valueName\":\"search_term_string\"}}],\"inLanguage\":\"es\"},{\"@type\":\"Organization\",\"@id\":\"http:\/\/rednacionaldearte.com\/noticias\/#organization\",\"name\":\"Red Nacional de Arte\",\"url\":\"http:\/\/rednacionaldearte.com\/noticias\/\",\"logo\":{\"@type\":\"ImageObject\",\"inLanguage\":\"es\",\"@id\":\"http:\/\/rednacionaldearte.com\/noticias\/#\/schema\/logo\/image\/\",\"url\":\"http:\/\/rednacionaldearte.com\/noticias\/wp-content\/uploads\/2016\/04\/logo.png\",\"contentUrl\":\"http:\/\/rednacionaldearte.com\/noticias\/wp-content\/uploads\/2016\/04\/logo.png\",\"width\":575,\"height\":554,\"caption\":\"Red Nacional de Arte\"},\"image\":{\"@id\":\"http:\/\/rednacionaldearte.com\/noticias\/#\/schema\/logo\/image\/\"},\"sameAs\":[\"http:\/\/www.facebook.com\/rednacionaldearte\/\",\"https:\/\/x.com\/rednacionalarte\"]},{\"@type\":\"Person\",\"@id\":\"http:\/\/rednacionaldearte.com\/noticias\/#\/schema\/person\/489d635082b1de413434d2708a3e5b9b\",\"name\":\"Redacci\u00f3n\",\"image\":{\"@type\":\"ImageObject\",\"inLanguage\":\"es\",\"@id\":\"https:\/\/secure.gravatar.com\/avatar\/1d1c30eaee7c2f6cfa13fb8502cb06839106cdf371b9953d50e4b572d0bfa3c7?s=96&d=mm&r=g\",\"url\":\"https:\/\/secure.gravatar.com\/avatar\/1d1c30eaee7c2f6cfa13fb8502cb06839106cdf371b9953d50e4b572d0bfa3c7?s=96&d=mm&r=g\",\"contentUrl\":\"https:\/\/secure.gravatar.com\/avatar\/1d1c30eaee7c2f6cfa13fb8502cb06839106cdf371b9953d50e4b572d0bfa3c7?s=96&d=mm&r=g\",\"caption\":\"Redacci\u00f3n\"},\"url\":\"https:\/\/rednacionaldearte.com\/noticias\/author\/adan\/\"}]}<\/script>\n<!-- \/ Yoast SEO plugin. -->","yoast_head_json":{"title":"Susurros del Lago competir\u00e1 en el Festival Internacional de Cine de Morelia","description":"La pel\u00edcula de Ad\u00e1n Ruiz se presentar\u00e1 en el 17 FICM, el evento cinematogr\u00e1fico m\u00e1s importante de M\u00e9xico. Fue filmada con no-actores en una isla de Michoac\u00e1n.","robots":{"index":"index","follow":"follow","max-snippet":"max-snippet:-1","max-image-preview":"max-image-preview:large","max-video-preview":"max-video-preview:-1"},"canonical":"http:\/\/rednacionaldearte.com\/noticias\/susurros-del-lago-ficm\/","og_locale":"es_ES","og_type":"article","og_title":"Susurros del Lago competir\u00e1 en el Festival Internacional de Cine de Morelia","og_description":"La pel\u00edcula de Ad\u00e1n Ruiz se presentar\u00e1 en el 17 FICM, el evento cinematogr\u00e1fico m\u00e1s importante de M\u00e9xico. Fue filmada con no-actores en una isla de Michoac\u00e1n.","og_url":"http:\/\/rednacionaldearte.com\/noticias\/susurros-del-lago-ficm\/","og_site_name":"Red Nacional de Arte","article_publisher":"http:\/\/www.facebook.com\/rednacionaldearte\/","article_published_time":"2019-08-24T02:57:10+00:00","article_modified_time":"2019-08-30T03:01:12+00:00","og_image":[{"width":1048,"height":439,"url":"http:\/\/rednacionaldearte.com\/noticias\/wp-content\/uploads\/2019\/08\/Susurros_del_Lago_1.jpg","type":"image\/jpeg"}],"author":"Redacci\u00f3n","twitter_card":"summary_large_image","twitter_creator":"@rednacionalarte","twitter_site":"@rednacionalarte","twitter_misc":{"Escrito por":"Redacci\u00f3n","Tiempo de lectura":"1 minuto"},"schema":{"@context":"https:\/\/schema.org","@graph":[{"@type":"Article","@id":"http:\/\/rednacionaldearte.com\/noticias\/susurros-del-lago-ficm\/#article","isPartOf":{"@id":"http:\/\/rednacionaldearte.com\/noticias\/susurros-del-lago-ficm\/"},"author":{"name":"Redacci\u00f3n","@id":"http:\/\/rednacionaldearte.com\/noticias\/#\/schema\/person\/489d635082b1de413434d2708a3e5b9b"},"headline":"Susurros del Lago competir\u00e1 en el Festival Internacional de Cine de Morelia","datePublished":"2019-08-24T02:57:10+00:00","dateModified":"2019-08-30T03:01:12+00:00","mainEntityOfPage":{"@id":"http:\/\/rednacionaldearte.com\/noticias\/susurros-del-lago-ficm\/"},"wordCount":210,"publisher":{"@id":"http:\/\/rednacionaldearte.com\/noticias\/#organization"},"image":{"@id":"http:\/\/rednacionaldearte.com\/noticias\/susurros-del-lago-ficm\/#primaryimage"},"thumbnailUrl":"https:\/\/rednacionaldearte.com\/noticias\/wp-content\/uploads\/2019\/08\/Susurros_del_Lago_1.jpg","keywords":["Ad\u00e1n Ruiz","Susurros del Lago"],"articleSection":["Cine","Festivales","RNA"],"inLanguage":"es"},{"@type":"WebPage","@id":"http:\/\/rednacionaldearte.com\/noticias\/susurros-del-lago-ficm\/","url":"http:\/\/rednacionaldearte.com\/noticias\/susurros-del-lago-ficm\/","name":"Susurros del Lago competir\u00e1 en el Festival Internacional de Cine de Morelia","isPartOf":{"@id":"http:\/\/rednacionaldearte.com\/noticias\/#website"},"primaryImageOfPage":{"@id":"http:\/\/rednacionaldearte.com\/noticias\/susurros-del-lago-ficm\/#primaryimage"},"image":{"@id":"http:\/\/rednacionaldearte.com\/noticias\/susurros-del-lago-ficm\/#primaryimage"},"thumbnailUrl":"https:\/\/rednacionaldearte.com\/noticias\/wp-content\/uploads\/2019\/08\/Susurros_del_Lago_1.jpg","datePublished":"2019-08-24T02:57:10+00:00","dateModified":"2019-08-30T03:01:12+00:00","description":"La pel\u00edcula de Ad\u00e1n Ruiz se presentar\u00e1 en el 17 FICM, el evento cinematogr\u00e1fico m\u00e1s importante de M\u00e9xico. Fue filmada con no-actores en una isla de Michoac\u00e1n.","breadcrumb":{"@id":"http:\/\/rednacionaldearte.com\/noticias\/susurros-del-lago-ficm\/#breadcrumb"},"inLanguage":"es","potentialAction":[{"@type":"ReadAction","target":["http:\/\/rednacionaldearte.com\/noticias\/susurros-del-lago-ficm\/"]}]},{"@type":"ImageObject","inLanguage":"es","@id":"http:\/\/rednacionaldearte.com\/noticias\/susurros-del-lago-ficm\/#primaryimage","url":"https:\/\/rednacionaldearte.com\/noticias\/wp-content\/uploads\/2019\/08\/Susurros_del_Lago_1.jpg","contentUrl":"https:\/\/rednacionaldearte.com\/noticias\/wp-content\/uploads\/2019\/08\/Susurros_del_Lago_1.jpg","width":1048,"height":439,"caption":"Susurro del Lago"},{"@type":"BreadcrumbList","@id":"http:\/\/rednacionaldearte.com\/noticias\/susurros-del-lago-ficm\/#breadcrumb","itemListElement":[{"@type":"ListItem","position":1,"name":"Home","item":"http:\/\/rednacionaldearte.com\/noticias\/"},{"@type":"ListItem","position":2,"name":"Susurros del Lago competir\u00e1 en el Festival Internacional de Cine de Morelia"}]},{"@type":"WebSite","@id":"http:\/\/rednacionaldearte.com\/noticias\/#website","url":"http:\/\/rednacionaldearte.com\/noticias\/","name":"Red Nacional de Arte","description":"Cultura y Arte contempor\u00e1neo en M\u00e9xico","publisher":{"@id":"http:\/\/rednacionaldearte.com\/noticias\/#organization"},"potentialAction":[{"@type":"SearchAction","target":{"@type":"EntryPoint","urlTemplate":"http:\/\/rednacionaldearte.com\/noticias\/?s={search_term_string}"},"query-input":{"@type":"PropertyValueSpecification","valueRequired":true,"valueName":"search_term_string"}}],"inLanguage":"es"},{"@type":"Organization","@id":"http:\/\/rednacionaldearte.com\/noticias\/#organization","name":"Red Nacional de Arte","url":"http:\/\/rednacionaldearte.com\/noticias\/","logo":{"@type":"ImageObject","inLanguage":"es","@id":"http:\/\/rednacionaldearte.com\/noticias\/#\/schema\/logo\/image\/","url":"http:\/\/rednacionaldearte.com\/noticias\/wp-content\/uploads\/2016\/04\/logo.png","contentUrl":"http:\/\/rednacionaldearte.com\/noticias\/wp-content\/uploads\/2016\/04\/logo.png","width":575,"height":554,"caption":"Red Nacional de Arte"},"image":{"@id":"http:\/\/rednacionaldearte.com\/noticias\/#\/schema\/logo\/image\/"},"sameAs":["http:\/\/www.facebook.com\/rednacionaldearte\/","https:\/\/x.com\/rednacionalarte"]},{"@type":"Person","@id":"http:\/\/rednacionaldearte.com\/noticias\/#\/schema\/person\/489d635082b1de413434d2708a3e5b9b","name":"Redacci\u00f3n","image":{"@type":"ImageObject","inLanguage":"es","@id":"https:\/\/secure.gravatar.com\/avatar\/1d1c30eaee7c2f6cfa13fb8502cb06839106cdf371b9953d50e4b572d0bfa3c7?s=96&d=mm&r=g","url":"https:\/\/secure.gravatar.com\/avatar\/1d1c30eaee7c2f6cfa13fb8502cb06839106cdf371b9953d50e4b572d0bfa3c7?s=96&d=mm&r=g","contentUrl":"https:\/\/secure.gravatar.com\/avatar\/1d1c30eaee7c2f6cfa13fb8502cb06839106cdf371b9953d50e4b572d0bfa3c7?s=96&d=mm&r=g","caption":"Redacci\u00f3n"},"url":"https:\/\/rednacionaldearte.com\/noticias\/author\/adan\/"}]}},"amp_validity":null,"amp_enabled":true,"_links":{"self":[{"href":"https:\/\/rednacionaldearte.com\/noticias\/wp-json\/wp\/v2\/posts\/4497","targetHints":{"allow":["GET"]}}],"collection":[{"href":"https:\/\/rednacionaldearte.com\/noticias\/wp-json\/wp\/v2\/posts"}],"about":[{"href":"https:\/\/rednacionaldearte.com\/noticias\/wp-json\/wp\/v2\/types\/post"}],"author":[{"embeddable":true,"href":"https:\/\/rednacionaldearte.com\/noticias\/wp-json\/wp\/v2\/users\/1"}],"replies":[{"embeddable":true,"href":"https:\/\/rednacionaldearte.com\/noticias\/wp-json\/wp\/v2\/comments?post=4497"}],"version-history":[{"count":4,"href":"https:\/\/rednacionaldearte.com\/noticias\/wp-json\/wp\/v2\/posts\/4497\/revisions"}],"predecessor-version":[{"id":4514,"href":"https:\/\/rednacionaldearte.com\/noticias\/wp-json\/wp\/v2\/posts\/4497\/revisions\/4514"}],"wp:featuredmedia":[{"embeddable":true,"href":"https:\/\/rednacionaldearte.com\/noticias\/wp-json\/wp\/v2\/media\/4506"}],"wp:attachment":[{"href":"https:\/\/rednacionaldearte.com\/noticias\/wp-json\/wp\/v2\/media?parent=4497"}],"wp:term":[{"taxonomy":"category","embeddable":true,"href":"https:\/\/rednacionaldearte.com\/noticias\/wp-json\/wp\/v2\/categories?post=4497"},{"taxonomy":"post_tag","embeddable":true,"href":"https:\/\/rednacionaldearte.com\/noticias\/wp-json\/wp\/v2\/tags?post=4497"}],"curies":[{"name":"wp","href":"https:\/\/api.w.org\/{rel}","templated":true}]}}