{"id":4519,"date":"2020-04-05T18:28:39","date_gmt":"2020-04-05T18:28:39","guid":{"rendered":"https:\/\/rednacionaldearte.com\/noticias\/?p=4519"},"modified":"2020-04-05T18:28:42","modified_gmt":"2020-04-05T18:28:42","slug":"trabajos-del-festival-internacional-de-videodanza-de-la-cdmx-gratis-y-en-linea","status":"publish","type":"post","link":"https:\/\/rednacionaldearte.com\/noticias\/trabajos-del-festival-internacional-de-videodanza-de-la-cdmx-gratis-y-en-linea\/","title":{"rendered":"\u00a1Trabajos del Festival Internacional de Videodanza de la CDMX gratis y en l\u00ednea!"},"content":{"rendered":"\n<p>Con la intenci\u00f3n de contribuir a diversificar la oferta cultural en casa durante la presente contingencia, el Festival Internacional de Videodanza de la Ciudad de M\u00e9xico en colaboraci\u00f3n con Red Nacional de Arte han reactivado la plataforma online del festival, en donde se pueden ver videodanzas nacionales e internacionales que formaron parte de la cuarta edici\u00f3n.<\/p>\n\n\n\n<figure class=\"wp-block-image size-large\"><img loading=\"lazy\" decoding=\"async\" width=\"932\" height=\"1024\" src=\"https:\/\/rednacionaldearte.com\/noticias\/wp-content\/uploads\/2020\/04\/Plataforma-Online-932x1024.png\" alt=\"\" class=\"wp-image-4521\" srcset=\"https:\/\/rednacionaldearte.com\/noticias\/wp-content\/uploads\/2020\/04\/Plataforma-Online-932x1024.png 932w, https:\/\/rednacionaldearte.com\/noticias\/wp-content\/uploads\/2020\/04\/Plataforma-Online-273x300.png 273w, https:\/\/rednacionaldearte.com\/noticias\/wp-content\/uploads\/2020\/04\/Plataforma-Online-768x844.png 768w, https:\/\/rednacionaldearte.com\/noticias\/wp-content\/uploads\/2020\/04\/Plataforma-Online-1398x1536.png 1398w, https:\/\/rednacionaldearte.com\/noticias\/wp-content\/uploads\/2020\/04\/Plataforma-Online-1864x2048.png 1864w\" sizes=\"auto, (max-width: 932px) 100vw, 932px\" \/><\/figure>\n\n\n\n<p>Algunas de las videodanzas disponibles para verse desde cualquier parte del mundo son: \u201cWild-er-ness\u201d de Ana Baer y Heike Salzer, \u201cCross-cap\u201d de L\u00edcia Arosteguy, \u201cLas flores en el jard\u00edn\u201d (creaci\u00f3n colectiva), \u201cShadow\u201d de Metamorphosis Dance, \u201cSolsticio\u201d de Nohbords, \u201cSearching for Wonder\u201d de Greg Osei, \u201cFlamenco\u201d de Manuel D\u00edaz, \u201cSwing Time\u201d de Brian Hollins, \u201cAlter, el espacio que compartimos\u201d de Roxana Morales, \u201cT.I.A. (THIS is Africa)\u201d de Matthieu Maunier-Rossi, \u201cPropiocepci\u00f3n\u201d de Andr\u00e9s Tonacatecuhtli y Diego Mar\u00edn, \u201c4 ~\u201d de Rodrigo Rocha-Campos, \u201cMonje\u201d de Aly Rose, o \u201cTonantzin\u201d de Alberto Mungu\u00eda. Se espera extender el cat\u00e1logo y a\u00f1adir m\u00e1s videodanzas en los pr\u00f3ximos d\u00edas.<\/p>\n\n\n\n<p>La plataforma estar\u00e1 activa durante los meses de abril y mayo, y el visionado de los proyectos es completamente gratuito. Las videodanzas ofrecidas son parte de la selecci\u00f3n del 4 Festival de Videodanza de la Ciudad de M\u00e9xico, que tuvo lugar durante el 2019.<\/p>\n\n\n\n<p>Por otra parte, el Festival mantiene abierta su convocatoria para la quinta edici\u00f3n, que se llevar\u00e1 a cabo del 10 al 13 de Septiembre de 2020. La convocatoria cerrar\u00e1 el 09 de agosto e invita a realizadores mexicanos y extranjeros a presentar trabajos que hagan uso de cualquier lenguaje corporal que converja con el lenguaje cinematogr\u00e1fico. Puede revisarse en <a href=\"https:\/\/festivalvideodanza.com\/convocatoria.php\">el sitio del festival<\/a>.<br><\/p>\n\n\n\n<p>Para acceder a la plataforma en l\u00ednea no es necesario crear ning\u00fan tipo de cuenta. Basta con ingresar a la direcci\u00f3n <a href=\"https:\/\/festivalvideodanza.com\/online\">https:\/\/festivalvideodanza.com\/online<\/a><\/p>\n","protected":false},"excerpt":{"rendered":"<p>Con la intenci\u00f3n de contribuir a diversificar la oferta cultural en casa durante la presente contingencia, el Festival Internacional de Videodanza de la Ciudad de M\u00e9xico en colaboraci\u00f3n con Red Nacional de Arte han reactivado la plataforma online del festival, en donde se pueden ver videodanzas nacionales e internacionales que formaron parte de la cuarta [&hellip;]<\/p>\n","protected":false},"author":1,"featured_media":4521,"comment_status":"closed","ping_status":"open","sticky":false,"template":"","format":"standard","meta":{"footnotes":""},"categories":[58,93,41],"tags":[76],"class_list":["post-4519","post","type-post","status-publish","format-standard","has-post-thumbnail","hentry","category-danza","category-festivales","category-rna","tag-festival-internacional-de-videodanza-de-la-ciudad-de-mexico"],"yoast_head":"<!-- This site is optimized with the Yoast SEO plugin v27.2 - https:\/\/yoast.com\/product\/yoast-seo-wordpress\/ -->\n<title>\u00a1Trabajos del Festival Internacional de Videodanza de la CDMX gratis y en l\u00ednea! - Red Nacional de Arte<\/title>\n<meta name=\"robots\" content=\"index, follow, max-snippet:-1, max-image-preview:large, max-video-preview:-1\" \/>\n<link rel=\"canonical\" href=\"http:\/\/rednacionaldearte.com\/noticias\/trabajos-del-festival-internacional-de-videodanza-de-la-cdmx-gratis-y-en-linea\/\" \/>\n<meta property=\"og:locale\" content=\"es_ES\" \/>\n<meta property=\"og:type\" content=\"article\" \/>\n<meta property=\"og:title\" content=\"\u00a1Trabajos del Festival Internacional de Videodanza de la CDMX gratis y en l\u00ednea! - Red Nacional de Arte\" \/>\n<meta property=\"og:description\" content=\"Con la intenci\u00f3n de contribuir a diversificar la oferta cultural en casa durante la presente contingencia, el Festival Internacional de Videodanza de la Ciudad de M\u00e9xico en colaboraci\u00f3n con Red Nacional de Arte han reactivado la plataforma online del festival, en donde se pueden ver videodanzas nacionales e internacionales que formaron parte de la cuarta [&hellip;]\" \/>\n<meta property=\"og:url\" content=\"http:\/\/rednacionaldearte.com\/noticias\/trabajos-del-festival-internacional-de-videodanza-de-la-cdmx-gratis-y-en-linea\/\" \/>\n<meta property=\"og:site_name\" content=\"Red Nacional de Arte\" \/>\n<meta property=\"article:publisher\" content=\"http:\/\/www.facebook.com\/rednacionaldearte\/\" \/>\n<meta property=\"article:published_time\" content=\"2020-04-05T18:28:39+00:00\" \/>\n<meta property=\"article:modified_time\" content=\"2020-04-05T18:28:42+00:00\" \/>\n<meta property=\"og:image\" content=\"http:\/\/rednacionaldearte.com\/noticias\/wp-content\/uploads\/2020\/04\/Plataforma-Online-932x1024.png\" \/>\n\t<meta property=\"og:image:width\" content=\"932\" \/>\n\t<meta property=\"og:image:height\" content=\"1024\" \/>\n\t<meta property=\"og:image:type\" content=\"image\/png\" \/>\n<meta name=\"author\" content=\"Redacci\u00f3n\" \/>\n<meta name=\"twitter:card\" content=\"summary_large_image\" \/>\n<meta name=\"twitter:creator\" content=\"@rednacionalarte\" \/>\n<meta name=\"twitter:site\" content=\"@rednacionalarte\" \/>\n<meta name=\"twitter:label1\" content=\"Escrito por\" \/>\n\t<meta name=\"twitter:data1\" content=\"Redacci\u00f3n\" \/>\n\t<meta name=\"twitter:label2\" content=\"Tiempo de lectura\" \/>\n\t<meta name=\"twitter:data2\" content=\"2 minutos\" \/>\n<script type=\"application\/ld+json\" class=\"yoast-schema-graph\">{\"@context\":\"https:\/\/schema.org\",\"@graph\":[{\"@type\":\"Article\",\"@id\":\"http:\/\/rednacionaldearte.com\/noticias\/trabajos-del-festival-internacional-de-videodanza-de-la-cdmx-gratis-y-en-linea\/#article\",\"isPartOf\":{\"@id\":\"http:\/\/rednacionaldearte.com\/noticias\/trabajos-del-festival-internacional-de-videodanza-de-la-cdmx-gratis-y-en-linea\/\"},\"author\":{\"name\":\"Redacci\u00f3n\",\"@id\":\"http:\/\/rednacionaldearte.com\/noticias\/#\/schema\/person\/489d635082b1de413434d2708a3e5b9b\"},\"headline\":\"\u00a1Trabajos del Festival Internacional de Videodanza de la CDMX gratis y en l\u00ednea!\",\"datePublished\":\"2020-04-05T18:28:39+00:00\",\"dateModified\":\"2020-04-05T18:28:42+00:00\",\"mainEntityOfPage\":{\"@id\":\"http:\/\/rednacionaldearte.com\/noticias\/trabajos-del-festival-internacional-de-videodanza-de-la-cdmx-gratis-y-en-linea\/\"},\"wordCount\":322,\"publisher\":{\"@id\":\"http:\/\/rednacionaldearte.com\/noticias\/#organization\"},\"image\":{\"@id\":\"http:\/\/rednacionaldearte.com\/noticias\/trabajos-del-festival-internacional-de-videodanza-de-la-cdmx-gratis-y-en-linea\/#primaryimage\"},\"thumbnailUrl\":\"https:\/\/rednacionaldearte.com\/noticias\/wp-content\/uploads\/2020\/04\/Plataforma-Online.png\",\"keywords\":[\"Festival Internacional de Videodanza de la Ciudad de M\u00e9xico\"],\"articleSection\":[\"Danza\",\"Festivales\",\"RNA\"],\"inLanguage\":\"es\"},{\"@type\":\"WebPage\",\"@id\":\"http:\/\/rednacionaldearte.com\/noticias\/trabajos-del-festival-internacional-de-videodanza-de-la-cdmx-gratis-y-en-linea\/\",\"url\":\"http:\/\/rednacionaldearte.com\/noticias\/trabajos-del-festival-internacional-de-videodanza-de-la-cdmx-gratis-y-en-linea\/\",\"name\":\"\u00a1Trabajos del Festival Internacional de Videodanza de la CDMX gratis y en l\u00ednea! - Red Nacional de Arte\",\"isPartOf\":{\"@id\":\"http:\/\/rednacionaldearte.com\/noticias\/#website\"},\"primaryImageOfPage\":{\"@id\":\"http:\/\/rednacionaldearte.com\/noticias\/trabajos-del-festival-internacional-de-videodanza-de-la-cdmx-gratis-y-en-linea\/#primaryimage\"},\"image\":{\"@id\":\"http:\/\/rednacionaldearte.com\/noticias\/trabajos-del-festival-internacional-de-videodanza-de-la-cdmx-gratis-y-en-linea\/#primaryimage\"},\"thumbnailUrl\":\"https:\/\/rednacionaldearte.com\/noticias\/wp-content\/uploads\/2020\/04\/Plataforma-Online.png\",\"datePublished\":\"2020-04-05T18:28:39+00:00\",\"dateModified\":\"2020-04-05T18:28:42+00:00\",\"breadcrumb\":{\"@id\":\"http:\/\/rednacionaldearte.com\/noticias\/trabajos-del-festival-internacional-de-videodanza-de-la-cdmx-gratis-y-en-linea\/#breadcrumb\"},\"inLanguage\":\"es\",\"potentialAction\":[{\"@type\":\"ReadAction\",\"target\":[\"http:\/\/rednacionaldearte.com\/noticias\/trabajos-del-festival-internacional-de-videodanza-de-la-cdmx-gratis-y-en-linea\/\"]}]},{\"@type\":\"ImageObject\",\"inLanguage\":\"es\",\"@id\":\"http:\/\/rednacionaldearte.com\/noticias\/trabajos-del-festival-internacional-de-videodanza-de-la-cdmx-gratis-y-en-linea\/#primaryimage\",\"url\":\"https:\/\/rednacionaldearte.com\/noticias\/wp-content\/uploads\/2020\/04\/Plataforma-Online.png\",\"contentUrl\":\"https:\/\/rednacionaldearte.com\/noticias\/wp-content\/uploads\/2020\/04\/Plataforma-Online.png\",\"width\":3360,\"height\":3692},{\"@type\":\"BreadcrumbList\",\"@id\":\"http:\/\/rednacionaldearte.com\/noticias\/trabajos-del-festival-internacional-de-videodanza-de-la-cdmx-gratis-y-en-linea\/#breadcrumb\",\"itemListElement\":[{\"@type\":\"ListItem\",\"position\":1,\"name\":\"Home\",\"item\":\"http:\/\/rednacionaldearte.com\/noticias\/\"},{\"@type\":\"ListItem\",\"position\":2,\"name\":\"\u00a1Trabajos del Festival Internacional de Videodanza de la CDMX gratis y en l\u00ednea!\"}]},{\"@type\":\"WebSite\",\"@id\":\"http:\/\/rednacionaldearte.com\/noticias\/#website\",\"url\":\"http:\/\/rednacionaldearte.com\/noticias\/\",\"name\":\"Red Nacional de Arte\",\"description\":\"Cultura y Arte contempor\u00e1neo en M\u00e9xico\",\"publisher\":{\"@id\":\"http:\/\/rednacionaldearte.com\/noticias\/#organization\"},\"potentialAction\":[{\"@type\":\"SearchAction\",\"target\":{\"@type\":\"EntryPoint\",\"urlTemplate\":\"http:\/\/rednacionaldearte.com\/noticias\/?s={search_term_string}\"},\"query-input\":{\"@type\":\"PropertyValueSpecification\",\"valueRequired\":true,\"valueName\":\"search_term_string\"}}],\"inLanguage\":\"es\"},{\"@type\":\"Organization\",\"@id\":\"http:\/\/rednacionaldearte.com\/noticias\/#organization\",\"name\":\"Red Nacional de Arte\",\"url\":\"http:\/\/rednacionaldearte.com\/noticias\/\",\"logo\":{\"@type\":\"ImageObject\",\"inLanguage\":\"es\",\"@id\":\"http:\/\/rednacionaldearte.com\/noticias\/#\/schema\/logo\/image\/\",\"url\":\"http:\/\/rednacionaldearte.com\/noticias\/wp-content\/uploads\/2016\/04\/logo.png\",\"contentUrl\":\"http:\/\/rednacionaldearte.com\/noticias\/wp-content\/uploads\/2016\/04\/logo.png\",\"width\":575,\"height\":554,\"caption\":\"Red Nacional de Arte\"},\"image\":{\"@id\":\"http:\/\/rednacionaldearte.com\/noticias\/#\/schema\/logo\/image\/\"},\"sameAs\":[\"http:\/\/www.facebook.com\/rednacionaldearte\/\",\"https:\/\/x.com\/rednacionalarte\"]},{\"@type\":\"Person\",\"@id\":\"http:\/\/rednacionaldearte.com\/noticias\/#\/schema\/person\/489d635082b1de413434d2708a3e5b9b\",\"name\":\"Redacci\u00f3n\",\"image\":{\"@type\":\"ImageObject\",\"inLanguage\":\"es\",\"@id\":\"https:\/\/secure.gravatar.com\/avatar\/1d1c30eaee7c2f6cfa13fb8502cb06839106cdf371b9953d50e4b572d0bfa3c7?s=96&d=mm&r=g\",\"url\":\"https:\/\/secure.gravatar.com\/avatar\/1d1c30eaee7c2f6cfa13fb8502cb06839106cdf371b9953d50e4b572d0bfa3c7?s=96&d=mm&r=g\",\"contentUrl\":\"https:\/\/secure.gravatar.com\/avatar\/1d1c30eaee7c2f6cfa13fb8502cb06839106cdf371b9953d50e4b572d0bfa3c7?s=96&d=mm&r=g\",\"caption\":\"Redacci\u00f3n\"},\"url\":\"https:\/\/rednacionaldearte.com\/noticias\/author\/adan\/\"}]}<\/script>\n<!-- \/ Yoast SEO plugin. -->","yoast_head_json":{"title":"\u00a1Trabajos del Festival Internacional de Videodanza de la CDMX gratis y en l\u00ednea! - Red Nacional de Arte","robots":{"index":"index","follow":"follow","max-snippet":"max-snippet:-1","max-image-preview":"max-image-preview:large","max-video-preview":"max-video-preview:-1"},"canonical":"http:\/\/rednacionaldearte.com\/noticias\/trabajos-del-festival-internacional-de-videodanza-de-la-cdmx-gratis-y-en-linea\/","og_locale":"es_ES","og_type":"article","og_title":"\u00a1Trabajos del Festival Internacional de Videodanza de la CDMX gratis y en l\u00ednea! - Red Nacional de Arte","og_description":"Con la intenci\u00f3n de contribuir a diversificar la oferta cultural en casa durante la presente contingencia, el Festival Internacional de Videodanza de la Ciudad de M\u00e9xico en colaboraci\u00f3n con Red Nacional de Arte han reactivado la plataforma online del festival, en donde se pueden ver videodanzas nacionales e internacionales que formaron parte de la cuarta [&hellip;]","og_url":"http:\/\/rednacionaldearte.com\/noticias\/trabajos-del-festival-internacional-de-videodanza-de-la-cdmx-gratis-y-en-linea\/","og_site_name":"Red Nacional de Arte","article_publisher":"http:\/\/www.facebook.com\/rednacionaldearte\/","article_published_time":"2020-04-05T18:28:39+00:00","article_modified_time":"2020-04-05T18:28:42+00:00","og_image":[{"width":932,"height":1024,"url":"http:\/\/rednacionaldearte.com\/noticias\/wp-content\/uploads\/2020\/04\/Plataforma-Online-932x1024.png","type":"image\/png"}],"author":"Redacci\u00f3n","twitter_card":"summary_large_image","twitter_creator":"@rednacionalarte","twitter_site":"@rednacionalarte","twitter_misc":{"Escrito por":"Redacci\u00f3n","Tiempo de lectura":"2 minutos"},"schema":{"@context":"https:\/\/schema.org","@graph":[{"@type":"Article","@id":"http:\/\/rednacionaldearte.com\/noticias\/trabajos-del-festival-internacional-de-videodanza-de-la-cdmx-gratis-y-en-linea\/#article","isPartOf":{"@id":"http:\/\/rednacionaldearte.com\/noticias\/trabajos-del-festival-internacional-de-videodanza-de-la-cdmx-gratis-y-en-linea\/"},"author":{"name":"Redacci\u00f3n","@id":"http:\/\/rednacionaldearte.com\/noticias\/#\/schema\/person\/489d635082b1de413434d2708a3e5b9b"},"headline":"\u00a1Trabajos del Festival Internacional de Videodanza de la CDMX gratis y en l\u00ednea!","datePublished":"2020-04-05T18:28:39+00:00","dateModified":"2020-04-05T18:28:42+00:00","mainEntityOfPage":{"@id":"http:\/\/rednacionaldearte.com\/noticias\/trabajos-del-festival-internacional-de-videodanza-de-la-cdmx-gratis-y-en-linea\/"},"wordCount":322,"publisher":{"@id":"http:\/\/rednacionaldearte.com\/noticias\/#organization"},"image":{"@id":"http:\/\/rednacionaldearte.com\/noticias\/trabajos-del-festival-internacional-de-videodanza-de-la-cdmx-gratis-y-en-linea\/#primaryimage"},"thumbnailUrl":"https:\/\/rednacionaldearte.com\/noticias\/wp-content\/uploads\/2020\/04\/Plataforma-Online.png","keywords":["Festival Internacional de Videodanza de la Ciudad de M\u00e9xico"],"articleSection":["Danza","Festivales","RNA"],"inLanguage":"es"},{"@type":"WebPage","@id":"http:\/\/rednacionaldearte.com\/noticias\/trabajos-del-festival-internacional-de-videodanza-de-la-cdmx-gratis-y-en-linea\/","url":"http:\/\/rednacionaldearte.com\/noticias\/trabajos-del-festival-internacional-de-videodanza-de-la-cdmx-gratis-y-en-linea\/","name":"\u00a1Trabajos del Festival Internacional de Videodanza de la CDMX gratis y en l\u00ednea! - Red Nacional de Arte","isPartOf":{"@id":"http:\/\/rednacionaldearte.com\/noticias\/#website"},"primaryImageOfPage":{"@id":"http:\/\/rednacionaldearte.com\/noticias\/trabajos-del-festival-internacional-de-videodanza-de-la-cdmx-gratis-y-en-linea\/#primaryimage"},"image":{"@id":"http:\/\/rednacionaldearte.com\/noticias\/trabajos-del-festival-internacional-de-videodanza-de-la-cdmx-gratis-y-en-linea\/#primaryimage"},"thumbnailUrl":"https:\/\/rednacionaldearte.com\/noticias\/wp-content\/uploads\/2020\/04\/Plataforma-Online.png","datePublished":"2020-04-05T18:28:39+00:00","dateModified":"2020-04-05T18:28:42+00:00","breadcrumb":{"@id":"http:\/\/rednacionaldearte.com\/noticias\/trabajos-del-festival-internacional-de-videodanza-de-la-cdmx-gratis-y-en-linea\/#breadcrumb"},"inLanguage":"es","potentialAction":[{"@type":"ReadAction","target":["http:\/\/rednacionaldearte.com\/noticias\/trabajos-del-festival-internacional-de-videodanza-de-la-cdmx-gratis-y-en-linea\/"]}]},{"@type":"ImageObject","inLanguage":"es","@id":"http:\/\/rednacionaldearte.com\/noticias\/trabajos-del-festival-internacional-de-videodanza-de-la-cdmx-gratis-y-en-linea\/#primaryimage","url":"https:\/\/rednacionaldearte.com\/noticias\/wp-content\/uploads\/2020\/04\/Plataforma-Online.png","contentUrl":"https:\/\/rednacionaldearte.com\/noticias\/wp-content\/uploads\/2020\/04\/Plataforma-Online.png","width":3360,"height":3692},{"@type":"BreadcrumbList","@id":"http:\/\/rednacionaldearte.com\/noticias\/trabajos-del-festival-internacional-de-videodanza-de-la-cdmx-gratis-y-en-linea\/#breadcrumb","itemListElement":[{"@type":"ListItem","position":1,"name":"Home","item":"http:\/\/rednacionaldearte.com\/noticias\/"},{"@type":"ListItem","position":2,"name":"\u00a1Trabajos del Festival Internacional de Videodanza de la CDMX gratis y en l\u00ednea!"}]},{"@type":"WebSite","@id":"http:\/\/rednacionaldearte.com\/noticias\/#website","url":"http:\/\/rednacionaldearte.com\/noticias\/","name":"Red Nacional de Arte","description":"Cultura y Arte contempor\u00e1neo en M\u00e9xico","publisher":{"@id":"http:\/\/rednacionaldearte.com\/noticias\/#organization"},"potentialAction":[{"@type":"SearchAction","target":{"@type":"EntryPoint","urlTemplate":"http:\/\/rednacionaldearte.com\/noticias\/?s={search_term_string}"},"query-input":{"@type":"PropertyValueSpecification","valueRequired":true,"valueName":"search_term_string"}}],"inLanguage":"es"},{"@type":"Organization","@id":"http:\/\/rednacionaldearte.com\/noticias\/#organization","name":"Red Nacional de Arte","url":"http:\/\/rednacionaldearte.com\/noticias\/","logo":{"@type":"ImageObject","inLanguage":"es","@id":"http:\/\/rednacionaldearte.com\/noticias\/#\/schema\/logo\/image\/","url":"http:\/\/rednacionaldearte.com\/noticias\/wp-content\/uploads\/2016\/04\/logo.png","contentUrl":"http:\/\/rednacionaldearte.com\/noticias\/wp-content\/uploads\/2016\/04\/logo.png","width":575,"height":554,"caption":"Red Nacional de Arte"},"image":{"@id":"http:\/\/rednacionaldearte.com\/noticias\/#\/schema\/logo\/image\/"},"sameAs":["http:\/\/www.facebook.com\/rednacionaldearte\/","https:\/\/x.com\/rednacionalarte"]},{"@type":"Person","@id":"http:\/\/rednacionaldearte.com\/noticias\/#\/schema\/person\/489d635082b1de413434d2708a3e5b9b","name":"Redacci\u00f3n","image":{"@type":"ImageObject","inLanguage":"es","@id":"https:\/\/secure.gravatar.com\/avatar\/1d1c30eaee7c2f6cfa13fb8502cb06839106cdf371b9953d50e4b572d0bfa3c7?s=96&d=mm&r=g","url":"https:\/\/secure.gravatar.com\/avatar\/1d1c30eaee7c2f6cfa13fb8502cb06839106cdf371b9953d50e4b572d0bfa3c7?s=96&d=mm&r=g","contentUrl":"https:\/\/secure.gravatar.com\/avatar\/1d1c30eaee7c2f6cfa13fb8502cb06839106cdf371b9953d50e4b572d0bfa3c7?s=96&d=mm&r=g","caption":"Redacci\u00f3n"},"url":"https:\/\/rednacionaldearte.com\/noticias\/author\/adan\/"}]}},"amp_validity":null,"amp_enabled":true,"_links":{"self":[{"href":"https:\/\/rednacionaldearte.com\/noticias\/wp-json\/wp\/v2\/posts\/4519","targetHints":{"allow":["GET"]}}],"collection":[{"href":"https:\/\/rednacionaldearte.com\/noticias\/wp-json\/wp\/v2\/posts"}],"about":[{"href":"https:\/\/rednacionaldearte.com\/noticias\/wp-json\/wp\/v2\/types\/post"}],"author":[{"embeddable":true,"href":"https:\/\/rednacionaldearte.com\/noticias\/wp-json\/wp\/v2\/users\/1"}],"replies":[{"embeddable":true,"href":"https:\/\/rednacionaldearte.com\/noticias\/wp-json\/wp\/v2\/comments?post=4519"}],"version-history":[{"count":1,"href":"https:\/\/rednacionaldearte.com\/noticias\/wp-json\/wp\/v2\/posts\/4519\/revisions"}],"predecessor-version":[{"id":4522,"href":"https:\/\/rednacionaldearte.com\/noticias\/wp-json\/wp\/v2\/posts\/4519\/revisions\/4522"}],"wp:featuredmedia":[{"embeddable":true,"href":"https:\/\/rednacionaldearte.com\/noticias\/wp-json\/wp\/v2\/media\/4521"}],"wp:attachment":[{"href":"https:\/\/rednacionaldearte.com\/noticias\/wp-json\/wp\/v2\/media?parent=4519"}],"wp:term":[{"taxonomy":"category","embeddable":true,"href":"https:\/\/rednacionaldearte.com\/noticias\/wp-json\/wp\/v2\/categories?post=4519"},{"taxonomy":"post_tag","embeddable":true,"href":"https:\/\/rednacionaldearte.com\/noticias\/wp-json\/wp\/v2\/tags?post=4519"}],"curies":[{"name":"wp","href":"https:\/\/api.w.org\/{rel}","templated":true}]}}