{"id":4538,"date":"2020-11-26T23:51:11","date_gmt":"2020-11-26T23:51:11","guid":{"rendered":"http:\/\/rednacionaldearte.com\/noticias\/?p=4538"},"modified":"2020-11-27T20:42:31","modified_gmt":"2020-11-27T20:42:31","slug":"taller-de-cine-documental-social","status":"publish","type":"post","link":"https:\/\/rednacionaldearte.com\/noticias\/taller-de-cine-documental-social\/","title":{"rendered":"Taller de Cine Documental Social"},"content":{"rendered":"\n<h2 class=\"wp-block-heading\">Hacia un Cine de Impacto<\/h2>\n\n\n\n<figure class=\"wp-block-image size-large\"><a href=\"https:\/\/festivalcineindependiente.com\/documentalsocial\"><img loading=\"lazy\" decoding=\"async\" width=\"1000\" height=\"1000\" src=\"http:\/\/rednacionaldearte.com\/noticias\/wp-content\/uploads\/2020\/11\/documental-social-taller.jpg\" alt=\"\" class=\"wp-image-4539\" srcset=\"https:\/\/rednacionaldearte.com\/noticias\/wp-content\/uploads\/2020\/11\/documental-social-taller.jpg 1000w, https:\/\/rednacionaldearte.com\/noticias\/wp-content\/uploads\/2020\/11\/documental-social-taller-300x300.jpg 300w, https:\/\/rednacionaldearte.com\/noticias\/wp-content\/uploads\/2020\/11\/documental-social-taller-150x150.jpg 150w, https:\/\/rednacionaldearte.com\/noticias\/wp-content\/uploads\/2020\/11\/documental-social-taller-768x768.jpg 768w, https:\/\/rednacionaldearte.com\/noticias\/wp-content\/uploads\/2020\/11\/documental-social-taller-125x125.jpg 125w\" sizes=\"auto, (max-width: 1000px) 100vw, 1000px\" \/><\/a><\/figure>\n\n\n\n<p class=\"has-drop-cap\">El Festival de Cine Independiente de la Ciudad de M\u00e9xico en colaboraci\u00f3n con Red Nacional de Arte convocan al taller \u201c<strong>Documental Social: Hacia un Cine de Impacto<\/strong>\u201d. Este taller es parte del Programa Acad\u00e9mico del festival, creado durante el 2019 para promover el desarrollo cinematogr\u00e1fico independiente a trav\u00e9s cursos, laboratorios y eventos dirigidos a interesados en el cine, las artes visuales y los nuevos medios. <\/p>\n\n\n\n<p>Durante el taller, que se llevar\u00e1 a cabo de forma virtual del 15 al 22 de Diciembre de 2020, se desarrollar\u00e1n proyectos de no-ficci\u00f3n que sean propensos a distribuirse ante p\u00fablicos espec\u00edficos en donde funjan como herramienta potencial de transformaci\u00f3n social. Todas las sesiones se grabar\u00e1n y los links se proporcionar\u00e1n a los participantes para su descarga, con la intenci\u00f3n de que no pierdan tiempo grabando desde sus dispositivos y aprovechen el taller al m\u00e1ximo.<\/p>\n\n\n\n<p>Para m\u00e1s informaci\u00f3n, visitar el sitio https:\/\/festivalcineindependiente.com\/documentalsocial<\/p>\n","protected":false},"excerpt":{"rendered":"<p>Hacia un Cine de Impacto El Festival de Cine Independiente de la Ciudad de M\u00e9xico en colaboraci\u00f3n con Red Nacional de Arte convocan al taller \u201cDocumental Social: Hacia un Cine de Impacto\u201d. Este taller es parte del Programa Acad\u00e9mico del festival, creado durante el 2019 para promover el desarrollo cinematogr\u00e1fico independiente a trav\u00e9s cursos, laboratorios [&hellip;]<\/p>\n","protected":false},"author":1,"featured_media":4539,"comment_status":"closed","ping_status":"open","sticky":false,"template":"","format":"standard","meta":{"footnotes":""},"categories":[60,43,93,41],"tags":[168,170,169],"class_list":["post-4538","post","type-post","status-publish","format-standard","has-post-thumbnail","hentry","category-cine","category-cursos","category-festivales","category-rna","tag-fecimx","tag-festival-de-cine-independiente-de-la-cdmx","tag-festival-de-cine-independiente-de-la-ciudad-de-mexico"],"yoast_head":"<!-- This site is optimized with the Yoast SEO plugin v27.2 - https:\/\/yoast.com\/product\/yoast-seo-wordpress\/ -->\n<title>Taller de Cine Documental Social - Red Nacional de Arte<\/title>\n<meta name=\"robots\" content=\"index, follow, max-snippet:-1, max-image-preview:large, max-video-preview:-1\" \/>\n<link rel=\"canonical\" href=\"http:\/\/rednacionaldearte.com\/noticias\/taller-de-cine-documental-social\/\" \/>\n<meta property=\"og:locale\" content=\"es_ES\" \/>\n<meta property=\"og:type\" content=\"article\" \/>\n<meta property=\"og:title\" content=\"Taller de Cine Documental Social - Red Nacional de Arte\" \/>\n<meta property=\"og:description\" content=\"Hacia un Cine de Impacto El Festival de Cine Independiente de la Ciudad de M\u00e9xico en colaboraci\u00f3n con Red Nacional de Arte convocan al taller \u201cDocumental Social: Hacia un Cine de Impacto\u201d. Este taller es parte del Programa Acad\u00e9mico del festival, creado durante el 2019 para promover el desarrollo cinematogr\u00e1fico independiente a trav\u00e9s cursos, laboratorios [&hellip;]\" \/>\n<meta property=\"og:url\" content=\"http:\/\/rednacionaldearte.com\/noticias\/taller-de-cine-documental-social\/\" \/>\n<meta property=\"og:site_name\" content=\"Red Nacional de Arte\" \/>\n<meta property=\"article:publisher\" content=\"http:\/\/www.facebook.com\/rednacionaldearte\/\" \/>\n<meta property=\"article:published_time\" content=\"2020-11-26T23:51:11+00:00\" \/>\n<meta property=\"article:modified_time\" content=\"2020-11-27T20:42:31+00:00\" \/>\n<meta property=\"og:image\" content=\"http:\/\/rednacionaldearte.com\/noticias\/wp-content\/uploads\/2020\/11\/documental-social-taller.jpg\" \/>\n\t<meta property=\"og:image:width\" content=\"1000\" \/>\n\t<meta property=\"og:image:height\" content=\"1000\" \/>\n\t<meta property=\"og:image:type\" content=\"image\/jpeg\" \/>\n<meta name=\"author\" content=\"Redacci\u00f3n\" \/>\n<meta name=\"twitter:card\" content=\"summary_large_image\" \/>\n<meta name=\"twitter:creator\" content=\"@rednacionalarte\" \/>\n<meta name=\"twitter:site\" content=\"@rednacionalarte\" \/>\n<meta name=\"twitter:label1\" content=\"Escrito por\" \/>\n\t<meta name=\"twitter:data1\" content=\"Redacci\u00f3n\" \/>\n\t<meta name=\"twitter:label2\" content=\"Tiempo de lectura\" \/>\n\t<meta name=\"twitter:data2\" content=\"1 minuto\" \/>\n<script type=\"application\/ld+json\" class=\"yoast-schema-graph\">{\"@context\":\"https:\/\/schema.org\",\"@graph\":[{\"@type\":\"Article\",\"@id\":\"http:\/\/rednacionaldearte.com\/noticias\/taller-de-cine-documental-social\/#article\",\"isPartOf\":{\"@id\":\"http:\/\/rednacionaldearte.com\/noticias\/taller-de-cine-documental-social\/\"},\"author\":{\"name\":\"Redacci\u00f3n\",\"@id\":\"http:\/\/rednacionaldearte.com\/noticias\/#\/schema\/person\/489d635082b1de413434d2708a3e5b9b\"},\"headline\":\"Taller de Cine Documental Social\",\"datePublished\":\"2020-11-26T23:51:11+00:00\",\"dateModified\":\"2020-11-27T20:42:31+00:00\",\"mainEntityOfPage\":{\"@id\":\"http:\/\/rednacionaldearte.com\/noticias\/taller-de-cine-documental-social\/\"},\"wordCount\":172,\"publisher\":{\"@id\":\"http:\/\/rednacionaldearte.com\/noticias\/#organization\"},\"image\":{\"@id\":\"http:\/\/rednacionaldearte.com\/noticias\/taller-de-cine-documental-social\/#primaryimage\"},\"thumbnailUrl\":\"https:\/\/rednacionaldearte.com\/noticias\/wp-content\/uploads\/2020\/11\/documental-social-taller.jpg\",\"keywords\":[\"FECIMX\",\"Festival de Cine Independiente de la CDMX\",\"Festival de Cine Independiente de la Ciudad de M\u00e9xico\"],\"articleSection\":[\"Cine\",\"Cursos\",\"Festivales\",\"RNA\"],\"inLanguage\":\"es\"},{\"@type\":\"WebPage\",\"@id\":\"http:\/\/rednacionaldearte.com\/noticias\/taller-de-cine-documental-social\/\",\"url\":\"http:\/\/rednacionaldearte.com\/noticias\/taller-de-cine-documental-social\/\",\"name\":\"Taller de Cine Documental Social - Red Nacional de Arte\",\"isPartOf\":{\"@id\":\"http:\/\/rednacionaldearte.com\/noticias\/#website\"},\"primaryImageOfPage\":{\"@id\":\"http:\/\/rednacionaldearte.com\/noticias\/taller-de-cine-documental-social\/#primaryimage\"},\"image\":{\"@id\":\"http:\/\/rednacionaldearte.com\/noticias\/taller-de-cine-documental-social\/#primaryimage\"},\"thumbnailUrl\":\"https:\/\/rednacionaldearte.com\/noticias\/wp-content\/uploads\/2020\/11\/documental-social-taller.jpg\",\"datePublished\":\"2020-11-26T23:51:11+00:00\",\"dateModified\":\"2020-11-27T20:42:31+00:00\",\"breadcrumb\":{\"@id\":\"http:\/\/rednacionaldearte.com\/noticias\/taller-de-cine-documental-social\/#breadcrumb\"},\"inLanguage\":\"es\",\"potentialAction\":[{\"@type\":\"ReadAction\",\"target\":[\"http:\/\/rednacionaldearte.com\/noticias\/taller-de-cine-documental-social\/\"]}]},{\"@type\":\"ImageObject\",\"inLanguage\":\"es\",\"@id\":\"http:\/\/rednacionaldearte.com\/noticias\/taller-de-cine-documental-social\/#primaryimage\",\"url\":\"https:\/\/rednacionaldearte.com\/noticias\/wp-content\/uploads\/2020\/11\/documental-social-taller.jpg\",\"contentUrl\":\"https:\/\/rednacionaldearte.com\/noticias\/wp-content\/uploads\/2020\/11\/documental-social-taller.jpg\",\"width\":1000,\"height\":1000},{\"@type\":\"BreadcrumbList\",\"@id\":\"http:\/\/rednacionaldearte.com\/noticias\/taller-de-cine-documental-social\/#breadcrumb\",\"itemListElement\":[{\"@type\":\"ListItem\",\"position\":1,\"name\":\"Home\",\"item\":\"http:\/\/rednacionaldearte.com\/noticias\/\"},{\"@type\":\"ListItem\",\"position\":2,\"name\":\"Taller de Cine Documental Social\"}]},{\"@type\":\"WebSite\",\"@id\":\"http:\/\/rednacionaldearte.com\/noticias\/#website\",\"url\":\"http:\/\/rednacionaldearte.com\/noticias\/\",\"name\":\"Red Nacional de Arte\",\"description\":\"Cultura y Arte contempor\u00e1neo en M\u00e9xico\",\"publisher\":{\"@id\":\"http:\/\/rednacionaldearte.com\/noticias\/#organization\"},\"potentialAction\":[{\"@type\":\"SearchAction\",\"target\":{\"@type\":\"EntryPoint\",\"urlTemplate\":\"http:\/\/rednacionaldearte.com\/noticias\/?s={search_term_string}\"},\"query-input\":{\"@type\":\"PropertyValueSpecification\",\"valueRequired\":true,\"valueName\":\"search_term_string\"}}],\"inLanguage\":\"es\"},{\"@type\":\"Organization\",\"@id\":\"http:\/\/rednacionaldearte.com\/noticias\/#organization\",\"name\":\"Red Nacional de Arte\",\"url\":\"http:\/\/rednacionaldearte.com\/noticias\/\",\"logo\":{\"@type\":\"ImageObject\",\"inLanguage\":\"es\",\"@id\":\"http:\/\/rednacionaldearte.com\/noticias\/#\/schema\/logo\/image\/\",\"url\":\"http:\/\/rednacionaldearte.com\/noticias\/wp-content\/uploads\/2016\/04\/logo.png\",\"contentUrl\":\"http:\/\/rednacionaldearte.com\/noticias\/wp-content\/uploads\/2016\/04\/logo.png\",\"width\":575,\"height\":554,\"caption\":\"Red Nacional de Arte\"},\"image\":{\"@id\":\"http:\/\/rednacionaldearte.com\/noticias\/#\/schema\/logo\/image\/\"},\"sameAs\":[\"http:\/\/www.facebook.com\/rednacionaldearte\/\",\"https:\/\/x.com\/rednacionalarte\"]},{\"@type\":\"Person\",\"@id\":\"http:\/\/rednacionaldearte.com\/noticias\/#\/schema\/person\/489d635082b1de413434d2708a3e5b9b\",\"name\":\"Redacci\u00f3n\",\"image\":{\"@type\":\"ImageObject\",\"inLanguage\":\"es\",\"@id\":\"https:\/\/secure.gravatar.com\/avatar\/1d1c30eaee7c2f6cfa13fb8502cb06839106cdf371b9953d50e4b572d0bfa3c7?s=96&d=mm&r=g\",\"url\":\"https:\/\/secure.gravatar.com\/avatar\/1d1c30eaee7c2f6cfa13fb8502cb06839106cdf371b9953d50e4b572d0bfa3c7?s=96&d=mm&r=g\",\"contentUrl\":\"https:\/\/secure.gravatar.com\/avatar\/1d1c30eaee7c2f6cfa13fb8502cb06839106cdf371b9953d50e4b572d0bfa3c7?s=96&d=mm&r=g\",\"caption\":\"Redacci\u00f3n\"},\"url\":\"https:\/\/rednacionaldearte.com\/noticias\/author\/adan\/\"}]}<\/script>\n<!-- \/ Yoast SEO plugin. -->","yoast_head_json":{"title":"Taller de Cine Documental Social - Red Nacional de Arte","robots":{"index":"index","follow":"follow","max-snippet":"max-snippet:-1","max-image-preview":"max-image-preview:large","max-video-preview":"max-video-preview:-1"},"canonical":"http:\/\/rednacionaldearte.com\/noticias\/taller-de-cine-documental-social\/","og_locale":"es_ES","og_type":"article","og_title":"Taller de Cine Documental Social - Red Nacional de Arte","og_description":"Hacia un Cine de Impacto El Festival de Cine Independiente de la Ciudad de M\u00e9xico en colaboraci\u00f3n con Red Nacional de Arte convocan al taller \u201cDocumental Social: Hacia un Cine de Impacto\u201d. Este taller es parte del Programa Acad\u00e9mico del festival, creado durante el 2019 para promover el desarrollo cinematogr\u00e1fico independiente a trav\u00e9s cursos, laboratorios [&hellip;]","og_url":"http:\/\/rednacionaldearte.com\/noticias\/taller-de-cine-documental-social\/","og_site_name":"Red Nacional de Arte","article_publisher":"http:\/\/www.facebook.com\/rednacionaldearte\/","article_published_time":"2020-11-26T23:51:11+00:00","article_modified_time":"2020-11-27T20:42:31+00:00","og_image":[{"width":1000,"height":1000,"url":"http:\/\/rednacionaldearte.com\/noticias\/wp-content\/uploads\/2020\/11\/documental-social-taller.jpg","type":"image\/jpeg"}],"author":"Redacci\u00f3n","twitter_card":"summary_large_image","twitter_creator":"@rednacionalarte","twitter_site":"@rednacionalarte","twitter_misc":{"Escrito por":"Redacci\u00f3n","Tiempo de lectura":"1 minuto"},"schema":{"@context":"https:\/\/schema.org","@graph":[{"@type":"Article","@id":"http:\/\/rednacionaldearte.com\/noticias\/taller-de-cine-documental-social\/#article","isPartOf":{"@id":"http:\/\/rednacionaldearte.com\/noticias\/taller-de-cine-documental-social\/"},"author":{"name":"Redacci\u00f3n","@id":"http:\/\/rednacionaldearte.com\/noticias\/#\/schema\/person\/489d635082b1de413434d2708a3e5b9b"},"headline":"Taller de Cine Documental Social","datePublished":"2020-11-26T23:51:11+00:00","dateModified":"2020-11-27T20:42:31+00:00","mainEntityOfPage":{"@id":"http:\/\/rednacionaldearte.com\/noticias\/taller-de-cine-documental-social\/"},"wordCount":172,"publisher":{"@id":"http:\/\/rednacionaldearte.com\/noticias\/#organization"},"image":{"@id":"http:\/\/rednacionaldearte.com\/noticias\/taller-de-cine-documental-social\/#primaryimage"},"thumbnailUrl":"https:\/\/rednacionaldearte.com\/noticias\/wp-content\/uploads\/2020\/11\/documental-social-taller.jpg","keywords":["FECIMX","Festival de Cine Independiente de la CDMX","Festival de Cine Independiente de la Ciudad de M\u00e9xico"],"articleSection":["Cine","Cursos","Festivales","RNA"],"inLanguage":"es"},{"@type":"WebPage","@id":"http:\/\/rednacionaldearte.com\/noticias\/taller-de-cine-documental-social\/","url":"http:\/\/rednacionaldearte.com\/noticias\/taller-de-cine-documental-social\/","name":"Taller de Cine Documental Social - Red Nacional de Arte","isPartOf":{"@id":"http:\/\/rednacionaldearte.com\/noticias\/#website"},"primaryImageOfPage":{"@id":"http:\/\/rednacionaldearte.com\/noticias\/taller-de-cine-documental-social\/#primaryimage"},"image":{"@id":"http:\/\/rednacionaldearte.com\/noticias\/taller-de-cine-documental-social\/#primaryimage"},"thumbnailUrl":"https:\/\/rednacionaldearte.com\/noticias\/wp-content\/uploads\/2020\/11\/documental-social-taller.jpg","datePublished":"2020-11-26T23:51:11+00:00","dateModified":"2020-11-27T20:42:31+00:00","breadcrumb":{"@id":"http:\/\/rednacionaldearte.com\/noticias\/taller-de-cine-documental-social\/#breadcrumb"},"inLanguage":"es","potentialAction":[{"@type":"ReadAction","target":["http:\/\/rednacionaldearte.com\/noticias\/taller-de-cine-documental-social\/"]}]},{"@type":"ImageObject","inLanguage":"es","@id":"http:\/\/rednacionaldearte.com\/noticias\/taller-de-cine-documental-social\/#primaryimage","url":"https:\/\/rednacionaldearte.com\/noticias\/wp-content\/uploads\/2020\/11\/documental-social-taller.jpg","contentUrl":"https:\/\/rednacionaldearte.com\/noticias\/wp-content\/uploads\/2020\/11\/documental-social-taller.jpg","width":1000,"height":1000},{"@type":"BreadcrumbList","@id":"http:\/\/rednacionaldearte.com\/noticias\/taller-de-cine-documental-social\/#breadcrumb","itemListElement":[{"@type":"ListItem","position":1,"name":"Home","item":"http:\/\/rednacionaldearte.com\/noticias\/"},{"@type":"ListItem","position":2,"name":"Taller de Cine Documental Social"}]},{"@type":"WebSite","@id":"http:\/\/rednacionaldearte.com\/noticias\/#website","url":"http:\/\/rednacionaldearte.com\/noticias\/","name":"Red Nacional de Arte","description":"Cultura y Arte contempor\u00e1neo en M\u00e9xico","publisher":{"@id":"http:\/\/rednacionaldearte.com\/noticias\/#organization"},"potentialAction":[{"@type":"SearchAction","target":{"@type":"EntryPoint","urlTemplate":"http:\/\/rednacionaldearte.com\/noticias\/?s={search_term_string}"},"query-input":{"@type":"PropertyValueSpecification","valueRequired":true,"valueName":"search_term_string"}}],"inLanguage":"es"},{"@type":"Organization","@id":"http:\/\/rednacionaldearte.com\/noticias\/#organization","name":"Red Nacional de Arte","url":"http:\/\/rednacionaldearte.com\/noticias\/","logo":{"@type":"ImageObject","inLanguage":"es","@id":"http:\/\/rednacionaldearte.com\/noticias\/#\/schema\/logo\/image\/","url":"http:\/\/rednacionaldearte.com\/noticias\/wp-content\/uploads\/2016\/04\/logo.png","contentUrl":"http:\/\/rednacionaldearte.com\/noticias\/wp-content\/uploads\/2016\/04\/logo.png","width":575,"height":554,"caption":"Red Nacional de Arte"},"image":{"@id":"http:\/\/rednacionaldearte.com\/noticias\/#\/schema\/logo\/image\/"},"sameAs":["http:\/\/www.facebook.com\/rednacionaldearte\/","https:\/\/x.com\/rednacionalarte"]},{"@type":"Person","@id":"http:\/\/rednacionaldearte.com\/noticias\/#\/schema\/person\/489d635082b1de413434d2708a3e5b9b","name":"Redacci\u00f3n","image":{"@type":"ImageObject","inLanguage":"es","@id":"https:\/\/secure.gravatar.com\/avatar\/1d1c30eaee7c2f6cfa13fb8502cb06839106cdf371b9953d50e4b572d0bfa3c7?s=96&d=mm&r=g","url":"https:\/\/secure.gravatar.com\/avatar\/1d1c30eaee7c2f6cfa13fb8502cb06839106cdf371b9953d50e4b572d0bfa3c7?s=96&d=mm&r=g","contentUrl":"https:\/\/secure.gravatar.com\/avatar\/1d1c30eaee7c2f6cfa13fb8502cb06839106cdf371b9953d50e4b572d0bfa3c7?s=96&d=mm&r=g","caption":"Redacci\u00f3n"},"url":"https:\/\/rednacionaldearte.com\/noticias\/author\/adan\/"}]}},"amp_validity":null,"amp_enabled":true,"_links":{"self":[{"href":"https:\/\/rednacionaldearte.com\/noticias\/wp-json\/wp\/v2\/posts\/4538","targetHints":{"allow":["GET"]}}],"collection":[{"href":"https:\/\/rednacionaldearte.com\/noticias\/wp-json\/wp\/v2\/posts"}],"about":[{"href":"https:\/\/rednacionaldearte.com\/noticias\/wp-json\/wp\/v2\/types\/post"}],"author":[{"embeddable":true,"href":"https:\/\/rednacionaldearte.com\/noticias\/wp-json\/wp\/v2\/users\/1"}],"replies":[{"embeddable":true,"href":"https:\/\/rednacionaldearte.com\/noticias\/wp-json\/wp\/v2\/comments?post=4538"}],"version-history":[{"count":4,"href":"https:\/\/rednacionaldearte.com\/noticias\/wp-json\/wp\/v2\/posts\/4538\/revisions"}],"predecessor-version":[{"id":4545,"href":"https:\/\/rednacionaldearte.com\/noticias\/wp-json\/wp\/v2\/posts\/4538\/revisions\/4545"}],"wp:featuredmedia":[{"embeddable":true,"href":"https:\/\/rednacionaldearte.com\/noticias\/wp-json\/wp\/v2\/media\/4539"}],"wp:attachment":[{"href":"https:\/\/rednacionaldearte.com\/noticias\/wp-json\/wp\/v2\/media?parent=4538"}],"wp:term":[{"taxonomy":"category","embeddable":true,"href":"https:\/\/rednacionaldearte.com\/noticias\/wp-json\/wp\/v2\/categories?post=4538"},{"taxonomy":"post_tag","embeddable":true,"href":"https:\/\/rednacionaldearte.com\/noticias\/wp-json\/wp\/v2\/tags?post=4538"}],"curies":[{"name":"wp","href":"https:\/\/api.w.org\/{rel}","templated":true}]}}