{"id":4557,"date":"2023-05-07T07:38:31","date_gmt":"2023-05-07T07:38:31","guid":{"rendered":"http:\/\/rednacionaldearte.com\/noticias\/?p=4557"},"modified":"2023-05-07T07:39:21","modified_gmt":"2023-05-07T07:39:21","slug":"sonido-experiencia","status":"publish","type":"post","link":"https:\/\/rednacionaldearte.com\/noticias\/sonido-experiencia\/","title":{"rendered":"Cuando el sonido crea una experiencia: \u00abApocalypse Now\u00bb"},"content":{"rendered":"\n<p>En 1979, Francis Ford Coppola estren\u00f3 \u00abApocalypse Now\u00bb, una adaptaci\u00f3n de la novela \u00abEl coraz\u00f3n de las tinieblas\u00bb de Joseph Conrad, ambientada en la Guerra de Vietnam.<\/p>\n\n\n\n<p>Walter Murch, el dise\u00f1ador de sonido de la pel\u00edcula, fue pionero en el uso de t\u00e9cnicas de sonido envolvente para crear una experiencia auditiva \u00fanica. Su enfoque innovador en la edici\u00f3n de sonido y trabajo en mezcla transform\u00f3 la forma en que se percib\u00eda el dise\u00f1o sonoro en el cine.<\/p>\n\n\n\n<p><\/p>\n\n\n\n<p><strong>La escena del helic\u00f3ptero: narrativa y sonido en perfecta armon\u00eda<\/strong><\/p>\n\n\n\n<p>Una de las escenas m\u00e1s ic\u00f3nicas de \u00abApocalypse Now\u00bb es el ataque a\u00e9reo de los helic\u00f3pteros al amanecer, acompa\u00f1ado por la m\u00fasica de Richard Wagner. Esta escena es un ejemplo perfecto de c\u00f3mo la m\u00fasica, el dise\u00f1o sonoro y la narrativa se unen para contar una historia impactante y emocional.El estruendo de los helic\u00f3pteros mezclado con la m\u00fasica de Wagner crea una atm\u00f3sfera intensa y apocal\u00edptica que sumerge a los espectadores en el caos de la guerra. La sincronizaci\u00f3n perfecta con la acci\u00f3n en pantalla realza la sensaci\u00f3n de desesperaci\u00f3n y destrucci\u00f3n.<\/p>\n\n\n\n<p>Esta escena de ataque a\u00e9reo no solo es ic\u00f3nica por su uso magistral de la m\u00fasica, sino tambi\u00e9n por los efectos y el dise\u00f1o sonoro que la enriquece. Al analizar la escena, podemos comprender mejor c\u00f3mo estos elementos se combinan para crear una experiencia cinematogr\u00e1fica impactante.<\/p>\n\n\n\n<p>Los efectos de sonido en esta escena cumplen un papel fundamental en la construcci\u00f3n de la atm\u00f3sfera y en la transmisi\u00f3n de la intensidad del combate. Los helic\u00f3pteros son protagonistas en la secuencia, y su sonido caracter\u00edstico es clave para sumergir a los espectadores en el escenario de guerra.<\/p>\n\n\n\n<p>Walter Murch trabaj\u00f3 meticulosamente en la grabaci\u00f3n y edici\u00f3n de los sonidos de los helic\u00f3pteros para que fueran lo m\u00e1s realistas posible. Estos efectos de sonido proporcionan una base s\u00f3lida sobre la cual se construye el resto del dise\u00f1o sonoro de la escena.<\/p>\n\n\n\n<figure class=\"wp-block-image size-large\"><img loading=\"lazy\" decoding=\"async\" width=\"970\" height=\"360\" src=\"https:\/\/rednacionaldearte.com\/noticias\/wp-content\/uploads\/2023\/05\/CAPA-apocalypse-now.png\" alt=\"\" class=\"wp-image-4558\" srcset=\"https:\/\/rednacionaldearte.com\/noticias\/wp-content\/uploads\/2023\/05\/CAPA-apocalypse-now.png 970w, https:\/\/rednacionaldearte.com\/noticias\/wp-content\/uploads\/2023\/05\/CAPA-apocalypse-now-300x111.png 300w, https:\/\/rednacionaldearte.com\/noticias\/wp-content\/uploads\/2023\/05\/CAPA-apocalypse-now-768x285.png 768w\" sizes=\"auto, (max-width: 970px) 100vw, 970px\" \/><\/figure>\n\n\n\n<p><strong>Dise\u00f1o sonoro: una mezcla din\u00e1mica y envolvente<\/strong><\/p>\n\n\n\n<p>M\u00e1s all\u00e1 de los efectos de sonido, el dise\u00f1o sonoro de la escena del helic\u00f3ptero juega con la ubicaci\u00f3n y la direcci\u00f3n de los sonidos para crear una experiencia envolvente y din\u00e1mica. Murch utiliz\u00f3 t\u00e9cnicas innovadoras de mezcla en m\u00faltiples canales para posicionar los sonidos de los helic\u00f3pteros en diferentes partes del espacio sonoro, haciendo que los espectadores sientan que est\u00e1n rodeados por la acci\u00f3n.<\/p>\n\n\n\n<p>Adem\u00e1s, el uso de la din\u00e1mica en el dise\u00f1o sonoro es crucial para aumentar la tensi\u00f3n y el impacto emocional de la escena. Los momentos de silencio y calma son interrumpidos abruptamente por el estruendo de los helic\u00f3pteros y las explosiones, lo que provoca un contraste emocional que refuerza la naturaleza ca\u00f3tica y desgarradora de la guerra.<\/p>\n\n\n\n<p><\/p>\n\n\n\n<p><strong>El legado de \u00abApocalypse Now\u00bb en el dise\u00f1o sonoro<\/strong><\/p>\n\n\n\n<p>El trabajo de Walter Murch en \u00abApocalypse Now\u00bb cambi\u00f3 la forma en que los cineastas y dise\u00f1adores de sonido abordan el sonido en el cine. Desde entonces, el dise\u00f1o sonoro ha sido reconocido como un elemento crucial en la narraci\u00f3n cinematogr\u00e1fica, y se ha explorado y perfeccionado a lo largo de los a\u00f1os.<\/p>\n\n\n\n<p>La pel\u00edcula tambi\u00e9n dej\u00f3 un legado en la industria del cine, alentando a los cineastas a experimentar con t\u00e9cnicas de sonido envolvente y a crear experiencias auditivas m\u00e1s ricas e inmersivas para el p\u00fablico.<\/p>\n\n\n\n<p>El caso de \u00abApocalypse Now\u00bb es un ejemplo notable del poder del dise\u00f1o sonoro en la narrativa cinematogr\u00e1fica. La pel\u00edcula sirvi\u00f3 como un punto de referencia para futuras generaciones de cineastas y dise\u00f1adores de sonido, mostrando c\u00f3mo el sonido puede contar historias y evocar emociones, llevando al espectador a un viaje inolvidable.<\/p>\n\n\n\n<p><\/p>\n\n\n\n<hr class=\"wp-block-separator\"\/>\n\n\n\n<p><strong>\u00daNICA EDICI\u00d3N: Taller de Dise\u00f1o y Postproducci\u00f3n Sonora<\/strong><\/p>\n\n\n\n<p>Durante Mayo, Adrianna Maldonado (Coordinadora de Postproducci\u00f3n en Labo Digital y dise\u00f1adora sonora de m\u00faltiples series y pel\u00edculas en plataformas como Netflix, Mubi y HBO) impartir\u00e1 un taller enfocado en Dise\u00f1o Sonoro para Cine. Puedes encontrar <a href=\"https:\/\/festivalcineindependiente.com\/diseno-sonoro\/\">m\u00e1s informaci\u00f3n aqu\u00ed<\/a>.<\/p>\n","protected":false},"excerpt":{"rendered":"<p>En 1979, Francis Ford Coppola estren\u00f3 \u00abApocalypse Now\u00bb, una adaptaci\u00f3n de la novela \u00abEl coraz\u00f3n de las tinieblas\u00bb de Joseph Conrad, ambientada en la Guerra de Vietnam. Walter Murch, el dise\u00f1ador de sonido de la pel\u00edcula, fue pionero en el uso de t\u00e9cnicas de sonido envolvente para crear una experiencia auditiva \u00fanica. Su enfoque innovador [&hellip;]<\/p>\n","protected":false},"author":1,"featured_media":4559,"comment_status":"closed","ping_status":"open","sticky":false,"template":"","format":"standard","meta":{"footnotes":""},"categories":[60,41],"tags":[172],"class_list":["post-4557","post","type-post","status-publish","format-standard","has-post-thumbnail","hentry","category-cine","category-rna","tag-diseno-sonoro"],"yoast_head":"<!-- This site is optimized with the Yoast SEO plugin v27.2 - https:\/\/yoast.com\/product\/yoast-seo-wordpress\/ -->\n<title>Cuando el sonido crea una experiencia: &quot;Apocalypse Now&quot; - Red Nacional de Arte<\/title>\n<meta name=\"robots\" content=\"index, follow, max-snippet:-1, max-image-preview:large, max-video-preview:-1\" \/>\n<link rel=\"canonical\" href=\"http:\/\/rednacionaldearte.com\/noticias\/sonido-experiencia\/\" \/>\n<meta property=\"og:locale\" content=\"es_ES\" \/>\n<meta property=\"og:type\" content=\"article\" \/>\n<meta property=\"og:title\" content=\"Cuando el sonido crea una experiencia: &quot;Apocalypse Now&quot; - Red Nacional de Arte\" \/>\n<meta property=\"og:description\" content=\"En 1979, Francis Ford Coppola estren\u00f3 \u00abApocalypse Now\u00bb, una adaptaci\u00f3n de la novela \u00abEl coraz\u00f3n de las tinieblas\u00bb de Joseph Conrad, ambientada en la Guerra de Vietnam. Walter Murch, el dise\u00f1ador de sonido de la pel\u00edcula, fue pionero en el uso de t\u00e9cnicas de sonido envolvente para crear una experiencia auditiva \u00fanica. Su enfoque innovador [&hellip;]\" \/>\n<meta property=\"og:url\" content=\"http:\/\/rednacionaldearte.com\/noticias\/sonido-experiencia\/\" \/>\n<meta property=\"og:site_name\" content=\"Red Nacional de Arte\" \/>\n<meta property=\"article:publisher\" content=\"http:\/\/www.facebook.com\/rednacionaldearte\/\" \/>\n<meta property=\"article:published_time\" content=\"2023-05-07T07:38:31+00:00\" \/>\n<meta property=\"article:modified_time\" content=\"2023-05-07T07:39:21+00:00\" \/>\n<meta property=\"og:image\" content=\"http:\/\/rednacionaldearte.com\/noticias\/wp-content\/uploads\/2023\/05\/Screen-Shot-2023-05-07-at-1.35.12.png\" \/>\n\t<meta property=\"og:image:width\" content=\"1272\" \/>\n\t<meta property=\"og:image:height\" content=\"712\" \/>\n\t<meta property=\"og:image:type\" content=\"image\/png\" \/>\n<meta name=\"author\" content=\"Redacci\u00f3n\" \/>\n<meta name=\"twitter:card\" content=\"summary_large_image\" \/>\n<meta name=\"twitter:creator\" content=\"@rednacionalarte\" \/>\n<meta name=\"twitter:site\" content=\"@rednacionalarte\" \/>\n<meta name=\"twitter:label1\" content=\"Escrito por\" \/>\n\t<meta name=\"twitter:data1\" content=\"Redacci\u00f3n\" \/>\n\t<meta name=\"twitter:label2\" content=\"Tiempo de lectura\" \/>\n\t<meta name=\"twitter:data2\" content=\"4 minutos\" \/>\n<script type=\"application\/ld+json\" class=\"yoast-schema-graph\">{\"@context\":\"https:\/\/schema.org\",\"@graph\":[{\"@type\":\"Article\",\"@id\":\"http:\/\/rednacionaldearte.com\/noticias\/sonido-experiencia\/#article\",\"isPartOf\":{\"@id\":\"http:\/\/rednacionaldearte.com\/noticias\/sonido-experiencia\/\"},\"author\":{\"name\":\"Redacci\u00f3n\",\"@id\":\"http:\/\/rednacionaldearte.com\/noticias\/#\/schema\/person\/489d635082b1de413434d2708a3e5b9b\"},\"headline\":\"Cuando el sonido crea una experiencia: \u00abApocalypse Now\u00bb\",\"datePublished\":\"2023-05-07T07:38:31+00:00\",\"dateModified\":\"2023-05-07T07:39:21+00:00\",\"mainEntityOfPage\":{\"@id\":\"http:\/\/rednacionaldearte.com\/noticias\/sonido-experiencia\/\"},\"wordCount\":740,\"publisher\":{\"@id\":\"http:\/\/rednacionaldearte.com\/noticias\/#organization\"},\"image\":{\"@id\":\"http:\/\/rednacionaldearte.com\/noticias\/sonido-experiencia\/#primaryimage\"},\"thumbnailUrl\":\"https:\/\/rednacionaldearte.com\/noticias\/wp-content\/uploads\/2023\/05\/Screen-Shot-2023-05-07-at-1.35.12.png\",\"keywords\":[\"Dise\u00f1o Sonoro\"],\"articleSection\":[\"Cine\",\"RNA\"],\"inLanguage\":\"es\"},{\"@type\":\"WebPage\",\"@id\":\"http:\/\/rednacionaldearte.com\/noticias\/sonido-experiencia\/\",\"url\":\"http:\/\/rednacionaldearte.com\/noticias\/sonido-experiencia\/\",\"name\":\"Cuando el sonido crea una experiencia: \\\"Apocalypse Now\\\" - Red Nacional de Arte\",\"isPartOf\":{\"@id\":\"http:\/\/rednacionaldearte.com\/noticias\/#website\"},\"primaryImageOfPage\":{\"@id\":\"http:\/\/rednacionaldearte.com\/noticias\/sonido-experiencia\/#primaryimage\"},\"image\":{\"@id\":\"http:\/\/rednacionaldearte.com\/noticias\/sonido-experiencia\/#primaryimage\"},\"thumbnailUrl\":\"https:\/\/rednacionaldearte.com\/noticias\/wp-content\/uploads\/2023\/05\/Screen-Shot-2023-05-07-at-1.35.12.png\",\"datePublished\":\"2023-05-07T07:38:31+00:00\",\"dateModified\":\"2023-05-07T07:39:21+00:00\",\"breadcrumb\":{\"@id\":\"http:\/\/rednacionaldearte.com\/noticias\/sonido-experiencia\/#breadcrumb\"},\"inLanguage\":\"es\",\"potentialAction\":[{\"@type\":\"ReadAction\",\"target\":[\"http:\/\/rednacionaldearte.com\/noticias\/sonido-experiencia\/\"]}]},{\"@type\":\"ImageObject\",\"inLanguage\":\"es\",\"@id\":\"http:\/\/rednacionaldearte.com\/noticias\/sonido-experiencia\/#primaryimage\",\"url\":\"https:\/\/rednacionaldearte.com\/noticias\/wp-content\/uploads\/2023\/05\/Screen-Shot-2023-05-07-at-1.35.12.png\",\"contentUrl\":\"https:\/\/rednacionaldearte.com\/noticias\/wp-content\/uploads\/2023\/05\/Screen-Shot-2023-05-07-at-1.35.12.png\",\"width\":1272,\"height\":712},{\"@type\":\"BreadcrumbList\",\"@id\":\"http:\/\/rednacionaldearte.com\/noticias\/sonido-experiencia\/#breadcrumb\",\"itemListElement\":[{\"@type\":\"ListItem\",\"position\":1,\"name\":\"Home\",\"item\":\"http:\/\/rednacionaldearte.com\/noticias\/\"},{\"@type\":\"ListItem\",\"position\":2,\"name\":\"Cuando el sonido crea una experiencia: \u00abApocalypse Now\u00bb\"}]},{\"@type\":\"WebSite\",\"@id\":\"http:\/\/rednacionaldearte.com\/noticias\/#website\",\"url\":\"http:\/\/rednacionaldearte.com\/noticias\/\",\"name\":\"Red Nacional de Arte\",\"description\":\"Cultura y Arte contempor\u00e1neo en M\u00e9xico\",\"publisher\":{\"@id\":\"http:\/\/rednacionaldearte.com\/noticias\/#organization\"},\"potentialAction\":[{\"@type\":\"SearchAction\",\"target\":{\"@type\":\"EntryPoint\",\"urlTemplate\":\"http:\/\/rednacionaldearte.com\/noticias\/?s={search_term_string}\"},\"query-input\":{\"@type\":\"PropertyValueSpecification\",\"valueRequired\":true,\"valueName\":\"search_term_string\"}}],\"inLanguage\":\"es\"},{\"@type\":\"Organization\",\"@id\":\"http:\/\/rednacionaldearte.com\/noticias\/#organization\",\"name\":\"Red Nacional de Arte\",\"url\":\"http:\/\/rednacionaldearte.com\/noticias\/\",\"logo\":{\"@type\":\"ImageObject\",\"inLanguage\":\"es\",\"@id\":\"http:\/\/rednacionaldearte.com\/noticias\/#\/schema\/logo\/image\/\",\"url\":\"http:\/\/rednacionaldearte.com\/noticias\/wp-content\/uploads\/2016\/04\/logo.png\",\"contentUrl\":\"http:\/\/rednacionaldearte.com\/noticias\/wp-content\/uploads\/2016\/04\/logo.png\",\"width\":575,\"height\":554,\"caption\":\"Red Nacional de Arte\"},\"image\":{\"@id\":\"http:\/\/rednacionaldearte.com\/noticias\/#\/schema\/logo\/image\/\"},\"sameAs\":[\"http:\/\/www.facebook.com\/rednacionaldearte\/\",\"https:\/\/x.com\/rednacionalarte\"]},{\"@type\":\"Person\",\"@id\":\"http:\/\/rednacionaldearte.com\/noticias\/#\/schema\/person\/489d635082b1de413434d2708a3e5b9b\",\"name\":\"Redacci\u00f3n\",\"image\":{\"@type\":\"ImageObject\",\"inLanguage\":\"es\",\"@id\":\"https:\/\/secure.gravatar.com\/avatar\/1d1c30eaee7c2f6cfa13fb8502cb06839106cdf371b9953d50e4b572d0bfa3c7?s=96&d=mm&r=g\",\"url\":\"https:\/\/secure.gravatar.com\/avatar\/1d1c30eaee7c2f6cfa13fb8502cb06839106cdf371b9953d50e4b572d0bfa3c7?s=96&d=mm&r=g\",\"contentUrl\":\"https:\/\/secure.gravatar.com\/avatar\/1d1c30eaee7c2f6cfa13fb8502cb06839106cdf371b9953d50e4b572d0bfa3c7?s=96&d=mm&r=g\",\"caption\":\"Redacci\u00f3n\"},\"url\":\"https:\/\/rednacionaldearte.com\/noticias\/author\/adan\/\"}]}<\/script>\n<!-- \/ Yoast SEO plugin. -->","yoast_head_json":{"title":"Cuando el sonido crea una experiencia: \"Apocalypse Now\" - Red Nacional de Arte","robots":{"index":"index","follow":"follow","max-snippet":"max-snippet:-1","max-image-preview":"max-image-preview:large","max-video-preview":"max-video-preview:-1"},"canonical":"http:\/\/rednacionaldearte.com\/noticias\/sonido-experiencia\/","og_locale":"es_ES","og_type":"article","og_title":"Cuando el sonido crea una experiencia: \"Apocalypse Now\" - Red Nacional de Arte","og_description":"En 1979, Francis Ford Coppola estren\u00f3 \u00abApocalypse Now\u00bb, una adaptaci\u00f3n de la novela \u00abEl coraz\u00f3n de las tinieblas\u00bb de Joseph Conrad, ambientada en la Guerra de Vietnam. Walter Murch, el dise\u00f1ador de sonido de la pel\u00edcula, fue pionero en el uso de t\u00e9cnicas de sonido envolvente para crear una experiencia auditiva \u00fanica. Su enfoque innovador [&hellip;]","og_url":"http:\/\/rednacionaldearte.com\/noticias\/sonido-experiencia\/","og_site_name":"Red Nacional de Arte","article_publisher":"http:\/\/www.facebook.com\/rednacionaldearte\/","article_published_time":"2023-05-07T07:38:31+00:00","article_modified_time":"2023-05-07T07:39:21+00:00","og_image":[{"width":1272,"height":712,"url":"http:\/\/rednacionaldearte.com\/noticias\/wp-content\/uploads\/2023\/05\/Screen-Shot-2023-05-07-at-1.35.12.png","type":"image\/png"}],"author":"Redacci\u00f3n","twitter_card":"summary_large_image","twitter_creator":"@rednacionalarte","twitter_site":"@rednacionalarte","twitter_misc":{"Escrito por":"Redacci\u00f3n","Tiempo de lectura":"4 minutos"},"schema":{"@context":"https:\/\/schema.org","@graph":[{"@type":"Article","@id":"http:\/\/rednacionaldearte.com\/noticias\/sonido-experiencia\/#article","isPartOf":{"@id":"http:\/\/rednacionaldearte.com\/noticias\/sonido-experiencia\/"},"author":{"name":"Redacci\u00f3n","@id":"http:\/\/rednacionaldearte.com\/noticias\/#\/schema\/person\/489d635082b1de413434d2708a3e5b9b"},"headline":"Cuando el sonido crea una experiencia: \u00abApocalypse Now\u00bb","datePublished":"2023-05-07T07:38:31+00:00","dateModified":"2023-05-07T07:39:21+00:00","mainEntityOfPage":{"@id":"http:\/\/rednacionaldearte.com\/noticias\/sonido-experiencia\/"},"wordCount":740,"publisher":{"@id":"http:\/\/rednacionaldearte.com\/noticias\/#organization"},"image":{"@id":"http:\/\/rednacionaldearte.com\/noticias\/sonido-experiencia\/#primaryimage"},"thumbnailUrl":"https:\/\/rednacionaldearte.com\/noticias\/wp-content\/uploads\/2023\/05\/Screen-Shot-2023-05-07-at-1.35.12.png","keywords":["Dise\u00f1o Sonoro"],"articleSection":["Cine","RNA"],"inLanguage":"es"},{"@type":"WebPage","@id":"http:\/\/rednacionaldearte.com\/noticias\/sonido-experiencia\/","url":"http:\/\/rednacionaldearte.com\/noticias\/sonido-experiencia\/","name":"Cuando el sonido crea una experiencia: \"Apocalypse Now\" - Red Nacional de Arte","isPartOf":{"@id":"http:\/\/rednacionaldearte.com\/noticias\/#website"},"primaryImageOfPage":{"@id":"http:\/\/rednacionaldearte.com\/noticias\/sonido-experiencia\/#primaryimage"},"image":{"@id":"http:\/\/rednacionaldearte.com\/noticias\/sonido-experiencia\/#primaryimage"},"thumbnailUrl":"https:\/\/rednacionaldearte.com\/noticias\/wp-content\/uploads\/2023\/05\/Screen-Shot-2023-05-07-at-1.35.12.png","datePublished":"2023-05-07T07:38:31+00:00","dateModified":"2023-05-07T07:39:21+00:00","breadcrumb":{"@id":"http:\/\/rednacionaldearte.com\/noticias\/sonido-experiencia\/#breadcrumb"},"inLanguage":"es","potentialAction":[{"@type":"ReadAction","target":["http:\/\/rednacionaldearte.com\/noticias\/sonido-experiencia\/"]}]},{"@type":"ImageObject","inLanguage":"es","@id":"http:\/\/rednacionaldearte.com\/noticias\/sonido-experiencia\/#primaryimage","url":"https:\/\/rednacionaldearte.com\/noticias\/wp-content\/uploads\/2023\/05\/Screen-Shot-2023-05-07-at-1.35.12.png","contentUrl":"https:\/\/rednacionaldearte.com\/noticias\/wp-content\/uploads\/2023\/05\/Screen-Shot-2023-05-07-at-1.35.12.png","width":1272,"height":712},{"@type":"BreadcrumbList","@id":"http:\/\/rednacionaldearte.com\/noticias\/sonido-experiencia\/#breadcrumb","itemListElement":[{"@type":"ListItem","position":1,"name":"Home","item":"http:\/\/rednacionaldearte.com\/noticias\/"},{"@type":"ListItem","position":2,"name":"Cuando el sonido crea una experiencia: \u00abApocalypse Now\u00bb"}]},{"@type":"WebSite","@id":"http:\/\/rednacionaldearte.com\/noticias\/#website","url":"http:\/\/rednacionaldearte.com\/noticias\/","name":"Red Nacional de Arte","description":"Cultura y Arte contempor\u00e1neo en M\u00e9xico","publisher":{"@id":"http:\/\/rednacionaldearte.com\/noticias\/#organization"},"potentialAction":[{"@type":"SearchAction","target":{"@type":"EntryPoint","urlTemplate":"http:\/\/rednacionaldearte.com\/noticias\/?s={search_term_string}"},"query-input":{"@type":"PropertyValueSpecification","valueRequired":true,"valueName":"search_term_string"}}],"inLanguage":"es"},{"@type":"Organization","@id":"http:\/\/rednacionaldearte.com\/noticias\/#organization","name":"Red Nacional de Arte","url":"http:\/\/rednacionaldearte.com\/noticias\/","logo":{"@type":"ImageObject","inLanguage":"es","@id":"http:\/\/rednacionaldearte.com\/noticias\/#\/schema\/logo\/image\/","url":"http:\/\/rednacionaldearte.com\/noticias\/wp-content\/uploads\/2016\/04\/logo.png","contentUrl":"http:\/\/rednacionaldearte.com\/noticias\/wp-content\/uploads\/2016\/04\/logo.png","width":575,"height":554,"caption":"Red Nacional de Arte"},"image":{"@id":"http:\/\/rednacionaldearte.com\/noticias\/#\/schema\/logo\/image\/"},"sameAs":["http:\/\/www.facebook.com\/rednacionaldearte\/","https:\/\/x.com\/rednacionalarte"]},{"@type":"Person","@id":"http:\/\/rednacionaldearte.com\/noticias\/#\/schema\/person\/489d635082b1de413434d2708a3e5b9b","name":"Redacci\u00f3n","image":{"@type":"ImageObject","inLanguage":"es","@id":"https:\/\/secure.gravatar.com\/avatar\/1d1c30eaee7c2f6cfa13fb8502cb06839106cdf371b9953d50e4b572d0bfa3c7?s=96&d=mm&r=g","url":"https:\/\/secure.gravatar.com\/avatar\/1d1c30eaee7c2f6cfa13fb8502cb06839106cdf371b9953d50e4b572d0bfa3c7?s=96&d=mm&r=g","contentUrl":"https:\/\/secure.gravatar.com\/avatar\/1d1c30eaee7c2f6cfa13fb8502cb06839106cdf371b9953d50e4b572d0bfa3c7?s=96&d=mm&r=g","caption":"Redacci\u00f3n"},"url":"https:\/\/rednacionaldearte.com\/noticias\/author\/adan\/"}]}},"amp_validity":null,"amp_enabled":true,"_links":{"self":[{"href":"https:\/\/rednacionaldearte.com\/noticias\/wp-json\/wp\/v2\/posts\/4557","targetHints":{"allow":["GET"]}}],"collection":[{"href":"https:\/\/rednacionaldearte.com\/noticias\/wp-json\/wp\/v2\/posts"}],"about":[{"href":"https:\/\/rednacionaldearte.com\/noticias\/wp-json\/wp\/v2\/types\/post"}],"author":[{"embeddable":true,"href":"https:\/\/rednacionaldearte.com\/noticias\/wp-json\/wp\/v2\/users\/1"}],"replies":[{"embeddable":true,"href":"https:\/\/rednacionaldearte.com\/noticias\/wp-json\/wp\/v2\/comments?post=4557"}],"version-history":[{"count":2,"href":"https:\/\/rednacionaldearte.com\/noticias\/wp-json\/wp\/v2\/posts\/4557\/revisions"}],"predecessor-version":[{"id":4561,"href":"https:\/\/rednacionaldearte.com\/noticias\/wp-json\/wp\/v2\/posts\/4557\/revisions\/4561"}],"wp:featuredmedia":[{"embeddable":true,"href":"https:\/\/rednacionaldearte.com\/noticias\/wp-json\/wp\/v2\/media\/4559"}],"wp:attachment":[{"href":"https:\/\/rednacionaldearte.com\/noticias\/wp-json\/wp\/v2\/media?parent=4557"}],"wp:term":[{"taxonomy":"category","embeddable":true,"href":"https:\/\/rednacionaldearte.com\/noticias\/wp-json\/wp\/v2\/categories?post=4557"},{"taxonomy":"post_tag","embeddable":true,"href":"https:\/\/rednacionaldearte.com\/noticias\/wp-json\/wp\/v2\/tags?post=4557"}],"curies":[{"name":"wp","href":"https:\/\/api.w.org\/{rel}","templated":true}]}}