{"id":4562,"date":"2023-05-09T00:06:38","date_gmt":"2023-05-09T00:06:38","guid":{"rendered":"http:\/\/rednacionaldearte.com\/noticias\/?p=4562"},"modified":"2023-05-09T00:06:40","modified_gmt":"2023-05-09T00:06:40","slug":"escuchando-lo-invisible-el-arte-del-diseno-sonoro-en-la-pantalla-grande","status":"publish","type":"post","link":"https:\/\/rednacionaldearte.com\/noticias\/escuchando-lo-invisible-el-arte-del-diseno-sonoro-en-la-pantalla-grande\/","title":{"rendered":"Escuchando lo invisible: El arte del dise\u00f1o sonoro en la pantalla grande"},"content":{"rendered":"\n<p>Cuando George Lucas concibi\u00f3 \u00abLa guerra de las galaxias\u00bb, ten\u00eda claro que quer\u00eda transportar a los espectadores a un universo completamente distinto al nuestro. Para lograr esto, no solo se necesitaban efectos visuales espectaculares, sino tambi\u00e9n un dise\u00f1o sonoro que hiciera sentir al p\u00fablico como si realmente estuvieran en una galaxia lejana.<br><br>Para lograr este objetivo, Lucas contrat\u00f3 a Ben Burtt, un joven dise\u00f1ador de sonido que r\u00e1pidamente demostr\u00f3 su talento para crear efectos sonoros \u00fanicos e inolvidables. Burtt se sumergi\u00f3 en la creaci\u00f3n de un universo sonoro que inclu\u00eda desde el zumbido de los sables de luz hasta los rugidos de las criaturas alien\u00edgenas.<br><\/p>\n\n\n\n<p><strong>Innovaci\u00f3n y experimentaci\u00f3n: el lenguaje de los personajes no humanos<\/strong><br><br>Uno de los mayores retos que enfrent\u00f3 Burtt fue dar vida a los personajes no humanos de la pel\u00edcula, como R2-D2 y Chewbacca. En lugar de recurrir a sonidos preexistentes, Burtt experiment\u00f3 con grabaciones de animales y objetos cotidianos para crear voces \u00fanicas y expresivas para estos personajes ic\u00f3nicos. El resultado fue un lenguaje sonoro que se sinti\u00f3 aut\u00e9ntico y emocionalmente resonante.<\/p>\n\n\n\n<figure class=\"wp-block-image size-large\"><img loading=\"lazy\" decoding=\"async\" width=\"990\" height=\"557\" src=\"https:\/\/rednacionaldearte.com\/noticias\/wp-content\/uploads\/2023\/05\/15885120366138.jpg\" alt=\"\" class=\"wp-image-4564\" srcset=\"https:\/\/rednacionaldearte.com\/noticias\/wp-content\/uploads\/2023\/05\/15885120366138.jpg 990w, https:\/\/rednacionaldearte.com\/noticias\/wp-content\/uploads\/2023\/05\/15885120366138-300x169.jpg 300w, https:\/\/rednacionaldearte.com\/noticias\/wp-content\/uploads\/2023\/05\/15885120366138-768x432.jpg 768w\" sizes=\"auto, (max-width: 990px) 100vw, 990px\" \/><\/figure>\n\n\n\n<p><strong>Los sables l\u00e1ser: un sonido ic\u00f3nico en la historia del cine<\/strong><\/p>\n\n\n\n<p>Burtt ten\u00eda la dif\u00edcil tarea de idear un sonido que fuera a la vez poderoso y et\u00e9reo, que evocara la energ\u00eda y la gracia de estos guerreros gal\u00e1cticos. Para lograrlo, combin\u00f3 dos sonidos completamente diferentes: el zumbido de un proyector de pel\u00edculas antiguo y la interferencia de un televisor en una habitaci\u00f3n vac\u00eda.<\/p>\n\n\n\n<p>Burtt grab\u00f3 el sonido del motor de un proyector de cine en la sala de proyecciones de la Universidad del Sur de California, donde estudiaba en ese momento. Este sonido mec\u00e1nico y constante proporcion\u00f3 la base para el zumbido de los sables l\u00e1ser. A continuaci\u00f3n, Burtt descubri\u00f3 accidentalmente el otro componente clave del sonido mientras grababa la interferencia de un televisor en una habitaci\u00f3n vac\u00eda. Al mover el micr\u00f3fono hacia atr\u00e1s y hacia adelante frente al televisor, Burtt not\u00f3 c\u00f3mo el sonido cambiaba de tono e intensidad, creando un efecto similar al que se produce cuando los sables l\u00e1ser se balancean en el aire.<\/p>\n\n\n\n<p>Una vez que tuvo ambos sonidos, Burtt los mezcl\u00f3 y los modific\u00f3 electr\u00f3nicamente para crear el sonido caracter\u00edstico de los sables l\u00e1ser. El resultado final es una mezcla perfecta de lo mec\u00e1nico y lo et\u00e9reo, de lo antiguo y lo futurista, que ha llegado a simbolizar el enfrentamiento eterno entre el bien y el mal en la saga de Star Wars.<\/p>\n\n\n\n<figure class=\"wp-block-embed-youtube wp-block-embed is-type-video is-provider-youtube wp-embed-aspect-16-9 wp-has-aspect-ratio\"><div class=\"wp-block-embed__wrapper\">\n<iframe loading=\"lazy\" title=\"Dise\u00f1o de sonido de Star Wars por Be Burtt\" width=\"648\" height=\"365\" src=\"https:\/\/www.youtube.com\/embed\/D1ogBXiZJs0?feature=oembed\" frameborder=\"0\" allow=\"accelerometer; autoplay; clipboard-write; encrypted-media; gyroscope; picture-in-picture; web-share\" referrerpolicy=\"strict-origin-when-cross-origin\" allowfullscreen><\/iframe>\n<\/div><figcaption>Entrevistas con\u00a0Ben Burtt sobre la creaci\u00f3n sonora de Star Wars<\/figcaption><\/figure>\n\n\n\n<hr class=\"wp-block-separator\"\/>\n\n\n\n<p><strong>\u00daltimos lugares: Taller de&nbsp;Dise\u00f1o y Postproducci\u00f3n Sonora<\/strong><\/p>\n\n\n\n<p>Durante Mayo, Adrianna Maldonado (Coordinadora de Postproducci\u00f3n en Labo Digital y dise\u00f1adora sonora de m\u00faltiples series y pel\u00edculas en plataformas como Netflix, Mubi y HBO) impartir\u00e1 un taller enfocado en Dise\u00f1o Sonoro para Cine. Puedes encontrar <a href=\"https:\/\/festivalcineindependiente.com\/diseno-sonoro\/\" target=\"_blank\" rel=\"noreferrer noopener\">m\u00e1s informaci\u00f3n aqu\u00ed<\/a>.<\/p>\n\n\n\n<p><\/p>\n\n\n\n<p>Quiz\u00e1s te interese: <\/p>\n\n\n\n<p><a href=\"https:\/\/rednacionaldearte.com\/noticias\/sonido-experiencia\/\">Cuando el Sonido crea una Experiencia: \u00abApocalypse Now\u00bb<\/a><\/p>\n","protected":false},"excerpt":{"rendered":"<p>Cuando George Lucas concibi\u00f3 \u00abLa guerra de las galaxias\u00bb, ten\u00eda claro que quer\u00eda transportar a los espectadores a un universo completamente distinto al nuestro. Para lograr esto, no solo se necesitaban efectos visuales espectaculares, sino tambi\u00e9n un dise\u00f1o sonoro que hiciera sentir al p\u00fablico como si realmente estuvieran en una galaxia lejana. Para lograr este [&hellip;]<\/p>\n","protected":false},"author":1,"featured_media":4563,"comment_status":"closed","ping_status":"open","sticky":false,"template":"","format":"standard","meta":{"footnotes":""},"categories":[60],"tags":[172,173],"class_list":["post-4562","post","type-post","status-publish","format-standard","has-post-thumbnail","hentry","category-cine","tag-diseno-sonoro","tag-star-wars"],"yoast_head":"<!-- This site is optimized with the Yoast SEO plugin v27.2 - https:\/\/yoast.com\/product\/yoast-seo-wordpress\/ -->\n<title>Escuchando lo invisible: El arte del dise\u00f1o sonoro en la pantalla grande - Red Nacional de Arte<\/title>\n<meta name=\"robots\" content=\"index, follow, max-snippet:-1, max-image-preview:large, max-video-preview:-1\" \/>\n<link rel=\"canonical\" href=\"http:\/\/rednacionaldearte.com\/noticias\/escuchando-lo-invisible-el-arte-del-diseno-sonoro-en-la-pantalla-grande\/\" \/>\n<meta property=\"og:locale\" content=\"es_ES\" \/>\n<meta property=\"og:type\" content=\"article\" \/>\n<meta property=\"og:title\" content=\"Escuchando lo invisible: El arte del dise\u00f1o sonoro en la pantalla grande - Red Nacional de Arte\" \/>\n<meta property=\"og:description\" content=\"Cuando George Lucas concibi\u00f3 \u00abLa guerra de las galaxias\u00bb, ten\u00eda claro que quer\u00eda transportar a los espectadores a un universo completamente distinto al nuestro. Para lograr esto, no solo se necesitaban efectos visuales espectaculares, sino tambi\u00e9n un dise\u00f1o sonoro que hiciera sentir al p\u00fablico como si realmente estuvieran en una galaxia lejana. Para lograr este [&hellip;]\" \/>\n<meta property=\"og:url\" content=\"http:\/\/rednacionaldearte.com\/noticias\/escuchando-lo-invisible-el-arte-del-diseno-sonoro-en-la-pantalla-grande\/\" \/>\n<meta property=\"og:site_name\" content=\"Red Nacional de Arte\" \/>\n<meta property=\"article:publisher\" content=\"http:\/\/www.facebook.com\/rednacionaldearte\/\" \/>\n<meta property=\"article:published_time\" content=\"2023-05-09T00:06:38+00:00\" \/>\n<meta property=\"article:modified_time\" content=\"2023-05-09T00:06:40+00:00\" \/>\n<meta property=\"og:image\" content=\"http:\/\/rednacionaldearte.com\/noticias\/wp-content\/uploads\/2023\/05\/star-wars-in-order-resize-1585339521.jpg\" \/>\n\t<meta property=\"og:image:width\" content=\"1200\" \/>\n\t<meta property=\"og:image:height\" content=\"602\" \/>\n\t<meta property=\"og:image:type\" content=\"image\/jpeg\" \/>\n<meta name=\"author\" content=\"Redacci\u00f3n\" \/>\n<meta name=\"twitter:card\" content=\"summary_large_image\" \/>\n<meta name=\"twitter:creator\" content=\"@rednacionalarte\" \/>\n<meta name=\"twitter:site\" content=\"@rednacionalarte\" \/>\n<meta name=\"twitter:label1\" content=\"Escrito por\" \/>\n\t<meta name=\"twitter:data1\" content=\"Redacci\u00f3n\" \/>\n\t<meta name=\"twitter:label2\" content=\"Tiempo de lectura\" \/>\n\t<meta name=\"twitter:data2\" content=\"3 minutos\" \/>\n<script type=\"application\/ld+json\" class=\"yoast-schema-graph\">{\"@context\":\"https:\/\/schema.org\",\"@graph\":[{\"@type\":\"Article\",\"@id\":\"http:\/\/rednacionaldearte.com\/noticias\/escuchando-lo-invisible-el-arte-del-diseno-sonoro-en-la-pantalla-grande\/#article\",\"isPartOf\":{\"@id\":\"http:\/\/rednacionaldearte.com\/noticias\/escuchando-lo-invisible-el-arte-del-diseno-sonoro-en-la-pantalla-grande\/\"},\"author\":{\"name\":\"Redacci\u00f3n\",\"@id\":\"http:\/\/rednacionaldearte.com\/noticias\/#\/schema\/person\/489d635082b1de413434d2708a3e5b9b\"},\"headline\":\"Escuchando lo invisible: El arte del dise\u00f1o sonoro en la pantalla grande\",\"datePublished\":\"2023-05-09T00:06:38+00:00\",\"dateModified\":\"2023-05-09T00:06:40+00:00\",\"mainEntityOfPage\":{\"@id\":\"http:\/\/rednacionaldearte.com\/noticias\/escuchando-lo-invisible-el-arte-del-diseno-sonoro-en-la-pantalla-grande\/\"},\"wordCount\":548,\"publisher\":{\"@id\":\"http:\/\/rednacionaldearte.com\/noticias\/#organization\"},\"image\":{\"@id\":\"http:\/\/rednacionaldearte.com\/noticias\/escuchando-lo-invisible-el-arte-del-diseno-sonoro-en-la-pantalla-grande\/#primaryimage\"},\"thumbnailUrl\":\"https:\/\/rednacionaldearte.com\/noticias\/wp-content\/uploads\/2023\/05\/star-wars-in-order-resize-1585339521.jpg\",\"keywords\":[\"Dise\u00f1o Sonoro\",\"Star Wars\"],\"articleSection\":[\"Cine\"],\"inLanguage\":\"es\"},{\"@type\":\"WebPage\",\"@id\":\"http:\/\/rednacionaldearte.com\/noticias\/escuchando-lo-invisible-el-arte-del-diseno-sonoro-en-la-pantalla-grande\/\",\"url\":\"http:\/\/rednacionaldearte.com\/noticias\/escuchando-lo-invisible-el-arte-del-diseno-sonoro-en-la-pantalla-grande\/\",\"name\":\"Escuchando lo invisible: El arte del dise\u00f1o sonoro en la pantalla grande - Red Nacional de Arte\",\"isPartOf\":{\"@id\":\"http:\/\/rednacionaldearte.com\/noticias\/#website\"},\"primaryImageOfPage\":{\"@id\":\"http:\/\/rednacionaldearte.com\/noticias\/escuchando-lo-invisible-el-arte-del-diseno-sonoro-en-la-pantalla-grande\/#primaryimage\"},\"image\":{\"@id\":\"http:\/\/rednacionaldearte.com\/noticias\/escuchando-lo-invisible-el-arte-del-diseno-sonoro-en-la-pantalla-grande\/#primaryimage\"},\"thumbnailUrl\":\"https:\/\/rednacionaldearte.com\/noticias\/wp-content\/uploads\/2023\/05\/star-wars-in-order-resize-1585339521.jpg\",\"datePublished\":\"2023-05-09T00:06:38+00:00\",\"dateModified\":\"2023-05-09T00:06:40+00:00\",\"breadcrumb\":{\"@id\":\"http:\/\/rednacionaldearte.com\/noticias\/escuchando-lo-invisible-el-arte-del-diseno-sonoro-en-la-pantalla-grande\/#breadcrumb\"},\"inLanguage\":\"es\",\"potentialAction\":[{\"@type\":\"ReadAction\",\"target\":[\"http:\/\/rednacionaldearte.com\/noticias\/escuchando-lo-invisible-el-arte-del-diseno-sonoro-en-la-pantalla-grande\/\"]}]},{\"@type\":\"ImageObject\",\"inLanguage\":\"es\",\"@id\":\"http:\/\/rednacionaldearte.com\/noticias\/escuchando-lo-invisible-el-arte-del-diseno-sonoro-en-la-pantalla-grande\/#primaryimage\",\"url\":\"https:\/\/rednacionaldearte.com\/noticias\/wp-content\/uploads\/2023\/05\/star-wars-in-order-resize-1585339521.jpg\",\"contentUrl\":\"https:\/\/rednacionaldearte.com\/noticias\/wp-content\/uploads\/2023\/05\/star-wars-in-order-resize-1585339521.jpg\",\"width\":1200,\"height\":602},{\"@type\":\"BreadcrumbList\",\"@id\":\"http:\/\/rednacionaldearte.com\/noticias\/escuchando-lo-invisible-el-arte-del-diseno-sonoro-en-la-pantalla-grande\/#breadcrumb\",\"itemListElement\":[{\"@type\":\"ListItem\",\"position\":1,\"name\":\"Home\",\"item\":\"http:\/\/rednacionaldearte.com\/noticias\/\"},{\"@type\":\"ListItem\",\"position\":2,\"name\":\"Escuchando lo invisible: El arte del dise\u00f1o sonoro en la pantalla grande\"}]},{\"@type\":\"WebSite\",\"@id\":\"http:\/\/rednacionaldearte.com\/noticias\/#website\",\"url\":\"http:\/\/rednacionaldearte.com\/noticias\/\",\"name\":\"Red Nacional de Arte\",\"description\":\"Cultura y Arte contempor\u00e1neo en M\u00e9xico\",\"publisher\":{\"@id\":\"http:\/\/rednacionaldearte.com\/noticias\/#organization\"},\"potentialAction\":[{\"@type\":\"SearchAction\",\"target\":{\"@type\":\"EntryPoint\",\"urlTemplate\":\"http:\/\/rednacionaldearte.com\/noticias\/?s={search_term_string}\"},\"query-input\":{\"@type\":\"PropertyValueSpecification\",\"valueRequired\":true,\"valueName\":\"search_term_string\"}}],\"inLanguage\":\"es\"},{\"@type\":\"Organization\",\"@id\":\"http:\/\/rednacionaldearte.com\/noticias\/#organization\",\"name\":\"Red Nacional de Arte\",\"url\":\"http:\/\/rednacionaldearte.com\/noticias\/\",\"logo\":{\"@type\":\"ImageObject\",\"inLanguage\":\"es\",\"@id\":\"http:\/\/rednacionaldearte.com\/noticias\/#\/schema\/logo\/image\/\",\"url\":\"http:\/\/rednacionaldearte.com\/noticias\/wp-content\/uploads\/2016\/04\/logo.png\",\"contentUrl\":\"http:\/\/rednacionaldearte.com\/noticias\/wp-content\/uploads\/2016\/04\/logo.png\",\"width\":575,\"height\":554,\"caption\":\"Red Nacional de Arte\"},\"image\":{\"@id\":\"http:\/\/rednacionaldearte.com\/noticias\/#\/schema\/logo\/image\/\"},\"sameAs\":[\"http:\/\/www.facebook.com\/rednacionaldearte\/\",\"https:\/\/x.com\/rednacionalarte\"]},{\"@type\":\"Person\",\"@id\":\"http:\/\/rednacionaldearte.com\/noticias\/#\/schema\/person\/489d635082b1de413434d2708a3e5b9b\",\"name\":\"Redacci\u00f3n\",\"image\":{\"@type\":\"ImageObject\",\"inLanguage\":\"es\",\"@id\":\"https:\/\/secure.gravatar.com\/avatar\/1d1c30eaee7c2f6cfa13fb8502cb06839106cdf371b9953d50e4b572d0bfa3c7?s=96&d=mm&r=g\",\"url\":\"https:\/\/secure.gravatar.com\/avatar\/1d1c30eaee7c2f6cfa13fb8502cb06839106cdf371b9953d50e4b572d0bfa3c7?s=96&d=mm&r=g\",\"contentUrl\":\"https:\/\/secure.gravatar.com\/avatar\/1d1c30eaee7c2f6cfa13fb8502cb06839106cdf371b9953d50e4b572d0bfa3c7?s=96&d=mm&r=g\",\"caption\":\"Redacci\u00f3n\"},\"url\":\"https:\/\/rednacionaldearte.com\/noticias\/author\/adan\/\"}]}<\/script>\n<!-- \/ Yoast SEO plugin. -->","yoast_head_json":{"title":"Escuchando lo invisible: El arte del dise\u00f1o sonoro en la pantalla grande - Red Nacional de Arte","robots":{"index":"index","follow":"follow","max-snippet":"max-snippet:-1","max-image-preview":"max-image-preview:large","max-video-preview":"max-video-preview:-1"},"canonical":"http:\/\/rednacionaldearte.com\/noticias\/escuchando-lo-invisible-el-arte-del-diseno-sonoro-en-la-pantalla-grande\/","og_locale":"es_ES","og_type":"article","og_title":"Escuchando lo invisible: El arte del dise\u00f1o sonoro en la pantalla grande - Red Nacional de Arte","og_description":"Cuando George Lucas concibi\u00f3 \u00abLa guerra de las galaxias\u00bb, ten\u00eda claro que quer\u00eda transportar a los espectadores a un universo completamente distinto al nuestro. Para lograr esto, no solo se necesitaban efectos visuales espectaculares, sino tambi\u00e9n un dise\u00f1o sonoro que hiciera sentir al p\u00fablico como si realmente estuvieran en una galaxia lejana. Para lograr este [&hellip;]","og_url":"http:\/\/rednacionaldearte.com\/noticias\/escuchando-lo-invisible-el-arte-del-diseno-sonoro-en-la-pantalla-grande\/","og_site_name":"Red Nacional de Arte","article_publisher":"http:\/\/www.facebook.com\/rednacionaldearte\/","article_published_time":"2023-05-09T00:06:38+00:00","article_modified_time":"2023-05-09T00:06:40+00:00","og_image":[{"width":1200,"height":602,"url":"http:\/\/rednacionaldearte.com\/noticias\/wp-content\/uploads\/2023\/05\/star-wars-in-order-resize-1585339521.jpg","type":"image\/jpeg"}],"author":"Redacci\u00f3n","twitter_card":"summary_large_image","twitter_creator":"@rednacionalarte","twitter_site":"@rednacionalarte","twitter_misc":{"Escrito por":"Redacci\u00f3n","Tiempo de lectura":"3 minutos"},"schema":{"@context":"https:\/\/schema.org","@graph":[{"@type":"Article","@id":"http:\/\/rednacionaldearte.com\/noticias\/escuchando-lo-invisible-el-arte-del-diseno-sonoro-en-la-pantalla-grande\/#article","isPartOf":{"@id":"http:\/\/rednacionaldearte.com\/noticias\/escuchando-lo-invisible-el-arte-del-diseno-sonoro-en-la-pantalla-grande\/"},"author":{"name":"Redacci\u00f3n","@id":"http:\/\/rednacionaldearte.com\/noticias\/#\/schema\/person\/489d635082b1de413434d2708a3e5b9b"},"headline":"Escuchando lo invisible: El arte del dise\u00f1o sonoro en la pantalla grande","datePublished":"2023-05-09T00:06:38+00:00","dateModified":"2023-05-09T00:06:40+00:00","mainEntityOfPage":{"@id":"http:\/\/rednacionaldearte.com\/noticias\/escuchando-lo-invisible-el-arte-del-diseno-sonoro-en-la-pantalla-grande\/"},"wordCount":548,"publisher":{"@id":"http:\/\/rednacionaldearte.com\/noticias\/#organization"},"image":{"@id":"http:\/\/rednacionaldearte.com\/noticias\/escuchando-lo-invisible-el-arte-del-diseno-sonoro-en-la-pantalla-grande\/#primaryimage"},"thumbnailUrl":"https:\/\/rednacionaldearte.com\/noticias\/wp-content\/uploads\/2023\/05\/star-wars-in-order-resize-1585339521.jpg","keywords":["Dise\u00f1o Sonoro","Star Wars"],"articleSection":["Cine"],"inLanguage":"es"},{"@type":"WebPage","@id":"http:\/\/rednacionaldearte.com\/noticias\/escuchando-lo-invisible-el-arte-del-diseno-sonoro-en-la-pantalla-grande\/","url":"http:\/\/rednacionaldearte.com\/noticias\/escuchando-lo-invisible-el-arte-del-diseno-sonoro-en-la-pantalla-grande\/","name":"Escuchando lo invisible: El arte del dise\u00f1o sonoro en la pantalla grande - Red Nacional de Arte","isPartOf":{"@id":"http:\/\/rednacionaldearte.com\/noticias\/#website"},"primaryImageOfPage":{"@id":"http:\/\/rednacionaldearte.com\/noticias\/escuchando-lo-invisible-el-arte-del-diseno-sonoro-en-la-pantalla-grande\/#primaryimage"},"image":{"@id":"http:\/\/rednacionaldearte.com\/noticias\/escuchando-lo-invisible-el-arte-del-diseno-sonoro-en-la-pantalla-grande\/#primaryimage"},"thumbnailUrl":"https:\/\/rednacionaldearte.com\/noticias\/wp-content\/uploads\/2023\/05\/star-wars-in-order-resize-1585339521.jpg","datePublished":"2023-05-09T00:06:38+00:00","dateModified":"2023-05-09T00:06:40+00:00","breadcrumb":{"@id":"http:\/\/rednacionaldearte.com\/noticias\/escuchando-lo-invisible-el-arte-del-diseno-sonoro-en-la-pantalla-grande\/#breadcrumb"},"inLanguage":"es","potentialAction":[{"@type":"ReadAction","target":["http:\/\/rednacionaldearte.com\/noticias\/escuchando-lo-invisible-el-arte-del-diseno-sonoro-en-la-pantalla-grande\/"]}]},{"@type":"ImageObject","inLanguage":"es","@id":"http:\/\/rednacionaldearte.com\/noticias\/escuchando-lo-invisible-el-arte-del-diseno-sonoro-en-la-pantalla-grande\/#primaryimage","url":"https:\/\/rednacionaldearte.com\/noticias\/wp-content\/uploads\/2023\/05\/star-wars-in-order-resize-1585339521.jpg","contentUrl":"https:\/\/rednacionaldearte.com\/noticias\/wp-content\/uploads\/2023\/05\/star-wars-in-order-resize-1585339521.jpg","width":1200,"height":602},{"@type":"BreadcrumbList","@id":"http:\/\/rednacionaldearte.com\/noticias\/escuchando-lo-invisible-el-arte-del-diseno-sonoro-en-la-pantalla-grande\/#breadcrumb","itemListElement":[{"@type":"ListItem","position":1,"name":"Home","item":"http:\/\/rednacionaldearte.com\/noticias\/"},{"@type":"ListItem","position":2,"name":"Escuchando lo invisible: El arte del dise\u00f1o sonoro en la pantalla grande"}]},{"@type":"WebSite","@id":"http:\/\/rednacionaldearte.com\/noticias\/#website","url":"http:\/\/rednacionaldearte.com\/noticias\/","name":"Red Nacional de Arte","description":"Cultura y Arte contempor\u00e1neo en M\u00e9xico","publisher":{"@id":"http:\/\/rednacionaldearte.com\/noticias\/#organization"},"potentialAction":[{"@type":"SearchAction","target":{"@type":"EntryPoint","urlTemplate":"http:\/\/rednacionaldearte.com\/noticias\/?s={search_term_string}"},"query-input":{"@type":"PropertyValueSpecification","valueRequired":true,"valueName":"search_term_string"}}],"inLanguage":"es"},{"@type":"Organization","@id":"http:\/\/rednacionaldearte.com\/noticias\/#organization","name":"Red Nacional de Arte","url":"http:\/\/rednacionaldearte.com\/noticias\/","logo":{"@type":"ImageObject","inLanguage":"es","@id":"http:\/\/rednacionaldearte.com\/noticias\/#\/schema\/logo\/image\/","url":"http:\/\/rednacionaldearte.com\/noticias\/wp-content\/uploads\/2016\/04\/logo.png","contentUrl":"http:\/\/rednacionaldearte.com\/noticias\/wp-content\/uploads\/2016\/04\/logo.png","width":575,"height":554,"caption":"Red Nacional de Arte"},"image":{"@id":"http:\/\/rednacionaldearte.com\/noticias\/#\/schema\/logo\/image\/"},"sameAs":["http:\/\/www.facebook.com\/rednacionaldearte\/","https:\/\/x.com\/rednacionalarte"]},{"@type":"Person","@id":"http:\/\/rednacionaldearte.com\/noticias\/#\/schema\/person\/489d635082b1de413434d2708a3e5b9b","name":"Redacci\u00f3n","image":{"@type":"ImageObject","inLanguage":"es","@id":"https:\/\/secure.gravatar.com\/avatar\/1d1c30eaee7c2f6cfa13fb8502cb06839106cdf371b9953d50e4b572d0bfa3c7?s=96&d=mm&r=g","url":"https:\/\/secure.gravatar.com\/avatar\/1d1c30eaee7c2f6cfa13fb8502cb06839106cdf371b9953d50e4b572d0bfa3c7?s=96&d=mm&r=g","contentUrl":"https:\/\/secure.gravatar.com\/avatar\/1d1c30eaee7c2f6cfa13fb8502cb06839106cdf371b9953d50e4b572d0bfa3c7?s=96&d=mm&r=g","caption":"Redacci\u00f3n"},"url":"https:\/\/rednacionaldearte.com\/noticias\/author\/adan\/"}]}},"amp_validity":null,"amp_enabled":true,"_links":{"self":[{"href":"https:\/\/rednacionaldearte.com\/noticias\/wp-json\/wp\/v2\/posts\/4562","targetHints":{"allow":["GET"]}}],"collection":[{"href":"https:\/\/rednacionaldearte.com\/noticias\/wp-json\/wp\/v2\/posts"}],"about":[{"href":"https:\/\/rednacionaldearte.com\/noticias\/wp-json\/wp\/v2\/types\/post"}],"author":[{"embeddable":true,"href":"https:\/\/rednacionaldearte.com\/noticias\/wp-json\/wp\/v2\/users\/1"}],"replies":[{"embeddable":true,"href":"https:\/\/rednacionaldearte.com\/noticias\/wp-json\/wp\/v2\/comments?post=4562"}],"version-history":[{"count":1,"href":"https:\/\/rednacionaldearte.com\/noticias\/wp-json\/wp\/v2\/posts\/4562\/revisions"}],"predecessor-version":[{"id":4565,"href":"https:\/\/rednacionaldearte.com\/noticias\/wp-json\/wp\/v2\/posts\/4562\/revisions\/4565"}],"wp:featuredmedia":[{"embeddable":true,"href":"https:\/\/rednacionaldearte.com\/noticias\/wp-json\/wp\/v2\/media\/4563"}],"wp:attachment":[{"href":"https:\/\/rednacionaldearte.com\/noticias\/wp-json\/wp\/v2\/media?parent=4562"}],"wp:term":[{"taxonomy":"category","embeddable":true,"href":"https:\/\/rednacionaldearte.com\/noticias\/wp-json\/wp\/v2\/categories?post=4562"},{"taxonomy":"post_tag","embeddable":true,"href":"https:\/\/rednacionaldearte.com\/noticias\/wp-json\/wp\/v2\/tags?post=4562"}],"curies":[{"name":"wp","href":"https:\/\/api.w.org\/{rel}","templated":true}]}}