{"id":4568,"date":"2023-05-09T00:26:47","date_gmt":"2023-05-09T00:26:47","guid":{"rendered":"http:\/\/rednacionaldearte.com\/noticias\/?p=4568"},"modified":"2023-05-09T00:26:49","modified_gmt":"2023-05-09T00:26:49","slug":"cine-y-performance-expandiendo-los-limites","status":"publish","type":"post","link":"https:\/\/rednacionaldearte.com\/noticias\/cine-y-performance-expandiendo-los-limites\/","title":{"rendered":"Cine y Performance: Expandiendo los l\u00edmites"},"content":{"rendered":"\n<p>En la era del cine digital y la globalizaci\u00f3n, los l\u00edmites entre g\u00e9neros cinematogr\u00e1ficos y otras disciplinas art\u00edsticas se han vuelto cada vez m\u00e1s difusos. A medida que la tecnolog\u00eda avanza, tambi\u00e9n lo hace la forma en que los creadores de arte interact\u00faan y experimentan con el lenguaje audiovisual. A continuaci\u00f3n, te contamos la historia de dos proyectos revolucionarios que han cambiado la forma en que entendemos el cine y la performance en el arte contempor\u00e1neo.<\/p>\n\n\n\n<p><strong>\u00abThe Clock\u00bb de Christian Marclay<\/strong><\/p>\n\n\n\n<p>En 2010, el artista y cineasta suizo Christian Marclay present\u00f3 su obra maestra \u00abThe Clock\u00bb, una instalaci\u00f3n de video de 24 horas que consiste en miles de fragmentos de pel\u00edculas y programas de televisi\u00f3n que representan relojes o mencionan el tiempo. Cada clip est\u00e1 sincronizado con la hora del d\u00eda en tiempo real, convirtiendo la obra en un reloj funcional y una experiencia cinematogr\u00e1fica \u00fanica.<\/p>\n\n\n\n<p>\u00abThe Clock\u00bb es un ejemplo perfecto de c\u00f3mo se pueden fusionar el cine y la performance en una obra de arte contempor\u00e1nea. Al reunir fragmentos de pel\u00edculas de diferentes \u00e9pocas, g\u00e9neros y culturas, Marclay crea una narrativa fluida y envolvente que obliga a los espectadores a cuestionar su relaci\u00f3n con el tiempo y la memoria.<\/p>\n\n\n\n<figure class=\"wp-block-image size-large\"><img loading=\"lazy\" decoding=\"async\" width=\"615\" height=\"362\" src=\"https:\/\/rednacionaldearte.com\/noticias\/wp-content\/uploads\/2023\/05\/Sleep.png\" alt=\"\" class=\"wp-image-4570\" srcset=\"https:\/\/rednacionaldearte.com\/noticias\/wp-content\/uploads\/2023\/05\/Sleep.png 615w, https:\/\/rednacionaldearte.com\/noticias\/wp-content\/uploads\/2023\/05\/Sleep-300x177.png 300w\" sizes=\"auto, (max-width: 615px) 100vw, 615px\" \/><\/figure>\n\n\n\n<p><strong>\u00abSleep\u00bb de Max Richter<\/strong><\/p>\n\n\n\n<p>El compositor brit\u00e1nico Max Richter es conocido por su habilidad para combinar la m\u00fasica cl\u00e1sica con elementos electr\u00f3nicos y experimentales. En 2015, lanz\u00f3 \u00abSleep\u00bb, una obra musical de ocho horas de duraci\u00f3n dise\u00f1ada para ser escuchada mientras se duerme. Sin embargo, lo que hace que \u00abSleep\u00bb sea una verdadera fusi\u00f3n de cine y performance es su presentaci\u00f3n en vivo.<\/p>\n\n\n\n<p>En sus espect\u00e1culos de \u00abSleep\u00bb, Richter y su conjunto musical tocan la pieza en su totalidad durante la noche, mientras los espectadores duermen en camas dispuestas en el lugar del evento. La experiencia combina elementos de cine, m\u00fasica y performance en un evento inmersivo que desaf\u00eda las convenciones de los conciertos tradicionales y la relaci\u00f3n entre el p\u00fablico y los artistas.<\/p>\n\n\n\n<p>Estos dos proyectos demuestran c\u00f3mo el cine y la performance pueden unirse en formas innovadoras y sorprendentes, rompiendo las barreras entre disciplinas art\u00edsticas y expandiendo las posibilidades de la creaci\u00f3n contempor\u00e1nea. En un mundo en constante evoluci\u00f3n, es emocionante imaginar c\u00f3mo seguir\u00e1 desarroll\u00e1ndose el arte en las pr\u00f3ximas d\u00e9cadas.<\/p>\n\n\n\n<hr class=\"wp-block-separator\"\/>\n\n\n\n<p><strong>[Workshop de Live Cinema]<\/strong><\/p>\n\n\n\n<p>Inscr\u00edbete a este taller y crea tu propio proyecto de Live Cinema con el reconocido artista JL Martin (Antropotrip). Puedes encontrar <a href=\"https:\/\/festivalcineindependiente.com\/livecinema\/\" target=\"_blank\" rel=\"noreferrer noopener\">m\u00e1s informaci\u00f3n aqu\u00ed<\/a>.<\/p>\n","protected":false},"excerpt":{"rendered":"<p>En la era del cine digital y la globalizaci\u00f3n, los l\u00edmites entre g\u00e9neros cinematogr\u00e1ficos y otras disciplinas art\u00edsticas se han vuelto cada vez m\u00e1s difusos. A medida que la tecnolog\u00eda avanza, tambi\u00e9n lo hace la forma en que los creadores de arte interact\u00faan y experimentan con el lenguaje audiovisual. A continuaci\u00f3n, te contamos la historia [&hellip;]<\/p>\n","protected":false},"author":1,"featured_media":4571,"comment_status":"closed","ping_status":"open","sticky":false,"template":"","format":"standard","meta":{"footnotes":""},"categories":[85,60,86],"tags":[174,171],"class_list":["post-4568","post","type-post","status-publish","format-standard","has-post-thumbnail","hentry","category-arte-contemporaneo","category-cine","category-performance","tag-cine-performance","tag-live-cinema"],"yoast_head":"<!-- This site is optimized with the Yoast SEO plugin v27.2 - https:\/\/yoast.com\/product\/yoast-seo-wordpress\/ -->\n<title>Cine y Performance: Expandiendo los l\u00edmites - Red Nacional de Arte<\/title>\n<meta name=\"robots\" content=\"index, follow, max-snippet:-1, max-image-preview:large, max-video-preview:-1\" \/>\n<link rel=\"canonical\" href=\"http:\/\/rednacionaldearte.com\/noticias\/cine-y-performance-expandiendo-los-limites\/\" \/>\n<meta property=\"og:locale\" content=\"es_ES\" \/>\n<meta property=\"og:type\" content=\"article\" \/>\n<meta property=\"og:title\" content=\"Cine y Performance: Expandiendo los l\u00edmites - Red Nacional de Arte\" \/>\n<meta property=\"og:description\" content=\"En la era del cine digital y la globalizaci\u00f3n, los l\u00edmites entre g\u00e9neros cinematogr\u00e1ficos y otras disciplinas art\u00edsticas se han vuelto cada vez m\u00e1s difusos. A medida que la tecnolog\u00eda avanza, tambi\u00e9n lo hace la forma en que los creadores de arte interact\u00faan y experimentan con el lenguaje audiovisual. A continuaci\u00f3n, te contamos la historia [&hellip;]\" \/>\n<meta property=\"og:url\" content=\"http:\/\/rednacionaldearte.com\/noticias\/cine-y-performance-expandiendo-los-limites\/\" \/>\n<meta property=\"og:site_name\" content=\"Red Nacional de Arte\" \/>\n<meta property=\"article:publisher\" content=\"http:\/\/www.facebook.com\/rednacionaldearte\/\" \/>\n<meta property=\"article:published_time\" content=\"2023-05-09T00:26:47+00:00\" \/>\n<meta property=\"article:modified_time\" content=\"2023-05-09T00:26:49+00:00\" \/>\n<meta property=\"og:image\" content=\"https:\/\/rednacionaldearte.com\/noticias\/wp-content\/uploads\/2023\/05\/Christian-Marclay-The-Clock-2010-a3-copiemodif1-scaled-2.jpg\" \/>\n\t<meta property=\"og:image:width\" content=\"2560\" \/>\n\t<meta property=\"og:image:height\" content=\"1714\" \/>\n\t<meta property=\"og:image:type\" content=\"image\/jpeg\" \/>\n<meta name=\"author\" content=\"Redacci\u00f3n\" \/>\n<meta name=\"twitter:card\" content=\"summary_large_image\" \/>\n<meta name=\"twitter:creator\" content=\"@rednacionalarte\" \/>\n<meta name=\"twitter:site\" content=\"@rednacionalarte\" \/>\n<meta name=\"twitter:label1\" content=\"Escrito por\" \/>\n\t<meta name=\"twitter:data1\" content=\"Redacci\u00f3n\" \/>\n\t<meta name=\"twitter:label2\" content=\"Tiempo de lectura\" \/>\n\t<meta name=\"twitter:data2\" content=\"2 minutos\" \/>\n<script type=\"application\/ld+json\" class=\"yoast-schema-graph\">{\"@context\":\"https:\/\/schema.org\",\"@graph\":[{\"@type\":\"Article\",\"@id\":\"http:\/\/rednacionaldearte.com\/noticias\/cine-y-performance-expandiendo-los-limites\/#article\",\"isPartOf\":{\"@id\":\"http:\/\/rednacionaldearte.com\/noticias\/cine-y-performance-expandiendo-los-limites\/\"},\"author\":{\"name\":\"Redacci\u00f3n\",\"@id\":\"http:\/\/rednacionaldearte.com\/noticias\/#\/schema\/person\/489d635082b1de413434d2708a3e5b9b\"},\"headline\":\"Cine y Performance: Expandiendo los l\u00edmites\",\"datePublished\":\"2023-05-09T00:26:47+00:00\",\"dateModified\":\"2023-05-09T00:26:49+00:00\",\"mainEntityOfPage\":{\"@id\":\"http:\/\/rednacionaldearte.com\/noticias\/cine-y-performance-expandiendo-los-limites\/\"},\"wordCount\":452,\"publisher\":{\"@id\":\"http:\/\/rednacionaldearte.com\/noticias\/#organization\"},\"image\":{\"@id\":\"http:\/\/rednacionaldearte.com\/noticias\/cine-y-performance-expandiendo-los-limites\/#primaryimage\"},\"thumbnailUrl\":\"https:\/\/rednacionaldearte.com\/noticias\/wp-content\/uploads\/2023\/05\/Christian-Marclay-The-Clock-2010-a3-copiemodif1-scaled-2.jpg\",\"keywords\":[\"Cine Performance\",\"Live Cinema\"],\"articleSection\":[\"Arte Contempor\u00e1neo\",\"Cine\",\"Performance\"],\"inLanguage\":\"es\"},{\"@type\":\"WebPage\",\"@id\":\"http:\/\/rednacionaldearte.com\/noticias\/cine-y-performance-expandiendo-los-limites\/\",\"url\":\"http:\/\/rednacionaldearte.com\/noticias\/cine-y-performance-expandiendo-los-limites\/\",\"name\":\"Cine y Performance: Expandiendo los l\u00edmites - Red Nacional de Arte\",\"isPartOf\":{\"@id\":\"http:\/\/rednacionaldearte.com\/noticias\/#website\"},\"primaryImageOfPage\":{\"@id\":\"http:\/\/rednacionaldearte.com\/noticias\/cine-y-performance-expandiendo-los-limites\/#primaryimage\"},\"image\":{\"@id\":\"http:\/\/rednacionaldearte.com\/noticias\/cine-y-performance-expandiendo-los-limites\/#primaryimage\"},\"thumbnailUrl\":\"https:\/\/rednacionaldearte.com\/noticias\/wp-content\/uploads\/2023\/05\/Christian-Marclay-The-Clock-2010-a3-copiemodif1-scaled-2.jpg\",\"datePublished\":\"2023-05-09T00:26:47+00:00\",\"dateModified\":\"2023-05-09T00:26:49+00:00\",\"breadcrumb\":{\"@id\":\"http:\/\/rednacionaldearte.com\/noticias\/cine-y-performance-expandiendo-los-limites\/#breadcrumb\"},\"inLanguage\":\"es\",\"potentialAction\":[{\"@type\":\"ReadAction\",\"target\":[\"http:\/\/rednacionaldearte.com\/noticias\/cine-y-performance-expandiendo-los-limites\/\"]}]},{\"@type\":\"ImageObject\",\"inLanguage\":\"es\",\"@id\":\"http:\/\/rednacionaldearte.com\/noticias\/cine-y-performance-expandiendo-los-limites\/#primaryimage\",\"url\":\"https:\/\/rednacionaldearte.com\/noticias\/wp-content\/uploads\/2023\/05\/Christian-Marclay-The-Clock-2010-a3-copiemodif1-scaled-2.jpg\",\"contentUrl\":\"https:\/\/rednacionaldearte.com\/noticias\/wp-content\/uploads\/2023\/05\/Christian-Marclay-The-Clock-2010-a3-copiemodif1-scaled-2.jpg\",\"width\":2560,\"height\":1714},{\"@type\":\"BreadcrumbList\",\"@id\":\"http:\/\/rednacionaldearte.com\/noticias\/cine-y-performance-expandiendo-los-limites\/#breadcrumb\",\"itemListElement\":[{\"@type\":\"ListItem\",\"position\":1,\"name\":\"Home\",\"item\":\"http:\/\/rednacionaldearte.com\/noticias\/\"},{\"@type\":\"ListItem\",\"position\":2,\"name\":\"Cine y Performance: Expandiendo los l\u00edmites\"}]},{\"@type\":\"WebSite\",\"@id\":\"http:\/\/rednacionaldearte.com\/noticias\/#website\",\"url\":\"http:\/\/rednacionaldearte.com\/noticias\/\",\"name\":\"Red Nacional de Arte\",\"description\":\"Cultura y Arte contempor\u00e1neo en M\u00e9xico\",\"publisher\":{\"@id\":\"http:\/\/rednacionaldearte.com\/noticias\/#organization\"},\"potentialAction\":[{\"@type\":\"SearchAction\",\"target\":{\"@type\":\"EntryPoint\",\"urlTemplate\":\"http:\/\/rednacionaldearte.com\/noticias\/?s={search_term_string}\"},\"query-input\":{\"@type\":\"PropertyValueSpecification\",\"valueRequired\":true,\"valueName\":\"search_term_string\"}}],\"inLanguage\":\"es\"},{\"@type\":\"Organization\",\"@id\":\"http:\/\/rednacionaldearte.com\/noticias\/#organization\",\"name\":\"Red Nacional de Arte\",\"url\":\"http:\/\/rednacionaldearte.com\/noticias\/\",\"logo\":{\"@type\":\"ImageObject\",\"inLanguage\":\"es\",\"@id\":\"http:\/\/rednacionaldearte.com\/noticias\/#\/schema\/logo\/image\/\",\"url\":\"http:\/\/rednacionaldearte.com\/noticias\/wp-content\/uploads\/2016\/04\/logo.png\",\"contentUrl\":\"http:\/\/rednacionaldearte.com\/noticias\/wp-content\/uploads\/2016\/04\/logo.png\",\"width\":575,\"height\":554,\"caption\":\"Red Nacional de Arte\"},\"image\":{\"@id\":\"http:\/\/rednacionaldearte.com\/noticias\/#\/schema\/logo\/image\/\"},\"sameAs\":[\"http:\/\/www.facebook.com\/rednacionaldearte\/\",\"https:\/\/x.com\/rednacionalarte\"]},{\"@type\":\"Person\",\"@id\":\"http:\/\/rednacionaldearte.com\/noticias\/#\/schema\/person\/489d635082b1de413434d2708a3e5b9b\",\"name\":\"Redacci\u00f3n\",\"image\":{\"@type\":\"ImageObject\",\"inLanguage\":\"es\",\"@id\":\"https:\/\/secure.gravatar.com\/avatar\/1d1c30eaee7c2f6cfa13fb8502cb06839106cdf371b9953d50e4b572d0bfa3c7?s=96&d=mm&r=g\",\"url\":\"https:\/\/secure.gravatar.com\/avatar\/1d1c30eaee7c2f6cfa13fb8502cb06839106cdf371b9953d50e4b572d0bfa3c7?s=96&d=mm&r=g\",\"contentUrl\":\"https:\/\/secure.gravatar.com\/avatar\/1d1c30eaee7c2f6cfa13fb8502cb06839106cdf371b9953d50e4b572d0bfa3c7?s=96&d=mm&r=g\",\"caption\":\"Redacci\u00f3n\"},\"url\":\"https:\/\/rednacionaldearte.com\/noticias\/author\/adan\/\"}]}<\/script>\n<!-- \/ Yoast SEO plugin. -->","yoast_head_json":{"title":"Cine y Performance: Expandiendo los l\u00edmites - Red Nacional de Arte","robots":{"index":"index","follow":"follow","max-snippet":"max-snippet:-1","max-image-preview":"max-image-preview:large","max-video-preview":"max-video-preview:-1"},"canonical":"http:\/\/rednacionaldearte.com\/noticias\/cine-y-performance-expandiendo-los-limites\/","og_locale":"es_ES","og_type":"article","og_title":"Cine y Performance: Expandiendo los l\u00edmites - Red Nacional de Arte","og_description":"En la era del cine digital y la globalizaci\u00f3n, los l\u00edmites entre g\u00e9neros cinematogr\u00e1ficos y otras disciplinas art\u00edsticas se han vuelto cada vez m\u00e1s difusos. A medida que la tecnolog\u00eda avanza, tambi\u00e9n lo hace la forma en que los creadores de arte interact\u00faan y experimentan con el lenguaje audiovisual. A continuaci\u00f3n, te contamos la historia [&hellip;]","og_url":"http:\/\/rednacionaldearte.com\/noticias\/cine-y-performance-expandiendo-los-limites\/","og_site_name":"Red Nacional de Arte","article_publisher":"http:\/\/www.facebook.com\/rednacionaldearte\/","article_published_time":"2023-05-09T00:26:47+00:00","article_modified_time":"2023-05-09T00:26:49+00:00","og_image":[{"width":2560,"height":1714,"url":"https:\/\/rednacionaldearte.com\/noticias\/wp-content\/uploads\/2023\/05\/Christian-Marclay-The-Clock-2010-a3-copiemodif1-scaled-2.jpg","type":"image\/jpeg"}],"author":"Redacci\u00f3n","twitter_card":"summary_large_image","twitter_creator":"@rednacionalarte","twitter_site":"@rednacionalarte","twitter_misc":{"Escrito por":"Redacci\u00f3n","Tiempo de lectura":"2 minutos"},"schema":{"@context":"https:\/\/schema.org","@graph":[{"@type":"Article","@id":"http:\/\/rednacionaldearte.com\/noticias\/cine-y-performance-expandiendo-los-limites\/#article","isPartOf":{"@id":"http:\/\/rednacionaldearte.com\/noticias\/cine-y-performance-expandiendo-los-limites\/"},"author":{"name":"Redacci\u00f3n","@id":"http:\/\/rednacionaldearte.com\/noticias\/#\/schema\/person\/489d635082b1de413434d2708a3e5b9b"},"headline":"Cine y Performance: Expandiendo los l\u00edmites","datePublished":"2023-05-09T00:26:47+00:00","dateModified":"2023-05-09T00:26:49+00:00","mainEntityOfPage":{"@id":"http:\/\/rednacionaldearte.com\/noticias\/cine-y-performance-expandiendo-los-limites\/"},"wordCount":452,"publisher":{"@id":"http:\/\/rednacionaldearte.com\/noticias\/#organization"},"image":{"@id":"http:\/\/rednacionaldearte.com\/noticias\/cine-y-performance-expandiendo-los-limites\/#primaryimage"},"thumbnailUrl":"https:\/\/rednacionaldearte.com\/noticias\/wp-content\/uploads\/2023\/05\/Christian-Marclay-The-Clock-2010-a3-copiemodif1-scaled-2.jpg","keywords":["Cine Performance","Live Cinema"],"articleSection":["Arte Contempor\u00e1neo","Cine","Performance"],"inLanguage":"es"},{"@type":"WebPage","@id":"http:\/\/rednacionaldearte.com\/noticias\/cine-y-performance-expandiendo-los-limites\/","url":"http:\/\/rednacionaldearte.com\/noticias\/cine-y-performance-expandiendo-los-limites\/","name":"Cine y Performance: Expandiendo los l\u00edmites - Red Nacional de Arte","isPartOf":{"@id":"http:\/\/rednacionaldearte.com\/noticias\/#website"},"primaryImageOfPage":{"@id":"http:\/\/rednacionaldearte.com\/noticias\/cine-y-performance-expandiendo-los-limites\/#primaryimage"},"image":{"@id":"http:\/\/rednacionaldearte.com\/noticias\/cine-y-performance-expandiendo-los-limites\/#primaryimage"},"thumbnailUrl":"https:\/\/rednacionaldearte.com\/noticias\/wp-content\/uploads\/2023\/05\/Christian-Marclay-The-Clock-2010-a3-copiemodif1-scaled-2.jpg","datePublished":"2023-05-09T00:26:47+00:00","dateModified":"2023-05-09T00:26:49+00:00","breadcrumb":{"@id":"http:\/\/rednacionaldearte.com\/noticias\/cine-y-performance-expandiendo-los-limites\/#breadcrumb"},"inLanguage":"es","potentialAction":[{"@type":"ReadAction","target":["http:\/\/rednacionaldearte.com\/noticias\/cine-y-performance-expandiendo-los-limites\/"]}]},{"@type":"ImageObject","inLanguage":"es","@id":"http:\/\/rednacionaldearte.com\/noticias\/cine-y-performance-expandiendo-los-limites\/#primaryimage","url":"https:\/\/rednacionaldearte.com\/noticias\/wp-content\/uploads\/2023\/05\/Christian-Marclay-The-Clock-2010-a3-copiemodif1-scaled-2.jpg","contentUrl":"https:\/\/rednacionaldearte.com\/noticias\/wp-content\/uploads\/2023\/05\/Christian-Marclay-The-Clock-2010-a3-copiemodif1-scaled-2.jpg","width":2560,"height":1714},{"@type":"BreadcrumbList","@id":"http:\/\/rednacionaldearte.com\/noticias\/cine-y-performance-expandiendo-los-limites\/#breadcrumb","itemListElement":[{"@type":"ListItem","position":1,"name":"Home","item":"http:\/\/rednacionaldearte.com\/noticias\/"},{"@type":"ListItem","position":2,"name":"Cine y Performance: Expandiendo los l\u00edmites"}]},{"@type":"WebSite","@id":"http:\/\/rednacionaldearte.com\/noticias\/#website","url":"http:\/\/rednacionaldearte.com\/noticias\/","name":"Red Nacional de Arte","description":"Cultura y Arte contempor\u00e1neo en M\u00e9xico","publisher":{"@id":"http:\/\/rednacionaldearte.com\/noticias\/#organization"},"potentialAction":[{"@type":"SearchAction","target":{"@type":"EntryPoint","urlTemplate":"http:\/\/rednacionaldearte.com\/noticias\/?s={search_term_string}"},"query-input":{"@type":"PropertyValueSpecification","valueRequired":true,"valueName":"search_term_string"}}],"inLanguage":"es"},{"@type":"Organization","@id":"http:\/\/rednacionaldearte.com\/noticias\/#organization","name":"Red Nacional de Arte","url":"http:\/\/rednacionaldearte.com\/noticias\/","logo":{"@type":"ImageObject","inLanguage":"es","@id":"http:\/\/rednacionaldearte.com\/noticias\/#\/schema\/logo\/image\/","url":"http:\/\/rednacionaldearte.com\/noticias\/wp-content\/uploads\/2016\/04\/logo.png","contentUrl":"http:\/\/rednacionaldearte.com\/noticias\/wp-content\/uploads\/2016\/04\/logo.png","width":575,"height":554,"caption":"Red Nacional de Arte"},"image":{"@id":"http:\/\/rednacionaldearte.com\/noticias\/#\/schema\/logo\/image\/"},"sameAs":["http:\/\/www.facebook.com\/rednacionaldearte\/","https:\/\/x.com\/rednacionalarte"]},{"@type":"Person","@id":"http:\/\/rednacionaldearte.com\/noticias\/#\/schema\/person\/489d635082b1de413434d2708a3e5b9b","name":"Redacci\u00f3n","image":{"@type":"ImageObject","inLanguage":"es","@id":"https:\/\/secure.gravatar.com\/avatar\/1d1c30eaee7c2f6cfa13fb8502cb06839106cdf371b9953d50e4b572d0bfa3c7?s=96&d=mm&r=g","url":"https:\/\/secure.gravatar.com\/avatar\/1d1c30eaee7c2f6cfa13fb8502cb06839106cdf371b9953d50e4b572d0bfa3c7?s=96&d=mm&r=g","contentUrl":"https:\/\/secure.gravatar.com\/avatar\/1d1c30eaee7c2f6cfa13fb8502cb06839106cdf371b9953d50e4b572d0bfa3c7?s=96&d=mm&r=g","caption":"Redacci\u00f3n"},"url":"https:\/\/rednacionaldearte.com\/noticias\/author\/adan\/"}]}},"amp_validity":null,"amp_enabled":true,"_links":{"self":[{"href":"https:\/\/rednacionaldearte.com\/noticias\/wp-json\/wp\/v2\/posts\/4568","targetHints":{"allow":["GET"]}}],"collection":[{"href":"https:\/\/rednacionaldearte.com\/noticias\/wp-json\/wp\/v2\/posts"}],"about":[{"href":"https:\/\/rednacionaldearte.com\/noticias\/wp-json\/wp\/v2\/types\/post"}],"author":[{"embeddable":true,"href":"https:\/\/rednacionaldearte.com\/noticias\/wp-json\/wp\/v2\/users\/1"}],"replies":[{"embeddable":true,"href":"https:\/\/rednacionaldearte.com\/noticias\/wp-json\/wp\/v2\/comments?post=4568"}],"version-history":[{"count":1,"href":"https:\/\/rednacionaldearte.com\/noticias\/wp-json\/wp\/v2\/posts\/4568\/revisions"}],"predecessor-version":[{"id":4572,"href":"https:\/\/rednacionaldearte.com\/noticias\/wp-json\/wp\/v2\/posts\/4568\/revisions\/4572"}],"wp:featuredmedia":[{"embeddable":true,"href":"https:\/\/rednacionaldearte.com\/noticias\/wp-json\/wp\/v2\/media\/4571"}],"wp:attachment":[{"href":"https:\/\/rednacionaldearte.com\/noticias\/wp-json\/wp\/v2\/media?parent=4568"}],"wp:term":[{"taxonomy":"category","embeddable":true,"href":"https:\/\/rednacionaldearte.com\/noticias\/wp-json\/wp\/v2\/categories?post=4568"},{"taxonomy":"post_tag","embeddable":true,"href":"https:\/\/rednacionaldearte.com\/noticias\/wp-json\/wp\/v2\/tags?post=4568"}],"curies":[{"name":"wp","href":"https:\/\/api.w.org\/{rel}","templated":true}]}}