{"id":4589,"date":"2025-07-13T23:31:43","date_gmt":"2025-07-13T23:31:43","guid":{"rendered":"https:\/\/rednacionaldearte.com\/noticias\/?p=4589"},"modified":"2025-07-17T19:59:38","modified_gmt":"2025-07-17T19:59:38","slug":"resultados-seleccion-oficial-9-fivideodanza","status":"publish","type":"post","link":"https:\/\/rednacionaldearte.com\/noticias\/resultados-seleccion-oficial-9-fivideodanza\/","title":{"rendered":"Resultados Selecci\u00f3n Oficial 9 FIVideodanza"},"content":{"rendered":"\n<h2 class=\"wp-block-heading\">9\u00b0 Festival Internacional de Videodanza de la Ciudad de M\u00e9xico &#8211; 14 al 17 de Agosto, 2025<\/h2>\n\n\n\n<figure class=\"wp-block-image size-large\"><a href=\"https:\/\/rednacionaldearte.com\/noticias\/wp-content\/uploads\/2025\/07\/IX-FIVideodanza.png\"><img loading=\"lazy\" decoding=\"async\" width=\"819\" height=\"1024\" src=\"https:\/\/rednacionaldearte.com\/noticias\/wp-content\/uploads\/2025\/07\/IX-FIVideodanza-819x1024.png\" alt=\"\" class=\"wp-image-4590\" srcset=\"https:\/\/rednacionaldearte.com\/noticias\/wp-content\/uploads\/2025\/07\/IX-FIVideodanza-819x1024.png 819w, https:\/\/rednacionaldearte.com\/noticias\/wp-content\/uploads\/2025\/07\/IX-FIVideodanza-240x300.png 240w, https:\/\/rednacionaldearte.com\/noticias\/wp-content\/uploads\/2025\/07\/IX-FIVideodanza-768x960.png 768w, https:\/\/rednacionaldearte.com\/noticias\/wp-content\/uploads\/2025\/07\/IX-FIVideodanza.png 1080w\" sizes=\"auto, (max-width: 819px) 100vw, 819px\" \/><\/a><\/figure>\n\n\n\n<p><br>A mother&#8217;s odyssey &#8211; Dir. Anna Fransen &#8211; Pa\u00edses Bajos&nbsp;<\/p>\n\n\n\n<p>Aeterna &#8211; Dir. Hannah Goodman &#8211; Reino Unido&nbsp;<\/p>\n\n\n\n<p>All of Us &#8211; Dir. Charlotte Griffin &#8211; EUA&nbsp;<\/p>\n\n\n\n<p>Convivencia &#8211; Dirs. John Jota Lea\u00f1os, Vanessa Sanchez &#8211; EUA&nbsp;<\/p>\n\n\n\n<p>DuEls &#8211; Dirs. Jonas \u00c5kerlund, Damien Jalet, Erna Omarsdottir&nbsp; &#8211; Noruega&nbsp;<\/p>\n\n\n\n<p>dust &#8211; Dirs. Noelle Kayser &#8211; EUA&nbsp;<\/p>\n\n\n\n<p>EL CORAZ\u00d3N NO ES UNA BOMBA &#8211; Dir. Felipe Matias D\u00edaz Galarce &#8211; Chile&nbsp;<\/p>\n\n\n\n<p>El Fuego Hecho de Huesos &#8211; Dir. Daro Ceballos, Argentina&nbsp;<\/p>\n\n\n\n<p>Hong Kong Ballet: Tutu Academy &#8211; Dir. Dean Alexander &#8211; EUA<\/p>\n\n\n\n<p>In Presence &#8211; Dir. Navio Mehdinejad&nbsp;<\/p>\n\n\n\n<p>IN VIADI &#8211; Dir. Alun Meyerhans, Ellen Wolf &#8211; Suiza<\/p>\n\n\n\n<p>Inside the Cauldron &#8211; Dirs. India Ayles, Sophie Mei Birkin &#8211; Reino Unido<\/p>\n\n\n\n<p>Khimairas of the Kinesphere &#8211; Dir. Eric Souther, Kelsey Paschich &#8211; EUA&nbsp;<\/p>\n\n\n\n<p>La Incapacidad de decir no &#8211; Dirs. Bego\u00f1a Malo, Dennise Figueroa &#8211; M\u00e9xico<\/p>\n\n\n\n<p>Les Saisons de la danse &#8211; Dir. Tommy Pascal, Peeping Tom, Imre &amp; Marne van Opstal, Bobbi Jene Smith &amp; Or Schraiber, Emilie Leriche &#8211; B\u00e9lgica, Francia, Alemania&nbsp;<\/p>\n\n\n\n<p>Mar\u00e9e Noire &#8211; Dir. Chantal Caron &#8211; Canad\u00e1&nbsp;<\/p>\n\n\n\n<p>Noora &#8211; Dir. Anna Kekkonen &#8211; Finlandia&nbsp;<\/p>\n\n\n\n<p>\u0639\u064a\u0628 (Shame) &#8211; Dir. Hadi Moussally &#8211; L\u00edbano<\/p>\n\n\n\n<p>The Apple of Discord &#8211; Dir. Elizaveta Melnikova &#8211; Rusia<\/p>\n\n\n\n<p>THE BUTTERFLY &#8211; Dirs. Satya Prakash Gautam, Gili Twena &#8211; India&nbsp;<\/p>\n\n\n\n<p>UN, DOS\u2026 &#8211; Dir. Ver\u00f2nica Font &#8211; Espa\u00f1a<\/p>\n\n\n\n<p>WEST &#8211; 155 Breakdance collectief &#8211; Pa\u00edses Bajos&nbsp;<\/p>\n\n\n\n<p>Woman of Water &#8211; Dir. Editta Braun &#8211; Austria&nbsp;<\/p>\n\n\n\n<p>\uc545\uc2182 (The handshake Two) &#8211; Dir. Jeong-hun Lee &#8211; Rep\u00fablica de Corea<\/p>\n\n\n\n<p>\u84b2\u516c\u82f1 (The Wanderer) &#8211; Dir. Sze-Wei Chan &#8211; Singapur<\/p>\n\n\n\n<p>&#8212;<br><br>\u00a1Muchas felicidades por ser parte de esta celebraci\u00f3n del cuerpo en movimiento! <br><br>Nos vemos en agosto con funciones en distintas alcald\u00edas de la Ciudad de M\u00e9xico. <br><br>Les invitamos a seguir nuestras redes para estar al tanto de la novena edici\u00f3n:<br><br>@<a href=\"https:\/\/www.instagram.com\/rednacionaldearte\/\">rednacionaldearte<\/a><\/p>\n\n\n\n<p><\/p>\n","protected":false},"excerpt":{"rendered":"<p>9\u00b0 Festival Internacional de Videodanza de la Ciudad de M\u00e9xico &#8211; 14 al 17 de Agosto, 2025 A mother&#8217;s odyssey &#8211; Dir. Anna Fransen &#8211; Pa\u00edses Bajos&nbsp; Aeterna &#8211; Dir. Hannah Goodman &#8211; Reino Unido&nbsp; All of Us &#8211; Dir. Charlotte Griffin &#8211; EUA&nbsp; Convivencia &#8211; Dirs. John Jota Lea\u00f1os, Vanessa Sanchez &#8211; EUA&nbsp; DuEls [&hellip;]<\/p>\n","protected":false},"author":1,"featured_media":0,"comment_status":"closed","ping_status":"open","sticky":false,"template":"","format":"standard","meta":{"footnotes":""},"categories":[103,59,60,58],"tags":[76],"class_list":["post-4589","post","type-post","status-publish","format-standard","hentry","category-artes-escenicas","category-artes-visuales","category-cine","category-danza","tag-festival-internacional-de-videodanza-de-la-ciudad-de-mexico"],"yoast_head":"<!-- This site is optimized with the Yoast SEO plugin v27.2 - https:\/\/yoast.com\/product\/yoast-seo-wordpress\/ -->\n<title>Resultados Selecci\u00f3n Oficial 9 FIVideodanza - Red Nacional de Arte<\/title>\n<meta name=\"robots\" content=\"index, follow, max-snippet:-1, max-image-preview:large, max-video-preview:-1\" \/>\n<link rel=\"canonical\" href=\"https:\/\/rednacionaldearte.com\/noticias\/resultados-seleccion-oficial-9-fivideodanza\/\" \/>\n<meta property=\"og:locale\" content=\"es_ES\" \/>\n<meta property=\"og:type\" content=\"article\" \/>\n<meta property=\"og:title\" content=\"Resultados Selecci\u00f3n Oficial 9 FIVideodanza - Red Nacional de Arte\" \/>\n<meta property=\"og:description\" content=\"9\u00b0 Festival Internacional de Videodanza de la Ciudad de M\u00e9xico &#8211; 14 al 17 de Agosto, 2025 A mother&#8217;s odyssey &#8211; Dir. Anna Fransen &#8211; Pa\u00edses Bajos&nbsp; Aeterna &#8211; Dir. Hannah Goodman &#8211; Reino Unido&nbsp; All of Us &#8211; Dir. Charlotte Griffin &#8211; EUA&nbsp; Convivencia &#8211; Dirs. John Jota Lea\u00f1os, Vanessa Sanchez &#8211; EUA&nbsp; DuEls [&hellip;]\" \/>\n<meta property=\"og:url\" content=\"https:\/\/rednacionaldearte.com\/noticias\/resultados-seleccion-oficial-9-fivideodanza\/\" \/>\n<meta property=\"og:site_name\" content=\"Red Nacional de Arte\" \/>\n<meta property=\"article:publisher\" content=\"http:\/\/www.facebook.com\/rednacionaldearte\/\" \/>\n<meta property=\"article:published_time\" content=\"2025-07-13T23:31:43+00:00\" \/>\n<meta property=\"article:modified_time\" content=\"2025-07-17T19:59:38+00:00\" \/>\n<meta property=\"og:image\" content=\"https:\/\/rednacionaldearte.com\/noticias\/wp-content\/uploads\/2025\/07\/IX-FIVideodanza.png\" \/>\n\t<meta property=\"og:image:width\" content=\"1080\" \/>\n\t<meta property=\"og:image:height\" content=\"1350\" \/>\n\t<meta property=\"og:image:type\" content=\"image\/png\" \/>\n<meta name=\"author\" content=\"Redacci\u00f3n\" \/>\n<meta name=\"twitter:card\" content=\"summary_large_image\" \/>\n<meta name=\"twitter:creator\" content=\"@rednacionalarte\" \/>\n<meta name=\"twitter:site\" content=\"@rednacionalarte\" \/>\n<meta name=\"twitter:label1\" content=\"Escrito por\" \/>\n\t<meta name=\"twitter:data1\" content=\"Redacci\u00f3n\" \/>\n\t<meta name=\"twitter:label2\" content=\"Tiempo de lectura\" \/>\n\t<meta name=\"twitter:data2\" content=\"2 minutos\" \/>\n<script type=\"application\/ld+json\" class=\"yoast-schema-graph\">{\"@context\":\"https:\/\/schema.org\",\"@graph\":[{\"@type\":\"Article\",\"@id\":\"https:\/\/rednacionaldearte.com\/noticias\/resultados-seleccion-oficial-9-fivideodanza\/#article\",\"isPartOf\":{\"@id\":\"https:\/\/rednacionaldearte.com\/noticias\/resultados-seleccion-oficial-9-fivideodanza\/\"},\"author\":{\"name\":\"Redacci\u00f3n\",\"@id\":\"http:\/\/rednacionaldearte.com\/noticias\/#\/schema\/person\/489d635082b1de413434d2708a3e5b9b\"},\"headline\":\"Resultados Selecci\u00f3n Oficial 9 FIVideodanza\",\"datePublished\":\"2025-07-13T23:31:43+00:00\",\"dateModified\":\"2025-07-17T19:59:38+00:00\",\"mainEntityOfPage\":{\"@id\":\"https:\/\/rednacionaldearte.com\/noticias\/resultados-seleccion-oficial-9-fivideodanza\/\"},\"wordCount\":354,\"publisher\":{\"@id\":\"http:\/\/rednacionaldearte.com\/noticias\/#organization\"},\"image\":{\"@id\":\"https:\/\/rednacionaldearte.com\/noticias\/resultados-seleccion-oficial-9-fivideodanza\/#primaryimage\"},\"thumbnailUrl\":\"https:\/\/rednacionaldearte.com\/noticias\/wp-content\/uploads\/2025\/07\/IX-FIVideodanza-819x1024.png\",\"keywords\":[\"Festival Internacional de Videodanza de la Ciudad de M\u00e9xico\"],\"articleSection\":[\"Artes Esc\u00e9nicas\",\"Artes Visuales\",\"Cine\",\"Danza\"],\"inLanguage\":\"es\"},{\"@type\":\"WebPage\",\"@id\":\"https:\/\/rednacionaldearte.com\/noticias\/resultados-seleccion-oficial-9-fivideodanza\/\",\"url\":\"https:\/\/rednacionaldearte.com\/noticias\/resultados-seleccion-oficial-9-fivideodanza\/\",\"name\":\"Resultados Selecci\u00f3n Oficial 9 FIVideodanza - Red Nacional de Arte\",\"isPartOf\":{\"@id\":\"http:\/\/rednacionaldearte.com\/noticias\/#website\"},\"primaryImageOfPage\":{\"@id\":\"https:\/\/rednacionaldearte.com\/noticias\/resultados-seleccion-oficial-9-fivideodanza\/#primaryimage\"},\"image\":{\"@id\":\"https:\/\/rednacionaldearte.com\/noticias\/resultados-seleccion-oficial-9-fivideodanza\/#primaryimage\"},\"thumbnailUrl\":\"https:\/\/rednacionaldearte.com\/noticias\/wp-content\/uploads\/2025\/07\/IX-FIVideodanza-819x1024.png\",\"datePublished\":\"2025-07-13T23:31:43+00:00\",\"dateModified\":\"2025-07-17T19:59:38+00:00\",\"breadcrumb\":{\"@id\":\"https:\/\/rednacionaldearte.com\/noticias\/resultados-seleccion-oficial-9-fivideodanza\/#breadcrumb\"},\"inLanguage\":\"es\",\"potentialAction\":[{\"@type\":\"ReadAction\",\"target\":[\"https:\/\/rednacionaldearte.com\/noticias\/resultados-seleccion-oficial-9-fivideodanza\/\"]}]},{\"@type\":\"ImageObject\",\"inLanguage\":\"es\",\"@id\":\"https:\/\/rednacionaldearte.com\/noticias\/resultados-seleccion-oficial-9-fivideodanza\/#primaryimage\",\"url\":\"https:\/\/rednacionaldearte.com\/noticias\/wp-content\/uploads\/2025\/07\/IX-FIVideodanza.png\",\"contentUrl\":\"https:\/\/rednacionaldearte.com\/noticias\/wp-content\/uploads\/2025\/07\/IX-FIVideodanza.png\",\"width\":1080,\"height\":1350},{\"@type\":\"BreadcrumbList\",\"@id\":\"https:\/\/rednacionaldearte.com\/noticias\/resultados-seleccion-oficial-9-fivideodanza\/#breadcrumb\",\"itemListElement\":[{\"@type\":\"ListItem\",\"position\":1,\"name\":\"Home\",\"item\":\"http:\/\/rednacionaldearte.com\/noticias\/\"},{\"@type\":\"ListItem\",\"position\":2,\"name\":\"Resultados Selecci\u00f3n Oficial 9 FIVideodanza\"}]},{\"@type\":\"WebSite\",\"@id\":\"http:\/\/rednacionaldearte.com\/noticias\/#website\",\"url\":\"http:\/\/rednacionaldearte.com\/noticias\/\",\"name\":\"Red Nacional de Arte\",\"description\":\"Cultura y Arte contempor\u00e1neo en M\u00e9xico\",\"publisher\":{\"@id\":\"http:\/\/rednacionaldearte.com\/noticias\/#organization\"},\"potentialAction\":[{\"@type\":\"SearchAction\",\"target\":{\"@type\":\"EntryPoint\",\"urlTemplate\":\"http:\/\/rednacionaldearte.com\/noticias\/?s={search_term_string}\"},\"query-input\":{\"@type\":\"PropertyValueSpecification\",\"valueRequired\":true,\"valueName\":\"search_term_string\"}}],\"inLanguage\":\"es\"},{\"@type\":\"Organization\",\"@id\":\"http:\/\/rednacionaldearte.com\/noticias\/#organization\",\"name\":\"Red Nacional de Arte\",\"url\":\"http:\/\/rednacionaldearte.com\/noticias\/\",\"logo\":{\"@type\":\"ImageObject\",\"inLanguage\":\"es\",\"@id\":\"http:\/\/rednacionaldearte.com\/noticias\/#\/schema\/logo\/image\/\",\"url\":\"http:\/\/rednacionaldearte.com\/noticias\/wp-content\/uploads\/2016\/04\/logo.png\",\"contentUrl\":\"http:\/\/rednacionaldearte.com\/noticias\/wp-content\/uploads\/2016\/04\/logo.png\",\"width\":575,\"height\":554,\"caption\":\"Red Nacional de Arte\"},\"image\":{\"@id\":\"http:\/\/rednacionaldearte.com\/noticias\/#\/schema\/logo\/image\/\"},\"sameAs\":[\"http:\/\/www.facebook.com\/rednacionaldearte\/\",\"https:\/\/x.com\/rednacionalarte\"]},{\"@type\":\"Person\",\"@id\":\"http:\/\/rednacionaldearte.com\/noticias\/#\/schema\/person\/489d635082b1de413434d2708a3e5b9b\",\"name\":\"Redacci\u00f3n\",\"image\":{\"@type\":\"ImageObject\",\"inLanguage\":\"es\",\"@id\":\"https:\/\/secure.gravatar.com\/avatar\/1d1c30eaee7c2f6cfa13fb8502cb06839106cdf371b9953d50e4b572d0bfa3c7?s=96&d=mm&r=g\",\"url\":\"https:\/\/secure.gravatar.com\/avatar\/1d1c30eaee7c2f6cfa13fb8502cb06839106cdf371b9953d50e4b572d0bfa3c7?s=96&d=mm&r=g\",\"contentUrl\":\"https:\/\/secure.gravatar.com\/avatar\/1d1c30eaee7c2f6cfa13fb8502cb06839106cdf371b9953d50e4b572d0bfa3c7?s=96&d=mm&r=g\",\"caption\":\"Redacci\u00f3n\"},\"url\":\"https:\/\/rednacionaldearte.com\/noticias\/author\/adan\/\"}]}<\/script>\n<!-- \/ Yoast SEO plugin. -->","yoast_head_json":{"title":"Resultados Selecci\u00f3n Oficial 9 FIVideodanza - Red Nacional de Arte","robots":{"index":"index","follow":"follow","max-snippet":"max-snippet:-1","max-image-preview":"max-image-preview:large","max-video-preview":"max-video-preview:-1"},"canonical":"https:\/\/rednacionaldearte.com\/noticias\/resultados-seleccion-oficial-9-fivideodanza\/","og_locale":"es_ES","og_type":"article","og_title":"Resultados Selecci\u00f3n Oficial 9 FIVideodanza - Red Nacional de Arte","og_description":"9\u00b0 Festival Internacional de Videodanza de la Ciudad de M\u00e9xico &#8211; 14 al 17 de Agosto, 2025 A mother&#8217;s odyssey &#8211; Dir. Anna Fransen &#8211; Pa\u00edses Bajos&nbsp; Aeterna &#8211; Dir. Hannah Goodman &#8211; Reino Unido&nbsp; All of Us &#8211; Dir. Charlotte Griffin &#8211; EUA&nbsp; Convivencia &#8211; Dirs. John Jota Lea\u00f1os, Vanessa Sanchez &#8211; EUA&nbsp; DuEls [&hellip;]","og_url":"https:\/\/rednacionaldearte.com\/noticias\/resultados-seleccion-oficial-9-fivideodanza\/","og_site_name":"Red Nacional de Arte","article_publisher":"http:\/\/www.facebook.com\/rednacionaldearte\/","article_published_time":"2025-07-13T23:31:43+00:00","article_modified_time":"2025-07-17T19:59:38+00:00","og_image":[{"width":1080,"height":1350,"url":"https:\/\/rednacionaldearte.com\/noticias\/wp-content\/uploads\/2025\/07\/IX-FIVideodanza.png","type":"image\/png"}],"author":"Redacci\u00f3n","twitter_card":"summary_large_image","twitter_creator":"@rednacionalarte","twitter_site":"@rednacionalarte","twitter_misc":{"Escrito por":"Redacci\u00f3n","Tiempo de lectura":"2 minutos"},"schema":{"@context":"https:\/\/schema.org","@graph":[{"@type":"Article","@id":"https:\/\/rednacionaldearte.com\/noticias\/resultados-seleccion-oficial-9-fivideodanza\/#article","isPartOf":{"@id":"https:\/\/rednacionaldearte.com\/noticias\/resultados-seleccion-oficial-9-fivideodanza\/"},"author":{"name":"Redacci\u00f3n","@id":"http:\/\/rednacionaldearte.com\/noticias\/#\/schema\/person\/489d635082b1de413434d2708a3e5b9b"},"headline":"Resultados Selecci\u00f3n Oficial 9 FIVideodanza","datePublished":"2025-07-13T23:31:43+00:00","dateModified":"2025-07-17T19:59:38+00:00","mainEntityOfPage":{"@id":"https:\/\/rednacionaldearte.com\/noticias\/resultados-seleccion-oficial-9-fivideodanza\/"},"wordCount":354,"publisher":{"@id":"http:\/\/rednacionaldearte.com\/noticias\/#organization"},"image":{"@id":"https:\/\/rednacionaldearte.com\/noticias\/resultados-seleccion-oficial-9-fivideodanza\/#primaryimage"},"thumbnailUrl":"https:\/\/rednacionaldearte.com\/noticias\/wp-content\/uploads\/2025\/07\/IX-FIVideodanza-819x1024.png","keywords":["Festival Internacional de Videodanza de la Ciudad de M\u00e9xico"],"articleSection":["Artes Esc\u00e9nicas","Artes Visuales","Cine","Danza"],"inLanguage":"es"},{"@type":"WebPage","@id":"https:\/\/rednacionaldearte.com\/noticias\/resultados-seleccion-oficial-9-fivideodanza\/","url":"https:\/\/rednacionaldearte.com\/noticias\/resultados-seleccion-oficial-9-fivideodanza\/","name":"Resultados Selecci\u00f3n Oficial 9 FIVideodanza - Red Nacional de Arte","isPartOf":{"@id":"http:\/\/rednacionaldearte.com\/noticias\/#website"},"primaryImageOfPage":{"@id":"https:\/\/rednacionaldearte.com\/noticias\/resultados-seleccion-oficial-9-fivideodanza\/#primaryimage"},"image":{"@id":"https:\/\/rednacionaldearte.com\/noticias\/resultados-seleccion-oficial-9-fivideodanza\/#primaryimage"},"thumbnailUrl":"https:\/\/rednacionaldearte.com\/noticias\/wp-content\/uploads\/2025\/07\/IX-FIVideodanza-819x1024.png","datePublished":"2025-07-13T23:31:43+00:00","dateModified":"2025-07-17T19:59:38+00:00","breadcrumb":{"@id":"https:\/\/rednacionaldearte.com\/noticias\/resultados-seleccion-oficial-9-fivideodanza\/#breadcrumb"},"inLanguage":"es","potentialAction":[{"@type":"ReadAction","target":["https:\/\/rednacionaldearte.com\/noticias\/resultados-seleccion-oficial-9-fivideodanza\/"]}]},{"@type":"ImageObject","inLanguage":"es","@id":"https:\/\/rednacionaldearte.com\/noticias\/resultados-seleccion-oficial-9-fivideodanza\/#primaryimage","url":"https:\/\/rednacionaldearte.com\/noticias\/wp-content\/uploads\/2025\/07\/IX-FIVideodanza.png","contentUrl":"https:\/\/rednacionaldearte.com\/noticias\/wp-content\/uploads\/2025\/07\/IX-FIVideodanza.png","width":1080,"height":1350},{"@type":"BreadcrumbList","@id":"https:\/\/rednacionaldearte.com\/noticias\/resultados-seleccion-oficial-9-fivideodanza\/#breadcrumb","itemListElement":[{"@type":"ListItem","position":1,"name":"Home","item":"http:\/\/rednacionaldearte.com\/noticias\/"},{"@type":"ListItem","position":2,"name":"Resultados Selecci\u00f3n Oficial 9 FIVideodanza"}]},{"@type":"WebSite","@id":"http:\/\/rednacionaldearte.com\/noticias\/#website","url":"http:\/\/rednacionaldearte.com\/noticias\/","name":"Red Nacional de Arte","description":"Cultura y Arte contempor\u00e1neo en M\u00e9xico","publisher":{"@id":"http:\/\/rednacionaldearte.com\/noticias\/#organization"},"potentialAction":[{"@type":"SearchAction","target":{"@type":"EntryPoint","urlTemplate":"http:\/\/rednacionaldearte.com\/noticias\/?s={search_term_string}"},"query-input":{"@type":"PropertyValueSpecification","valueRequired":true,"valueName":"search_term_string"}}],"inLanguage":"es"},{"@type":"Organization","@id":"http:\/\/rednacionaldearte.com\/noticias\/#organization","name":"Red Nacional de Arte","url":"http:\/\/rednacionaldearte.com\/noticias\/","logo":{"@type":"ImageObject","inLanguage":"es","@id":"http:\/\/rednacionaldearte.com\/noticias\/#\/schema\/logo\/image\/","url":"http:\/\/rednacionaldearte.com\/noticias\/wp-content\/uploads\/2016\/04\/logo.png","contentUrl":"http:\/\/rednacionaldearte.com\/noticias\/wp-content\/uploads\/2016\/04\/logo.png","width":575,"height":554,"caption":"Red Nacional de Arte"},"image":{"@id":"http:\/\/rednacionaldearte.com\/noticias\/#\/schema\/logo\/image\/"},"sameAs":["http:\/\/www.facebook.com\/rednacionaldearte\/","https:\/\/x.com\/rednacionalarte"]},{"@type":"Person","@id":"http:\/\/rednacionaldearte.com\/noticias\/#\/schema\/person\/489d635082b1de413434d2708a3e5b9b","name":"Redacci\u00f3n","image":{"@type":"ImageObject","inLanguage":"es","@id":"https:\/\/secure.gravatar.com\/avatar\/1d1c30eaee7c2f6cfa13fb8502cb06839106cdf371b9953d50e4b572d0bfa3c7?s=96&d=mm&r=g","url":"https:\/\/secure.gravatar.com\/avatar\/1d1c30eaee7c2f6cfa13fb8502cb06839106cdf371b9953d50e4b572d0bfa3c7?s=96&d=mm&r=g","contentUrl":"https:\/\/secure.gravatar.com\/avatar\/1d1c30eaee7c2f6cfa13fb8502cb06839106cdf371b9953d50e4b572d0bfa3c7?s=96&d=mm&r=g","caption":"Redacci\u00f3n"},"url":"https:\/\/rednacionaldearte.com\/noticias\/author\/adan\/"}]}},"amp_validity":null,"amp_enabled":true,"_links":{"self":[{"href":"https:\/\/rednacionaldearte.com\/noticias\/wp-json\/wp\/v2\/posts\/4589","targetHints":{"allow":["GET"]}}],"collection":[{"href":"https:\/\/rednacionaldearte.com\/noticias\/wp-json\/wp\/v2\/posts"}],"about":[{"href":"https:\/\/rednacionaldearte.com\/noticias\/wp-json\/wp\/v2\/types\/post"}],"author":[{"embeddable":true,"href":"https:\/\/rednacionaldearte.com\/noticias\/wp-json\/wp\/v2\/users\/1"}],"replies":[{"embeddable":true,"href":"https:\/\/rednacionaldearte.com\/noticias\/wp-json\/wp\/v2\/comments?post=4589"}],"version-history":[{"count":8,"href":"https:\/\/rednacionaldearte.com\/noticias\/wp-json\/wp\/v2\/posts\/4589\/revisions"}],"predecessor-version":[{"id":4598,"href":"https:\/\/rednacionaldearte.com\/noticias\/wp-json\/wp\/v2\/posts\/4589\/revisions\/4598"}],"wp:attachment":[{"href":"https:\/\/rednacionaldearte.com\/noticias\/wp-json\/wp\/v2\/media?parent=4589"}],"wp:term":[{"taxonomy":"category","embeddable":true,"href":"https:\/\/rednacionaldearte.com\/noticias\/wp-json\/wp\/v2\/categories?post=4589"},{"taxonomy":"post_tag","embeddable":true,"href":"https:\/\/rednacionaldearte.com\/noticias\/wp-json\/wp\/v2\/tags?post=4589"}],"curies":[{"name":"wp","href":"https:\/\/api.w.org\/{rel}","templated":true}]}}