{"id":4600,"date":"2025-08-13T23:45:09","date_gmt":"2025-08-13T23:45:09","guid":{"rendered":"https:\/\/rednacionaldearte.com\/noticias\/?p=4600"},"modified":"2025-08-19T05:32:40","modified_gmt":"2025-08-19T05:32:40","slug":"plataforma-online","status":"publish","type":"post","link":"https:\/\/rednacionaldearte.com\/noticias\/plataforma-online\/","title":{"rendered":"Plataforma online &#8211; 9 FIVideodanza"},"content":{"rendered":"\n<p>\ud83c\udfac <strong>Descubre lo mejor de esta 9\u00aa edici\u00f3n<\/strong><\/p>\n\n\n\n<p>Las pel\u00edculas ganadoras de Mejor Videodanza, Mejor Dise\u00f1o Sonoro, Mejor Edici\u00f3n, Mejor Direcci\u00f3n y Mejor Videodanza documental, estar\u00e1n disponibles aqu\u00ed para disfrutar en l\u00ednea durante todo el domingo <strong>17 de agosto de 2025<\/strong>.<\/p>\n\n\n\n<figure class=\"wp-block-embed is-type-video is-provider-vimeo wp-block-embed-vimeo wp-embed-aspect-16-9 wp-has-aspect-ratio\"><div class=\"wp-block-embed__wrapper\">\n<iframe loading=\"lazy\" title=\"IX FIVideodanza 2025\" src=\"https:\/\/player.vimeo.com\/video\/1107217488?dnt=1&amp;app_id=122963\" width=\"648\" height=\"365\" frameborder=\"0\" allow=\"autoplay; fullscreen; picture-in-picture; clipboard-write; encrypted-media; web-share\" referrerpolicy=\"strict-origin-when-cross-origin\"><\/iframe>\n<\/div><\/figure>\n\n\n\n<p><\/p>\n\n\n\n<!--more-->\n\n\n\n<p>\ud83c\udfa5 \ud83d\udc83 <strong>Conoce al jurado<br><\/strong>Te presentamos al jurado que deliber\u00f3 la premiaci\u00f3n:<\/p>\n\n\n\n<figure class=\"wp-block-image size-large\"><a href=\"https:\/\/rednacionaldearte.com\/noticias\/wp-content\/uploads\/2025\/08\/Anahuacalli_photoby_Rocio-Chacon_-1-copy-scaled.jpg\"><img loading=\"lazy\" decoding=\"async\" width=\"683\" height=\"1024\" src=\"https:\/\/rednacionaldearte.com\/noticias\/wp-content\/uploads\/2025\/08\/Anahuacalli_photoby_Rocio-Chacon_-1-copy-683x1024.jpg\" alt=\"\" class=\"wp-image-4601\" srcset=\"https:\/\/rednacionaldearte.com\/noticias\/wp-content\/uploads\/2025\/08\/Anahuacalli_photoby_Rocio-Chacon_-1-copy-683x1024.jpg 683w, https:\/\/rednacionaldearte.com\/noticias\/wp-content\/uploads\/2025\/08\/Anahuacalli_photoby_Rocio-Chacon_-1-copy-200x300.jpg 200w, https:\/\/rednacionaldearte.com\/noticias\/wp-content\/uploads\/2025\/08\/Anahuacalli_photoby_Rocio-Chacon_-1-copy-768x1152.jpg 768w, https:\/\/rednacionaldearte.com\/noticias\/wp-content\/uploads\/2025\/08\/Anahuacalli_photoby_Rocio-Chacon_-1-copy-1024x1536.jpg 1024w, https:\/\/rednacionaldearte.com\/noticias\/wp-content\/uploads\/2025\/08\/Anahuacalli_photoby_Rocio-Chacon_-1-copy-1365x2048.jpg 1365w, https:\/\/rednacionaldearte.com\/noticias\/wp-content\/uploads\/2025\/08\/Anahuacalli_photoby_Rocio-Chacon_-1-copy-scaled.jpg 1707w\" sizes=\"auto, (max-width: 683px) 100vw, 683px\" \/><\/a><\/figure>\n\n\n\n<p><strong>Coral Montejano Cantoral&nbsp;<\/strong><br>Bailarina, core\u00f3grafa e investigadora. Sus intereses coreogr\u00e1ficos deambulan en pensar la relaci\u00f3n entre danza y escritura; as\u00ed como el di\u00e1logo entre lo ef\u00edmero, la permanencia, el archivo y la memoria corporal. Su obra se ha presentado en plataformas de M\u00e9xico e Inglaterra como Centro Cultural de Espa\u00f1a en M\u00e9xico, Espacio Cero, Sal\u00f3n de Danza UNAM, Encuentro Nacional de Danza, Festival Encender un F\u00f3sforo, CASUL UNAM (DAJU), Celebraciones Carnales, Abeerance, entre otros. Ha publicado textos acerca de la obra de Yvonne Rainer, J\u00e9r\u00f4me Bel, La Ribot y Rebecca Horn; as\u00ed como ensayos experimentales, entrevistas y rese\u00f1as de obras de danza en plataformas como Nexos Cultura, 2 (da) Cuadernos de Danza, 2 (DA) EN PAPEL, The Wonderful World of Dance, Danza UNAM, C\u00e1tedra Gloria Contreras, Museo El Eco y Punto de Partida. Es becaria del programa J\u00f3venes Creadores 2024-2025 del SACPC en la especialidad de Coreograf\u00eda.<\/p>\n\n\n\n<figure class=\"wp-block-image size-large\"><a href=\"https:\/\/rednacionaldearte.com\/noticias\/wp-content\/uploads\/2025\/08\/IX-FIVideodanza.png\"><img loading=\"lazy\" decoding=\"async\" width=\"819\" height=\"1024\" src=\"https:\/\/rednacionaldearte.com\/noticias\/wp-content\/uploads\/2025\/08\/IX-FIVideodanza-819x1024.png\" alt=\"\" class=\"wp-image-4610\" srcset=\"https:\/\/rednacionaldearte.com\/noticias\/wp-content\/uploads\/2025\/08\/IX-FIVideodanza-819x1024.png 819w, https:\/\/rednacionaldearte.com\/noticias\/wp-content\/uploads\/2025\/08\/IX-FIVideodanza-240x300.png 240w, https:\/\/rednacionaldearte.com\/noticias\/wp-content\/uploads\/2025\/08\/IX-FIVideodanza-768x960.png 768w, https:\/\/rednacionaldearte.com\/noticias\/wp-content\/uploads\/2025\/08\/IX-FIVideodanza.png 1080w\" sizes=\"auto, (max-width: 819px) 100vw, 819px\" \/><\/a><\/figure>\n\n\n\n<p><br><strong>Isabel Barajas<\/strong><br>Egresada de la Escuela Nacional de Artes Cinematogr\u00e1ficas en direcci\u00f3n, fue ganadora del Hack Mafiz M\u00e1laga 2021 e integrante de la Residencia Internacional de Cine \u201cCastello Errante\u201d (Italia, 2022). Su cortometraje <em>Llamar a la puerta<\/em> gan\u00f3 el \u201cBest Short Fiction Film Award\u201d en Blink Film Festival 2021, y <em>Al sol<\/em> obtuvo el primer lugar en el concurso de guion IMCINE \u201cN\u00e1rralo en primera persona\u201d y fue parte de la incubadora del Bogoshorts Film Market 2024. En octubre de 2025 iniciar\u00e1 la Maestr\u00eda en Distribuci\u00f3n y Negocio en la Industria Audiovisual en la ECAM. Ha producido cortometrajes como <em>El grillo<\/em> y <em>Charrascas<\/em> (nominados al Ariel 2023 y 2024) e <em>Intentos fallidos para abrazarse<\/em> (FICM 2024). En direcci\u00f3n de casting ha participado en m\u00e1s de siete largometrajes, incluidos <em>Violentas mariposas<\/em> (FICM 2024), <em>La inquietud del bosque<\/em> y <em>G\u00e9nesis<\/em>. Becaria J\u00f3venes Creadores (SACPC) en gui\u00f3n.<\/p>\n\n\n\n<figure class=\"wp-block-image size-large\"><a href=\"https:\/\/rednacionaldearte.com\/noticias\/wp-content\/uploads\/2025\/08\/PP_Director-scaled.jpg\"><img loading=\"lazy\" decoding=\"async\" width=\"683\" height=\"1024\" src=\"https:\/\/rednacionaldearte.com\/noticias\/wp-content\/uploads\/2025\/08\/PP_Director-683x1024.jpg\" alt=\"\" class=\"wp-image-4607\" srcset=\"https:\/\/rednacionaldearte.com\/noticias\/wp-content\/uploads\/2025\/08\/PP_Director-683x1024.jpg 683w, https:\/\/rednacionaldearte.com\/noticias\/wp-content\/uploads\/2025\/08\/PP_Director-200x300.jpg 200w, https:\/\/rednacionaldearte.com\/noticias\/wp-content\/uploads\/2025\/08\/PP_Director-768x1152.jpg 768w, https:\/\/rednacionaldearte.com\/noticias\/wp-content\/uploads\/2025\/08\/PP_Director-1024x1536.jpg 1024w, https:\/\/rednacionaldearte.com\/noticias\/wp-content\/uploads\/2025\/08\/PP_Director-1365x2048.jpg 1365w, https:\/\/rednacionaldearte.com\/noticias\/wp-content\/uploads\/2025\/08\/PP_Director-scaled.jpg 1707w\" sizes=\"auto, (max-width: 683px) 100vw, 683px\" \/><\/a><\/figure>\n\n\n\n<p><strong>Sergio D\u00edaz Ochoa<\/strong><br>Director y guionista originario de Morelia, Michoac\u00e1n (1994). En 2017 fue seleccionado para un taller de cine del A\u00f1o Dual M\u00e9xico-Alemania, impartido por Angela Schanelec y Helena Wittmann en la Academia de Bellas Artes de Hamburgo (HFBK). Sus cortometrajes se han proyectado en festivales como el FICM, Shorts M\u00e9xico, RiverRun Film Festival, Bali International Short Film Festival (MFW) y en muestras en Alemania, Austria e Italia. Dirigi\u00f3 las primeras adaptaciones al espa\u00f1ol de obras radiof\u00f3nicas de Rainer Werner Fassbinder para <em>Radio Fassbinder<\/em>, en colaboraci\u00f3n con Radio Educaci\u00f3n y el Goethe-Institut Mexiko. Ha sido director de casting para productoras como Amondo Cine (<em>La inquietud del bosque<\/em>), C\u00e1rcava Cine (<em>Margarethe no quieren que la vean bailar<\/em>), Mandarina Cine (<em>Violentas mariposas<\/em>) y Fidelio Films (<em>El conserje<\/em>), entre otras. Beneficiario de la beca J\u00f3venes Creadores, desarrolla su primer largometraje.<\/p>\n\n\n\n<figure class=\"wp-block-image size-large\"><a href=\"https:\/\/rednacionaldearte.com\/noticias\/wp-content\/uploads\/2025\/08\/SC_Sistema_creacion_color-1-scaled.png\"><img loading=\"lazy\" decoding=\"async\" width=\"1024\" height=\"168\" src=\"https:\/\/rednacionaldearte.com\/noticias\/wp-content\/uploads\/2025\/08\/SC_Sistema_creacion_color-1-1024x168.png\" alt=\"\" class=\"wp-image-4603\" srcset=\"https:\/\/rednacionaldearte.com\/noticias\/wp-content\/uploads\/2025\/08\/SC_Sistema_creacion_color-1-1024x168.png 1024w, https:\/\/rednacionaldearte.com\/noticias\/wp-content\/uploads\/2025\/08\/SC_Sistema_creacion_color-1-300x49.png 300w, https:\/\/rednacionaldearte.com\/noticias\/wp-content\/uploads\/2025\/08\/SC_Sistema_creacion_color-1-768x126.png 768w, https:\/\/rednacionaldearte.com\/noticias\/wp-content\/uploads\/2025\/08\/SC_Sistema_creacion_color-1-1536x252.png 1536w, https:\/\/rednacionaldearte.com\/noticias\/wp-content\/uploads\/2025\/08\/SC_Sistema_creacion_color-1-2048x336.png 2048w\" sizes=\"auto, (max-width: 1024px) 100vw, 1024px\" \/><\/a><\/figure>\n\n\n\n<p>Agradecemos a los beneficiarios del Sistema de Apoyos a la Creaci\u00f3n y Proyectos Culturales, quienes realizan estas actividades en cumplimiento a sus compromisos con el <strong>Programa de Interacci\u00f3n Cultural y Social (PICS)<\/strong>.<\/p>\n","protected":false},"excerpt":{"rendered":"<p>\ud83c\udfac Descubre lo mejor de esta 9\u00aa edici\u00f3n Las pel\u00edculas ganadoras de Mejor Videodanza, Mejor Dise\u00f1o Sonoro, Mejor Edici\u00f3n, Mejor Direcci\u00f3n y Mejor Videodanza documental, estar\u00e1n disponibles aqu\u00ed para disfrutar en l\u00ednea durante todo el domingo 17 de agosto de 2025.<\/p>\n","protected":false},"author":1,"featured_media":0,"comment_status":"closed","ping_status":"open","sticky":false,"template":"","format":"standard","meta":{"footnotes":""},"categories":[59,58,93,1],"tags":[],"class_list":["post-4600","post","type-post","status-publish","format-standard","hentry","category-artes-visuales","category-danza","category-festivales","category-uncategorized"],"yoast_head":"<!-- This site is optimized with the Yoast SEO plugin v27.2 - https:\/\/yoast.com\/product\/yoast-seo-wordpress\/ -->\n<title>Plataforma online - 9 FIVideodanza - Red Nacional de Arte<\/title>\n<meta name=\"robots\" content=\"index, follow, max-snippet:-1, max-image-preview:large, max-video-preview:-1\" \/>\n<link rel=\"canonical\" href=\"https:\/\/rednacionaldearte.com\/noticias\/plataforma-online\/\" \/>\n<meta property=\"og:locale\" content=\"es_ES\" \/>\n<meta property=\"og:type\" content=\"article\" \/>\n<meta property=\"og:title\" content=\"Plataforma online - 9 FIVideodanza - Red Nacional de Arte\" \/>\n<meta property=\"og:description\" content=\"\ud83c\udfac Descubre lo mejor de esta 9\u00aa edici\u00f3n Las pel\u00edculas ganadoras de Mejor Videodanza, Mejor Dise\u00f1o Sonoro, Mejor Edici\u00f3n, Mejor Direcci\u00f3n y Mejor Videodanza documental, estar\u00e1n disponibles aqu\u00ed para disfrutar en l\u00ednea durante todo el domingo 17 de agosto de 2025.\" \/>\n<meta property=\"og:url\" content=\"https:\/\/rednacionaldearte.com\/noticias\/plataforma-online\/\" \/>\n<meta property=\"og:site_name\" content=\"Red Nacional de Arte\" \/>\n<meta property=\"article:publisher\" content=\"http:\/\/www.facebook.com\/rednacionaldearte\/\" \/>\n<meta property=\"article:published_time\" content=\"2025-08-13T23:45:09+00:00\" \/>\n<meta property=\"article:modified_time\" content=\"2025-08-19T05:32:40+00:00\" \/>\n<meta property=\"og:image\" content=\"https:\/\/rednacionaldearte.com\/noticias\/wp-content\/uploads\/2025\/08\/Anahuacalli_photoby_Rocio-Chacon_-1-copy-scaled.jpg\" \/>\n\t<meta property=\"og:image:width\" content=\"1707\" \/>\n\t<meta property=\"og:image:height\" content=\"2560\" \/>\n\t<meta property=\"og:image:type\" content=\"image\/jpeg\" \/>\n<meta name=\"author\" content=\"Redacci\u00f3n\" \/>\n<meta name=\"twitter:card\" content=\"summary_large_image\" \/>\n<meta name=\"twitter:creator\" content=\"@rednacionalarte\" \/>\n<meta name=\"twitter:site\" content=\"@rednacionalarte\" \/>\n<meta name=\"twitter:label1\" content=\"Escrito por\" \/>\n\t<meta name=\"twitter:data1\" content=\"Redacci\u00f3n\" \/>\n\t<meta name=\"twitter:label2\" content=\"Tiempo de lectura\" \/>\n\t<meta name=\"twitter:data2\" content=\"3 minutos\" \/>\n<script type=\"application\/ld+json\" class=\"yoast-schema-graph\">{\"@context\":\"https:\/\/schema.org\",\"@graph\":[{\"@type\":\"Article\",\"@id\":\"https:\/\/rednacionaldearte.com\/noticias\/plataforma-online\/#article\",\"isPartOf\":{\"@id\":\"https:\/\/rednacionaldearte.com\/noticias\/plataforma-online\/\"},\"author\":{\"name\":\"Redacci\u00f3n\",\"@id\":\"http:\/\/rednacionaldearte.com\/noticias\/#\/schema\/person\/489d635082b1de413434d2708a3e5b9b\"},\"headline\":\"Plataforma online &#8211; 9 FIVideodanza\",\"datePublished\":\"2025-08-13T23:45:09+00:00\",\"dateModified\":\"2025-08-19T05:32:40+00:00\",\"mainEntityOfPage\":{\"@id\":\"https:\/\/rednacionaldearte.com\/noticias\/plataforma-online\/\"},\"wordCount\":552,\"publisher\":{\"@id\":\"http:\/\/rednacionaldearte.com\/noticias\/#organization\"},\"image\":{\"@id\":\"https:\/\/rednacionaldearte.com\/noticias\/plataforma-online\/#primaryimage\"},\"thumbnailUrl\":\"https:\/\/rednacionaldearte.com\/noticias\/wp-content\/uploads\/2025\/08\/Anahuacalli_photoby_Rocio-Chacon_-1-copy-683x1024.jpg\",\"articleSection\":[\"Artes Visuales\",\"Danza\",\"Festivales\",\"Uncategorized\"],\"inLanguage\":\"es\"},{\"@type\":\"WebPage\",\"@id\":\"https:\/\/rednacionaldearte.com\/noticias\/plataforma-online\/\",\"url\":\"https:\/\/rednacionaldearte.com\/noticias\/plataforma-online\/\",\"name\":\"Plataforma online - 9 FIVideodanza - Red Nacional de Arte\",\"isPartOf\":{\"@id\":\"http:\/\/rednacionaldearte.com\/noticias\/#website\"},\"primaryImageOfPage\":{\"@id\":\"https:\/\/rednacionaldearte.com\/noticias\/plataforma-online\/#primaryimage\"},\"image\":{\"@id\":\"https:\/\/rednacionaldearte.com\/noticias\/plataforma-online\/#primaryimage\"},\"thumbnailUrl\":\"https:\/\/rednacionaldearte.com\/noticias\/wp-content\/uploads\/2025\/08\/Anahuacalli_photoby_Rocio-Chacon_-1-copy-683x1024.jpg\",\"datePublished\":\"2025-08-13T23:45:09+00:00\",\"dateModified\":\"2025-08-19T05:32:40+00:00\",\"breadcrumb\":{\"@id\":\"https:\/\/rednacionaldearte.com\/noticias\/plataforma-online\/#breadcrumb\"},\"inLanguage\":\"es\",\"potentialAction\":[{\"@type\":\"ReadAction\",\"target\":[\"https:\/\/rednacionaldearte.com\/noticias\/plataforma-online\/\"]}]},{\"@type\":\"ImageObject\",\"inLanguage\":\"es\",\"@id\":\"https:\/\/rednacionaldearte.com\/noticias\/plataforma-online\/#primaryimage\",\"url\":\"https:\/\/rednacionaldearte.com\/noticias\/wp-content\/uploads\/2025\/08\/Anahuacalli_photoby_Rocio-Chacon_-1-copy-683x1024.jpg\",\"contentUrl\":\"https:\/\/rednacionaldearte.com\/noticias\/wp-content\/uploads\/2025\/08\/Anahuacalli_photoby_Rocio-Chacon_-1-copy-683x1024.jpg\"},{\"@type\":\"BreadcrumbList\",\"@id\":\"https:\/\/rednacionaldearte.com\/noticias\/plataforma-online\/#breadcrumb\",\"itemListElement\":[{\"@type\":\"ListItem\",\"position\":1,\"name\":\"Home\",\"item\":\"http:\/\/rednacionaldearte.com\/noticias\/\"},{\"@type\":\"ListItem\",\"position\":2,\"name\":\"Plataforma online &#8211; 9 FIVideodanza\"}]},{\"@type\":\"WebSite\",\"@id\":\"http:\/\/rednacionaldearte.com\/noticias\/#website\",\"url\":\"http:\/\/rednacionaldearte.com\/noticias\/\",\"name\":\"Red Nacional de Arte\",\"description\":\"Cultura y Arte contempor\u00e1neo en M\u00e9xico\",\"publisher\":{\"@id\":\"http:\/\/rednacionaldearte.com\/noticias\/#organization\"},\"potentialAction\":[{\"@type\":\"SearchAction\",\"target\":{\"@type\":\"EntryPoint\",\"urlTemplate\":\"http:\/\/rednacionaldearte.com\/noticias\/?s={search_term_string}\"},\"query-input\":{\"@type\":\"PropertyValueSpecification\",\"valueRequired\":true,\"valueName\":\"search_term_string\"}}],\"inLanguage\":\"es\"},{\"@type\":\"Organization\",\"@id\":\"http:\/\/rednacionaldearte.com\/noticias\/#organization\",\"name\":\"Red Nacional de Arte\",\"url\":\"http:\/\/rednacionaldearte.com\/noticias\/\",\"logo\":{\"@type\":\"ImageObject\",\"inLanguage\":\"es\",\"@id\":\"http:\/\/rednacionaldearte.com\/noticias\/#\/schema\/logo\/image\/\",\"url\":\"http:\/\/rednacionaldearte.com\/noticias\/wp-content\/uploads\/2016\/04\/logo.png\",\"contentUrl\":\"http:\/\/rednacionaldearte.com\/noticias\/wp-content\/uploads\/2016\/04\/logo.png\",\"width\":575,\"height\":554,\"caption\":\"Red Nacional de Arte\"},\"image\":{\"@id\":\"http:\/\/rednacionaldearte.com\/noticias\/#\/schema\/logo\/image\/\"},\"sameAs\":[\"http:\/\/www.facebook.com\/rednacionaldearte\/\",\"https:\/\/x.com\/rednacionalarte\"]},{\"@type\":\"Person\",\"@id\":\"http:\/\/rednacionaldearte.com\/noticias\/#\/schema\/person\/489d635082b1de413434d2708a3e5b9b\",\"name\":\"Redacci\u00f3n\",\"image\":{\"@type\":\"ImageObject\",\"inLanguage\":\"es\",\"@id\":\"https:\/\/secure.gravatar.com\/avatar\/1d1c30eaee7c2f6cfa13fb8502cb06839106cdf371b9953d50e4b572d0bfa3c7?s=96&d=mm&r=g\",\"url\":\"https:\/\/secure.gravatar.com\/avatar\/1d1c30eaee7c2f6cfa13fb8502cb06839106cdf371b9953d50e4b572d0bfa3c7?s=96&d=mm&r=g\",\"contentUrl\":\"https:\/\/secure.gravatar.com\/avatar\/1d1c30eaee7c2f6cfa13fb8502cb06839106cdf371b9953d50e4b572d0bfa3c7?s=96&d=mm&r=g\",\"caption\":\"Redacci\u00f3n\"},\"url\":\"https:\/\/rednacionaldearte.com\/noticias\/author\/adan\/\"}]}<\/script>\n<!-- \/ Yoast SEO plugin. -->","yoast_head_json":{"title":"Plataforma online - 9 FIVideodanza - Red Nacional de Arte","robots":{"index":"index","follow":"follow","max-snippet":"max-snippet:-1","max-image-preview":"max-image-preview:large","max-video-preview":"max-video-preview:-1"},"canonical":"https:\/\/rednacionaldearte.com\/noticias\/plataforma-online\/","og_locale":"es_ES","og_type":"article","og_title":"Plataforma online - 9 FIVideodanza - Red Nacional de Arte","og_description":"\ud83c\udfac Descubre lo mejor de esta 9\u00aa edici\u00f3n Las pel\u00edculas ganadoras de Mejor Videodanza, Mejor Dise\u00f1o Sonoro, Mejor Edici\u00f3n, Mejor Direcci\u00f3n y Mejor Videodanza documental, estar\u00e1n disponibles aqu\u00ed para disfrutar en l\u00ednea durante todo el domingo 17 de agosto de 2025.","og_url":"https:\/\/rednacionaldearte.com\/noticias\/plataforma-online\/","og_site_name":"Red Nacional de Arte","article_publisher":"http:\/\/www.facebook.com\/rednacionaldearte\/","article_published_time":"2025-08-13T23:45:09+00:00","article_modified_time":"2025-08-19T05:32:40+00:00","og_image":[{"width":1707,"height":2560,"url":"https:\/\/rednacionaldearte.com\/noticias\/wp-content\/uploads\/2025\/08\/Anahuacalli_photoby_Rocio-Chacon_-1-copy-scaled.jpg","type":"image\/jpeg"}],"author":"Redacci\u00f3n","twitter_card":"summary_large_image","twitter_creator":"@rednacionalarte","twitter_site":"@rednacionalarte","twitter_misc":{"Escrito por":"Redacci\u00f3n","Tiempo de lectura":"3 minutos"},"schema":{"@context":"https:\/\/schema.org","@graph":[{"@type":"Article","@id":"https:\/\/rednacionaldearte.com\/noticias\/plataforma-online\/#article","isPartOf":{"@id":"https:\/\/rednacionaldearte.com\/noticias\/plataforma-online\/"},"author":{"name":"Redacci\u00f3n","@id":"http:\/\/rednacionaldearte.com\/noticias\/#\/schema\/person\/489d635082b1de413434d2708a3e5b9b"},"headline":"Plataforma online &#8211; 9 FIVideodanza","datePublished":"2025-08-13T23:45:09+00:00","dateModified":"2025-08-19T05:32:40+00:00","mainEntityOfPage":{"@id":"https:\/\/rednacionaldearte.com\/noticias\/plataforma-online\/"},"wordCount":552,"publisher":{"@id":"http:\/\/rednacionaldearte.com\/noticias\/#organization"},"image":{"@id":"https:\/\/rednacionaldearte.com\/noticias\/plataforma-online\/#primaryimage"},"thumbnailUrl":"https:\/\/rednacionaldearte.com\/noticias\/wp-content\/uploads\/2025\/08\/Anahuacalli_photoby_Rocio-Chacon_-1-copy-683x1024.jpg","articleSection":["Artes Visuales","Danza","Festivales","Uncategorized"],"inLanguage":"es"},{"@type":"WebPage","@id":"https:\/\/rednacionaldearte.com\/noticias\/plataforma-online\/","url":"https:\/\/rednacionaldearte.com\/noticias\/plataforma-online\/","name":"Plataforma online - 9 FIVideodanza - Red Nacional de Arte","isPartOf":{"@id":"http:\/\/rednacionaldearte.com\/noticias\/#website"},"primaryImageOfPage":{"@id":"https:\/\/rednacionaldearte.com\/noticias\/plataforma-online\/#primaryimage"},"image":{"@id":"https:\/\/rednacionaldearte.com\/noticias\/plataforma-online\/#primaryimage"},"thumbnailUrl":"https:\/\/rednacionaldearte.com\/noticias\/wp-content\/uploads\/2025\/08\/Anahuacalli_photoby_Rocio-Chacon_-1-copy-683x1024.jpg","datePublished":"2025-08-13T23:45:09+00:00","dateModified":"2025-08-19T05:32:40+00:00","breadcrumb":{"@id":"https:\/\/rednacionaldearte.com\/noticias\/plataforma-online\/#breadcrumb"},"inLanguage":"es","potentialAction":[{"@type":"ReadAction","target":["https:\/\/rednacionaldearte.com\/noticias\/plataforma-online\/"]}]},{"@type":"ImageObject","inLanguage":"es","@id":"https:\/\/rednacionaldearte.com\/noticias\/plataforma-online\/#primaryimage","url":"https:\/\/rednacionaldearte.com\/noticias\/wp-content\/uploads\/2025\/08\/Anahuacalli_photoby_Rocio-Chacon_-1-copy-683x1024.jpg","contentUrl":"https:\/\/rednacionaldearte.com\/noticias\/wp-content\/uploads\/2025\/08\/Anahuacalli_photoby_Rocio-Chacon_-1-copy-683x1024.jpg"},{"@type":"BreadcrumbList","@id":"https:\/\/rednacionaldearte.com\/noticias\/plataforma-online\/#breadcrumb","itemListElement":[{"@type":"ListItem","position":1,"name":"Home","item":"http:\/\/rednacionaldearte.com\/noticias\/"},{"@type":"ListItem","position":2,"name":"Plataforma online &#8211; 9 FIVideodanza"}]},{"@type":"WebSite","@id":"http:\/\/rednacionaldearte.com\/noticias\/#website","url":"http:\/\/rednacionaldearte.com\/noticias\/","name":"Red Nacional de Arte","description":"Cultura y Arte contempor\u00e1neo en M\u00e9xico","publisher":{"@id":"http:\/\/rednacionaldearte.com\/noticias\/#organization"},"potentialAction":[{"@type":"SearchAction","target":{"@type":"EntryPoint","urlTemplate":"http:\/\/rednacionaldearte.com\/noticias\/?s={search_term_string}"},"query-input":{"@type":"PropertyValueSpecification","valueRequired":true,"valueName":"search_term_string"}}],"inLanguage":"es"},{"@type":"Organization","@id":"http:\/\/rednacionaldearte.com\/noticias\/#organization","name":"Red Nacional de Arte","url":"http:\/\/rednacionaldearte.com\/noticias\/","logo":{"@type":"ImageObject","inLanguage":"es","@id":"http:\/\/rednacionaldearte.com\/noticias\/#\/schema\/logo\/image\/","url":"http:\/\/rednacionaldearte.com\/noticias\/wp-content\/uploads\/2016\/04\/logo.png","contentUrl":"http:\/\/rednacionaldearte.com\/noticias\/wp-content\/uploads\/2016\/04\/logo.png","width":575,"height":554,"caption":"Red Nacional de Arte"},"image":{"@id":"http:\/\/rednacionaldearte.com\/noticias\/#\/schema\/logo\/image\/"},"sameAs":["http:\/\/www.facebook.com\/rednacionaldearte\/","https:\/\/x.com\/rednacionalarte"]},{"@type":"Person","@id":"http:\/\/rednacionaldearte.com\/noticias\/#\/schema\/person\/489d635082b1de413434d2708a3e5b9b","name":"Redacci\u00f3n","image":{"@type":"ImageObject","inLanguage":"es","@id":"https:\/\/secure.gravatar.com\/avatar\/1d1c30eaee7c2f6cfa13fb8502cb06839106cdf371b9953d50e4b572d0bfa3c7?s=96&d=mm&r=g","url":"https:\/\/secure.gravatar.com\/avatar\/1d1c30eaee7c2f6cfa13fb8502cb06839106cdf371b9953d50e4b572d0bfa3c7?s=96&d=mm&r=g","contentUrl":"https:\/\/secure.gravatar.com\/avatar\/1d1c30eaee7c2f6cfa13fb8502cb06839106cdf371b9953d50e4b572d0bfa3c7?s=96&d=mm&r=g","caption":"Redacci\u00f3n"},"url":"https:\/\/rednacionaldearte.com\/noticias\/author\/adan\/"}]}},"amp_validity":null,"amp_enabled":true,"_links":{"self":[{"href":"https:\/\/rednacionaldearte.com\/noticias\/wp-json\/wp\/v2\/posts\/4600","targetHints":{"allow":["GET"]}}],"collection":[{"href":"https:\/\/rednacionaldearte.com\/noticias\/wp-json\/wp\/v2\/posts"}],"about":[{"href":"https:\/\/rednacionaldearte.com\/noticias\/wp-json\/wp\/v2\/types\/post"}],"author":[{"embeddable":true,"href":"https:\/\/rednacionaldearte.com\/noticias\/wp-json\/wp\/v2\/users\/1"}],"replies":[{"embeddable":true,"href":"https:\/\/rednacionaldearte.com\/noticias\/wp-json\/wp\/v2\/comments?post=4600"}],"version-history":[{"count":8,"href":"https:\/\/rednacionaldearte.com\/noticias\/wp-json\/wp\/v2\/posts\/4600\/revisions"}],"predecessor-version":[{"id":4616,"href":"https:\/\/rednacionaldearte.com\/noticias\/wp-json\/wp\/v2\/posts\/4600\/revisions\/4616"}],"wp:attachment":[{"href":"https:\/\/rednacionaldearte.com\/noticias\/wp-json\/wp\/v2\/media?parent=4600"}],"wp:term":[{"taxonomy":"category","embeddable":true,"href":"https:\/\/rednacionaldearte.com\/noticias\/wp-json\/wp\/v2\/categories?post=4600"},{"taxonomy":"post_tag","embeddable":true,"href":"https:\/\/rednacionaldearte.com\/noticias\/wp-json\/wp\/v2\/tags?post=4600"}],"curies":[{"name":"wp","href":"https:\/\/api.w.org\/{rel}","templated":true}]}}