{"id":471,"date":"2017-03-14T06:12:35","date_gmt":"2017-03-14T06:12:35","guid":{"rendered":"http:\/\/rednacionaldearte.com\/noticias\/?p=471"},"modified":"2017-03-14T06:13:32","modified_gmt":"2017-03-14T06:13:32","slug":"fotografia-analoga-noticias","status":"publish","type":"post","link":"https:\/\/rednacionaldearte.com\/noticias\/fotografia-analoga-noticias\/","title":{"rendered":"\u00a1La Fotograf\u00eda An\u00e1loga est\u00e1 de vuelta! Aqu\u00ed 5 Buenas Nuevas Noticias"},"content":{"rendered":"<p>Pese al dominio de la imagen digital, la fotograf\u00eda an\u00e1loga jam\u00e1s ha dejado de ser usada por los profesionales; muchos fot\u00f3grafos de <em>fine-art<\/em> contin\u00faan usando mayormente pel\u00edcula en su trabajo, al igual que los grandes estudios de cine en Estados Unidos. La pel\u00edcula poco a poco est\u00e1 recuperando su poder, y estos son algunos ejemplos de ello:<\/p>\n<p><a href=\"http:\/\/rednacionaldearte.com\/noticias\/wp-content\/uploads\/2017\/03\/Screen-Shot-2017-03-13-at-11.50.40-PM.png\"><img loading=\"lazy\" decoding=\"async\" class=\"aligncenter size-full wp-image-472\" src=\"http:\/\/rednacionaldearte.com\/noticias\/wp-content\/uploads\/2017\/03\/Screen-Shot-2017-03-13-at-11.50.40-PM.png\" alt=\"\" width=\"1260\" height=\"513\" srcset=\"https:\/\/rednacionaldearte.com\/noticias\/wp-content\/uploads\/2017\/03\/Screen-Shot-2017-03-13-at-11.50.40-PM.png 1260w, https:\/\/rednacionaldearte.com\/noticias\/wp-content\/uploads\/2017\/03\/Screen-Shot-2017-03-13-at-11.50.40-PM-300x122.png 300w, https:\/\/rednacionaldearte.com\/noticias\/wp-content\/uploads\/2017\/03\/Screen-Shot-2017-03-13-at-11.50.40-PM-768x313.png 768w, https:\/\/rednacionaldearte.com\/noticias\/wp-content\/uploads\/2017\/03\/Screen-Shot-2017-03-13-at-11.50.40-PM-1024x417.png 1024w\" sizes=\"auto, (max-width: 1260px) 100vw, 1260px\" \/><\/a><\/p>\n<h2>1. La nueva c\u00e1mara S\u00faper 8 de Kodak<\/h2>\n<p>Bellamente dise\u00f1ada para mantener elementos de las cl\u00e1sicas c\u00e1maras de S\u00faper 8, el nuevo producto de Kodak est\u00e1 pr\u00f3ximo a salir al mercado. Ser\u00e1 una c\u00e1mara completamente manual con visor LCD y un slot para tarjetas SD que permitir\u00e1 grabar sonido de forma simult\u00e1nea. Kodak se plantea hacer m\u00e1s accesible el film para todo tipo de personas, poniendo a su alcance un m\u00e9todo f\u00e1cil de capturar im\u00e1genes sin lo intimidante que podr\u00eda ser para algunos no observar lo que se est\u00e1 filmando. Se encontrar\u00e1 a la venta a finales de a\u00f1o en M\u00e9xico.<\/p>\n<h2>2. El regreso de\u00a0Ektachrome<\/h2>\n<p><a href=\"http:\/\/rednacionaldearte.com\/noticias\/wp-content\/uploads\/2017\/03\/61d10dbdbf4d73ba8d5d601a5d7b8170.jpg\"><img loading=\"lazy\" decoding=\"async\" class=\"aligncenter size-full wp-image-473\" src=\"http:\/\/rednacionaldearte.com\/noticias\/wp-content\/uploads\/2017\/03\/61d10dbdbf4d73ba8d5d601a5d7b8170.jpg\" alt=\"\" width=\"564\" height=\"458\" srcset=\"https:\/\/rednacionaldearte.com\/noticias\/wp-content\/uploads\/2017\/03\/61d10dbdbf4d73ba8d5d601a5d7b8170.jpg 564w, https:\/\/rednacionaldearte.com\/noticias\/wp-content\/uploads\/2017\/03\/61d10dbdbf4d73ba8d5d601a5d7b8170-300x244.jpg 300w\" sizes=\"auto, (max-width: 564px) 100vw, 564px\" \/><\/a><\/p>\n<p>Adem\u00e1s de la c\u00e1mara, la m\u00edtica compa\u00f1\u00eda traer\u00e1 de vuelta la emulsi\u00f3n\u00a0Ektachrome, conocida por la belleza de sus colores y la profundidad y latitud que es posible obtener con la misma.\u00a0Se espera que pueda ser comprada a mediados de este a\u00f1o.<\/p>\n<h2>3. La expansi\u00f3n de la f\u00e1brica de ADOX permitir\u00e1 seguir fabricando Pel\u00edcula Agfa<\/h2>\n<figure id=\"attachment_474\" class=\"thumbnail wp-caption aligncenter\" style=\"width: 1010px\"><a href=\"http:\/\/rednacionaldearte.com\/noticias\/wp-content\/uploads\/2017\/03\/AlexisLavoie-AfgaVista100-www.lavoiealexis.com_.jpg\"><img loading=\"lazy\" decoding=\"async\" class=\"wp-image-474 size-full\" src=\"http:\/\/rednacionaldearte.com\/noticias\/wp-content\/uploads\/2017\/03\/AlexisLavoie-AfgaVista100-www.lavoiealexis.com_.jpg\" alt=\"\" width=\"1000\" height=\"668\" srcset=\"https:\/\/rednacionaldearte.com\/noticias\/wp-content\/uploads\/2017\/03\/AlexisLavoie-AfgaVista100-www.lavoiealexis.com_.jpg 1000w, https:\/\/rednacionaldearte.com\/noticias\/wp-content\/uploads\/2017\/03\/AlexisLavoie-AfgaVista100-www.lavoiealexis.com_-300x200.jpg 300w, https:\/\/rednacionaldearte.com\/noticias\/wp-content\/uploads\/2017\/03\/AlexisLavoie-AfgaVista100-www.lavoiealexis.com_-768x513.jpg 768w, https:\/\/rednacionaldearte.com\/noticias\/wp-content\/uploads\/2017\/03\/AlexisLavoie-AfgaVista100-www.lavoiealexis.com_-360x240.jpg 360w\" sizes=\"auto, (max-width: 1000px) 100vw, 1000px\" \/><\/a><figcaption class=\"caption wp-caption-text\">Por Alexis Lavoie.<\/figcaption><\/figure>\n<p>ADOX, la compa\u00f1\u00eda detr\u00e1s de Agfa, ha anunciado que se encuentra expandiendo sus f\u00e1bricas para\u00a0poder fabricar m\u00e1s pel\u00edcula Afga,\u00a0una excelente marca que compute con Fujifilm y\u00a0Kodak.<\/p>\n<h2>4. Bergger Pancro 400<\/h2>\n<p><a href=\"http:\/\/rednacionaldearte.com\/noticias\/wp-content\/uploads\/2017\/03\/dsc00856.jpg\"><img loading=\"lazy\" decoding=\"async\" class=\"aligncenter size-full wp-image-475\" src=\"http:\/\/rednacionaldearte.com\/noticias\/wp-content\/uploads\/2017\/03\/dsc00856.jpg\" alt=\"\" width=\"650\" height=\"650\" srcset=\"https:\/\/rednacionaldearte.com\/noticias\/wp-content\/uploads\/2017\/03\/dsc00856.jpg 650w, https:\/\/rednacionaldearte.com\/noticias\/wp-content\/uploads\/2017\/03\/dsc00856-150x150.jpg 150w, https:\/\/rednacionaldearte.com\/noticias\/wp-content\/uploads\/2017\/03\/dsc00856-300x300.jpg 300w, https:\/\/rednacionaldearte.com\/noticias\/wp-content\/uploads\/2017\/03\/dsc00856-125x125.jpg 125w\" sizes=\"auto, (max-width: 650px) 100vw, 650px\" \/><\/a><\/p>\n<p>\u00a1Nuevas marcas al mercado! La nueva Bergger Pancro es, de acuerdo a la compa\u00f1\u00eda:<\/p>\n<p align=\"JUSTIFY\"><em><span class=\"goog-text-highlight\">\u201cdos\u00a0emulsiones basadas en bromuro de plata\u00a0que se diferencian por el tama\u00f1o de su grano.<\/span>\u00a0Ambas emulsiones son pancromaticas y est\u00e1n estabilizadas por sistemas de lo m\u00e1s elaborados.\u00a0<\/em><em>BERGGER Pancro400 en formato 135 tiene una capa anti-halo\u00a0y\u00a0anti-tiling\u00a0en la parte trasera.\u201d<\/em><\/p>\n<h2>5. Ferrania P30 Alpha<\/h2>\n<p><a href=\"http:\/\/rednacionaldearte.com\/noticias\/wp-content\/uploads\/2017\/03\/Guido_Tosi-770x476.jpg\"><img loading=\"lazy\" decoding=\"async\" class=\"aligncenter size-full wp-image-476\" src=\"http:\/\/rednacionaldearte.com\/noticias\/wp-content\/uploads\/2017\/03\/Guido_Tosi-770x476.jpg\" alt=\"\" width=\"770\" height=\"476\" srcset=\"https:\/\/rednacionaldearte.com\/noticias\/wp-content\/uploads\/2017\/03\/Guido_Tosi-770x476.jpg 770w, https:\/\/rednacionaldearte.com\/noticias\/wp-content\/uploads\/2017\/03\/Guido_Tosi-770x476-300x185.jpg 300w, https:\/\/rednacionaldearte.com\/noticias\/wp-content\/uploads\/2017\/03\/Guido_Tosi-770x476-768x475.jpg 768w\" sizes=\"auto, (max-width: 770px) 100vw, 770px\" \/><\/a><\/p>\n<p>Otra nueva pel\u00edcula, esta vez de ISO 30 y en blanco y negro.<\/p>\n<blockquote><p><em>\u201cFERRANIA P30\u00ae ALPHA reproduce con modernas t\u00e9cnicas desarrolladas por los cient\u00edficos de Ferrania, la pel\u00edcula exacta que hizo mundialmente famosa a la marca hace m\u00e1s de\u00a050 a\u00f1os.<\/em><\/p>\n<p><em>Con su cinema pedigree, grano ultra fino, y un alto contenido de plata, FERRANIA P30\u00ae ALPHA no tiene competencia en el mercado moderno de la pel\u00edcula an\u00e1loga.\u201d<\/em><\/p><\/blockquote>\n<p>\u00a1No dejemos morir la pel\u00edcula! Recuerda que en nuestra <a href=\"http:\/\/rednacionaldearte.com\/tienda\/\">tienda en l\u00ednea<\/a>\u00a0puedes adquirir <a href=\"http:\/\/rednacionaldearte.com\/tienda\/producto\/kit-revelado-blanco-negro-tanque\/\">material para revelar<\/a> y <a href=\"http:\/\/rednacionaldearte.com\/tienda\/productos\/fotografia\/pelicula\/\">pel\u00edcula an\u00e1loga<\/a>.<\/p>\n","protected":false},"excerpt":{"rendered":"<p>Pese al dominio de la imagen digital, la fotograf\u00eda an\u00e1loga jam\u00e1s ha dejado de ser usada por los profesionales; muchos fot\u00f3grafos de fine-art contin\u00faan usando mayormente pel\u00edcula en su trabajo, al igual que los grandes estudios de cine en Estados Unidos. La pel\u00edcula poco a poco est\u00e1 recuperando su poder, y estos son algunos ejemplos [&hellip;]<\/p>\n","protected":false},"author":1,"featured_media":472,"comment_status":"closed","ping_status":"open","sticky":false,"template":"","format":"standard","meta":{"footnotes":""},"categories":[2],"tags":[124],"class_list":["post-471","post","type-post","status-publish","format-standard","has-post-thumbnail","hentry","category-fotografia","tag-fotografia-analoga"],"yoast_head":"<!-- This site is optimized with the Yoast SEO plugin v27.2 - https:\/\/yoast.com\/product\/yoast-seo-wordpress\/ -->\n<title>\u00a1La Fotograf\u00eda An\u00e1loga est\u00e1 de vuelta! Aqu\u00ed 5 Buenas Nuevas Noticias<\/title>\n<meta name=\"robots\" content=\"index, follow, max-snippet:-1, max-image-preview:large, max-video-preview:-1\" \/>\n<link rel=\"canonical\" href=\"https:\/\/rednacionaldearte.com\/noticias\/fotografia-analoga-noticias\/\" \/>\n<meta property=\"og:locale\" content=\"es_ES\" \/>\n<meta property=\"og:type\" content=\"article\" \/>\n<meta property=\"og:title\" content=\"\u00a1La Fotograf\u00eda An\u00e1loga est\u00e1 de vuelta! Aqu\u00ed 5 Buenas Nuevas Noticias\" \/>\n<meta property=\"og:description\" content=\"Pese al dominio de la imagen digital, la fotograf\u00eda an\u00e1loga jam\u00e1s ha dejado de ser usada por los profesionales; muchos fot\u00f3grafos de fine-art contin\u00faan usando mayormente pel\u00edcula en su trabajo, al igual que los grandes estudios de cine en Estados Unidos. La pel\u00edcula poco a poco est\u00e1 recuperando su poder, y estos son algunos ejemplos [&hellip;]\" \/>\n<meta property=\"og:url\" content=\"https:\/\/rednacionaldearte.com\/noticias\/fotografia-analoga-noticias\/\" \/>\n<meta property=\"og:site_name\" content=\"Red Nacional de Arte\" \/>\n<meta property=\"article:publisher\" content=\"http:\/\/www.facebook.com\/rednacionaldearte\/\" \/>\n<meta property=\"article:published_time\" content=\"2017-03-14T06:12:35+00:00\" \/>\n<meta property=\"article:modified_time\" content=\"2017-03-14T06:13:32+00:00\" \/>\n<meta property=\"og:image\" content=\"https:\/\/rednacionaldearte.com\/noticias\/wp-content\/uploads\/2017\/03\/Screen-Shot-2017-03-13-at-11.50.40-PM.png\" \/>\n\t<meta property=\"og:image:width\" content=\"1260\" \/>\n\t<meta property=\"og:image:height\" content=\"513\" \/>\n\t<meta property=\"og:image:type\" content=\"image\/png\" \/>\n<meta name=\"author\" content=\"Redacci\u00f3n\" \/>\n<meta name=\"twitter:card\" content=\"summary_large_image\" \/>\n<meta name=\"twitter:creator\" content=\"@rednacionalarte\" \/>\n<meta name=\"twitter:site\" content=\"@rednacionalarte\" \/>\n<meta name=\"twitter:label1\" content=\"Escrito por\" \/>\n\t<meta name=\"twitter:data1\" content=\"Redacci\u00f3n\" \/>\n\t<meta name=\"twitter:label2\" content=\"Tiempo de lectura\" \/>\n\t<meta name=\"twitter:data2\" content=\"2 minutos\" \/>\n<script type=\"application\/ld+json\" class=\"yoast-schema-graph\">{\"@context\":\"https:\/\/schema.org\",\"@graph\":[{\"@type\":\"Article\",\"@id\":\"https:\/\/rednacionaldearte.com\/noticias\/fotografia-analoga-noticias\/#article\",\"isPartOf\":{\"@id\":\"https:\/\/rednacionaldearte.com\/noticias\/fotografia-analoga-noticias\/\"},\"author\":{\"name\":\"Redacci\u00f3n\",\"@id\":\"http:\/\/rednacionaldearte.com\/noticias\/#\/schema\/person\/489d635082b1de413434d2708a3e5b9b\"},\"headline\":\"\u00a1La Fotograf\u00eda An\u00e1loga est\u00e1 de vuelta! Aqu\u00ed 5 Buenas Nuevas Noticias\",\"datePublished\":\"2017-03-14T06:12:35+00:00\",\"dateModified\":\"2017-03-14T06:13:32+00:00\",\"mainEntityOfPage\":{\"@id\":\"https:\/\/rednacionaldearte.com\/noticias\/fotografia-analoga-noticias\/\"},\"wordCount\":466,\"publisher\":{\"@id\":\"http:\/\/rednacionaldearte.com\/noticias\/#organization\"},\"image\":{\"@id\":\"https:\/\/rednacionaldearte.com\/noticias\/fotografia-analoga-noticias\/#primaryimage\"},\"thumbnailUrl\":\"https:\/\/rednacionaldearte.com\/noticias\/wp-content\/uploads\/2017\/03\/Screen-Shot-2017-03-13-at-11.50.40-PM.png\",\"keywords\":[\"Fotograf\u00eda An\u00e1loga\"],\"articleSection\":[\"Fotograf\u00eda\"],\"inLanguage\":\"es\"},{\"@type\":\"WebPage\",\"@id\":\"https:\/\/rednacionaldearte.com\/noticias\/fotografia-analoga-noticias\/\",\"url\":\"https:\/\/rednacionaldearte.com\/noticias\/fotografia-analoga-noticias\/\",\"name\":\"\u00a1La Fotograf\u00eda An\u00e1loga est\u00e1 de vuelta! Aqu\u00ed 5 Buenas Nuevas Noticias\",\"isPartOf\":{\"@id\":\"http:\/\/rednacionaldearte.com\/noticias\/#website\"},\"primaryImageOfPage\":{\"@id\":\"https:\/\/rednacionaldearte.com\/noticias\/fotografia-analoga-noticias\/#primaryimage\"},\"image\":{\"@id\":\"https:\/\/rednacionaldearte.com\/noticias\/fotografia-analoga-noticias\/#primaryimage\"},\"thumbnailUrl\":\"https:\/\/rednacionaldearte.com\/noticias\/wp-content\/uploads\/2017\/03\/Screen-Shot-2017-03-13-at-11.50.40-PM.png\",\"datePublished\":\"2017-03-14T06:12:35+00:00\",\"dateModified\":\"2017-03-14T06:13:32+00:00\",\"breadcrumb\":{\"@id\":\"https:\/\/rednacionaldearte.com\/noticias\/fotografia-analoga-noticias\/#breadcrumb\"},\"inLanguage\":\"es\",\"potentialAction\":[{\"@type\":\"ReadAction\",\"target\":[\"https:\/\/rednacionaldearte.com\/noticias\/fotografia-analoga-noticias\/\"]}]},{\"@type\":\"ImageObject\",\"inLanguage\":\"es\",\"@id\":\"https:\/\/rednacionaldearte.com\/noticias\/fotografia-analoga-noticias\/#primaryimage\",\"url\":\"https:\/\/rednacionaldearte.com\/noticias\/wp-content\/uploads\/2017\/03\/Screen-Shot-2017-03-13-at-11.50.40-PM.png\",\"contentUrl\":\"https:\/\/rednacionaldearte.com\/noticias\/wp-content\/uploads\/2017\/03\/Screen-Shot-2017-03-13-at-11.50.40-PM.png\",\"width\":1260,\"height\":513},{\"@type\":\"BreadcrumbList\",\"@id\":\"https:\/\/rednacionaldearte.com\/noticias\/fotografia-analoga-noticias\/#breadcrumb\",\"itemListElement\":[{\"@type\":\"ListItem\",\"position\":1,\"name\":\"Home\",\"item\":\"http:\/\/rednacionaldearte.com\/noticias\/\"},{\"@type\":\"ListItem\",\"position\":2,\"name\":\"\u00a1La Fotograf\u00eda An\u00e1loga est\u00e1 de vuelta! Aqu\u00ed 5 Buenas Nuevas Noticias\"}]},{\"@type\":\"WebSite\",\"@id\":\"http:\/\/rednacionaldearte.com\/noticias\/#website\",\"url\":\"http:\/\/rednacionaldearte.com\/noticias\/\",\"name\":\"Red Nacional de Arte\",\"description\":\"Cultura y Arte contempor\u00e1neo en M\u00e9xico\",\"publisher\":{\"@id\":\"http:\/\/rednacionaldearte.com\/noticias\/#organization\"},\"potentialAction\":[{\"@type\":\"SearchAction\",\"target\":{\"@type\":\"EntryPoint\",\"urlTemplate\":\"http:\/\/rednacionaldearte.com\/noticias\/?s={search_term_string}\"},\"query-input\":{\"@type\":\"PropertyValueSpecification\",\"valueRequired\":true,\"valueName\":\"search_term_string\"}}],\"inLanguage\":\"es\"},{\"@type\":\"Organization\",\"@id\":\"http:\/\/rednacionaldearte.com\/noticias\/#organization\",\"name\":\"Red Nacional de Arte\",\"url\":\"http:\/\/rednacionaldearte.com\/noticias\/\",\"logo\":{\"@type\":\"ImageObject\",\"inLanguage\":\"es\",\"@id\":\"http:\/\/rednacionaldearte.com\/noticias\/#\/schema\/logo\/image\/\",\"url\":\"http:\/\/rednacionaldearte.com\/noticias\/wp-content\/uploads\/2016\/04\/logo.png\",\"contentUrl\":\"http:\/\/rednacionaldearte.com\/noticias\/wp-content\/uploads\/2016\/04\/logo.png\",\"width\":575,\"height\":554,\"caption\":\"Red Nacional de Arte\"},\"image\":{\"@id\":\"http:\/\/rednacionaldearte.com\/noticias\/#\/schema\/logo\/image\/\"},\"sameAs\":[\"http:\/\/www.facebook.com\/rednacionaldearte\/\",\"https:\/\/x.com\/rednacionalarte\"]},{\"@type\":\"Person\",\"@id\":\"http:\/\/rednacionaldearte.com\/noticias\/#\/schema\/person\/489d635082b1de413434d2708a3e5b9b\",\"name\":\"Redacci\u00f3n\",\"image\":{\"@type\":\"ImageObject\",\"inLanguage\":\"es\",\"@id\":\"https:\/\/secure.gravatar.com\/avatar\/1d1c30eaee7c2f6cfa13fb8502cb06839106cdf371b9953d50e4b572d0bfa3c7?s=96&d=mm&r=g\",\"url\":\"https:\/\/secure.gravatar.com\/avatar\/1d1c30eaee7c2f6cfa13fb8502cb06839106cdf371b9953d50e4b572d0bfa3c7?s=96&d=mm&r=g\",\"contentUrl\":\"https:\/\/secure.gravatar.com\/avatar\/1d1c30eaee7c2f6cfa13fb8502cb06839106cdf371b9953d50e4b572d0bfa3c7?s=96&d=mm&r=g\",\"caption\":\"Redacci\u00f3n\"},\"url\":\"https:\/\/rednacionaldearte.com\/noticias\/author\/adan\/\"}]}<\/script>\n<!-- \/ Yoast SEO plugin. -->","yoast_head_json":{"title":"\u00a1La Fotograf\u00eda An\u00e1loga est\u00e1 de vuelta! Aqu\u00ed 5 Buenas Nuevas Noticias","robots":{"index":"index","follow":"follow","max-snippet":"max-snippet:-1","max-image-preview":"max-image-preview:large","max-video-preview":"max-video-preview:-1"},"canonical":"https:\/\/rednacionaldearte.com\/noticias\/fotografia-analoga-noticias\/","og_locale":"es_ES","og_type":"article","og_title":"\u00a1La Fotograf\u00eda An\u00e1loga est\u00e1 de vuelta! Aqu\u00ed 5 Buenas Nuevas Noticias","og_description":"Pese al dominio de la imagen digital, la fotograf\u00eda an\u00e1loga jam\u00e1s ha dejado de ser usada por los profesionales; muchos fot\u00f3grafos de fine-art contin\u00faan usando mayormente pel\u00edcula en su trabajo, al igual que los grandes estudios de cine en Estados Unidos. La pel\u00edcula poco a poco est\u00e1 recuperando su poder, y estos son algunos ejemplos [&hellip;]","og_url":"https:\/\/rednacionaldearte.com\/noticias\/fotografia-analoga-noticias\/","og_site_name":"Red Nacional de Arte","article_publisher":"http:\/\/www.facebook.com\/rednacionaldearte\/","article_published_time":"2017-03-14T06:12:35+00:00","article_modified_time":"2017-03-14T06:13:32+00:00","og_image":[{"width":1260,"height":513,"url":"https:\/\/rednacionaldearte.com\/noticias\/wp-content\/uploads\/2017\/03\/Screen-Shot-2017-03-13-at-11.50.40-PM.png","type":"image\/png"}],"author":"Redacci\u00f3n","twitter_card":"summary_large_image","twitter_creator":"@rednacionalarte","twitter_site":"@rednacionalarte","twitter_misc":{"Escrito por":"Redacci\u00f3n","Tiempo de lectura":"2 minutos"},"schema":{"@context":"https:\/\/schema.org","@graph":[{"@type":"Article","@id":"https:\/\/rednacionaldearte.com\/noticias\/fotografia-analoga-noticias\/#article","isPartOf":{"@id":"https:\/\/rednacionaldearte.com\/noticias\/fotografia-analoga-noticias\/"},"author":{"name":"Redacci\u00f3n","@id":"http:\/\/rednacionaldearte.com\/noticias\/#\/schema\/person\/489d635082b1de413434d2708a3e5b9b"},"headline":"\u00a1La Fotograf\u00eda An\u00e1loga est\u00e1 de vuelta! Aqu\u00ed 5 Buenas Nuevas Noticias","datePublished":"2017-03-14T06:12:35+00:00","dateModified":"2017-03-14T06:13:32+00:00","mainEntityOfPage":{"@id":"https:\/\/rednacionaldearte.com\/noticias\/fotografia-analoga-noticias\/"},"wordCount":466,"publisher":{"@id":"http:\/\/rednacionaldearte.com\/noticias\/#organization"},"image":{"@id":"https:\/\/rednacionaldearte.com\/noticias\/fotografia-analoga-noticias\/#primaryimage"},"thumbnailUrl":"https:\/\/rednacionaldearte.com\/noticias\/wp-content\/uploads\/2017\/03\/Screen-Shot-2017-03-13-at-11.50.40-PM.png","keywords":["Fotograf\u00eda An\u00e1loga"],"articleSection":["Fotograf\u00eda"],"inLanguage":"es"},{"@type":"WebPage","@id":"https:\/\/rednacionaldearte.com\/noticias\/fotografia-analoga-noticias\/","url":"https:\/\/rednacionaldearte.com\/noticias\/fotografia-analoga-noticias\/","name":"\u00a1La Fotograf\u00eda An\u00e1loga est\u00e1 de vuelta! Aqu\u00ed 5 Buenas Nuevas Noticias","isPartOf":{"@id":"http:\/\/rednacionaldearte.com\/noticias\/#website"},"primaryImageOfPage":{"@id":"https:\/\/rednacionaldearte.com\/noticias\/fotografia-analoga-noticias\/#primaryimage"},"image":{"@id":"https:\/\/rednacionaldearte.com\/noticias\/fotografia-analoga-noticias\/#primaryimage"},"thumbnailUrl":"https:\/\/rednacionaldearte.com\/noticias\/wp-content\/uploads\/2017\/03\/Screen-Shot-2017-03-13-at-11.50.40-PM.png","datePublished":"2017-03-14T06:12:35+00:00","dateModified":"2017-03-14T06:13:32+00:00","breadcrumb":{"@id":"https:\/\/rednacionaldearte.com\/noticias\/fotografia-analoga-noticias\/#breadcrumb"},"inLanguage":"es","potentialAction":[{"@type":"ReadAction","target":["https:\/\/rednacionaldearte.com\/noticias\/fotografia-analoga-noticias\/"]}]},{"@type":"ImageObject","inLanguage":"es","@id":"https:\/\/rednacionaldearte.com\/noticias\/fotografia-analoga-noticias\/#primaryimage","url":"https:\/\/rednacionaldearte.com\/noticias\/wp-content\/uploads\/2017\/03\/Screen-Shot-2017-03-13-at-11.50.40-PM.png","contentUrl":"https:\/\/rednacionaldearte.com\/noticias\/wp-content\/uploads\/2017\/03\/Screen-Shot-2017-03-13-at-11.50.40-PM.png","width":1260,"height":513},{"@type":"BreadcrumbList","@id":"https:\/\/rednacionaldearte.com\/noticias\/fotografia-analoga-noticias\/#breadcrumb","itemListElement":[{"@type":"ListItem","position":1,"name":"Home","item":"http:\/\/rednacionaldearte.com\/noticias\/"},{"@type":"ListItem","position":2,"name":"\u00a1La Fotograf\u00eda An\u00e1loga est\u00e1 de vuelta! Aqu\u00ed 5 Buenas Nuevas Noticias"}]},{"@type":"WebSite","@id":"http:\/\/rednacionaldearte.com\/noticias\/#website","url":"http:\/\/rednacionaldearte.com\/noticias\/","name":"Red Nacional de Arte","description":"Cultura y Arte contempor\u00e1neo en M\u00e9xico","publisher":{"@id":"http:\/\/rednacionaldearte.com\/noticias\/#organization"},"potentialAction":[{"@type":"SearchAction","target":{"@type":"EntryPoint","urlTemplate":"http:\/\/rednacionaldearte.com\/noticias\/?s={search_term_string}"},"query-input":{"@type":"PropertyValueSpecification","valueRequired":true,"valueName":"search_term_string"}}],"inLanguage":"es"},{"@type":"Organization","@id":"http:\/\/rednacionaldearte.com\/noticias\/#organization","name":"Red Nacional de Arte","url":"http:\/\/rednacionaldearte.com\/noticias\/","logo":{"@type":"ImageObject","inLanguage":"es","@id":"http:\/\/rednacionaldearte.com\/noticias\/#\/schema\/logo\/image\/","url":"http:\/\/rednacionaldearte.com\/noticias\/wp-content\/uploads\/2016\/04\/logo.png","contentUrl":"http:\/\/rednacionaldearte.com\/noticias\/wp-content\/uploads\/2016\/04\/logo.png","width":575,"height":554,"caption":"Red Nacional de Arte"},"image":{"@id":"http:\/\/rednacionaldearte.com\/noticias\/#\/schema\/logo\/image\/"},"sameAs":["http:\/\/www.facebook.com\/rednacionaldearte\/","https:\/\/x.com\/rednacionalarte"]},{"@type":"Person","@id":"http:\/\/rednacionaldearte.com\/noticias\/#\/schema\/person\/489d635082b1de413434d2708a3e5b9b","name":"Redacci\u00f3n","image":{"@type":"ImageObject","inLanguage":"es","@id":"https:\/\/secure.gravatar.com\/avatar\/1d1c30eaee7c2f6cfa13fb8502cb06839106cdf371b9953d50e4b572d0bfa3c7?s=96&d=mm&r=g","url":"https:\/\/secure.gravatar.com\/avatar\/1d1c30eaee7c2f6cfa13fb8502cb06839106cdf371b9953d50e4b572d0bfa3c7?s=96&d=mm&r=g","contentUrl":"https:\/\/secure.gravatar.com\/avatar\/1d1c30eaee7c2f6cfa13fb8502cb06839106cdf371b9953d50e4b572d0bfa3c7?s=96&d=mm&r=g","caption":"Redacci\u00f3n"},"url":"https:\/\/rednacionaldearte.com\/noticias\/author\/adan\/"}]}},"amp_validity":null,"amp_enabled":true,"_links":{"self":[{"href":"https:\/\/rednacionaldearte.com\/noticias\/wp-json\/wp\/v2\/posts\/471","targetHints":{"allow":["GET"]}}],"collection":[{"href":"https:\/\/rednacionaldearte.com\/noticias\/wp-json\/wp\/v2\/posts"}],"about":[{"href":"https:\/\/rednacionaldearte.com\/noticias\/wp-json\/wp\/v2\/types\/post"}],"author":[{"embeddable":true,"href":"https:\/\/rednacionaldearte.com\/noticias\/wp-json\/wp\/v2\/users\/1"}],"replies":[{"embeddable":true,"href":"https:\/\/rednacionaldearte.com\/noticias\/wp-json\/wp\/v2\/comments?post=471"}],"version-history":[{"count":2,"href":"https:\/\/rednacionaldearte.com\/noticias\/wp-json\/wp\/v2\/posts\/471\/revisions"}],"predecessor-version":[{"id":478,"href":"https:\/\/rednacionaldearte.com\/noticias\/wp-json\/wp\/v2\/posts\/471\/revisions\/478"}],"wp:featuredmedia":[{"embeddable":true,"href":"https:\/\/rednacionaldearte.com\/noticias\/wp-json\/wp\/v2\/media\/472"}],"wp:attachment":[{"href":"https:\/\/rednacionaldearte.com\/noticias\/wp-json\/wp\/v2\/media?parent=471"}],"wp:term":[{"taxonomy":"category","embeddable":true,"href":"https:\/\/rednacionaldearte.com\/noticias\/wp-json\/wp\/v2\/categories?post=471"},{"taxonomy":"post_tag","embeddable":true,"href":"https:\/\/rednacionaldearte.com\/noticias\/wp-json\/wp\/v2\/tags?post=471"}],"curies":[{"name":"wp","href":"https:\/\/api.w.org\/{rel}","templated":true}]}}