{"id":480,"date":"2017-03-16T21:19:04","date_gmt":"2017-03-16T21:19:04","guid":{"rendered":"http:\/\/rednacionaldearte.com\/noticias\/?p=480"},"modified":"2017-03-17T03:44:17","modified_gmt":"2017-03-17T03:44:17","slug":"se-buscan-actores-y-bailarines","status":"publish","type":"post","link":"https:\/\/rednacionaldearte.com\/noticias\/se-buscan-actores-y-bailarines\/","title":{"rendered":"Se buscan actores, actrices, bailarines y core\u00f3grafos"},"content":{"rendered":"<p><a href=\"http:\/\/rednacionaldearte.com\/noticias\/wp-content\/uploads\/2017\/03\/61f9875e-bb0a-4aff-9f88-432defedd7f1.png\"><img loading=\"lazy\" decoding=\"async\" class=\"aligncenter size-full wp-image-484\" src=\"http:\/\/rednacionaldearte.com\/noticias\/wp-content\/uploads\/2017\/03\/61f9875e-bb0a-4aff-9f88-432defedd7f1.png\" alt=\"\" width=\"488\" height=\"455\" srcset=\"https:\/\/rednacionaldearte.com\/noticias\/wp-content\/uploads\/2017\/03\/61f9875e-bb0a-4aff-9f88-432defedd7f1.png 488w, https:\/\/rednacionaldearte.com\/noticias\/wp-content\/uploads\/2017\/03\/61f9875e-bb0a-4aff-9f88-432defedd7f1-300x280.png 300w\" sizes=\"auto, (max-width: 488px) 100vw, 488px\" \/><\/a><\/p>\n<p>&nbsp;<\/p>\n<p>En Red Nacional de Arte estamos buscando actores, actrices, bailarines y core\u00f3grafos para formar parte de nuestro <a href=\"http:\/\/rednacionaldearte.com\/inicio.php\">directorio de creadores<\/a>. El objetivo es tener una plataforma que pueda ser consultada por <strong>directores de casting, productores y profesionales<\/strong> del cine y las artes esc\u00e9nicas\u00a0para as\u00ed generar una comunidad que nos ayude a conseguir m\u00e1s llamados y encontrar proyectos que resulten de inter\u00e9s.<\/p>\n<p><strong>El registro es\u00a0gratuito<\/strong> y puede realizarse desde <a href=\"http:\/\/rednacionaldearte.com\/registro.php\">esta p\u00e1gina<\/a>.<\/p>\n<p>La plataforma en cuesti\u00f3n permite tambi\u00e9n a directores y productores publicar proyectos, castings y convocatorias, y buscar creadores\u00a0con caracter\u00edsticas espec\u00edficas para cada proyecto.<\/p>\n<p>Hemos terminado de desarrollar la primera fase, y nos interesa conocer tu opini\u00f3n, por lo que agradecemos todo tipo de comentarios, preguntas y sugerencias de funcionalidades futuras.<\/p>\n<p>\u00a1Esperamos que <a href=\"http:\/\/rednacionaldearte.com\/creadores\">la plataforma<\/a> resulte de utilidad y nos ayudes a compartirla para que la comunidad crezca!<\/p>\n","protected":false},"excerpt":{"rendered":"<p>&nbsp; En Red Nacional de Arte estamos buscando actores, actrices, bailarines y core\u00f3grafos para formar parte de nuestro directorio de creadores. El objetivo es tener una plataforma que pueda ser consultada por directores de casting, productores y profesionales del cine y las artes esc\u00e9nicas\u00a0para as\u00ed generar una comunidad que nos ayude a conseguir m\u00e1s llamados [&hellip;]<\/p>\n","protected":false},"author":1,"featured_media":484,"comment_status":"closed","ping_status":"open","sticky":false,"template":"","format":"standard","meta":{"footnotes":""},"categories":[103,60,41,17],"tags":[],"class_list":["post-480","post","type-post","status-publish","format-standard","has-post-thumbnail","hentry","category-artes-escenicas","category-cine","category-rna","category-teatro"],"yoast_head":"<!-- This site is optimized with the Yoast SEO plugin v27.2 - https:\/\/yoast.com\/product\/yoast-seo-wordpress\/ -->\n<title>Se buscan actores, actrices, bailarines y core\u00f3grafos - Red Nacional de Arte<\/title>\n<meta name=\"robots\" content=\"index, follow, max-snippet:-1, max-image-preview:large, max-video-preview:-1\" \/>\n<link rel=\"canonical\" href=\"http:\/\/rednacionaldearte.com\/noticias\/se-buscan-actores-y-bailarines\/\" \/>\n<meta property=\"og:locale\" content=\"es_ES\" \/>\n<meta property=\"og:type\" content=\"article\" \/>\n<meta property=\"og:title\" content=\"Se buscan actores, actrices, bailarines y core\u00f3grafos - Red Nacional de Arte\" \/>\n<meta property=\"og:description\" content=\"&nbsp; En Red Nacional de Arte estamos buscando actores, actrices, bailarines y core\u00f3grafos para formar parte de nuestro directorio de creadores. El objetivo es tener una plataforma que pueda ser consultada por directores de casting, productores y profesionales del cine y las artes esc\u00e9nicas\u00a0para as\u00ed generar una comunidad que nos ayude a conseguir m\u00e1s llamados [&hellip;]\" \/>\n<meta property=\"og:url\" content=\"http:\/\/rednacionaldearte.com\/noticias\/se-buscan-actores-y-bailarines\/\" \/>\n<meta property=\"og:site_name\" content=\"Red Nacional de Arte\" \/>\n<meta property=\"article:publisher\" content=\"http:\/\/www.facebook.com\/rednacionaldearte\/\" \/>\n<meta property=\"article:published_time\" content=\"2017-03-16T21:19:04+00:00\" \/>\n<meta property=\"article:modified_time\" content=\"2017-03-17T03:44:17+00:00\" \/>\n<meta property=\"og:image\" content=\"http:\/\/rednacionaldearte.com\/noticias\/wp-content\/uploads\/2017\/03\/61f9875e-bb0a-4aff-9f88-432defedd7f1.png\" \/>\n\t<meta property=\"og:image:width\" content=\"488\" \/>\n\t<meta property=\"og:image:height\" content=\"455\" \/>\n\t<meta property=\"og:image:type\" content=\"image\/png\" \/>\n<meta name=\"author\" content=\"Redacci\u00f3n\" \/>\n<meta name=\"twitter:card\" content=\"summary_large_image\" \/>\n<meta name=\"twitter:creator\" content=\"@rednacionalarte\" \/>\n<meta name=\"twitter:site\" content=\"@rednacionalarte\" \/>\n<meta name=\"twitter:label1\" content=\"Escrito por\" \/>\n\t<meta name=\"twitter:data1\" content=\"Redacci\u00f3n\" \/>\n\t<meta name=\"twitter:label2\" content=\"Tiempo de lectura\" \/>\n\t<meta name=\"twitter:data2\" content=\"1 minuto\" \/>\n<script type=\"application\/ld+json\" class=\"yoast-schema-graph\">{\"@context\":\"https:\/\/schema.org\",\"@graph\":[{\"@type\":\"Article\",\"@id\":\"http:\/\/rednacionaldearte.com\/noticias\/se-buscan-actores-y-bailarines\/#article\",\"isPartOf\":{\"@id\":\"http:\/\/rednacionaldearte.com\/noticias\/se-buscan-actores-y-bailarines\/\"},\"author\":{\"name\":\"Redacci\u00f3n\",\"@id\":\"http:\/\/rednacionaldearte.com\/noticias\/#\/schema\/person\/489d635082b1de413434d2708a3e5b9b\"},\"headline\":\"Se buscan actores, actrices, bailarines y core\u00f3grafos\",\"datePublished\":\"2017-03-16T21:19:04+00:00\",\"dateModified\":\"2017-03-17T03:44:17+00:00\",\"mainEntityOfPage\":{\"@id\":\"http:\/\/rednacionaldearte.com\/noticias\/se-buscan-actores-y-bailarines\/\"},\"wordCount\":159,\"publisher\":{\"@id\":\"http:\/\/rednacionaldearte.com\/noticias\/#organization\"},\"image\":{\"@id\":\"http:\/\/rednacionaldearte.com\/noticias\/se-buscan-actores-y-bailarines\/#primaryimage\"},\"thumbnailUrl\":\"https:\/\/rednacionaldearte.com\/noticias\/wp-content\/uploads\/2017\/03\/61f9875e-bb0a-4aff-9f88-432defedd7f1.png\",\"articleSection\":[\"Artes Esc\u00e9nicas\",\"Cine\",\"RNA\",\"Teatro\"],\"inLanguage\":\"es\"},{\"@type\":\"WebPage\",\"@id\":\"http:\/\/rednacionaldearte.com\/noticias\/se-buscan-actores-y-bailarines\/\",\"url\":\"http:\/\/rednacionaldearte.com\/noticias\/se-buscan-actores-y-bailarines\/\",\"name\":\"Se buscan actores, actrices, bailarines y core\u00f3grafos - Red Nacional de Arte\",\"isPartOf\":{\"@id\":\"http:\/\/rednacionaldearte.com\/noticias\/#website\"},\"primaryImageOfPage\":{\"@id\":\"http:\/\/rednacionaldearte.com\/noticias\/se-buscan-actores-y-bailarines\/#primaryimage\"},\"image\":{\"@id\":\"http:\/\/rednacionaldearte.com\/noticias\/se-buscan-actores-y-bailarines\/#primaryimage\"},\"thumbnailUrl\":\"https:\/\/rednacionaldearte.com\/noticias\/wp-content\/uploads\/2017\/03\/61f9875e-bb0a-4aff-9f88-432defedd7f1.png\",\"datePublished\":\"2017-03-16T21:19:04+00:00\",\"dateModified\":\"2017-03-17T03:44:17+00:00\",\"breadcrumb\":{\"@id\":\"http:\/\/rednacionaldearte.com\/noticias\/se-buscan-actores-y-bailarines\/#breadcrumb\"},\"inLanguage\":\"es\",\"potentialAction\":[{\"@type\":\"ReadAction\",\"target\":[\"http:\/\/rednacionaldearte.com\/noticias\/se-buscan-actores-y-bailarines\/\"]}]},{\"@type\":\"ImageObject\",\"inLanguage\":\"es\",\"@id\":\"http:\/\/rednacionaldearte.com\/noticias\/se-buscan-actores-y-bailarines\/#primaryimage\",\"url\":\"https:\/\/rednacionaldearte.com\/noticias\/wp-content\/uploads\/2017\/03\/61f9875e-bb0a-4aff-9f88-432defedd7f1.png\",\"contentUrl\":\"https:\/\/rednacionaldearte.com\/noticias\/wp-content\/uploads\/2017\/03\/61f9875e-bb0a-4aff-9f88-432defedd7f1.png\",\"width\":488,\"height\":455},{\"@type\":\"BreadcrumbList\",\"@id\":\"http:\/\/rednacionaldearte.com\/noticias\/se-buscan-actores-y-bailarines\/#breadcrumb\",\"itemListElement\":[{\"@type\":\"ListItem\",\"position\":1,\"name\":\"Home\",\"item\":\"http:\/\/rednacionaldearte.com\/noticias\/\"},{\"@type\":\"ListItem\",\"position\":2,\"name\":\"Se buscan actores, actrices, bailarines y core\u00f3grafos\"}]},{\"@type\":\"WebSite\",\"@id\":\"http:\/\/rednacionaldearte.com\/noticias\/#website\",\"url\":\"http:\/\/rednacionaldearte.com\/noticias\/\",\"name\":\"Red Nacional de Arte\",\"description\":\"Cultura y Arte contempor\u00e1neo en M\u00e9xico\",\"publisher\":{\"@id\":\"http:\/\/rednacionaldearte.com\/noticias\/#organization\"},\"potentialAction\":[{\"@type\":\"SearchAction\",\"target\":{\"@type\":\"EntryPoint\",\"urlTemplate\":\"http:\/\/rednacionaldearte.com\/noticias\/?s={search_term_string}\"},\"query-input\":{\"@type\":\"PropertyValueSpecification\",\"valueRequired\":true,\"valueName\":\"search_term_string\"}}],\"inLanguage\":\"es\"},{\"@type\":\"Organization\",\"@id\":\"http:\/\/rednacionaldearte.com\/noticias\/#organization\",\"name\":\"Red Nacional de Arte\",\"url\":\"http:\/\/rednacionaldearte.com\/noticias\/\",\"logo\":{\"@type\":\"ImageObject\",\"inLanguage\":\"es\",\"@id\":\"http:\/\/rednacionaldearte.com\/noticias\/#\/schema\/logo\/image\/\",\"url\":\"http:\/\/rednacionaldearte.com\/noticias\/wp-content\/uploads\/2016\/04\/logo.png\",\"contentUrl\":\"http:\/\/rednacionaldearte.com\/noticias\/wp-content\/uploads\/2016\/04\/logo.png\",\"width\":575,\"height\":554,\"caption\":\"Red Nacional de Arte\"},\"image\":{\"@id\":\"http:\/\/rednacionaldearte.com\/noticias\/#\/schema\/logo\/image\/\"},\"sameAs\":[\"http:\/\/www.facebook.com\/rednacionaldearte\/\",\"https:\/\/x.com\/rednacionalarte\"]},{\"@type\":\"Person\",\"@id\":\"http:\/\/rednacionaldearte.com\/noticias\/#\/schema\/person\/489d635082b1de413434d2708a3e5b9b\",\"name\":\"Redacci\u00f3n\",\"image\":{\"@type\":\"ImageObject\",\"inLanguage\":\"es\",\"@id\":\"https:\/\/secure.gravatar.com\/avatar\/1d1c30eaee7c2f6cfa13fb8502cb06839106cdf371b9953d50e4b572d0bfa3c7?s=96&d=mm&r=g\",\"url\":\"https:\/\/secure.gravatar.com\/avatar\/1d1c30eaee7c2f6cfa13fb8502cb06839106cdf371b9953d50e4b572d0bfa3c7?s=96&d=mm&r=g\",\"contentUrl\":\"https:\/\/secure.gravatar.com\/avatar\/1d1c30eaee7c2f6cfa13fb8502cb06839106cdf371b9953d50e4b572d0bfa3c7?s=96&d=mm&r=g\",\"caption\":\"Redacci\u00f3n\"},\"url\":\"https:\/\/rednacionaldearte.com\/noticias\/author\/adan\/\"}]}<\/script>\n<!-- \/ Yoast SEO plugin. -->","yoast_head_json":{"title":"Se buscan actores, actrices, bailarines y core\u00f3grafos - Red Nacional de Arte","robots":{"index":"index","follow":"follow","max-snippet":"max-snippet:-1","max-image-preview":"max-image-preview:large","max-video-preview":"max-video-preview:-1"},"canonical":"http:\/\/rednacionaldearte.com\/noticias\/se-buscan-actores-y-bailarines\/","og_locale":"es_ES","og_type":"article","og_title":"Se buscan actores, actrices, bailarines y core\u00f3grafos - Red Nacional de Arte","og_description":"&nbsp; En Red Nacional de Arte estamos buscando actores, actrices, bailarines y core\u00f3grafos para formar parte de nuestro directorio de creadores. El objetivo es tener una plataforma que pueda ser consultada por directores de casting, productores y profesionales del cine y las artes esc\u00e9nicas\u00a0para as\u00ed generar una comunidad que nos ayude a conseguir m\u00e1s llamados [&hellip;]","og_url":"http:\/\/rednacionaldearte.com\/noticias\/se-buscan-actores-y-bailarines\/","og_site_name":"Red Nacional de Arte","article_publisher":"http:\/\/www.facebook.com\/rednacionaldearte\/","article_published_time":"2017-03-16T21:19:04+00:00","article_modified_time":"2017-03-17T03:44:17+00:00","og_image":[{"width":488,"height":455,"url":"http:\/\/rednacionaldearte.com\/noticias\/wp-content\/uploads\/2017\/03\/61f9875e-bb0a-4aff-9f88-432defedd7f1.png","type":"image\/png"}],"author":"Redacci\u00f3n","twitter_card":"summary_large_image","twitter_creator":"@rednacionalarte","twitter_site":"@rednacionalarte","twitter_misc":{"Escrito por":"Redacci\u00f3n","Tiempo de lectura":"1 minuto"},"schema":{"@context":"https:\/\/schema.org","@graph":[{"@type":"Article","@id":"http:\/\/rednacionaldearte.com\/noticias\/se-buscan-actores-y-bailarines\/#article","isPartOf":{"@id":"http:\/\/rednacionaldearte.com\/noticias\/se-buscan-actores-y-bailarines\/"},"author":{"name":"Redacci\u00f3n","@id":"http:\/\/rednacionaldearte.com\/noticias\/#\/schema\/person\/489d635082b1de413434d2708a3e5b9b"},"headline":"Se buscan actores, actrices, bailarines y core\u00f3grafos","datePublished":"2017-03-16T21:19:04+00:00","dateModified":"2017-03-17T03:44:17+00:00","mainEntityOfPage":{"@id":"http:\/\/rednacionaldearte.com\/noticias\/se-buscan-actores-y-bailarines\/"},"wordCount":159,"publisher":{"@id":"http:\/\/rednacionaldearte.com\/noticias\/#organization"},"image":{"@id":"http:\/\/rednacionaldearte.com\/noticias\/se-buscan-actores-y-bailarines\/#primaryimage"},"thumbnailUrl":"https:\/\/rednacionaldearte.com\/noticias\/wp-content\/uploads\/2017\/03\/61f9875e-bb0a-4aff-9f88-432defedd7f1.png","articleSection":["Artes Esc\u00e9nicas","Cine","RNA","Teatro"],"inLanguage":"es"},{"@type":"WebPage","@id":"http:\/\/rednacionaldearte.com\/noticias\/se-buscan-actores-y-bailarines\/","url":"http:\/\/rednacionaldearte.com\/noticias\/se-buscan-actores-y-bailarines\/","name":"Se buscan actores, actrices, bailarines y core\u00f3grafos - Red Nacional de Arte","isPartOf":{"@id":"http:\/\/rednacionaldearte.com\/noticias\/#website"},"primaryImageOfPage":{"@id":"http:\/\/rednacionaldearte.com\/noticias\/se-buscan-actores-y-bailarines\/#primaryimage"},"image":{"@id":"http:\/\/rednacionaldearte.com\/noticias\/se-buscan-actores-y-bailarines\/#primaryimage"},"thumbnailUrl":"https:\/\/rednacionaldearte.com\/noticias\/wp-content\/uploads\/2017\/03\/61f9875e-bb0a-4aff-9f88-432defedd7f1.png","datePublished":"2017-03-16T21:19:04+00:00","dateModified":"2017-03-17T03:44:17+00:00","breadcrumb":{"@id":"http:\/\/rednacionaldearte.com\/noticias\/se-buscan-actores-y-bailarines\/#breadcrumb"},"inLanguage":"es","potentialAction":[{"@type":"ReadAction","target":["http:\/\/rednacionaldearte.com\/noticias\/se-buscan-actores-y-bailarines\/"]}]},{"@type":"ImageObject","inLanguage":"es","@id":"http:\/\/rednacionaldearte.com\/noticias\/se-buscan-actores-y-bailarines\/#primaryimage","url":"https:\/\/rednacionaldearte.com\/noticias\/wp-content\/uploads\/2017\/03\/61f9875e-bb0a-4aff-9f88-432defedd7f1.png","contentUrl":"https:\/\/rednacionaldearte.com\/noticias\/wp-content\/uploads\/2017\/03\/61f9875e-bb0a-4aff-9f88-432defedd7f1.png","width":488,"height":455},{"@type":"BreadcrumbList","@id":"http:\/\/rednacionaldearte.com\/noticias\/se-buscan-actores-y-bailarines\/#breadcrumb","itemListElement":[{"@type":"ListItem","position":1,"name":"Home","item":"http:\/\/rednacionaldearte.com\/noticias\/"},{"@type":"ListItem","position":2,"name":"Se buscan actores, actrices, bailarines y core\u00f3grafos"}]},{"@type":"WebSite","@id":"http:\/\/rednacionaldearte.com\/noticias\/#website","url":"http:\/\/rednacionaldearte.com\/noticias\/","name":"Red Nacional de Arte","description":"Cultura y Arte contempor\u00e1neo en M\u00e9xico","publisher":{"@id":"http:\/\/rednacionaldearte.com\/noticias\/#organization"},"potentialAction":[{"@type":"SearchAction","target":{"@type":"EntryPoint","urlTemplate":"http:\/\/rednacionaldearte.com\/noticias\/?s={search_term_string}"},"query-input":{"@type":"PropertyValueSpecification","valueRequired":true,"valueName":"search_term_string"}}],"inLanguage":"es"},{"@type":"Organization","@id":"http:\/\/rednacionaldearte.com\/noticias\/#organization","name":"Red Nacional de Arte","url":"http:\/\/rednacionaldearte.com\/noticias\/","logo":{"@type":"ImageObject","inLanguage":"es","@id":"http:\/\/rednacionaldearte.com\/noticias\/#\/schema\/logo\/image\/","url":"http:\/\/rednacionaldearte.com\/noticias\/wp-content\/uploads\/2016\/04\/logo.png","contentUrl":"http:\/\/rednacionaldearte.com\/noticias\/wp-content\/uploads\/2016\/04\/logo.png","width":575,"height":554,"caption":"Red Nacional de Arte"},"image":{"@id":"http:\/\/rednacionaldearte.com\/noticias\/#\/schema\/logo\/image\/"},"sameAs":["http:\/\/www.facebook.com\/rednacionaldearte\/","https:\/\/x.com\/rednacionalarte"]},{"@type":"Person","@id":"http:\/\/rednacionaldearte.com\/noticias\/#\/schema\/person\/489d635082b1de413434d2708a3e5b9b","name":"Redacci\u00f3n","image":{"@type":"ImageObject","inLanguage":"es","@id":"https:\/\/secure.gravatar.com\/avatar\/1d1c30eaee7c2f6cfa13fb8502cb06839106cdf371b9953d50e4b572d0bfa3c7?s=96&d=mm&r=g","url":"https:\/\/secure.gravatar.com\/avatar\/1d1c30eaee7c2f6cfa13fb8502cb06839106cdf371b9953d50e4b572d0bfa3c7?s=96&d=mm&r=g","contentUrl":"https:\/\/secure.gravatar.com\/avatar\/1d1c30eaee7c2f6cfa13fb8502cb06839106cdf371b9953d50e4b572d0bfa3c7?s=96&d=mm&r=g","caption":"Redacci\u00f3n"},"url":"https:\/\/rednacionaldearte.com\/noticias\/author\/adan\/"}]}},"amp_validity":null,"amp_enabled":true,"_links":{"self":[{"href":"https:\/\/rednacionaldearte.com\/noticias\/wp-json\/wp\/v2\/posts\/480","targetHints":{"allow":["GET"]}}],"collection":[{"href":"https:\/\/rednacionaldearte.com\/noticias\/wp-json\/wp\/v2\/posts"}],"about":[{"href":"https:\/\/rednacionaldearte.com\/noticias\/wp-json\/wp\/v2\/types\/post"}],"author":[{"embeddable":true,"href":"https:\/\/rednacionaldearte.com\/noticias\/wp-json\/wp\/v2\/users\/1"}],"replies":[{"embeddable":true,"href":"https:\/\/rednacionaldearte.com\/noticias\/wp-json\/wp\/v2\/comments?post=480"}],"version-history":[{"count":6,"href":"https:\/\/rednacionaldearte.com\/noticias\/wp-json\/wp\/v2\/posts\/480\/revisions"}],"predecessor-version":[{"id":515,"href":"https:\/\/rednacionaldearte.com\/noticias\/wp-json\/wp\/v2\/posts\/480\/revisions\/515"}],"wp:featuredmedia":[{"embeddable":true,"href":"https:\/\/rednacionaldearte.com\/noticias\/wp-json\/wp\/v2\/media\/484"}],"wp:attachment":[{"href":"https:\/\/rednacionaldearte.com\/noticias\/wp-json\/wp\/v2\/media?parent=480"}],"wp:term":[{"taxonomy":"category","embeddable":true,"href":"https:\/\/rednacionaldearte.com\/noticias\/wp-json\/wp\/v2\/categories?post=480"},{"taxonomy":"post_tag","embeddable":true,"href":"https:\/\/rednacionaldearte.com\/noticias\/wp-json\/wp\/v2\/tags?post=480"}],"curies":[{"name":"wp","href":"https:\/\/api.w.org\/{rel}","templated":true}]}}