{"id":517,"date":"2017-03-20T10:37:10","date_gmt":"2017-03-20T10:37:10","guid":{"rendered":"http:\/\/rednacionaldearte.com\/noticias\/?p=517"},"modified":"2017-03-19T20:55:50","modified_gmt":"2017-03-19T20:55:50","slug":"cartelera-teatro-danza-cdmx","status":"publish","type":"post","link":"https:\/\/rednacionaldearte.com\/noticias\/cartelera-teatro-danza-cdmx\/","title":{"rendered":"Conoce la nueva Cartelera de Teatro y Danza en la CDMX"},"content":{"rendered":"<p><a href=\"http:\/\/rednacionaldearte.com\/noticias\/wp-content\/uploads\/2017\/03\/Screen-Shot-2017-03-19-at-2.43.06-PM.png\"><img loading=\"lazy\" decoding=\"async\" class=\"aligncenter size-full wp-image-518\" src=\"http:\/\/rednacionaldearte.com\/noticias\/wp-content\/uploads\/2017\/03\/Screen-Shot-2017-03-19-at-2.43.06-PM.png\" alt=\"\" width=\"1268\" height=\"635\" srcset=\"https:\/\/rednacionaldearte.com\/noticias\/wp-content\/uploads\/2017\/03\/Screen-Shot-2017-03-19-at-2.43.06-PM.png 1268w, https:\/\/rednacionaldearte.com\/noticias\/wp-content\/uploads\/2017\/03\/Screen-Shot-2017-03-19-at-2.43.06-PM-300x150.png 300w, https:\/\/rednacionaldearte.com\/noticias\/wp-content\/uploads\/2017\/03\/Screen-Shot-2017-03-19-at-2.43.06-PM-768x385.png 768w, https:\/\/rednacionaldearte.com\/noticias\/wp-content\/uploads\/2017\/03\/Screen-Shot-2017-03-19-at-2.43.06-PM-1024x513.png 1024w\" sizes=\"auto, (max-width: 1268px) 100vw, 1268px\" \/><\/a><\/p>\n<p>&nbsp;<\/p>\n<p>Red Nacional de Arte te invita a consultar su nueva <a href=\"http:\/\/rednacionaldearte.com\/cartelera-teatro-cdmx.php\">cartelera de Teatro y Danza<\/a> en la Ciudad de M\u00e9xico, en donde podr\u00e1s revisar\u00a0las obras present\u00e1ndose en distintos recintos de la capital. Adem\u00e1s de horarios, mapa con la ubicaci\u00f3n del teatro y costos, podr\u00e1s ver rese\u00f1as, votar y comentar cada obra.<\/p>\n<p>Si eres director, productor o responsable de difusi\u00f3n de alg\u00fan teatro o pieza y no la ves en la cartelera, \u00a1<a href=\"https:\/\/docs.google.com\/forms\/d\/e\/1FAIpQLSdo5rDzpB6yL11yLJOQL2vfMGdsFg0F0NkD31QSwnUx6a6RtA\/viewform\">agr\u00e9gala gratuitamente<\/a>! Para recibir la cartelera peri\u00f3dicamente en tu e-mail, <a href=\"http:\/\/rednacionaldearte.us12.list-manage.com\/subscribe\/post?u=a074649188e901614aa476a48&amp;id=3a4d45cefd\">d\u00e9janos tus datos<\/a>.<\/p>\n<p>La cartelera est\u00e1 en fase beta, por lo que agradeceremos cualquier comentario o sugerencia que tengas, misma que puedes hacernos llegar a trav\u00e9s de nuestro formulario de <a href=\"http:\/\/rednacionaldearte.com\/contacto\">contacto<\/a>.<\/p>\n<p>\u00a1Visita la cartelera!<\/p>\n<p><a href=\"http:\/\/rednacionaldearte.com\/teatro\">rednacionaldearte.com\/teatro<\/a><\/p>\n<p><a href=\"http:\/\/rednacionaldearte.com\/danza\">rednacionaldearte.com\/danza<\/a><\/p>\n","protected":false},"excerpt":{"rendered":"<p>&nbsp; Red Nacional de Arte te invita a consultar su nueva cartelera de Teatro y Danza en la Ciudad de M\u00e9xico, en donde podr\u00e1s revisar\u00a0las obras present\u00e1ndose en distintos recintos de la capital. Adem\u00e1s de horarios, mapa con la ubicaci\u00f3n del teatro y costos, podr\u00e1s ver rese\u00f1as, votar y comentar cada obra. Si eres director, [&hellip;]<\/p>\n","protected":false},"author":1,"featured_media":518,"comment_status":"closed","ping_status":"open","sticky":false,"template":"","format":"standard","meta":{"footnotes":""},"categories":[103,58,86,41,17],"tags":[126,125],"class_list":["post-517","post","type-post","status-publish","format-standard","has-post-thumbnail","hentry","category-artes-escenicas","category-danza","category-performance","category-rna","category-teatro","tag-cartelera-de-danza","tag-cartelera-de-teatro"],"yoast_head":"<!-- This site is optimized with the Yoast SEO plugin v27.2 - https:\/\/yoast.com\/product\/yoast-seo-wordpress\/ -->\n<title>Conoce la nueva Cartelera de Teatro y Danza en la CDMX - Red Nacional de Arte<\/title>\n<meta name=\"robots\" content=\"index, follow, max-snippet:-1, max-image-preview:large, max-video-preview:-1\" \/>\n<link rel=\"canonical\" href=\"https:\/\/rednacionaldearte.com\/noticias\/cartelera-teatro-danza-cdmx\/\" \/>\n<meta property=\"og:locale\" content=\"es_ES\" \/>\n<meta property=\"og:type\" content=\"article\" \/>\n<meta property=\"og:title\" content=\"Conoce la nueva Cartelera de Teatro y Danza en la CDMX - Red Nacional de Arte\" \/>\n<meta property=\"og:description\" content=\"&nbsp; Red Nacional de Arte te invita a consultar su nueva cartelera de Teatro y Danza en la Ciudad de M\u00e9xico, en donde podr\u00e1s revisar\u00a0las obras present\u00e1ndose en distintos recintos de la capital. Adem\u00e1s de horarios, mapa con la ubicaci\u00f3n del teatro y costos, podr\u00e1s ver rese\u00f1as, votar y comentar cada obra. Si eres director, [&hellip;]\" \/>\n<meta property=\"og:url\" content=\"https:\/\/rednacionaldearte.com\/noticias\/cartelera-teatro-danza-cdmx\/\" \/>\n<meta property=\"og:site_name\" content=\"Red Nacional de Arte\" \/>\n<meta property=\"article:publisher\" content=\"http:\/\/www.facebook.com\/rednacionaldearte\/\" \/>\n<meta property=\"article:published_time\" content=\"2017-03-20T10:37:10+00:00\" \/>\n<meta property=\"og:image\" content=\"http:\/\/rednacionaldearte.com\/noticias\/wp-content\/uploads\/2017\/03\/Screen-Shot-2017-03-19-at-2.43.06-PM.png\" \/>\n\t<meta property=\"og:image:width\" content=\"1268\" \/>\n\t<meta property=\"og:image:height\" content=\"635\" \/>\n\t<meta property=\"og:image:type\" content=\"image\/png\" \/>\n<meta name=\"author\" content=\"Redacci\u00f3n\" \/>\n<meta name=\"twitter:card\" content=\"summary_large_image\" \/>\n<meta name=\"twitter:creator\" content=\"@rednacionalarte\" \/>\n<meta name=\"twitter:site\" content=\"@rednacionalarte\" \/>\n<meta name=\"twitter:label1\" content=\"Escrito por\" \/>\n\t<meta name=\"twitter:data1\" content=\"Redacci\u00f3n\" \/>\n\t<meta name=\"twitter:label2\" content=\"Tiempo de lectura\" \/>\n\t<meta name=\"twitter:data2\" content=\"1 minuto\" \/>\n<script type=\"application\/ld+json\" class=\"yoast-schema-graph\">{\"@context\":\"https:\/\/schema.org\",\"@graph\":[{\"@type\":\"Article\",\"@id\":\"https:\/\/rednacionaldearte.com\/noticias\/cartelera-teatro-danza-cdmx\/#article\",\"isPartOf\":{\"@id\":\"https:\/\/rednacionaldearte.com\/noticias\/cartelera-teatro-danza-cdmx\/\"},\"author\":{\"name\":\"Redacci\u00f3n\",\"@id\":\"http:\/\/rednacionaldearte.com\/noticias\/#\/schema\/person\/489d635082b1de413434d2708a3e5b9b\"},\"headline\":\"Conoce la nueva Cartelera de Teatro y Danza en la CDMX\",\"datePublished\":\"2017-03-20T10:37:10+00:00\",\"mainEntityOfPage\":{\"@id\":\"https:\/\/rednacionaldearte.com\/noticias\/cartelera-teatro-danza-cdmx\/\"},\"wordCount\":147,\"publisher\":{\"@id\":\"http:\/\/rednacionaldearte.com\/noticias\/#organization\"},\"image\":{\"@id\":\"https:\/\/rednacionaldearte.com\/noticias\/cartelera-teatro-danza-cdmx\/#primaryimage\"},\"thumbnailUrl\":\"https:\/\/rednacionaldearte.com\/noticias\/wp-content\/uploads\/2017\/03\/Screen-Shot-2017-03-19-at-2.43.06-PM.png\",\"keywords\":[\"Cartelera de Danza\",\"Cartelera de Teatro\"],\"articleSection\":[\"Artes Esc\u00e9nicas\",\"Danza\",\"Performance\",\"RNA\",\"Teatro\"],\"inLanguage\":\"es\"},{\"@type\":\"WebPage\",\"@id\":\"https:\/\/rednacionaldearte.com\/noticias\/cartelera-teatro-danza-cdmx\/\",\"url\":\"https:\/\/rednacionaldearte.com\/noticias\/cartelera-teatro-danza-cdmx\/\",\"name\":\"Conoce la nueva Cartelera de Teatro y Danza en la CDMX - Red Nacional de Arte\",\"isPartOf\":{\"@id\":\"http:\/\/rednacionaldearte.com\/noticias\/#website\"},\"primaryImageOfPage\":{\"@id\":\"https:\/\/rednacionaldearte.com\/noticias\/cartelera-teatro-danza-cdmx\/#primaryimage\"},\"image\":{\"@id\":\"https:\/\/rednacionaldearte.com\/noticias\/cartelera-teatro-danza-cdmx\/#primaryimage\"},\"thumbnailUrl\":\"https:\/\/rednacionaldearte.com\/noticias\/wp-content\/uploads\/2017\/03\/Screen-Shot-2017-03-19-at-2.43.06-PM.png\",\"datePublished\":\"2017-03-20T10:37:10+00:00\",\"breadcrumb\":{\"@id\":\"https:\/\/rednacionaldearte.com\/noticias\/cartelera-teatro-danza-cdmx\/#breadcrumb\"},\"inLanguage\":\"es\",\"potentialAction\":[{\"@type\":\"ReadAction\",\"target\":[\"https:\/\/rednacionaldearte.com\/noticias\/cartelera-teatro-danza-cdmx\/\"]}]},{\"@type\":\"ImageObject\",\"inLanguage\":\"es\",\"@id\":\"https:\/\/rednacionaldearte.com\/noticias\/cartelera-teatro-danza-cdmx\/#primaryimage\",\"url\":\"https:\/\/rednacionaldearte.com\/noticias\/wp-content\/uploads\/2017\/03\/Screen-Shot-2017-03-19-at-2.43.06-PM.png\",\"contentUrl\":\"https:\/\/rednacionaldearte.com\/noticias\/wp-content\/uploads\/2017\/03\/Screen-Shot-2017-03-19-at-2.43.06-PM.png\",\"width\":1268,\"height\":635},{\"@type\":\"BreadcrumbList\",\"@id\":\"https:\/\/rednacionaldearte.com\/noticias\/cartelera-teatro-danza-cdmx\/#breadcrumb\",\"itemListElement\":[{\"@type\":\"ListItem\",\"position\":1,\"name\":\"Home\",\"item\":\"http:\/\/rednacionaldearte.com\/noticias\/\"},{\"@type\":\"ListItem\",\"position\":2,\"name\":\"Conoce la nueva Cartelera de Teatro y Danza en la CDMX\"}]},{\"@type\":\"WebSite\",\"@id\":\"http:\/\/rednacionaldearte.com\/noticias\/#website\",\"url\":\"http:\/\/rednacionaldearte.com\/noticias\/\",\"name\":\"Red Nacional de Arte\",\"description\":\"Cultura y Arte contempor\u00e1neo en M\u00e9xico\",\"publisher\":{\"@id\":\"http:\/\/rednacionaldearte.com\/noticias\/#organization\"},\"potentialAction\":[{\"@type\":\"SearchAction\",\"target\":{\"@type\":\"EntryPoint\",\"urlTemplate\":\"http:\/\/rednacionaldearte.com\/noticias\/?s={search_term_string}\"},\"query-input\":{\"@type\":\"PropertyValueSpecification\",\"valueRequired\":true,\"valueName\":\"search_term_string\"}}],\"inLanguage\":\"es\"},{\"@type\":\"Organization\",\"@id\":\"http:\/\/rednacionaldearte.com\/noticias\/#organization\",\"name\":\"Red Nacional de Arte\",\"url\":\"http:\/\/rednacionaldearte.com\/noticias\/\",\"logo\":{\"@type\":\"ImageObject\",\"inLanguage\":\"es\",\"@id\":\"http:\/\/rednacionaldearte.com\/noticias\/#\/schema\/logo\/image\/\",\"url\":\"http:\/\/rednacionaldearte.com\/noticias\/wp-content\/uploads\/2016\/04\/logo.png\",\"contentUrl\":\"http:\/\/rednacionaldearte.com\/noticias\/wp-content\/uploads\/2016\/04\/logo.png\",\"width\":575,\"height\":554,\"caption\":\"Red Nacional de Arte\"},\"image\":{\"@id\":\"http:\/\/rednacionaldearte.com\/noticias\/#\/schema\/logo\/image\/\"},\"sameAs\":[\"http:\/\/www.facebook.com\/rednacionaldearte\/\",\"https:\/\/x.com\/rednacionalarte\"]},{\"@type\":\"Person\",\"@id\":\"http:\/\/rednacionaldearte.com\/noticias\/#\/schema\/person\/489d635082b1de413434d2708a3e5b9b\",\"name\":\"Redacci\u00f3n\",\"image\":{\"@type\":\"ImageObject\",\"inLanguage\":\"es\",\"@id\":\"https:\/\/secure.gravatar.com\/avatar\/1d1c30eaee7c2f6cfa13fb8502cb06839106cdf371b9953d50e4b572d0bfa3c7?s=96&d=mm&r=g\",\"url\":\"https:\/\/secure.gravatar.com\/avatar\/1d1c30eaee7c2f6cfa13fb8502cb06839106cdf371b9953d50e4b572d0bfa3c7?s=96&d=mm&r=g\",\"contentUrl\":\"https:\/\/secure.gravatar.com\/avatar\/1d1c30eaee7c2f6cfa13fb8502cb06839106cdf371b9953d50e4b572d0bfa3c7?s=96&d=mm&r=g\",\"caption\":\"Redacci\u00f3n\"},\"url\":\"https:\/\/rednacionaldearte.com\/noticias\/author\/adan\/\"}]}<\/script>\n<!-- \/ Yoast SEO plugin. -->","yoast_head_json":{"title":"Conoce la nueva Cartelera de Teatro y Danza en la CDMX - Red Nacional de Arte","robots":{"index":"index","follow":"follow","max-snippet":"max-snippet:-1","max-image-preview":"max-image-preview:large","max-video-preview":"max-video-preview:-1"},"canonical":"https:\/\/rednacionaldearte.com\/noticias\/cartelera-teatro-danza-cdmx\/","og_locale":"es_ES","og_type":"article","og_title":"Conoce la nueva Cartelera de Teatro y Danza en la CDMX - Red Nacional de Arte","og_description":"&nbsp; Red Nacional de Arte te invita a consultar su nueva cartelera de Teatro y Danza en la Ciudad de M\u00e9xico, en donde podr\u00e1s revisar\u00a0las obras present\u00e1ndose en distintos recintos de la capital. Adem\u00e1s de horarios, mapa con la ubicaci\u00f3n del teatro y costos, podr\u00e1s ver rese\u00f1as, votar y comentar cada obra. Si eres director, [&hellip;]","og_url":"https:\/\/rednacionaldearte.com\/noticias\/cartelera-teatro-danza-cdmx\/","og_site_name":"Red Nacional de Arte","article_publisher":"http:\/\/www.facebook.com\/rednacionaldearte\/","article_published_time":"2017-03-20T10:37:10+00:00","og_image":[{"width":1268,"height":635,"url":"http:\/\/rednacionaldearte.com\/noticias\/wp-content\/uploads\/2017\/03\/Screen-Shot-2017-03-19-at-2.43.06-PM.png","type":"image\/png"}],"author":"Redacci\u00f3n","twitter_card":"summary_large_image","twitter_creator":"@rednacionalarte","twitter_site":"@rednacionalarte","twitter_misc":{"Escrito por":"Redacci\u00f3n","Tiempo de lectura":"1 minuto"},"schema":{"@context":"https:\/\/schema.org","@graph":[{"@type":"Article","@id":"https:\/\/rednacionaldearte.com\/noticias\/cartelera-teatro-danza-cdmx\/#article","isPartOf":{"@id":"https:\/\/rednacionaldearte.com\/noticias\/cartelera-teatro-danza-cdmx\/"},"author":{"name":"Redacci\u00f3n","@id":"http:\/\/rednacionaldearte.com\/noticias\/#\/schema\/person\/489d635082b1de413434d2708a3e5b9b"},"headline":"Conoce la nueva Cartelera de Teatro y Danza en la CDMX","datePublished":"2017-03-20T10:37:10+00:00","mainEntityOfPage":{"@id":"https:\/\/rednacionaldearte.com\/noticias\/cartelera-teatro-danza-cdmx\/"},"wordCount":147,"publisher":{"@id":"http:\/\/rednacionaldearte.com\/noticias\/#organization"},"image":{"@id":"https:\/\/rednacionaldearte.com\/noticias\/cartelera-teatro-danza-cdmx\/#primaryimage"},"thumbnailUrl":"https:\/\/rednacionaldearte.com\/noticias\/wp-content\/uploads\/2017\/03\/Screen-Shot-2017-03-19-at-2.43.06-PM.png","keywords":["Cartelera de Danza","Cartelera de Teatro"],"articleSection":["Artes Esc\u00e9nicas","Danza","Performance","RNA","Teatro"],"inLanguage":"es"},{"@type":"WebPage","@id":"https:\/\/rednacionaldearte.com\/noticias\/cartelera-teatro-danza-cdmx\/","url":"https:\/\/rednacionaldearte.com\/noticias\/cartelera-teatro-danza-cdmx\/","name":"Conoce la nueva Cartelera de Teatro y Danza en la CDMX - Red Nacional de Arte","isPartOf":{"@id":"http:\/\/rednacionaldearte.com\/noticias\/#website"},"primaryImageOfPage":{"@id":"https:\/\/rednacionaldearte.com\/noticias\/cartelera-teatro-danza-cdmx\/#primaryimage"},"image":{"@id":"https:\/\/rednacionaldearte.com\/noticias\/cartelera-teatro-danza-cdmx\/#primaryimage"},"thumbnailUrl":"https:\/\/rednacionaldearte.com\/noticias\/wp-content\/uploads\/2017\/03\/Screen-Shot-2017-03-19-at-2.43.06-PM.png","datePublished":"2017-03-20T10:37:10+00:00","breadcrumb":{"@id":"https:\/\/rednacionaldearte.com\/noticias\/cartelera-teatro-danza-cdmx\/#breadcrumb"},"inLanguage":"es","potentialAction":[{"@type":"ReadAction","target":["https:\/\/rednacionaldearte.com\/noticias\/cartelera-teatro-danza-cdmx\/"]}]},{"@type":"ImageObject","inLanguage":"es","@id":"https:\/\/rednacionaldearte.com\/noticias\/cartelera-teatro-danza-cdmx\/#primaryimage","url":"https:\/\/rednacionaldearte.com\/noticias\/wp-content\/uploads\/2017\/03\/Screen-Shot-2017-03-19-at-2.43.06-PM.png","contentUrl":"https:\/\/rednacionaldearte.com\/noticias\/wp-content\/uploads\/2017\/03\/Screen-Shot-2017-03-19-at-2.43.06-PM.png","width":1268,"height":635},{"@type":"BreadcrumbList","@id":"https:\/\/rednacionaldearte.com\/noticias\/cartelera-teatro-danza-cdmx\/#breadcrumb","itemListElement":[{"@type":"ListItem","position":1,"name":"Home","item":"http:\/\/rednacionaldearte.com\/noticias\/"},{"@type":"ListItem","position":2,"name":"Conoce la nueva Cartelera de Teatro y Danza en la CDMX"}]},{"@type":"WebSite","@id":"http:\/\/rednacionaldearte.com\/noticias\/#website","url":"http:\/\/rednacionaldearte.com\/noticias\/","name":"Red Nacional de Arte","description":"Cultura y Arte contempor\u00e1neo en M\u00e9xico","publisher":{"@id":"http:\/\/rednacionaldearte.com\/noticias\/#organization"},"potentialAction":[{"@type":"SearchAction","target":{"@type":"EntryPoint","urlTemplate":"http:\/\/rednacionaldearte.com\/noticias\/?s={search_term_string}"},"query-input":{"@type":"PropertyValueSpecification","valueRequired":true,"valueName":"search_term_string"}}],"inLanguage":"es"},{"@type":"Organization","@id":"http:\/\/rednacionaldearte.com\/noticias\/#organization","name":"Red Nacional de Arte","url":"http:\/\/rednacionaldearte.com\/noticias\/","logo":{"@type":"ImageObject","inLanguage":"es","@id":"http:\/\/rednacionaldearte.com\/noticias\/#\/schema\/logo\/image\/","url":"http:\/\/rednacionaldearte.com\/noticias\/wp-content\/uploads\/2016\/04\/logo.png","contentUrl":"http:\/\/rednacionaldearte.com\/noticias\/wp-content\/uploads\/2016\/04\/logo.png","width":575,"height":554,"caption":"Red Nacional de Arte"},"image":{"@id":"http:\/\/rednacionaldearte.com\/noticias\/#\/schema\/logo\/image\/"},"sameAs":["http:\/\/www.facebook.com\/rednacionaldearte\/","https:\/\/x.com\/rednacionalarte"]},{"@type":"Person","@id":"http:\/\/rednacionaldearte.com\/noticias\/#\/schema\/person\/489d635082b1de413434d2708a3e5b9b","name":"Redacci\u00f3n","image":{"@type":"ImageObject","inLanguage":"es","@id":"https:\/\/secure.gravatar.com\/avatar\/1d1c30eaee7c2f6cfa13fb8502cb06839106cdf371b9953d50e4b572d0bfa3c7?s=96&d=mm&r=g","url":"https:\/\/secure.gravatar.com\/avatar\/1d1c30eaee7c2f6cfa13fb8502cb06839106cdf371b9953d50e4b572d0bfa3c7?s=96&d=mm&r=g","contentUrl":"https:\/\/secure.gravatar.com\/avatar\/1d1c30eaee7c2f6cfa13fb8502cb06839106cdf371b9953d50e4b572d0bfa3c7?s=96&d=mm&r=g","caption":"Redacci\u00f3n"},"url":"https:\/\/rednacionaldearte.com\/noticias\/author\/adan\/"}]}},"amp_validity":null,"amp_enabled":true,"_links":{"self":[{"href":"https:\/\/rednacionaldearte.com\/noticias\/wp-json\/wp\/v2\/posts\/517","targetHints":{"allow":["GET"]}}],"collection":[{"href":"https:\/\/rednacionaldearte.com\/noticias\/wp-json\/wp\/v2\/posts"}],"about":[{"href":"https:\/\/rednacionaldearte.com\/noticias\/wp-json\/wp\/v2\/types\/post"}],"author":[{"embeddable":true,"href":"https:\/\/rednacionaldearte.com\/noticias\/wp-json\/wp\/v2\/users\/1"}],"replies":[{"embeddable":true,"href":"https:\/\/rednacionaldearte.com\/noticias\/wp-json\/wp\/v2\/comments?post=517"}],"version-history":[{"count":2,"href":"https:\/\/rednacionaldearte.com\/noticias\/wp-json\/wp\/v2\/posts\/517\/revisions"}],"predecessor-version":[{"id":520,"href":"https:\/\/rednacionaldearte.com\/noticias\/wp-json\/wp\/v2\/posts\/517\/revisions\/520"}],"wp:featuredmedia":[{"embeddable":true,"href":"https:\/\/rednacionaldearte.com\/noticias\/wp-json\/wp\/v2\/media\/518"}],"wp:attachment":[{"href":"https:\/\/rednacionaldearte.com\/noticias\/wp-json\/wp\/v2\/media?parent=517"}],"wp:term":[{"taxonomy":"category","embeddable":true,"href":"https:\/\/rednacionaldearte.com\/noticias\/wp-json\/wp\/v2\/categories?post=517"},{"taxonomy":"post_tag","embeddable":true,"href":"https:\/\/rednacionaldearte.com\/noticias\/wp-json\/wp\/v2\/tags?post=517"}],"curies":[{"name":"wp","href":"https:\/\/api.w.org\/{rel}","templated":true}]}}