{"id":521,"date":"2017-03-31T10:21:28","date_gmt":"2017-03-31T10:21:28","guid":{"rendered":"http:\/\/rednacionaldearte.com\/noticias\/?p=521"},"modified":"2017-03-31T03:28:24","modified_gmt":"2017-03-31T03:28:24","slug":"convocatoria-apoyo-proyectos-digitales-arte","status":"publish","type":"post","link":"https:\/\/rednacionaldearte.com\/noticias\/convocatoria-apoyo-proyectos-digitales-arte\/","title":{"rendered":"Convocatoria Permanente: Apoyo a Desarrollo de Proyectos Digitales relacionados con el Arte"},"content":{"rendered":"<p>Red Nacional de Arte, plataforma para artistas, gestores, centros culturales, galer\u00edas y personas dedicadas al arte y la cultura, en su objetivo por impulsar el trabajo art\u00edstico, su divulgaci\u00f3n y programaci\u00f3n,\u00a0convoca a\u00a0todo interesado en presentar una idea para desarrollar un proyecto digital que tenga relaci\u00f3n con las artes esc\u00e9nicas, el cine, la literatura, las artes visuales o la gesti\u00f3n cultural en general y que resulte \u00fatil para\u00a0resolver un problema actual del arte.<\/p>\n<p>Se buscan startups, proyectos e ideas novedosas que no hayan entrado a su fase de desarrollo o se encuentren en una etapa temprana. Algunos ejemplos de lo que estamos buscando son: ideas de plataformas web \u00fatiles para festivales y programadores, nuevas formas en\u00a0que los artistas puedan comercializar su obra con facilidad, opciones digitales que incrementen la infraestructura en teatros y recintos culturales (como sistemas de ticketing para foros independientes),\u00a0proyectos que apoyen el\u00a0proceso de pre-producci\u00f3n, producci\u00f3n o distribuci\u00f3n de la obra, etc\u00e9tera.<\/p>\n<p>Podr\u00e1 participar cualquier persona de cualquier nacionalidad (mientras la colaboraci\u00f3n internacional resulte viable), edad o sexo con cualquier\u00a0proyecto de car\u00e1cter digital que resuelva una problem\u00e1tica art\u00edstica. Se dar\u00e1 preferencia a proyectos enfocados en la web.<\/p>\n<p>Para la presentaci\u00f3n de los mismos, se requiere hacer llegar una descripci\u00f3n de m\u00e1ximo 2 p\u00e1ginas en un documento PDF al correo <strong>proyectos@rednacionaldearte.com<\/strong>.<\/p>\n<p>Red Nacional de Arte proveer\u00e1 de los servidores, programaci\u00f3n y dise\u00f1o requeridos para la realizaci\u00f3n del proyecto. Se negociar\u00e1 cualquier otro tipo tipo de requerimientos que el interesado no sea capaz de proveer.<\/p>\n<p>El apoyo a proyectos ser\u00e1 tratado a manera de co-producci\u00f3n, por lo que se espera que tanto Red Nacional de Arte como el o los interesados est\u00e9n dispuestos a realizar una inversi\u00f3n, ya sea econ\u00f3mica o en especie.<\/p>\n<p>Debido a la cantidad de solicitudes esperadas, s\u00f3lo se responder\u00e1n los mails con proyectos que resulten factibles, novedosos y sustentables.<\/p>\n<p>\u00a1Esperamos tu proyecto!<\/p>\n","protected":false},"excerpt":{"rendered":"<p>Red Nacional de Arte, plataforma para artistas, gestores, centros culturales, galer\u00edas y personas dedicadas al arte y la cultura, en su objetivo por impulsar el trabajo art\u00edstico, su divulgaci\u00f3n y programaci\u00f3n,\u00a0convoca a\u00a0todo interesado en presentar una idea para desarrollar un proyecto digital que tenga relaci\u00f3n con las artes esc\u00e9nicas, el cine, la literatura, las artes [&hellip;]<\/p>\n","protected":false},"author":1,"featured_media":0,"comment_status":"closed","ping_status":"open","sticky":false,"template":"","format":"standard","meta":{"footnotes":""},"categories":[1],"tags":[],"class_list":["post-521","post","type-post","status-publish","format-standard","hentry","category-uncategorized"],"yoast_head":"<!-- This site is optimized with the Yoast SEO plugin v27.2 - https:\/\/yoast.com\/product\/yoast-seo-wordpress\/ -->\n<title>Convocatoria Permanente: Apoyo a Desarrollo de Proyectos Digitales relacionados con el Arte - Red Nacional de Arte<\/title>\n<meta name=\"robots\" content=\"index, follow, max-snippet:-1, max-image-preview:large, max-video-preview:-1\" \/>\n<link rel=\"canonical\" href=\"http:\/\/rednacionaldearte.com\/noticias\/convocatoria-apoyo-proyectos-digitales-arte\/\" \/>\n<meta property=\"og:locale\" content=\"es_ES\" \/>\n<meta property=\"og:type\" content=\"article\" \/>\n<meta property=\"og:title\" content=\"Convocatoria Permanente: Apoyo a Desarrollo de Proyectos Digitales relacionados con el Arte - Red Nacional de Arte\" \/>\n<meta property=\"og:description\" content=\"Red Nacional de Arte, plataforma para artistas, gestores, centros culturales, galer\u00edas y personas dedicadas al arte y la cultura, en su objetivo por impulsar el trabajo art\u00edstico, su divulgaci\u00f3n y programaci\u00f3n,\u00a0convoca a\u00a0todo interesado en presentar una idea para desarrollar un proyecto digital que tenga relaci\u00f3n con las artes esc\u00e9nicas, el cine, la literatura, las artes [&hellip;]\" \/>\n<meta property=\"og:url\" content=\"http:\/\/rednacionaldearte.com\/noticias\/convocatoria-apoyo-proyectos-digitales-arte\/\" \/>\n<meta property=\"og:site_name\" content=\"Red Nacional de Arte\" \/>\n<meta property=\"article:publisher\" content=\"http:\/\/www.facebook.com\/rednacionaldearte\/\" \/>\n<meta property=\"article:published_time\" content=\"2017-03-31T10:21:28+00:00\" \/>\n<meta name=\"author\" content=\"Redacci\u00f3n\" \/>\n<meta name=\"twitter:card\" content=\"summary_large_image\" \/>\n<meta name=\"twitter:creator\" content=\"@rednacionalarte\" \/>\n<meta name=\"twitter:site\" content=\"@rednacionalarte\" \/>\n<meta name=\"twitter:label1\" content=\"Escrito por\" \/>\n\t<meta name=\"twitter:data1\" content=\"Redacci\u00f3n\" \/>\n\t<meta name=\"twitter:label2\" content=\"Tiempo de lectura\" \/>\n\t<meta name=\"twitter:data2\" content=\"2 minutos\" \/>\n<script type=\"application\/ld+json\" class=\"yoast-schema-graph\">{\"@context\":\"https:\/\/schema.org\",\"@graph\":[{\"@type\":\"Article\",\"@id\":\"http:\/\/rednacionaldearte.com\/noticias\/convocatoria-apoyo-proyectos-digitales-arte\/#article\",\"isPartOf\":{\"@id\":\"http:\/\/rednacionaldearte.com\/noticias\/convocatoria-apoyo-proyectos-digitales-arte\/\"},\"author\":{\"name\":\"Redacci\u00f3n\",\"@id\":\"http:\/\/rednacionaldearte.com\/noticias\/#\/schema\/person\/489d635082b1de413434d2708a3e5b9b\"},\"headline\":\"Convocatoria Permanente: Apoyo a Desarrollo de Proyectos Digitales relacionados con el Arte\",\"datePublished\":\"2017-03-31T10:21:28+00:00\",\"mainEntityOfPage\":{\"@id\":\"http:\/\/rednacionaldearte.com\/noticias\/convocatoria-apoyo-proyectos-digitales-arte\/\"},\"wordCount\":353,\"publisher\":{\"@id\":\"http:\/\/rednacionaldearte.com\/noticias\/#organization\"},\"articleSection\":[\"Uncategorized\"],\"inLanguage\":\"es\"},{\"@type\":\"WebPage\",\"@id\":\"http:\/\/rednacionaldearte.com\/noticias\/convocatoria-apoyo-proyectos-digitales-arte\/\",\"url\":\"http:\/\/rednacionaldearte.com\/noticias\/convocatoria-apoyo-proyectos-digitales-arte\/\",\"name\":\"Convocatoria Permanente: Apoyo a Desarrollo de Proyectos Digitales relacionados con el Arte - Red Nacional de Arte\",\"isPartOf\":{\"@id\":\"http:\/\/rednacionaldearte.com\/noticias\/#website\"},\"datePublished\":\"2017-03-31T10:21:28+00:00\",\"breadcrumb\":{\"@id\":\"http:\/\/rednacionaldearte.com\/noticias\/convocatoria-apoyo-proyectos-digitales-arte\/#breadcrumb\"},\"inLanguage\":\"es\",\"potentialAction\":[{\"@type\":\"ReadAction\",\"target\":[\"http:\/\/rednacionaldearte.com\/noticias\/convocatoria-apoyo-proyectos-digitales-arte\/\"]}]},{\"@type\":\"BreadcrumbList\",\"@id\":\"http:\/\/rednacionaldearte.com\/noticias\/convocatoria-apoyo-proyectos-digitales-arte\/#breadcrumb\",\"itemListElement\":[{\"@type\":\"ListItem\",\"position\":1,\"name\":\"Home\",\"item\":\"http:\/\/rednacionaldearte.com\/noticias\/\"},{\"@type\":\"ListItem\",\"position\":2,\"name\":\"Convocatoria Permanente: Apoyo a Desarrollo de Proyectos Digitales relacionados con el Arte\"}]},{\"@type\":\"WebSite\",\"@id\":\"http:\/\/rednacionaldearte.com\/noticias\/#website\",\"url\":\"http:\/\/rednacionaldearte.com\/noticias\/\",\"name\":\"Red Nacional de Arte\",\"description\":\"Cultura y Arte contempor\u00e1neo en M\u00e9xico\",\"publisher\":{\"@id\":\"http:\/\/rednacionaldearte.com\/noticias\/#organization\"},\"potentialAction\":[{\"@type\":\"SearchAction\",\"target\":{\"@type\":\"EntryPoint\",\"urlTemplate\":\"http:\/\/rednacionaldearte.com\/noticias\/?s={search_term_string}\"},\"query-input\":{\"@type\":\"PropertyValueSpecification\",\"valueRequired\":true,\"valueName\":\"search_term_string\"}}],\"inLanguage\":\"es\"},{\"@type\":\"Organization\",\"@id\":\"http:\/\/rednacionaldearte.com\/noticias\/#organization\",\"name\":\"Red Nacional de Arte\",\"url\":\"http:\/\/rednacionaldearte.com\/noticias\/\",\"logo\":{\"@type\":\"ImageObject\",\"inLanguage\":\"es\",\"@id\":\"http:\/\/rednacionaldearte.com\/noticias\/#\/schema\/logo\/image\/\",\"url\":\"http:\/\/rednacionaldearte.com\/noticias\/wp-content\/uploads\/2016\/04\/logo.png\",\"contentUrl\":\"http:\/\/rednacionaldearte.com\/noticias\/wp-content\/uploads\/2016\/04\/logo.png\",\"width\":575,\"height\":554,\"caption\":\"Red Nacional de Arte\"},\"image\":{\"@id\":\"http:\/\/rednacionaldearte.com\/noticias\/#\/schema\/logo\/image\/\"},\"sameAs\":[\"http:\/\/www.facebook.com\/rednacionaldearte\/\",\"https:\/\/x.com\/rednacionalarte\"]},{\"@type\":\"Person\",\"@id\":\"http:\/\/rednacionaldearte.com\/noticias\/#\/schema\/person\/489d635082b1de413434d2708a3e5b9b\",\"name\":\"Redacci\u00f3n\",\"image\":{\"@type\":\"ImageObject\",\"inLanguage\":\"es\",\"@id\":\"https:\/\/secure.gravatar.com\/avatar\/1d1c30eaee7c2f6cfa13fb8502cb06839106cdf371b9953d50e4b572d0bfa3c7?s=96&d=mm&r=g\",\"url\":\"https:\/\/secure.gravatar.com\/avatar\/1d1c30eaee7c2f6cfa13fb8502cb06839106cdf371b9953d50e4b572d0bfa3c7?s=96&d=mm&r=g\",\"contentUrl\":\"https:\/\/secure.gravatar.com\/avatar\/1d1c30eaee7c2f6cfa13fb8502cb06839106cdf371b9953d50e4b572d0bfa3c7?s=96&d=mm&r=g\",\"caption\":\"Redacci\u00f3n\"},\"url\":\"https:\/\/rednacionaldearte.com\/noticias\/author\/adan\/\"}]}<\/script>\n<!-- \/ Yoast SEO plugin. -->","yoast_head_json":{"title":"Convocatoria Permanente: Apoyo a Desarrollo de Proyectos Digitales relacionados con el Arte - Red Nacional de Arte","robots":{"index":"index","follow":"follow","max-snippet":"max-snippet:-1","max-image-preview":"max-image-preview:large","max-video-preview":"max-video-preview:-1"},"canonical":"http:\/\/rednacionaldearte.com\/noticias\/convocatoria-apoyo-proyectos-digitales-arte\/","og_locale":"es_ES","og_type":"article","og_title":"Convocatoria Permanente: Apoyo a Desarrollo de Proyectos Digitales relacionados con el Arte - Red Nacional de Arte","og_description":"Red Nacional de Arte, plataforma para artistas, gestores, centros culturales, galer\u00edas y personas dedicadas al arte y la cultura, en su objetivo por impulsar el trabajo art\u00edstico, su divulgaci\u00f3n y programaci\u00f3n,\u00a0convoca a\u00a0todo interesado en presentar una idea para desarrollar un proyecto digital que tenga relaci\u00f3n con las artes esc\u00e9nicas, el cine, la literatura, las artes [&hellip;]","og_url":"http:\/\/rednacionaldearte.com\/noticias\/convocatoria-apoyo-proyectos-digitales-arte\/","og_site_name":"Red Nacional de Arte","article_publisher":"http:\/\/www.facebook.com\/rednacionaldearte\/","article_published_time":"2017-03-31T10:21:28+00:00","author":"Redacci\u00f3n","twitter_card":"summary_large_image","twitter_creator":"@rednacionalarte","twitter_site":"@rednacionalarte","twitter_misc":{"Escrito por":"Redacci\u00f3n","Tiempo de lectura":"2 minutos"},"schema":{"@context":"https:\/\/schema.org","@graph":[{"@type":"Article","@id":"http:\/\/rednacionaldearte.com\/noticias\/convocatoria-apoyo-proyectos-digitales-arte\/#article","isPartOf":{"@id":"http:\/\/rednacionaldearte.com\/noticias\/convocatoria-apoyo-proyectos-digitales-arte\/"},"author":{"name":"Redacci\u00f3n","@id":"http:\/\/rednacionaldearte.com\/noticias\/#\/schema\/person\/489d635082b1de413434d2708a3e5b9b"},"headline":"Convocatoria Permanente: Apoyo a Desarrollo de Proyectos Digitales relacionados con el Arte","datePublished":"2017-03-31T10:21:28+00:00","mainEntityOfPage":{"@id":"http:\/\/rednacionaldearte.com\/noticias\/convocatoria-apoyo-proyectos-digitales-arte\/"},"wordCount":353,"publisher":{"@id":"http:\/\/rednacionaldearte.com\/noticias\/#organization"},"articleSection":["Uncategorized"],"inLanguage":"es"},{"@type":"WebPage","@id":"http:\/\/rednacionaldearte.com\/noticias\/convocatoria-apoyo-proyectos-digitales-arte\/","url":"http:\/\/rednacionaldearte.com\/noticias\/convocatoria-apoyo-proyectos-digitales-arte\/","name":"Convocatoria Permanente: Apoyo a Desarrollo de Proyectos Digitales relacionados con el Arte - Red Nacional de Arte","isPartOf":{"@id":"http:\/\/rednacionaldearte.com\/noticias\/#website"},"datePublished":"2017-03-31T10:21:28+00:00","breadcrumb":{"@id":"http:\/\/rednacionaldearte.com\/noticias\/convocatoria-apoyo-proyectos-digitales-arte\/#breadcrumb"},"inLanguage":"es","potentialAction":[{"@type":"ReadAction","target":["http:\/\/rednacionaldearte.com\/noticias\/convocatoria-apoyo-proyectos-digitales-arte\/"]}]},{"@type":"BreadcrumbList","@id":"http:\/\/rednacionaldearte.com\/noticias\/convocatoria-apoyo-proyectos-digitales-arte\/#breadcrumb","itemListElement":[{"@type":"ListItem","position":1,"name":"Home","item":"http:\/\/rednacionaldearte.com\/noticias\/"},{"@type":"ListItem","position":2,"name":"Convocatoria Permanente: Apoyo a Desarrollo de Proyectos Digitales relacionados con el Arte"}]},{"@type":"WebSite","@id":"http:\/\/rednacionaldearte.com\/noticias\/#website","url":"http:\/\/rednacionaldearte.com\/noticias\/","name":"Red Nacional de Arte","description":"Cultura y Arte contempor\u00e1neo en M\u00e9xico","publisher":{"@id":"http:\/\/rednacionaldearte.com\/noticias\/#organization"},"potentialAction":[{"@type":"SearchAction","target":{"@type":"EntryPoint","urlTemplate":"http:\/\/rednacionaldearte.com\/noticias\/?s={search_term_string}"},"query-input":{"@type":"PropertyValueSpecification","valueRequired":true,"valueName":"search_term_string"}}],"inLanguage":"es"},{"@type":"Organization","@id":"http:\/\/rednacionaldearte.com\/noticias\/#organization","name":"Red Nacional de Arte","url":"http:\/\/rednacionaldearte.com\/noticias\/","logo":{"@type":"ImageObject","inLanguage":"es","@id":"http:\/\/rednacionaldearte.com\/noticias\/#\/schema\/logo\/image\/","url":"http:\/\/rednacionaldearte.com\/noticias\/wp-content\/uploads\/2016\/04\/logo.png","contentUrl":"http:\/\/rednacionaldearte.com\/noticias\/wp-content\/uploads\/2016\/04\/logo.png","width":575,"height":554,"caption":"Red Nacional de Arte"},"image":{"@id":"http:\/\/rednacionaldearte.com\/noticias\/#\/schema\/logo\/image\/"},"sameAs":["http:\/\/www.facebook.com\/rednacionaldearte\/","https:\/\/x.com\/rednacionalarte"]},{"@type":"Person","@id":"http:\/\/rednacionaldearte.com\/noticias\/#\/schema\/person\/489d635082b1de413434d2708a3e5b9b","name":"Redacci\u00f3n","image":{"@type":"ImageObject","inLanguage":"es","@id":"https:\/\/secure.gravatar.com\/avatar\/1d1c30eaee7c2f6cfa13fb8502cb06839106cdf371b9953d50e4b572d0bfa3c7?s=96&d=mm&r=g","url":"https:\/\/secure.gravatar.com\/avatar\/1d1c30eaee7c2f6cfa13fb8502cb06839106cdf371b9953d50e4b572d0bfa3c7?s=96&d=mm&r=g","contentUrl":"https:\/\/secure.gravatar.com\/avatar\/1d1c30eaee7c2f6cfa13fb8502cb06839106cdf371b9953d50e4b572d0bfa3c7?s=96&d=mm&r=g","caption":"Redacci\u00f3n"},"url":"https:\/\/rednacionaldearte.com\/noticias\/author\/adan\/"}]}},"amp_validity":null,"amp_enabled":true,"_links":{"self":[{"href":"https:\/\/rednacionaldearte.com\/noticias\/wp-json\/wp\/v2\/posts\/521","targetHints":{"allow":["GET"]}}],"collection":[{"href":"https:\/\/rednacionaldearte.com\/noticias\/wp-json\/wp\/v2\/posts"}],"about":[{"href":"https:\/\/rednacionaldearte.com\/noticias\/wp-json\/wp\/v2\/types\/post"}],"author":[{"embeddable":true,"href":"https:\/\/rednacionaldearte.com\/noticias\/wp-json\/wp\/v2\/users\/1"}],"replies":[{"embeddable":true,"href":"https:\/\/rednacionaldearte.com\/noticias\/wp-json\/wp\/v2\/comments?post=521"}],"version-history":[{"count":3,"href":"https:\/\/rednacionaldearte.com\/noticias\/wp-json\/wp\/v2\/posts\/521\/revisions"}],"predecessor-version":[{"id":541,"href":"https:\/\/rednacionaldearte.com\/noticias\/wp-json\/wp\/v2\/posts\/521\/revisions\/541"}],"wp:attachment":[{"href":"https:\/\/rednacionaldearte.com\/noticias\/wp-json\/wp\/v2\/media?parent=521"}],"wp:term":[{"taxonomy":"category","embeddable":true,"href":"https:\/\/rednacionaldearte.com\/noticias\/wp-json\/wp\/v2\/categories?post=521"},{"taxonomy":"post_tag","embeddable":true,"href":"https:\/\/rednacionaldearte.com\/noticias\/wp-json\/wp\/v2\/tags?post=521"}],"curies":[{"name":"wp","href":"https:\/\/api.w.org\/{rel}","templated":true}]}}