{"id":536,"date":"2017-03-27T11:00:43","date_gmt":"2017-03-27T11:00:43","guid":{"rendered":"http:\/\/rednacionaldearte.com\/noticias\/?p=536"},"modified":"2017-03-27T06:10:02","modified_gmt":"2017-03-27T06:10:02","slug":"yves-klein-muac-mexico","status":"publish","type":"post","link":"https:\/\/rednacionaldearte.com\/noticias\/yves-klein-muac-mexico\/","title":{"rendered":"Retrospectiva de Yves Klein llegar\u00e1 al MUAC"},"content":{"rendered":"<p><a href=\"http:\/\/rednacionaldearte.com\/noticias\/wp-content\/uploads\/2017\/03\/Yves-Klein.jpg\"><img loading=\"lazy\" decoding=\"async\" class=\"size-full wp-image-537\" src=\"http:\/\/rednacionaldearte.com\/noticias\/wp-content\/uploads\/2017\/03\/Yves-Klein.jpg\" alt=\"\" width=\"1280\" height=\"720\" srcset=\"https:\/\/rednacionaldearte.com\/noticias\/wp-content\/uploads\/2017\/03\/Yves-Klein.jpg 1280w, https:\/\/rednacionaldearte.com\/noticias\/wp-content\/uploads\/2017\/03\/Yves-Klein-300x169.jpg 300w, https:\/\/rednacionaldearte.com\/noticias\/wp-content\/uploads\/2017\/03\/Yves-Klein-768x432.jpg 768w, https:\/\/rednacionaldearte.com\/noticias\/wp-content\/uploads\/2017\/03\/Yves-Klein-1024x576.jpg 1024w\" sizes=\"auto, (max-width: 1280px) 100vw, 1280px\" \/><\/a><\/p>\n<p>Luego de pasar por\u00a0Buenos Aires,\u00a0la primera gran exposici\u00f3n\u00a0de Yves Klein en Latinoam\u00e9rica estar\u00e1 llegando a M\u00e9xico\u00a0el\u00a026 de agosto para permanecer hasta el 18 de enero de 2018 en el Museo Universitario de Arte Contempor\u00e1neo.<\/p>\n<p>La muestra estar\u00e1 compuesta por alrededor de setenta piezas, m\u00e1s de cien\u00a0fotograf\u00edas y algunos documentos sobre el artista franc\u00e9s, considerado uno de los precursores del arte contempor\u00e1neo y gran influencia en los movimientos minimalista, pop, body art, performance y arte acci\u00f3n.<\/p>\n<p>Klein muri\u00f3 en 1962, a la edad de 34 a\u00f1os. Dentro de su obra resalta la creaci\u00f3n del International Klein Blue, un color que estar\u00eda presente en sus obras m\u00e1s relevantes. Esta es una de las exposiciones m\u00e1s esperadas del a\u00f1o. Despu\u00e9s de Kapoor, el MUAC contin\u00faa demostrando que cuenta con la infraestructura requerida para posicionarse como uno de los museos de arte contempor\u00e1neo m\u00e1s importantes de Am\u00e9rica Latina.<\/p>\n<div class=\"crp_related\" style=\"font-size: 10px;\">Foto:\u00a0THOMAS LOHNES\/AFP\/Getty Images.<\/div>\n","protected":false},"excerpt":{"rendered":"<p>Luego de pasar por\u00a0Buenos Aires,\u00a0la primera gran exposici\u00f3n\u00a0de Yves Klein en Latinoam\u00e9rica estar\u00e1 llegando a M\u00e9xico\u00a0el\u00a026 de agosto para permanecer hasta el 18 de enero de 2018 en el Museo Universitario de Arte Contempor\u00e1neo. La muestra estar\u00e1 compuesta por alrededor de setenta piezas, m\u00e1s de cien\u00a0fotograf\u00edas y algunos documentos sobre el artista franc\u00e9s, considerado uno [&hellip;]<\/p>\n","protected":false},"author":1,"featured_media":537,"comment_status":"closed","ping_status":"open","sticky":false,"template":"","format":"standard","meta":{"footnotes":""},"categories":[85,59,119,86],"tags":[],"class_list":["post-536","post","type-post","status-publish","format-standard","has-post-thumbnail","hentry","category-arte-contemporaneo","category-artes-visuales","category-exposiciones","category-performance"],"yoast_head":"<!-- This site is optimized with the Yoast SEO plugin v27.2 - https:\/\/yoast.com\/product\/yoast-seo-wordpress\/ -->\n<title>Retrospectiva de Yves Klein llegar\u00e1 al MUAC - Red Nacional de Arte<\/title>\n<meta name=\"robots\" content=\"index, follow, max-snippet:-1, max-image-preview:large, max-video-preview:-1\" \/>\n<link rel=\"canonical\" href=\"https:\/\/rednacionaldearte.com\/noticias\/yves-klein-muac-mexico\/\" \/>\n<meta property=\"og:locale\" content=\"es_ES\" \/>\n<meta property=\"og:type\" content=\"article\" \/>\n<meta property=\"og:title\" content=\"Retrospectiva de Yves Klein llegar\u00e1 al MUAC - Red Nacional de Arte\" \/>\n<meta property=\"og:description\" content=\"Luego de pasar por\u00a0Buenos Aires,\u00a0la primera gran exposici\u00f3n\u00a0de Yves Klein en Latinoam\u00e9rica estar\u00e1 llegando a M\u00e9xico\u00a0el\u00a026 de agosto para permanecer hasta el 18 de enero de 2018 en el Museo Universitario de Arte Contempor\u00e1neo. La muestra estar\u00e1 compuesta por alrededor de setenta piezas, m\u00e1s de cien\u00a0fotograf\u00edas y algunos documentos sobre el artista franc\u00e9s, considerado uno [&hellip;]\" \/>\n<meta property=\"og:url\" content=\"https:\/\/rednacionaldearte.com\/noticias\/yves-klein-muac-mexico\/\" \/>\n<meta property=\"og:site_name\" content=\"Red Nacional de Arte\" \/>\n<meta property=\"article:publisher\" content=\"http:\/\/www.facebook.com\/rednacionaldearte\/\" \/>\n<meta property=\"article:published_time\" content=\"2017-03-27T11:00:43+00:00\" \/>\n<meta property=\"og:image\" content=\"https:\/\/rednacionaldearte.com\/noticias\/wp-content\/uploads\/2017\/03\/Yves-Klein.jpg\" \/>\n\t<meta property=\"og:image:width\" content=\"1280\" \/>\n\t<meta property=\"og:image:height\" content=\"720\" \/>\n\t<meta property=\"og:image:type\" content=\"image\/jpeg\" \/>\n<meta name=\"author\" content=\"Redacci\u00f3n\" \/>\n<meta name=\"twitter:card\" content=\"summary_large_image\" \/>\n<meta name=\"twitter:creator\" content=\"@rednacionalarte\" \/>\n<meta name=\"twitter:site\" content=\"@rednacionalarte\" \/>\n<meta name=\"twitter:label1\" content=\"Escrito por\" \/>\n\t<meta name=\"twitter:data1\" content=\"Redacci\u00f3n\" \/>\n\t<meta name=\"twitter:label2\" content=\"Tiempo de lectura\" \/>\n\t<meta name=\"twitter:data2\" content=\"1 minuto\" \/>\n<script type=\"application\/ld+json\" class=\"yoast-schema-graph\">{\"@context\":\"https:\/\/schema.org\",\"@graph\":[{\"@type\":\"Article\",\"@id\":\"https:\/\/rednacionaldearte.com\/noticias\/yves-klein-muac-mexico\/#article\",\"isPartOf\":{\"@id\":\"https:\/\/rednacionaldearte.com\/noticias\/yves-klein-muac-mexico\/\"},\"author\":{\"name\":\"Redacci\u00f3n\",\"@id\":\"http:\/\/rednacionaldearte.com\/noticias\/#\/schema\/person\/489d635082b1de413434d2708a3e5b9b\"},\"headline\":\"Retrospectiva de Yves Klein llegar\u00e1 al MUAC\",\"datePublished\":\"2017-03-27T11:00:43+00:00\",\"mainEntityOfPage\":{\"@id\":\"https:\/\/rednacionaldearte.com\/noticias\/yves-klein-muac-mexico\/\"},\"wordCount\":178,\"publisher\":{\"@id\":\"http:\/\/rednacionaldearte.com\/noticias\/#organization\"},\"image\":{\"@id\":\"https:\/\/rednacionaldearte.com\/noticias\/yves-klein-muac-mexico\/#primaryimage\"},\"thumbnailUrl\":\"https:\/\/rednacionaldearte.com\/noticias\/wp-content\/uploads\/2017\/03\/Yves-Klein.jpg\",\"articleSection\":[\"Arte Contempor\u00e1neo\",\"Artes Visuales\",\"Exposiciones\",\"Performance\"],\"inLanguage\":\"es\"},{\"@type\":\"WebPage\",\"@id\":\"https:\/\/rednacionaldearte.com\/noticias\/yves-klein-muac-mexico\/\",\"url\":\"https:\/\/rednacionaldearte.com\/noticias\/yves-klein-muac-mexico\/\",\"name\":\"Retrospectiva de Yves Klein llegar\u00e1 al MUAC - Red Nacional de Arte\",\"isPartOf\":{\"@id\":\"http:\/\/rednacionaldearte.com\/noticias\/#website\"},\"primaryImageOfPage\":{\"@id\":\"https:\/\/rednacionaldearte.com\/noticias\/yves-klein-muac-mexico\/#primaryimage\"},\"image\":{\"@id\":\"https:\/\/rednacionaldearte.com\/noticias\/yves-klein-muac-mexico\/#primaryimage\"},\"thumbnailUrl\":\"https:\/\/rednacionaldearte.com\/noticias\/wp-content\/uploads\/2017\/03\/Yves-Klein.jpg\",\"datePublished\":\"2017-03-27T11:00:43+00:00\",\"breadcrumb\":{\"@id\":\"https:\/\/rednacionaldearte.com\/noticias\/yves-klein-muac-mexico\/#breadcrumb\"},\"inLanguage\":\"es\",\"potentialAction\":[{\"@type\":\"ReadAction\",\"target\":[\"https:\/\/rednacionaldearte.com\/noticias\/yves-klein-muac-mexico\/\"]}]},{\"@type\":\"ImageObject\",\"inLanguage\":\"es\",\"@id\":\"https:\/\/rednacionaldearte.com\/noticias\/yves-klein-muac-mexico\/#primaryimage\",\"url\":\"https:\/\/rednacionaldearte.com\/noticias\/wp-content\/uploads\/2017\/03\/Yves-Klein.jpg\",\"contentUrl\":\"https:\/\/rednacionaldearte.com\/noticias\/wp-content\/uploads\/2017\/03\/Yves-Klein.jpg\",\"width\":1280,\"height\":720},{\"@type\":\"BreadcrumbList\",\"@id\":\"https:\/\/rednacionaldearte.com\/noticias\/yves-klein-muac-mexico\/#breadcrumb\",\"itemListElement\":[{\"@type\":\"ListItem\",\"position\":1,\"name\":\"Home\",\"item\":\"http:\/\/rednacionaldearte.com\/noticias\/\"},{\"@type\":\"ListItem\",\"position\":2,\"name\":\"Retrospectiva de Yves Klein llegar\u00e1 al MUAC\"}]},{\"@type\":\"WebSite\",\"@id\":\"http:\/\/rednacionaldearte.com\/noticias\/#website\",\"url\":\"http:\/\/rednacionaldearte.com\/noticias\/\",\"name\":\"Red Nacional de Arte\",\"description\":\"Cultura y Arte contempor\u00e1neo en M\u00e9xico\",\"publisher\":{\"@id\":\"http:\/\/rednacionaldearte.com\/noticias\/#organization\"},\"potentialAction\":[{\"@type\":\"SearchAction\",\"target\":{\"@type\":\"EntryPoint\",\"urlTemplate\":\"http:\/\/rednacionaldearte.com\/noticias\/?s={search_term_string}\"},\"query-input\":{\"@type\":\"PropertyValueSpecification\",\"valueRequired\":true,\"valueName\":\"search_term_string\"}}],\"inLanguage\":\"es\"},{\"@type\":\"Organization\",\"@id\":\"http:\/\/rednacionaldearte.com\/noticias\/#organization\",\"name\":\"Red Nacional de Arte\",\"url\":\"http:\/\/rednacionaldearte.com\/noticias\/\",\"logo\":{\"@type\":\"ImageObject\",\"inLanguage\":\"es\",\"@id\":\"http:\/\/rednacionaldearte.com\/noticias\/#\/schema\/logo\/image\/\",\"url\":\"http:\/\/rednacionaldearte.com\/noticias\/wp-content\/uploads\/2016\/04\/logo.png\",\"contentUrl\":\"http:\/\/rednacionaldearte.com\/noticias\/wp-content\/uploads\/2016\/04\/logo.png\",\"width\":575,\"height\":554,\"caption\":\"Red Nacional de Arte\"},\"image\":{\"@id\":\"http:\/\/rednacionaldearte.com\/noticias\/#\/schema\/logo\/image\/\"},\"sameAs\":[\"http:\/\/www.facebook.com\/rednacionaldearte\/\",\"https:\/\/x.com\/rednacionalarte\"]},{\"@type\":\"Person\",\"@id\":\"http:\/\/rednacionaldearte.com\/noticias\/#\/schema\/person\/489d635082b1de413434d2708a3e5b9b\",\"name\":\"Redacci\u00f3n\",\"image\":{\"@type\":\"ImageObject\",\"inLanguage\":\"es\",\"@id\":\"https:\/\/secure.gravatar.com\/avatar\/1d1c30eaee7c2f6cfa13fb8502cb06839106cdf371b9953d50e4b572d0bfa3c7?s=96&d=mm&r=g\",\"url\":\"https:\/\/secure.gravatar.com\/avatar\/1d1c30eaee7c2f6cfa13fb8502cb06839106cdf371b9953d50e4b572d0bfa3c7?s=96&d=mm&r=g\",\"contentUrl\":\"https:\/\/secure.gravatar.com\/avatar\/1d1c30eaee7c2f6cfa13fb8502cb06839106cdf371b9953d50e4b572d0bfa3c7?s=96&d=mm&r=g\",\"caption\":\"Redacci\u00f3n\"},\"url\":\"https:\/\/rednacionaldearte.com\/noticias\/author\/adan\/\"}]}<\/script>\n<!-- \/ Yoast SEO plugin. -->","yoast_head_json":{"title":"Retrospectiva de Yves Klein llegar\u00e1 al MUAC - Red Nacional de Arte","robots":{"index":"index","follow":"follow","max-snippet":"max-snippet:-1","max-image-preview":"max-image-preview:large","max-video-preview":"max-video-preview:-1"},"canonical":"https:\/\/rednacionaldearte.com\/noticias\/yves-klein-muac-mexico\/","og_locale":"es_ES","og_type":"article","og_title":"Retrospectiva de Yves Klein llegar\u00e1 al MUAC - Red Nacional de Arte","og_description":"Luego de pasar por\u00a0Buenos Aires,\u00a0la primera gran exposici\u00f3n\u00a0de Yves Klein en Latinoam\u00e9rica estar\u00e1 llegando a M\u00e9xico\u00a0el\u00a026 de agosto para permanecer hasta el 18 de enero de 2018 en el Museo Universitario de Arte Contempor\u00e1neo. La muestra estar\u00e1 compuesta por alrededor de setenta piezas, m\u00e1s de cien\u00a0fotograf\u00edas y algunos documentos sobre el artista franc\u00e9s, considerado uno [&hellip;]","og_url":"https:\/\/rednacionaldearte.com\/noticias\/yves-klein-muac-mexico\/","og_site_name":"Red Nacional de Arte","article_publisher":"http:\/\/www.facebook.com\/rednacionaldearte\/","article_published_time":"2017-03-27T11:00:43+00:00","og_image":[{"width":1280,"height":720,"url":"https:\/\/rednacionaldearte.com\/noticias\/wp-content\/uploads\/2017\/03\/Yves-Klein.jpg","type":"image\/jpeg"}],"author":"Redacci\u00f3n","twitter_card":"summary_large_image","twitter_creator":"@rednacionalarte","twitter_site":"@rednacionalarte","twitter_misc":{"Escrito por":"Redacci\u00f3n","Tiempo de lectura":"1 minuto"},"schema":{"@context":"https:\/\/schema.org","@graph":[{"@type":"Article","@id":"https:\/\/rednacionaldearte.com\/noticias\/yves-klein-muac-mexico\/#article","isPartOf":{"@id":"https:\/\/rednacionaldearte.com\/noticias\/yves-klein-muac-mexico\/"},"author":{"name":"Redacci\u00f3n","@id":"http:\/\/rednacionaldearte.com\/noticias\/#\/schema\/person\/489d635082b1de413434d2708a3e5b9b"},"headline":"Retrospectiva de Yves Klein llegar\u00e1 al MUAC","datePublished":"2017-03-27T11:00:43+00:00","mainEntityOfPage":{"@id":"https:\/\/rednacionaldearte.com\/noticias\/yves-klein-muac-mexico\/"},"wordCount":178,"publisher":{"@id":"http:\/\/rednacionaldearte.com\/noticias\/#organization"},"image":{"@id":"https:\/\/rednacionaldearte.com\/noticias\/yves-klein-muac-mexico\/#primaryimage"},"thumbnailUrl":"https:\/\/rednacionaldearte.com\/noticias\/wp-content\/uploads\/2017\/03\/Yves-Klein.jpg","articleSection":["Arte Contempor\u00e1neo","Artes Visuales","Exposiciones","Performance"],"inLanguage":"es"},{"@type":"WebPage","@id":"https:\/\/rednacionaldearte.com\/noticias\/yves-klein-muac-mexico\/","url":"https:\/\/rednacionaldearte.com\/noticias\/yves-klein-muac-mexico\/","name":"Retrospectiva de Yves Klein llegar\u00e1 al MUAC - Red Nacional de Arte","isPartOf":{"@id":"http:\/\/rednacionaldearte.com\/noticias\/#website"},"primaryImageOfPage":{"@id":"https:\/\/rednacionaldearte.com\/noticias\/yves-klein-muac-mexico\/#primaryimage"},"image":{"@id":"https:\/\/rednacionaldearte.com\/noticias\/yves-klein-muac-mexico\/#primaryimage"},"thumbnailUrl":"https:\/\/rednacionaldearte.com\/noticias\/wp-content\/uploads\/2017\/03\/Yves-Klein.jpg","datePublished":"2017-03-27T11:00:43+00:00","breadcrumb":{"@id":"https:\/\/rednacionaldearte.com\/noticias\/yves-klein-muac-mexico\/#breadcrumb"},"inLanguage":"es","potentialAction":[{"@type":"ReadAction","target":["https:\/\/rednacionaldearte.com\/noticias\/yves-klein-muac-mexico\/"]}]},{"@type":"ImageObject","inLanguage":"es","@id":"https:\/\/rednacionaldearte.com\/noticias\/yves-klein-muac-mexico\/#primaryimage","url":"https:\/\/rednacionaldearte.com\/noticias\/wp-content\/uploads\/2017\/03\/Yves-Klein.jpg","contentUrl":"https:\/\/rednacionaldearte.com\/noticias\/wp-content\/uploads\/2017\/03\/Yves-Klein.jpg","width":1280,"height":720},{"@type":"BreadcrumbList","@id":"https:\/\/rednacionaldearte.com\/noticias\/yves-klein-muac-mexico\/#breadcrumb","itemListElement":[{"@type":"ListItem","position":1,"name":"Home","item":"http:\/\/rednacionaldearte.com\/noticias\/"},{"@type":"ListItem","position":2,"name":"Retrospectiva de Yves Klein llegar\u00e1 al MUAC"}]},{"@type":"WebSite","@id":"http:\/\/rednacionaldearte.com\/noticias\/#website","url":"http:\/\/rednacionaldearte.com\/noticias\/","name":"Red Nacional de Arte","description":"Cultura y Arte contempor\u00e1neo en M\u00e9xico","publisher":{"@id":"http:\/\/rednacionaldearte.com\/noticias\/#organization"},"potentialAction":[{"@type":"SearchAction","target":{"@type":"EntryPoint","urlTemplate":"http:\/\/rednacionaldearte.com\/noticias\/?s={search_term_string}"},"query-input":{"@type":"PropertyValueSpecification","valueRequired":true,"valueName":"search_term_string"}}],"inLanguage":"es"},{"@type":"Organization","@id":"http:\/\/rednacionaldearte.com\/noticias\/#organization","name":"Red Nacional de Arte","url":"http:\/\/rednacionaldearte.com\/noticias\/","logo":{"@type":"ImageObject","inLanguage":"es","@id":"http:\/\/rednacionaldearte.com\/noticias\/#\/schema\/logo\/image\/","url":"http:\/\/rednacionaldearte.com\/noticias\/wp-content\/uploads\/2016\/04\/logo.png","contentUrl":"http:\/\/rednacionaldearte.com\/noticias\/wp-content\/uploads\/2016\/04\/logo.png","width":575,"height":554,"caption":"Red Nacional de Arte"},"image":{"@id":"http:\/\/rednacionaldearte.com\/noticias\/#\/schema\/logo\/image\/"},"sameAs":["http:\/\/www.facebook.com\/rednacionaldearte\/","https:\/\/x.com\/rednacionalarte"]},{"@type":"Person","@id":"http:\/\/rednacionaldearte.com\/noticias\/#\/schema\/person\/489d635082b1de413434d2708a3e5b9b","name":"Redacci\u00f3n","image":{"@type":"ImageObject","inLanguage":"es","@id":"https:\/\/secure.gravatar.com\/avatar\/1d1c30eaee7c2f6cfa13fb8502cb06839106cdf371b9953d50e4b572d0bfa3c7?s=96&d=mm&r=g","url":"https:\/\/secure.gravatar.com\/avatar\/1d1c30eaee7c2f6cfa13fb8502cb06839106cdf371b9953d50e4b572d0bfa3c7?s=96&d=mm&r=g","contentUrl":"https:\/\/secure.gravatar.com\/avatar\/1d1c30eaee7c2f6cfa13fb8502cb06839106cdf371b9953d50e4b572d0bfa3c7?s=96&d=mm&r=g","caption":"Redacci\u00f3n"},"url":"https:\/\/rednacionaldearte.com\/noticias\/author\/adan\/"}]}},"amp_validity":null,"amp_enabled":true,"_links":{"self":[{"href":"https:\/\/rednacionaldearte.com\/noticias\/wp-json\/wp\/v2\/posts\/536","targetHints":{"allow":["GET"]}}],"collection":[{"href":"https:\/\/rednacionaldearte.com\/noticias\/wp-json\/wp\/v2\/posts"}],"about":[{"href":"https:\/\/rednacionaldearte.com\/noticias\/wp-json\/wp\/v2\/types\/post"}],"author":[{"embeddable":true,"href":"https:\/\/rednacionaldearte.com\/noticias\/wp-json\/wp\/v2\/users\/1"}],"replies":[{"embeddable":true,"href":"https:\/\/rednacionaldearte.com\/noticias\/wp-json\/wp\/v2\/comments?post=536"}],"version-history":[{"count":3,"href":"https:\/\/rednacionaldearte.com\/noticias\/wp-json\/wp\/v2\/posts\/536\/revisions"}],"predecessor-version":[{"id":540,"href":"https:\/\/rednacionaldearte.com\/noticias\/wp-json\/wp\/v2\/posts\/536\/revisions\/540"}],"wp:featuredmedia":[{"embeddable":true,"href":"https:\/\/rednacionaldearte.com\/noticias\/wp-json\/wp\/v2\/media\/537"}],"wp:attachment":[{"href":"https:\/\/rednacionaldearte.com\/noticias\/wp-json\/wp\/v2\/media?parent=536"}],"wp:term":[{"taxonomy":"category","embeddable":true,"href":"https:\/\/rednacionaldearte.com\/noticias\/wp-json\/wp\/v2\/categories?post=536"},{"taxonomy":"post_tag","embeddable":true,"href":"https:\/\/rednacionaldearte.com\/noticias\/wp-json\/wp\/v2\/tags?post=536"}],"curies":[{"name":"wp","href":"https:\/\/api.w.org\/{rel}","templated":true}]}}