{"id":542,"date":"2017-04-01T23:31:48","date_gmt":"2017-04-01T23:31:48","guid":{"rendered":"http:\/\/rednacionaldearte.com\/noticias\/?p=542"},"modified":"2017-04-01T23:31:48","modified_gmt":"2017-04-01T23:31:48","slug":"invitacion-inauguracion-apologias-piel","status":"publish","type":"post","link":"https:\/\/rednacionaldearte.com\/noticias\/invitacion-inauguracion-apologias-piel\/","title":{"rendered":"Invitaci\u00f3n: Inauguraci\u00f3n de Apolog\u00edas de la Piel"},"content":{"rendered":"<p><a href=\"http:\/\/rednacionaldearte.com\/noticias\/wp-content\/uploads\/2017\/04\/invitacion-inauguracion-apologias-piel.png\"><img loading=\"lazy\" decoding=\"async\" class=\"aligncenter size-full wp-image-543\" src=\"http:\/\/rednacionaldearte.com\/noticias\/wp-content\/uploads\/2017\/04\/invitacion-inauguracion-apologias-piel.png\" alt=\"\" width=\"889\" height=\"441\" srcset=\"https:\/\/rednacionaldearte.com\/noticias\/wp-content\/uploads\/2017\/04\/invitacion-inauguracion-apologias-piel.png 889w, https:\/\/rednacionaldearte.com\/noticias\/wp-content\/uploads\/2017\/04\/invitacion-inauguracion-apologias-piel-300x149.png 300w, https:\/\/rednacionaldearte.com\/noticias\/wp-content\/uploads\/2017\/04\/invitacion-inauguracion-apologias-piel-768x381.png 768w\" sizes=\"auto, (max-width: 889px) 100vw, 889px\" \/><\/a><\/p>\n<p><strong>Artistas participantes:<\/strong><\/p>\n<p>Pablo Linares,\u00a0Mel Chaves, Mercedes Aqui, Irene Barajas, Claudiva Levi, Octavio Villavicencio, Benjam\u00edn L\u00e1zaro Castillo, Mario Coyol, Pablo Antol\u00ed, Mario Acosta, Cristina Romero, Bernardo Mariqueo Melin, Beatriz Carcamo, Luis Albarr\u00e1n, Criss Islas.<\/p>\n<p><strong>Inauguraci\u00f3n:<\/strong> 02 de Abril.<\/p>\n<p><strong>Lugar:<\/strong>\u00a0Galer\u00eda de Casa Tonal\u00e1. Tonal\u00e1 107, col.Roma Norte, Ciudad de M\u00e9xico.<\/p>\n<p><strong>Importante:<\/strong> El acceso es por lista. Para asistir, es necesario enviar un correo a exhibiciones@rednacionaldearte.com.<\/p>\n","protected":false},"excerpt":{"rendered":"<p>Artistas participantes: Pablo Linares,\u00a0Mel Chaves, Mercedes Aqui, Irene Barajas, Claudiva Levi, Octavio Villavicencio, Benjam\u00edn L\u00e1zaro Castillo, Mario Coyol, Pablo Antol\u00ed, Mario Acosta, Cristina Romero, Bernardo Mariqueo Melin, Beatriz Carcamo, Luis Albarr\u00e1n, Criss Islas. Inauguraci\u00f3n: 02 de Abril. Lugar:\u00a0Galer\u00eda de Casa Tonal\u00e1. Tonal\u00e1 107, col.Roma Norte, Ciudad de M\u00e9xico. Importante: El acceso es por lista. Para [&hellip;]<\/p>\n","protected":false},"author":1,"featured_media":543,"comment_status":"closed","ping_status":"open","sticky":false,"template":"","format":"standard","meta":{"footnotes":""},"categories":[59,18,119,2,41],"tags":[],"class_list":["post-542","post","type-post","status-publish","format-standard","has-post-thumbnail","hentry","category-artes-visuales","category-eventos","category-exposiciones","category-fotografia","category-rna"],"yoast_head":"<!-- This site is optimized with the Yoast SEO plugin v27.2 - https:\/\/yoast.com\/product\/yoast-seo-wordpress\/ -->\n<title>Invitaci\u00f3n: Inauguraci\u00f3n de Apolog\u00edas de la Piel - Red Nacional de Arte<\/title>\n<meta name=\"robots\" content=\"index, follow, max-snippet:-1, max-image-preview:large, max-video-preview:-1\" \/>\n<link rel=\"canonical\" href=\"https:\/\/rednacionaldearte.com\/noticias\/invitacion-inauguracion-apologias-piel\/\" \/>\n<meta property=\"og:locale\" content=\"es_ES\" \/>\n<meta property=\"og:type\" content=\"article\" \/>\n<meta property=\"og:title\" content=\"Invitaci\u00f3n: Inauguraci\u00f3n de Apolog\u00edas de la Piel - Red Nacional de Arte\" \/>\n<meta property=\"og:description\" content=\"Artistas participantes: Pablo Linares,\u00a0Mel Chaves, Mercedes Aqui, Irene Barajas, Claudiva Levi, Octavio Villavicencio, Benjam\u00edn L\u00e1zaro Castillo, Mario Coyol, Pablo Antol\u00ed, Mario Acosta, Cristina Romero, Bernardo Mariqueo Melin, Beatriz Carcamo, Luis Albarr\u00e1n, Criss Islas. Inauguraci\u00f3n: 02 de Abril. Lugar:\u00a0Galer\u00eda de Casa Tonal\u00e1. Tonal\u00e1 107, col.Roma Norte, Ciudad de M\u00e9xico. Importante: El acceso es por lista. Para [&hellip;]\" \/>\n<meta property=\"og:url\" content=\"https:\/\/rednacionaldearte.com\/noticias\/invitacion-inauguracion-apologias-piel\/\" \/>\n<meta property=\"og:site_name\" content=\"Red Nacional de Arte\" \/>\n<meta property=\"article:publisher\" content=\"http:\/\/www.facebook.com\/rednacionaldearte\/\" \/>\n<meta property=\"article:published_time\" content=\"2017-04-01T23:31:48+00:00\" \/>\n<meta property=\"og:image\" content=\"http:\/\/rednacionaldearte.com\/noticias\/wp-content\/uploads\/2017\/04\/invitacion-inauguracion-apologias-piel.png\" \/>\n\t<meta property=\"og:image:width\" content=\"889\" \/>\n\t<meta property=\"og:image:height\" content=\"441\" \/>\n\t<meta property=\"og:image:type\" content=\"image\/png\" \/>\n<meta name=\"author\" content=\"Redacci\u00f3n\" \/>\n<meta name=\"twitter:card\" content=\"summary_large_image\" \/>\n<meta name=\"twitter:creator\" content=\"@rednacionalarte\" \/>\n<meta name=\"twitter:site\" content=\"@rednacionalarte\" \/>\n<meta name=\"twitter:label1\" content=\"Escrito por\" \/>\n\t<meta name=\"twitter:data1\" content=\"Redacci\u00f3n\" \/>\n<script type=\"application\/ld+json\" class=\"yoast-schema-graph\">{\"@context\":\"https:\/\/schema.org\",\"@graph\":[{\"@type\":\"Article\",\"@id\":\"https:\/\/rednacionaldearte.com\/noticias\/invitacion-inauguracion-apologias-piel\/#article\",\"isPartOf\":{\"@id\":\"https:\/\/rednacionaldearte.com\/noticias\/invitacion-inauguracion-apologias-piel\/\"},\"author\":{\"name\":\"Redacci\u00f3n\",\"@id\":\"http:\/\/rednacionaldearte.com\/noticias\/#\/schema\/person\/489d635082b1de413434d2708a3e5b9b\"},\"headline\":\"Invitaci\u00f3n: Inauguraci\u00f3n de Apolog\u00edas de la Piel\",\"datePublished\":\"2017-04-01T23:31:48+00:00\",\"mainEntityOfPage\":{\"@id\":\"https:\/\/rednacionaldearte.com\/noticias\/invitacion-inauguracion-apologias-piel\/\"},\"wordCount\":82,\"publisher\":{\"@id\":\"http:\/\/rednacionaldearte.com\/noticias\/#organization\"},\"image\":{\"@id\":\"https:\/\/rednacionaldearte.com\/noticias\/invitacion-inauguracion-apologias-piel\/#primaryimage\"},\"thumbnailUrl\":\"https:\/\/rednacionaldearte.com\/noticias\/wp-content\/uploads\/2017\/04\/invitacion-inauguracion-apologias-piel.png\",\"articleSection\":[\"Artes Visuales\",\"Eventos\",\"Exposiciones\",\"Fotograf\u00eda\",\"RNA\"],\"inLanguage\":\"es\"},{\"@type\":\"WebPage\",\"@id\":\"https:\/\/rednacionaldearte.com\/noticias\/invitacion-inauguracion-apologias-piel\/\",\"url\":\"https:\/\/rednacionaldearte.com\/noticias\/invitacion-inauguracion-apologias-piel\/\",\"name\":\"Invitaci\u00f3n: Inauguraci\u00f3n de Apolog\u00edas de la Piel - Red Nacional de Arte\",\"isPartOf\":{\"@id\":\"http:\/\/rednacionaldearte.com\/noticias\/#website\"},\"primaryImageOfPage\":{\"@id\":\"https:\/\/rednacionaldearte.com\/noticias\/invitacion-inauguracion-apologias-piel\/#primaryimage\"},\"image\":{\"@id\":\"https:\/\/rednacionaldearte.com\/noticias\/invitacion-inauguracion-apologias-piel\/#primaryimage\"},\"thumbnailUrl\":\"https:\/\/rednacionaldearte.com\/noticias\/wp-content\/uploads\/2017\/04\/invitacion-inauguracion-apologias-piel.png\",\"datePublished\":\"2017-04-01T23:31:48+00:00\",\"breadcrumb\":{\"@id\":\"https:\/\/rednacionaldearte.com\/noticias\/invitacion-inauguracion-apologias-piel\/#breadcrumb\"},\"inLanguage\":\"es\",\"potentialAction\":[{\"@type\":\"ReadAction\",\"target\":[\"https:\/\/rednacionaldearte.com\/noticias\/invitacion-inauguracion-apologias-piel\/\"]}]},{\"@type\":\"ImageObject\",\"inLanguage\":\"es\",\"@id\":\"https:\/\/rednacionaldearte.com\/noticias\/invitacion-inauguracion-apologias-piel\/#primaryimage\",\"url\":\"https:\/\/rednacionaldearte.com\/noticias\/wp-content\/uploads\/2017\/04\/invitacion-inauguracion-apologias-piel.png\",\"contentUrl\":\"https:\/\/rednacionaldearte.com\/noticias\/wp-content\/uploads\/2017\/04\/invitacion-inauguracion-apologias-piel.png\",\"width\":889,\"height\":441},{\"@type\":\"BreadcrumbList\",\"@id\":\"https:\/\/rednacionaldearte.com\/noticias\/invitacion-inauguracion-apologias-piel\/#breadcrumb\",\"itemListElement\":[{\"@type\":\"ListItem\",\"position\":1,\"name\":\"Home\",\"item\":\"http:\/\/rednacionaldearte.com\/noticias\/\"},{\"@type\":\"ListItem\",\"position\":2,\"name\":\"Invitaci\u00f3n: Inauguraci\u00f3n de Apolog\u00edas de la Piel\"}]},{\"@type\":\"WebSite\",\"@id\":\"http:\/\/rednacionaldearte.com\/noticias\/#website\",\"url\":\"http:\/\/rednacionaldearte.com\/noticias\/\",\"name\":\"Red Nacional de Arte\",\"description\":\"Cultura y Arte contempor\u00e1neo en M\u00e9xico\",\"publisher\":{\"@id\":\"http:\/\/rednacionaldearte.com\/noticias\/#organization\"},\"potentialAction\":[{\"@type\":\"SearchAction\",\"target\":{\"@type\":\"EntryPoint\",\"urlTemplate\":\"http:\/\/rednacionaldearte.com\/noticias\/?s={search_term_string}\"},\"query-input\":{\"@type\":\"PropertyValueSpecification\",\"valueRequired\":true,\"valueName\":\"search_term_string\"}}],\"inLanguage\":\"es\"},{\"@type\":\"Organization\",\"@id\":\"http:\/\/rednacionaldearte.com\/noticias\/#organization\",\"name\":\"Red Nacional de Arte\",\"url\":\"http:\/\/rednacionaldearte.com\/noticias\/\",\"logo\":{\"@type\":\"ImageObject\",\"inLanguage\":\"es\",\"@id\":\"http:\/\/rednacionaldearte.com\/noticias\/#\/schema\/logo\/image\/\",\"url\":\"http:\/\/rednacionaldearte.com\/noticias\/wp-content\/uploads\/2016\/04\/logo.png\",\"contentUrl\":\"http:\/\/rednacionaldearte.com\/noticias\/wp-content\/uploads\/2016\/04\/logo.png\",\"width\":575,\"height\":554,\"caption\":\"Red Nacional de Arte\"},\"image\":{\"@id\":\"http:\/\/rednacionaldearte.com\/noticias\/#\/schema\/logo\/image\/\"},\"sameAs\":[\"http:\/\/www.facebook.com\/rednacionaldearte\/\",\"https:\/\/x.com\/rednacionalarte\"]},{\"@type\":\"Person\",\"@id\":\"http:\/\/rednacionaldearte.com\/noticias\/#\/schema\/person\/489d635082b1de413434d2708a3e5b9b\",\"name\":\"Redacci\u00f3n\",\"image\":{\"@type\":\"ImageObject\",\"inLanguage\":\"es\",\"@id\":\"https:\/\/secure.gravatar.com\/avatar\/1d1c30eaee7c2f6cfa13fb8502cb06839106cdf371b9953d50e4b572d0bfa3c7?s=96&d=mm&r=g\",\"url\":\"https:\/\/secure.gravatar.com\/avatar\/1d1c30eaee7c2f6cfa13fb8502cb06839106cdf371b9953d50e4b572d0bfa3c7?s=96&d=mm&r=g\",\"contentUrl\":\"https:\/\/secure.gravatar.com\/avatar\/1d1c30eaee7c2f6cfa13fb8502cb06839106cdf371b9953d50e4b572d0bfa3c7?s=96&d=mm&r=g\",\"caption\":\"Redacci\u00f3n\"},\"url\":\"https:\/\/rednacionaldearte.com\/noticias\/author\/adan\/\"}]}<\/script>\n<!-- \/ Yoast SEO plugin. -->","yoast_head_json":{"title":"Invitaci\u00f3n: Inauguraci\u00f3n de Apolog\u00edas de la Piel - Red Nacional de Arte","robots":{"index":"index","follow":"follow","max-snippet":"max-snippet:-1","max-image-preview":"max-image-preview:large","max-video-preview":"max-video-preview:-1"},"canonical":"https:\/\/rednacionaldearte.com\/noticias\/invitacion-inauguracion-apologias-piel\/","og_locale":"es_ES","og_type":"article","og_title":"Invitaci\u00f3n: Inauguraci\u00f3n de Apolog\u00edas de la Piel - Red Nacional de Arte","og_description":"Artistas participantes: Pablo Linares,\u00a0Mel Chaves, Mercedes Aqui, Irene Barajas, Claudiva Levi, Octavio Villavicencio, Benjam\u00edn L\u00e1zaro Castillo, Mario Coyol, Pablo Antol\u00ed, Mario Acosta, Cristina Romero, Bernardo Mariqueo Melin, Beatriz Carcamo, Luis Albarr\u00e1n, Criss Islas. Inauguraci\u00f3n: 02 de Abril. Lugar:\u00a0Galer\u00eda de Casa Tonal\u00e1. Tonal\u00e1 107, col.Roma Norte, Ciudad de M\u00e9xico. Importante: El acceso es por lista. Para [&hellip;]","og_url":"https:\/\/rednacionaldearte.com\/noticias\/invitacion-inauguracion-apologias-piel\/","og_site_name":"Red Nacional de Arte","article_publisher":"http:\/\/www.facebook.com\/rednacionaldearte\/","article_published_time":"2017-04-01T23:31:48+00:00","og_image":[{"width":889,"height":441,"url":"http:\/\/rednacionaldearte.com\/noticias\/wp-content\/uploads\/2017\/04\/invitacion-inauguracion-apologias-piel.png","type":"image\/png"}],"author":"Redacci\u00f3n","twitter_card":"summary_large_image","twitter_creator":"@rednacionalarte","twitter_site":"@rednacionalarte","twitter_misc":{"Escrito por":"Redacci\u00f3n"},"schema":{"@context":"https:\/\/schema.org","@graph":[{"@type":"Article","@id":"https:\/\/rednacionaldearte.com\/noticias\/invitacion-inauguracion-apologias-piel\/#article","isPartOf":{"@id":"https:\/\/rednacionaldearte.com\/noticias\/invitacion-inauguracion-apologias-piel\/"},"author":{"name":"Redacci\u00f3n","@id":"http:\/\/rednacionaldearte.com\/noticias\/#\/schema\/person\/489d635082b1de413434d2708a3e5b9b"},"headline":"Invitaci\u00f3n: Inauguraci\u00f3n de Apolog\u00edas de la Piel","datePublished":"2017-04-01T23:31:48+00:00","mainEntityOfPage":{"@id":"https:\/\/rednacionaldearte.com\/noticias\/invitacion-inauguracion-apologias-piel\/"},"wordCount":82,"publisher":{"@id":"http:\/\/rednacionaldearte.com\/noticias\/#organization"},"image":{"@id":"https:\/\/rednacionaldearte.com\/noticias\/invitacion-inauguracion-apologias-piel\/#primaryimage"},"thumbnailUrl":"https:\/\/rednacionaldearte.com\/noticias\/wp-content\/uploads\/2017\/04\/invitacion-inauguracion-apologias-piel.png","articleSection":["Artes Visuales","Eventos","Exposiciones","Fotograf\u00eda","RNA"],"inLanguage":"es"},{"@type":"WebPage","@id":"https:\/\/rednacionaldearte.com\/noticias\/invitacion-inauguracion-apologias-piel\/","url":"https:\/\/rednacionaldearte.com\/noticias\/invitacion-inauguracion-apologias-piel\/","name":"Invitaci\u00f3n: Inauguraci\u00f3n de Apolog\u00edas de la Piel - Red Nacional de Arte","isPartOf":{"@id":"http:\/\/rednacionaldearte.com\/noticias\/#website"},"primaryImageOfPage":{"@id":"https:\/\/rednacionaldearte.com\/noticias\/invitacion-inauguracion-apologias-piel\/#primaryimage"},"image":{"@id":"https:\/\/rednacionaldearte.com\/noticias\/invitacion-inauguracion-apologias-piel\/#primaryimage"},"thumbnailUrl":"https:\/\/rednacionaldearte.com\/noticias\/wp-content\/uploads\/2017\/04\/invitacion-inauguracion-apologias-piel.png","datePublished":"2017-04-01T23:31:48+00:00","breadcrumb":{"@id":"https:\/\/rednacionaldearte.com\/noticias\/invitacion-inauguracion-apologias-piel\/#breadcrumb"},"inLanguage":"es","potentialAction":[{"@type":"ReadAction","target":["https:\/\/rednacionaldearte.com\/noticias\/invitacion-inauguracion-apologias-piel\/"]}]},{"@type":"ImageObject","inLanguage":"es","@id":"https:\/\/rednacionaldearte.com\/noticias\/invitacion-inauguracion-apologias-piel\/#primaryimage","url":"https:\/\/rednacionaldearte.com\/noticias\/wp-content\/uploads\/2017\/04\/invitacion-inauguracion-apologias-piel.png","contentUrl":"https:\/\/rednacionaldearte.com\/noticias\/wp-content\/uploads\/2017\/04\/invitacion-inauguracion-apologias-piel.png","width":889,"height":441},{"@type":"BreadcrumbList","@id":"https:\/\/rednacionaldearte.com\/noticias\/invitacion-inauguracion-apologias-piel\/#breadcrumb","itemListElement":[{"@type":"ListItem","position":1,"name":"Home","item":"http:\/\/rednacionaldearte.com\/noticias\/"},{"@type":"ListItem","position":2,"name":"Invitaci\u00f3n: Inauguraci\u00f3n de Apolog\u00edas de la Piel"}]},{"@type":"WebSite","@id":"http:\/\/rednacionaldearte.com\/noticias\/#website","url":"http:\/\/rednacionaldearte.com\/noticias\/","name":"Red Nacional de Arte","description":"Cultura y Arte contempor\u00e1neo en M\u00e9xico","publisher":{"@id":"http:\/\/rednacionaldearte.com\/noticias\/#organization"},"potentialAction":[{"@type":"SearchAction","target":{"@type":"EntryPoint","urlTemplate":"http:\/\/rednacionaldearte.com\/noticias\/?s={search_term_string}"},"query-input":{"@type":"PropertyValueSpecification","valueRequired":true,"valueName":"search_term_string"}}],"inLanguage":"es"},{"@type":"Organization","@id":"http:\/\/rednacionaldearte.com\/noticias\/#organization","name":"Red Nacional de Arte","url":"http:\/\/rednacionaldearte.com\/noticias\/","logo":{"@type":"ImageObject","inLanguage":"es","@id":"http:\/\/rednacionaldearte.com\/noticias\/#\/schema\/logo\/image\/","url":"http:\/\/rednacionaldearte.com\/noticias\/wp-content\/uploads\/2016\/04\/logo.png","contentUrl":"http:\/\/rednacionaldearte.com\/noticias\/wp-content\/uploads\/2016\/04\/logo.png","width":575,"height":554,"caption":"Red Nacional de Arte"},"image":{"@id":"http:\/\/rednacionaldearte.com\/noticias\/#\/schema\/logo\/image\/"},"sameAs":["http:\/\/www.facebook.com\/rednacionaldearte\/","https:\/\/x.com\/rednacionalarte"]},{"@type":"Person","@id":"http:\/\/rednacionaldearte.com\/noticias\/#\/schema\/person\/489d635082b1de413434d2708a3e5b9b","name":"Redacci\u00f3n","image":{"@type":"ImageObject","inLanguage":"es","@id":"https:\/\/secure.gravatar.com\/avatar\/1d1c30eaee7c2f6cfa13fb8502cb06839106cdf371b9953d50e4b572d0bfa3c7?s=96&d=mm&r=g","url":"https:\/\/secure.gravatar.com\/avatar\/1d1c30eaee7c2f6cfa13fb8502cb06839106cdf371b9953d50e4b572d0bfa3c7?s=96&d=mm&r=g","contentUrl":"https:\/\/secure.gravatar.com\/avatar\/1d1c30eaee7c2f6cfa13fb8502cb06839106cdf371b9953d50e4b572d0bfa3c7?s=96&d=mm&r=g","caption":"Redacci\u00f3n"},"url":"https:\/\/rednacionaldearte.com\/noticias\/author\/adan\/"}]}},"amp_validity":null,"amp_enabled":true,"_links":{"self":[{"href":"https:\/\/rednacionaldearte.com\/noticias\/wp-json\/wp\/v2\/posts\/542","targetHints":{"allow":["GET"]}}],"collection":[{"href":"https:\/\/rednacionaldearte.com\/noticias\/wp-json\/wp\/v2\/posts"}],"about":[{"href":"https:\/\/rednacionaldearte.com\/noticias\/wp-json\/wp\/v2\/types\/post"}],"author":[{"embeddable":true,"href":"https:\/\/rednacionaldearte.com\/noticias\/wp-json\/wp\/v2\/users\/1"}],"replies":[{"embeddable":true,"href":"https:\/\/rednacionaldearte.com\/noticias\/wp-json\/wp\/v2\/comments?post=542"}],"version-history":[{"count":1,"href":"https:\/\/rednacionaldearte.com\/noticias\/wp-json\/wp\/v2\/posts\/542\/revisions"}],"predecessor-version":[{"id":544,"href":"https:\/\/rednacionaldearte.com\/noticias\/wp-json\/wp\/v2\/posts\/542\/revisions\/544"}],"wp:featuredmedia":[{"embeddable":true,"href":"https:\/\/rednacionaldearte.com\/noticias\/wp-json\/wp\/v2\/media\/543"}],"wp:attachment":[{"href":"https:\/\/rednacionaldearte.com\/noticias\/wp-json\/wp\/v2\/media?parent=542"}],"wp:term":[{"taxonomy":"category","embeddable":true,"href":"https:\/\/rednacionaldearte.com\/noticias\/wp-json\/wp\/v2\/categories?post=542"},{"taxonomy":"post_tag","embeddable":true,"href":"https:\/\/rednacionaldearte.com\/noticias\/wp-json\/wp\/v2\/tags?post=542"}],"curies":[{"name":"wp","href":"https:\/\/api.w.org\/{rel}","templated":true}]}}