{"id":563,"date":"2017-05-15T06:15:47","date_gmt":"2017-05-15T06:15:47","guid":{"rendered":"http:\/\/rednacionaldearte.com\/noticias\/?p=563"},"modified":"2017-05-15T06:16:24","modified_gmt":"2017-05-15T06:16:24","slug":"entrevista-angel-arambula","status":"publish","type":"post","link":"https:\/\/rednacionaldearte.com\/noticias\/entrevista-angel-arambula\/","title":{"rendered":"Entrevista: \u00c1ngel Ar\u00e1mbula"},"content":{"rendered":"<p>El bailar\u00edn y core\u00f3grafo <strong>\u00c1ngel Ar\u00e1mbula<\/strong> estar\u00e1 impartiendo su workshop \u00ab<a href=\"http:\/\/rednacionaldearte.com\/noticias\/workshop-angel-arambula-cdmx\/\">Piso Articular<\/a>\u00bb en la Ciudad de M\u00e9xico en junio pr\u00f3ximo, y previo al taller, hemos tenido la oportunidad de hablar con \u00e9l respecto a su carrera como creador y docente, adem\u00e1s de su\u00a0metodolog\u00eda y estado actual de la danza contempor\u00e1nea en el pa\u00eds. Los invitamos a leer la entrevista:<\/p>\n<p><a href=\"http:\/\/rednacionaldearte.com\/noticias\/wp-content\/uploads\/2017\/05\/b.jpg\"><img loading=\"lazy\" decoding=\"async\" class=\"aligncenter size-full wp-image-566\" src=\"http:\/\/rednacionaldearte.com\/noticias\/wp-content\/uploads\/2017\/05\/b.jpg\" alt=\"\u00c1ngel Ar\u00e1mbula Piso Articular\" width=\"1388\" height=\"1388\" srcset=\"https:\/\/rednacionaldearte.com\/noticias\/wp-content\/uploads\/2017\/05\/b.jpg 1388w, https:\/\/rednacionaldearte.com\/noticias\/wp-content\/uploads\/2017\/05\/b-150x150.jpg 150w, https:\/\/rednacionaldearte.com\/noticias\/wp-content\/uploads\/2017\/05\/b-300x300.jpg 300w, https:\/\/rednacionaldearte.com\/noticias\/wp-content\/uploads\/2017\/05\/b-768x768.jpg 768w, https:\/\/rednacionaldearte.com\/noticias\/wp-content\/uploads\/2017\/05\/b-1024x1024.jpg 1024w, https:\/\/rednacionaldearte.com\/noticias\/wp-content\/uploads\/2017\/05\/b-125x125.jpg 125w\" sizes=\"auto, (max-width: 1388px) 100vw, 1388px\" \/><\/a><\/p>\n<h2><strong>\u00bfCu\u00e1ndo y c\u00f3mo empezaste en el mundo de la danza? <\/strong><\/h2>\n<p><strong>AA.<\/strong> Inici\u00e9 tomando clases de Jazz por un espect\u00e1culo que en ese entonces me maravill\u00f3. Fueron dos meses que tom\u00e9 clases de Jazz en la Compa\u00f1\u00eda de Danza de Baja California, hasta que el maestro con el que practicaba\u00a0se fue para probar fortuna en las Vegas. Despu\u00e9s de esto, s\u00f3lo quedaban las clases de Ballet, y me invitaron\u00a0a no dejar de ir, pero lo pens\u00e9 mucho porque ve\u00eda que usaban pantalones muy ajustados al cuerpo y no me gustaba. El maestro me dijo que trajera pants y de esa forma fue como poco a poco inici\u00e9 en la danza de forma m\u00e1s comprometida, a la par de que estudiaba\u00a0la Licenciatura en Contadur\u00eda P\u00fablica en el Instituto Tecnol\u00f3gico de Tijuana. Estuve varios a\u00f1os en esta escuela, y despu\u00e9s en la Escuela de Danza Gloria Campobello que dirige Margarita Robles Regalado. Despu\u00e9s de terminar Universidad decid\u00ed hacer una audici\u00f3n en la <strong>Escuela Profesional de Danza de Mazatl\u00e1n<\/strong> que dirige la compa\u00f1\u00eda <strong>DELFOS<\/strong>, en ese entonces bailaba con un Colectivo que se llamaba Proyecto Subterr\u00e1neo de Arte en Tijuana, de donde soy originario.<\/p>\n<p>Hice\u00a0la audici\u00f3n y me aceptaron en la escuela.\u00a0Tom\u00e9 un curso preparatorio de un mes para ver el nivel que ten\u00eda y me colocaron en segundo a\u00f1o de cuatro que ten\u00eda que cursar. Curse la Licenciatura en la <strong>EPDM<\/strong> y un a\u00f1o antes de salir de la escuela junto con Henry Torres formamos la compa\u00f1\u00eda de <strong>Danza Lux Boreal<\/strong>, con la cual hasta el momento hemos compartido su crecimiento y desarrollo, logrando construir un gran equipo de trabajo y colaboradores donde ofrecemos varias plataformas.<\/p>\n<p>&nbsp;<\/p>\n<h2><strong>\u00bfQu\u00e9 te llev\u00f3 a desarrollar \u201cPiso articular\u201d?<\/strong><\/h2>\n<p><strong>AA.<\/strong> Despu\u00e9s de abordar varias t\u00e9cnicas y m\u00e9todos de entrenamiento, conoc\u00ed algo maravilloso que se llama nataci\u00f3n, un deporte muy completo y el cual me da muchas posibilidades para indagar de acuerdo a la gravedad y a las leyes de la f\u00edsica. Me doy cuenta de lo importante que son las articulaciones para el movimiento y como hay tantas posibilidades de utilizarlas y expandirlas.<\/p>\n<p>&nbsp;<\/p>\n<blockquote><p>M\u00e1s all\u00e1 de querer reinventar y descubrir el hilo negro, pens\u00e9 en compartir lo que me apasiona, que es comprender desde lo simple y lo cotidiano.<\/p><\/blockquote>\n<p>&nbsp;<\/p>\n<p>Quise entender en su momento por qu\u00e9 lo que me ense\u00f1aban ten\u00eda que ser de una manera espec\u00edfica y s\u00f3lo acatando \u00f3rdenes que\u00a0conectaba en mi cuerpo, pero al indagar por qu\u00e9 la inercia, la din\u00e1mica y la acci\u00f3n-reacci\u00f3n ten\u00edan una respuesta a mi interrogante, decid\u00ed abundar\u00a0y comprender desde mi propia investigaci\u00f3n, y sobre todo del c\u00f3mo aproximarme a\u00a0las palabras para compartirlo; era una clave importante, desde el c\u00f3mo depositar el cuerpo en vez de representar s\u00f3lo una ca\u00edda del mismo, o bien, c\u00f3mo accionarlo en vez de resolverlo. Pas\u00e9 por el Ballet y despu\u00e9s por la danza contempor\u00e1nea, y al encontrar la nataci\u00f3n me identifique mucho m\u00e1s con el piso y sus posibilidades.<\/p>\n<p>&nbsp;<\/p>\n<p><a href=\"http:\/\/rednacionaldearte.com\/noticias\/wp-content\/uploads\/2017\/05\/12347777_10154392849240260_315597978327926760_n.jpg\"><img loading=\"lazy\" decoding=\"async\" class=\"aligncenter size-full wp-image-567\" src=\"http:\/\/rednacionaldearte.com\/noticias\/wp-content\/uploads\/2017\/05\/12347777_10154392849240260_315597978327926760_n.jpg\" alt=\"\u00c1ngel Ar\u00e1mbula\" width=\"960\" height=\"960\" srcset=\"https:\/\/rednacionaldearte.com\/noticias\/wp-content\/uploads\/2017\/05\/12347777_10154392849240260_315597978327926760_n.jpg 960w, https:\/\/rednacionaldearte.com\/noticias\/wp-content\/uploads\/2017\/05\/12347777_10154392849240260_315597978327926760_n-150x150.jpg 150w, https:\/\/rednacionaldearte.com\/noticias\/wp-content\/uploads\/2017\/05\/12347777_10154392849240260_315597978327926760_n-300x300.jpg 300w, https:\/\/rednacionaldearte.com\/noticias\/wp-content\/uploads\/2017\/05\/12347777_10154392849240260_315597978327926760_n-768x768.jpg 768w, https:\/\/rednacionaldearte.com\/noticias\/wp-content\/uploads\/2017\/05\/12347777_10154392849240260_315597978327926760_n-125x125.jpg 125w\" sizes=\"auto, (max-width: 960px) 100vw, 960px\" \/><\/a><\/p>\n<p>&nbsp;<\/p>\n<h2><strong>\u00bfCu\u00e1les son los ejes tem\u00e1ticos con los que trabajas en tus workshops? <\/strong><\/h2>\n<p><strong>AA.<\/strong> <strong>Palancas y motores<\/strong>: Identificar el uso de las palancas simples a trav\u00e9s de din\u00e1micas que ayuden eficientemente en el movimiento por medio de los impulsos y el traslado del peso de su cuerpo, utilizando los motores de desplazamiento continuo y del sistema \u00f3seo como detonador principal de las palancas.<\/p>\n<p><strong>Relaci\u00f3n de peso, cuerpo y articulaciones con el piso<\/strong>: Construir la relaci\u00f3n del peso con el piso, a trav\u00e9s del dep\u00f3sito del cuerpo, utilizando las articulaciones principalmente de brazos y piernas para los cambios de direcci\u00f3n en relaci\u00f3n con el espacio y el traslado del cuerpo, adem\u00e1s de aplicar la liberaci\u00f3n de articulaciones para identificar distintas din\u00e1micas del cuerpo y nuevas posibilidades de movimiento prestando atenci\u00f3n al espacio habitado.<\/p>\n<p><strong>Expansi\u00f3n y aprovechamiento eficiente del cuerpo articular<\/strong>: Identificar el uso de la expansi\u00f3n articular para descubrir cualidades de movimiento con suavidad, fluidez y densidad, a trav\u00e9s de ejercicios que le ayuden a reconocer y desarrollar su conciencia y eficiencia en el cuerpo articular.<\/p>\n<p><strong>Relaci\u00f3n horizontal-vertical;\u00a0rampas de ascenso y descenso<\/strong>: Construir un mecanismo para entrar y salir del piso, aplicando la utilizaci\u00f3n de la de las rampas de ascenso y descenso trasladadas, para una mayor eficiencia y seguridad en el uso del movimiento continuo.<\/p>\n<p><strong>La comunicaci\u00f3n y convenciones a partir de la mirada<\/strong>: Construir la mirada como convenci\u00f3n con su propio cuerpo, con el cuerpo del otro y con el espacio.<\/p>\n<p><strong>La kinestesia y la percepci\u00f3n tridimensional del cuerpo<\/strong>: Desarrollar la capacidad para utilizar la percepci\u00f3n y sensaci\u00f3n del movimiento a trav\u00e9s de una orientaci\u00f3n \u00f3ptima y de coordinaci\u00f3n, por medio de din\u00e1micas que ayuden a construir mapas de movimiento, apoyados por la conexi\u00f3n de la mirada hacia la tridimensionalidad del espacio.<\/p>\n<p><strong>Habitar el espacio personal y conciencia grupal<\/strong>: Identificar el uso espacial, a trav\u00e9s del movimiento personal y conciencia con el movimiento grupal, para desarrollar una convenci\u00f3n con el cuerpo del otro y sus l\u00edmites con el espacio.<\/p>\n<p>&nbsp;<\/p>\n<p><a href=\"http:\/\/rednacionaldearte.com\/noticias\/wp-content\/uploads\/2017\/05\/a.jpg\"><img loading=\"lazy\" decoding=\"async\" class=\"aligncenter size-full wp-image-564\" src=\"http:\/\/rednacionaldearte.com\/noticias\/wp-content\/uploads\/2017\/05\/a.jpg\" alt=\"\u00c1ngel Ar\u00e1mbula\" width=\"640\" height=\"960\" srcset=\"https:\/\/rednacionaldearte.com\/noticias\/wp-content\/uploads\/2017\/05\/a.jpg 640w, https:\/\/rednacionaldearte.com\/noticias\/wp-content\/uploads\/2017\/05\/a-200x300.jpg 200w\" sizes=\"auto, (max-width: 640px) 100vw, 640px\" \/><\/a><\/p>\n<p>&nbsp;<\/p>\n<h2><strong>\u00bfQu\u00e9 le ha aportado la faceta de docente a tu trabajo como core\u00f3grafo?<\/strong><\/h2>\n<p><strong>AA.<\/strong> Ha aportado de manera significativa y me ha ense\u00f1ado a darme el tiempo a trav\u00e9s de un proceso m\u00e1s que de un resultado para cumplir; as\u00ed veo \u00e9ste compromiso como docente, cada bailar\u00edn o ser al que se le comparte tiene un proceso distinto, un cuerpo \u00fanico y una manera de abordarlo.<\/p>\n<p>Estoy consciente que existen mapas para trazar rutas, pero el proceso debe ser personal y evolutivo, comprendiendo lo que se est\u00e1 accionando, por ello mis procesos son bastante largos y nunca terminan de seguirse construyendo.<\/p>\n<p>&nbsp;<\/p>\n<h2><strong>Cu\u00e9ntanos sobre tu trabajo en Lux Boreal, \u00bfqu\u00e9 has aprendido al estar al frente de la compa\u00f1\u00eda?<\/strong><\/h2>\n<p><strong>AA.<\/strong> Como uno de los miembros fundadores de Lux Boreal he aprendido que la disciplina, la entrega, la convicci\u00f3n, el compromiso, el delegar y colaborar, son algunos de los principales factores que enmarcan el trabajo de la compa\u00f1\u00eda.<\/p>\n<p>Si quieres estar al frente sabes que necesitas estar en todo momento y hacer conexiones para continuar con el proyecto, tienes que estar al tanto de cada \u00e1rea y encaminar los esfuerzos para que todo fluya de la manera m\u00e1s optima.<\/p>\n<p>El depositar la confianza en el otro y hacerlo parte del proyecto es fundamental para que pueda sentir que es tambi\u00e9n su proyecto y que es esencial para el crecimiento como eje central del colectivo.<\/p>\n<p><strong>Mi trabajo en Lux Boreal<\/strong>: Incursion\u00e9 en el campo cultural en el a\u00f1o 2000 en el cual he coordinado y dirigido proyectos art\u00edsticos y plataformas relacionadas con el impacto social, cultural y educativo. A lo largo de mi gesti\u00f3n se pueden mencionar los siguientes proyectos:<\/p>\n<p>I. Dise\u00f1o, Creaci\u00f3n, Direcci\u00f3n, Producci\u00f3n y difusi\u00f3n art\u00edstica de espect\u00e1culos esc\u00e9nicos de la compa\u00f1\u00eda de danza Lux Boreal con presencia en los escenarios m\u00e1s importantes de M\u00e9xico, Latinoam\u00e9rica, Estados Unidos y Europa. Presencia en 16 estados de la rep\u00fablica, 15 pa\u00edses. Desde el 2002 a la fecha.<\/p>\n<p>II. Colaborador en planeaci\u00f3n, dise\u00f1o y ejecuci\u00f3n del programa acad\u00e9mico de la Compa\u00f1\u00eda Lux Boreal a trav\u00e9s del Centro de Danza y Producci\u00f3n Esc\u00e9nica de Baja California con el aval de la Universidad Pedag\u00f3gica Nacional y el Instituto de Cultura de Baja California, desde el a\u00f1o 2007 a la fecha.<\/p>\n<p>III. Planeaci\u00f3n y coordinaci\u00f3n de la plataforma 4&#215;4 TJ Night, concurso internacional de coreograf\u00eda para danza contempor\u00e1nea que se realiza anualmente en la ciudad de Tijuana, en colaboraci\u00f3n con el Centro Cultural Tijuana. Con un impacto total a la fecha de 93 core\u00f3grafos de diferentes latitudes de M\u00e9xico y el extranjero, 200 bailarines y 3,500 asistentes.<\/p>\n<p>IV. Coordinaci\u00f3n del programa de educaci\u00f3n a trav\u00e9s del arte que imparte Lux Boreal en la ciudad de Tijuana para sectores vulnerables de la poblaci\u00f3n. Desde el a\u00f1o 2010 se ha trabajado con centros comunitarios de zonas alejadas para llevar educaci\u00f3n a trav\u00e9s del arte a ni\u00f1os entre los 4 y los 15 a\u00f1os.<\/p>\n<p>&nbsp;<\/p>\n<h2><strong>\u00bfC\u00f3mo ves el panorama actual de la danza en M\u00e9xico? <\/strong><\/h2>\n<p><strong>AA.<\/strong> En la danza de M\u00e9xico se est\u00e1 perdiendo la simplicidad y se est\u00e1 abordando a trav\u00e9s de lo complejo y confuso para el espectador, al mismo tiempo estamos enfrentando una falta de inter\u00e9s de los p\u00fablicos, cada vez menos se acercan a los teatros, siento que tenemos que reeducar y restablecer desde la ra\u00edz, porque es importante que la danza siga vigente como detonador de la educaci\u00f3n y como conector de la sensibilidad.<\/p>\n<p>La danza de M\u00e9xico tiene muy buen nivel, hay maravillosos bailarines y muy buenos creadores, s\u00f3lo que tenemos que voltear tambi\u00e9n a ese p\u00fablico que consume danza y que se nutre de ella, tenemos que ser m\u00e1s sensibles y aportar, participar en actividades de impacto social sin ser obligados a hacerlo y deshacer cualquier envestidura por querer ser aceptados y formar parte del gremio de la danza a como d\u00e9 lugar. Mostrarnos como lo que somos; eso har\u00e1 la diferencia.<\/p>\n<p>&nbsp;<\/p>\n<p><a href=\"http:\/\/rednacionaldearte.com\/noticias\/wp-content\/uploads\/2017\/05\/17951985_10155766709710260_2399455555770082297_n.jpg\"><img loading=\"lazy\" decoding=\"async\" class=\"aligncenter size-full wp-image-568\" src=\"http:\/\/rednacionaldearte.com\/noticias\/wp-content\/uploads\/2017\/05\/17951985_10155766709710260_2399455555770082297_n.jpg\" alt=\"\u00c1ngel Ar\u00e1mbula CDMX\" width=\"953\" height=\"960\" srcset=\"https:\/\/rednacionaldearte.com\/noticias\/wp-content\/uploads\/2017\/05\/17951985_10155766709710260_2399455555770082297_n.jpg 953w, https:\/\/rednacionaldearte.com\/noticias\/wp-content\/uploads\/2017\/05\/17951985_10155766709710260_2399455555770082297_n-150x150.jpg 150w, https:\/\/rednacionaldearte.com\/noticias\/wp-content\/uploads\/2017\/05\/17951985_10155766709710260_2399455555770082297_n-298x300.jpg 298w, https:\/\/rednacionaldearte.com\/noticias\/wp-content\/uploads\/2017\/05\/17951985_10155766709710260_2399455555770082297_n-768x774.jpg 768w, https:\/\/rednacionaldearte.com\/noticias\/wp-content\/uploads\/2017\/05\/17951985_10155766709710260_2399455555770082297_n-125x125.jpg 125w\" sizes=\"auto, (max-width: 953px) 100vw, 953px\" \/><\/a><\/p>\n<p>&nbsp;<\/p>\n<h2><strong>\u00bfCu\u00e1l crees que es la importancia de la danza -en especial la contempor\u00e1nea- para la sociedad mexicana? <\/strong><\/h2>\n<p><strong>AA.<\/strong> Hablar de lo que est\u00e1 sucediendo en nuestro pa\u00eds es un gran compromiso, y como tal, no se trata de\u00a0s\u00f3lo gritar sin sentido. Es necesario crear consciencia de que somos tambi\u00e9n parte de esta sociedad mexicana, que somos artistas y que aportamos, pero que es necesario estar claros y saber que lo que hacemos tiene un sentido hacia quien lo compartimos; comprender que si nos equivocamos tendremos la capacidad de ser reflexivos y seguir construyendo no s\u00f3lo para el gremio, sino tambi\u00e9n para aquellos que aportan directa o indirectamente a los que nos dedicamos a la danza.<\/p>\n<p>&nbsp;<\/p>\n<h2><strong>Si no hicieras esto, \u00bfa qu\u00e9 te dedicar\u00edas? <\/strong><\/h2>\n<p><strong>AA.<\/strong> Esta es una pregunta que me he hecho desde el primer a\u00f1o que inicie en la danza, aunque a\u00fan no encuentro una respuesta. Tomando como base lo que estudie antes que danza, tal vez -y digo tal vez porque no tengo la certeza de que eso har\u00eda-, contadur\u00eda p\u00fablica.<\/p>\n<p>La danza ha transformado totalmente lo que soy, mi forma de relacionarme con mi entorno; ha cambiado mi cuerpo como instrumento para comunicarme, y sobre todo me ha dado la seguridad para darme cuenta que vale la pena seguir en esto que me apasiona, que a veces se enmarca complejo y cansado, pero que respeto y s\u00e9 que nada est\u00e1 perdido y que hay esperanzas para seguir dialogando y construyendo por este camino.<\/p>\n<p>&nbsp;<\/p>\n<h2><strong>\u00bfC\u00f3mo crees que deber\u00eda ser la relaci\u00f3n del bailar\u00edn y del core\u00f3grafo con el p\u00fablico?<\/strong><\/h2>\n<p><strong>AA.<\/strong>\u00a0Lo \u00fanico que puedo decir al respecto es que la relaci\u00f3n bailar\u00edn y el core\u00f3grafo debe ser muy estrecha e intuitiva; dejar que el bailar\u00edn sume, transforme y enriquezca las ideas del core\u00f3grafo de acuerdo a lo que aporte, dejar que el movimiento fluya y se haga c\u00f3mplice de las dos partes, y de esa manera, poder contribuir a la imaginaci\u00f3n del espectador desde no s\u00f3lo lo impuesto, sino dejar que la imaginaci\u00f3n sea parte de la conexi\u00f3n entre quien da y quien recibe.<\/p>\n<p>&nbsp;<\/p>\n<h2><strong>\u00bfQu\u00e9 est\u00e1 sucediendo con la danza en relaci\u00f3n a las dem\u00e1s artes? \u00bfC\u00f3mo est\u00e1 evolucionando? \u00bfQu\u00e9 tendencias se pueden observar en el pa\u00eds y el extranjero?<\/strong><\/h2>\n<p><strong>AA.<\/strong> La fusi\u00f3n de diferentes disciplinas art\u00edsticas ha hecho que la danza tenga un lugar muy visible y ha hecho que el teatro y el cine est\u00e9n estrechamente m\u00e1s relacionados. Sin duda alguna la danza siempre ser\u00e1 un detonador ya que el movimiento est\u00e1 impl\u00edcito en todo lo que hacemos.<\/p>\n<p>Debido a la globalizaci\u00f3n, la danza se est\u00e1 conectando con\u00a0influencia de tanta tecnolog\u00eda, y ha evolucionado de manera impactante. La danza Urbana ha sido un detonador muy importante para este crecimiento, y por ello existen tantos festivales y muestras en el mundo de diferentes estilos de danza, desde lo folcl\u00f3rico hasta lo contempor\u00e1neo. Las tendencias son muy visibles, la danza contempor\u00e1nea ha tomado caminos insospechados, hay una gran fusi\u00f3n de estilos y eso es lo que ha colocado el ojo en las nuevas tendencias para crear y aportar con la danza.<\/p>\n<p>&nbsp;<\/p>\n<p><a href=\"http:\/\/rednacionaldearte.com\/noticias\/wp-content\/uploads\/2017\/05\/ANGEL-ARAMBULA.png\"><img loading=\"lazy\" decoding=\"async\" class=\"aligncenter size-full wp-image-569\" src=\"http:\/\/rednacionaldearte.com\/noticias\/wp-content\/uploads\/2017\/05\/ANGEL-ARAMBULA.png\" alt=\"\u00c1ngel Ar\u00e1mbula\" width=\"1215\" height=\"805\" srcset=\"https:\/\/rednacionaldearte.com\/noticias\/wp-content\/uploads\/2017\/05\/ANGEL-ARAMBULA.png 1215w, https:\/\/rednacionaldearte.com\/noticias\/wp-content\/uploads\/2017\/05\/ANGEL-ARAMBULA-300x199.png 300w, https:\/\/rednacionaldearte.com\/noticias\/wp-content\/uploads\/2017\/05\/ANGEL-ARAMBULA-768x509.png 768w, https:\/\/rednacionaldearte.com\/noticias\/wp-content\/uploads\/2017\/05\/ANGEL-ARAMBULA-1024x678.png 1024w, https:\/\/rednacionaldearte.com\/noticias\/wp-content\/uploads\/2017\/05\/ANGEL-ARAMBULA-100x65.png 100w, https:\/\/rednacionaldearte.com\/noticias\/wp-content\/uploads\/2017\/05\/ANGEL-ARAMBULA-360x240.png 360w\" sizes=\"auto, (max-width: 1215px) 100vw, 1215px\" \/><\/a><\/p>\n<p>&nbsp;<\/p>\n<h2><strong>\u00bfCu\u00e1les consideras que son las cualidades m\u00e1s importantes que debe tener un bailar\u00edn de danza contempor\u00e1nea?<\/strong><\/h2>\n<p><strong>AA:<\/strong> De acuerdo a lo vivido por 15 a\u00f1os con Lux Boreal, es importante que un bailar\u00edn en general tenga constancia, la capacidad de aprender cosas nuevas y refrescarse, siempre reconstruir la capacidad de asombro y tambi\u00e9n la capacidad de trabajo en equipo, adem\u00e1s de reconocer que la edad no es una dificultad para seguir en la danza, solo saber que es necesario cuidar el cuerpo de otra manera, ser honesto en el momento de abordar el discurso del cuerpo y reconocer en qu\u00e9 momento se encuentra.<\/p>\n<p>La honestidad siempre ha sido un valor muy importante, lo dem\u00e1s se va construye con el tiempo. Siempre la danza tiene un lugar para ti si decides ser parte de ella.<\/p>\n<p>&nbsp;<\/p>\n<p>El Workshop \u00abPiso Articular\u00bb se encuentra por cerrar inscripciones. No te pierdas uno de los mejores entrenamientos de danza contempor\u00e1nea disponibles en el pa\u00eds. Para\u00a0m\u00e1s detalles y reservar tu lugar,\u00a0<a href=\"http:\/\/rednacionaldearte.com\/noticias\/info-cursos\/\" target=\"_blank\" rel=\"noopener noreferrer\">reg\u00edstrate aqu\u00ed<\/a>.<\/p>\n","protected":false},"excerpt":{"rendered":"<p>El bailar\u00edn y core\u00f3grafo \u00c1ngel Ar\u00e1mbula estar\u00e1 impartiendo su workshop \u00abPiso Articular\u00bb en la Ciudad de M\u00e9xico en junio pr\u00f3ximo, y previo al taller, hemos tenido la oportunidad de hablar con \u00e9l respecto a su carrera como creador y docente, adem\u00e1s de su\u00a0metodolog\u00eda y estado actual de la danza contempor\u00e1nea en el pa\u00eds. Los invitamos [&hellip;]<\/p>\n","protected":false},"author":1,"featured_media":567,"comment_status":"closed","ping_status":"open","sticky":false,"template":"","format":"standard","meta":{"footnotes":""},"categories":[103,58,129],"tags":[121,130,123],"class_list":["post-563","post","type-post","status-publish","format-standard","has-post-thumbnail","hentry","category-artes-escenicas","category-danza","category-entrevistas","tag-angel-arambula","tag-delfos-danza-contemporanea","tag-lux-boreal"],"yoast_head":"<!-- This site is optimized with the Yoast SEO plugin v27.2 - https:\/\/yoast.com\/product\/yoast-seo-wordpress\/ -->\n<title>Entrevista: \u00c1ngel Ar\u00e1mbula - Red Nacional de Arte<\/title>\n<meta name=\"robots\" content=\"index, follow, max-snippet:-1, max-image-preview:large, max-video-preview:-1\" \/>\n<link rel=\"canonical\" href=\"http:\/\/rednacionaldearte.com\/noticias\/entrevista-angel-arambula\/\" \/>\n<meta property=\"og:locale\" content=\"es_ES\" \/>\n<meta property=\"og:type\" content=\"article\" \/>\n<meta property=\"og:title\" content=\"Entrevista: \u00c1ngel Ar\u00e1mbula - Red Nacional de Arte\" \/>\n<meta property=\"og:description\" content=\"El bailar\u00edn y core\u00f3grafo \u00c1ngel Ar\u00e1mbula estar\u00e1 impartiendo su workshop \u00abPiso Articular\u00bb en la Ciudad de M\u00e9xico en junio pr\u00f3ximo, y previo al taller, hemos tenido la oportunidad de hablar con \u00e9l respecto a su carrera como creador y docente, adem\u00e1s de su\u00a0metodolog\u00eda y estado actual de la danza contempor\u00e1nea en el pa\u00eds. Los invitamos [&hellip;]\" \/>\n<meta property=\"og:url\" content=\"http:\/\/rednacionaldearte.com\/noticias\/entrevista-angel-arambula\/\" \/>\n<meta property=\"og:site_name\" content=\"Red Nacional de Arte\" \/>\n<meta property=\"article:publisher\" content=\"http:\/\/www.facebook.com\/rednacionaldearte\/\" \/>\n<meta property=\"article:published_time\" content=\"2017-05-15T06:15:47+00:00\" \/>\n<meta property=\"article:modified_time\" content=\"2017-05-15T06:16:24+00:00\" \/>\n<meta property=\"og:image\" content=\"https:\/\/rednacionaldearte.com\/noticias\/wp-content\/uploads\/2017\/05\/12347777_10154392849240260_315597978327926760_n.jpg\" \/>\n\t<meta property=\"og:image:width\" content=\"960\" \/>\n\t<meta property=\"og:image:height\" content=\"960\" \/>\n\t<meta property=\"og:image:type\" content=\"image\/jpeg\" \/>\n<meta name=\"author\" content=\"Redacci\u00f3n\" \/>\n<meta name=\"twitter:card\" content=\"summary_large_image\" \/>\n<meta name=\"twitter:creator\" content=\"@rednacionalarte\" \/>\n<meta name=\"twitter:site\" content=\"@rednacionalarte\" \/>\n<meta name=\"twitter:label1\" content=\"Escrito por\" \/>\n\t<meta name=\"twitter:data1\" content=\"Redacci\u00f3n\" \/>\n\t<meta name=\"twitter:label2\" content=\"Tiempo de lectura\" \/>\n\t<meta name=\"twitter:data2\" content=\"12 minutos\" \/>\n<script type=\"application\/ld+json\" class=\"yoast-schema-graph\">{\"@context\":\"https:\/\/schema.org\",\"@graph\":[{\"@type\":\"Article\",\"@id\":\"http:\/\/rednacionaldearte.com\/noticias\/entrevista-angel-arambula\/#article\",\"isPartOf\":{\"@id\":\"http:\/\/rednacionaldearte.com\/noticias\/entrevista-angel-arambula\/\"},\"author\":{\"name\":\"Redacci\u00f3n\",\"@id\":\"http:\/\/rednacionaldearte.com\/noticias\/#\/schema\/person\/489d635082b1de413434d2708a3e5b9b\"},\"headline\":\"Entrevista: \u00c1ngel Ar\u00e1mbula\",\"datePublished\":\"2017-05-15T06:15:47+00:00\",\"dateModified\":\"2017-05-15T06:16:24+00:00\",\"mainEntityOfPage\":{\"@id\":\"http:\/\/rednacionaldearte.com\/noticias\/entrevista-angel-arambula\/\"},\"wordCount\":2433,\"publisher\":{\"@id\":\"http:\/\/rednacionaldearte.com\/noticias\/#organization\"},\"image\":{\"@id\":\"http:\/\/rednacionaldearte.com\/noticias\/entrevista-angel-arambula\/#primaryimage\"},\"thumbnailUrl\":\"https:\/\/rednacionaldearte.com\/noticias\/wp-content\/uploads\/2017\/05\/12347777_10154392849240260_315597978327926760_n.jpg\",\"keywords\":[\"\u00c1ngel Ar\u00e1mbula\",\"Delfos Danza Contempor\u00e1nea\",\"Lux Boreal\"],\"articleSection\":[\"Artes Esc\u00e9nicas\",\"Danza\",\"Entrevistas\"],\"inLanguage\":\"es\"},{\"@type\":\"WebPage\",\"@id\":\"http:\/\/rednacionaldearte.com\/noticias\/entrevista-angel-arambula\/\",\"url\":\"http:\/\/rednacionaldearte.com\/noticias\/entrevista-angel-arambula\/\",\"name\":\"Entrevista: \u00c1ngel Ar\u00e1mbula - Red Nacional de Arte\",\"isPartOf\":{\"@id\":\"http:\/\/rednacionaldearte.com\/noticias\/#website\"},\"primaryImageOfPage\":{\"@id\":\"http:\/\/rednacionaldearte.com\/noticias\/entrevista-angel-arambula\/#primaryimage\"},\"image\":{\"@id\":\"http:\/\/rednacionaldearte.com\/noticias\/entrevista-angel-arambula\/#primaryimage\"},\"thumbnailUrl\":\"https:\/\/rednacionaldearte.com\/noticias\/wp-content\/uploads\/2017\/05\/12347777_10154392849240260_315597978327926760_n.jpg\",\"datePublished\":\"2017-05-15T06:15:47+00:00\",\"dateModified\":\"2017-05-15T06:16:24+00:00\",\"breadcrumb\":{\"@id\":\"http:\/\/rednacionaldearte.com\/noticias\/entrevista-angel-arambula\/#breadcrumb\"},\"inLanguage\":\"es\",\"potentialAction\":[{\"@type\":\"ReadAction\",\"target\":[\"http:\/\/rednacionaldearte.com\/noticias\/entrevista-angel-arambula\/\"]}]},{\"@type\":\"ImageObject\",\"inLanguage\":\"es\",\"@id\":\"http:\/\/rednacionaldearte.com\/noticias\/entrevista-angel-arambula\/#primaryimage\",\"url\":\"https:\/\/rednacionaldearte.com\/noticias\/wp-content\/uploads\/2017\/05\/12347777_10154392849240260_315597978327926760_n.jpg\",\"contentUrl\":\"https:\/\/rednacionaldearte.com\/noticias\/wp-content\/uploads\/2017\/05\/12347777_10154392849240260_315597978327926760_n.jpg\",\"width\":960,\"height\":960},{\"@type\":\"BreadcrumbList\",\"@id\":\"http:\/\/rednacionaldearte.com\/noticias\/entrevista-angel-arambula\/#breadcrumb\",\"itemListElement\":[{\"@type\":\"ListItem\",\"position\":1,\"name\":\"Home\",\"item\":\"http:\/\/rednacionaldearte.com\/noticias\/\"},{\"@type\":\"ListItem\",\"position\":2,\"name\":\"Entrevista: \u00c1ngel Ar\u00e1mbula\"}]},{\"@type\":\"WebSite\",\"@id\":\"http:\/\/rednacionaldearte.com\/noticias\/#website\",\"url\":\"http:\/\/rednacionaldearte.com\/noticias\/\",\"name\":\"Red Nacional de Arte\",\"description\":\"Cultura y Arte contempor\u00e1neo en M\u00e9xico\",\"publisher\":{\"@id\":\"http:\/\/rednacionaldearte.com\/noticias\/#organization\"},\"potentialAction\":[{\"@type\":\"SearchAction\",\"target\":{\"@type\":\"EntryPoint\",\"urlTemplate\":\"http:\/\/rednacionaldearte.com\/noticias\/?s={search_term_string}\"},\"query-input\":{\"@type\":\"PropertyValueSpecification\",\"valueRequired\":true,\"valueName\":\"search_term_string\"}}],\"inLanguage\":\"es\"},{\"@type\":\"Organization\",\"@id\":\"http:\/\/rednacionaldearte.com\/noticias\/#organization\",\"name\":\"Red Nacional de Arte\",\"url\":\"http:\/\/rednacionaldearte.com\/noticias\/\",\"logo\":{\"@type\":\"ImageObject\",\"inLanguage\":\"es\",\"@id\":\"http:\/\/rednacionaldearte.com\/noticias\/#\/schema\/logo\/image\/\",\"url\":\"http:\/\/rednacionaldearte.com\/noticias\/wp-content\/uploads\/2016\/04\/logo.png\",\"contentUrl\":\"http:\/\/rednacionaldearte.com\/noticias\/wp-content\/uploads\/2016\/04\/logo.png\",\"width\":575,\"height\":554,\"caption\":\"Red Nacional de Arte\"},\"image\":{\"@id\":\"http:\/\/rednacionaldearte.com\/noticias\/#\/schema\/logo\/image\/\"},\"sameAs\":[\"http:\/\/www.facebook.com\/rednacionaldearte\/\",\"https:\/\/x.com\/rednacionalarte\"]},{\"@type\":\"Person\",\"@id\":\"http:\/\/rednacionaldearte.com\/noticias\/#\/schema\/person\/489d635082b1de413434d2708a3e5b9b\",\"name\":\"Redacci\u00f3n\",\"image\":{\"@type\":\"ImageObject\",\"inLanguage\":\"es\",\"@id\":\"https:\/\/secure.gravatar.com\/avatar\/1d1c30eaee7c2f6cfa13fb8502cb06839106cdf371b9953d50e4b572d0bfa3c7?s=96&d=mm&r=g\",\"url\":\"https:\/\/secure.gravatar.com\/avatar\/1d1c30eaee7c2f6cfa13fb8502cb06839106cdf371b9953d50e4b572d0bfa3c7?s=96&d=mm&r=g\",\"contentUrl\":\"https:\/\/secure.gravatar.com\/avatar\/1d1c30eaee7c2f6cfa13fb8502cb06839106cdf371b9953d50e4b572d0bfa3c7?s=96&d=mm&r=g\",\"caption\":\"Redacci\u00f3n\"},\"url\":\"https:\/\/rednacionaldearte.com\/noticias\/author\/adan\/\"}]}<\/script>\n<!-- \/ Yoast SEO plugin. -->","yoast_head_json":{"title":"Entrevista: \u00c1ngel Ar\u00e1mbula - Red Nacional de Arte","robots":{"index":"index","follow":"follow","max-snippet":"max-snippet:-1","max-image-preview":"max-image-preview:large","max-video-preview":"max-video-preview:-1"},"canonical":"http:\/\/rednacionaldearte.com\/noticias\/entrevista-angel-arambula\/","og_locale":"es_ES","og_type":"article","og_title":"Entrevista: \u00c1ngel Ar\u00e1mbula - Red Nacional de Arte","og_description":"El bailar\u00edn y core\u00f3grafo \u00c1ngel Ar\u00e1mbula estar\u00e1 impartiendo su workshop \u00abPiso Articular\u00bb en la Ciudad de M\u00e9xico en junio pr\u00f3ximo, y previo al taller, hemos tenido la oportunidad de hablar con \u00e9l respecto a su carrera como creador y docente, adem\u00e1s de su\u00a0metodolog\u00eda y estado actual de la danza contempor\u00e1nea en el pa\u00eds. Los invitamos [&hellip;]","og_url":"http:\/\/rednacionaldearte.com\/noticias\/entrevista-angel-arambula\/","og_site_name":"Red Nacional de Arte","article_publisher":"http:\/\/www.facebook.com\/rednacionaldearte\/","article_published_time":"2017-05-15T06:15:47+00:00","article_modified_time":"2017-05-15T06:16:24+00:00","og_image":[{"width":960,"height":960,"url":"https:\/\/rednacionaldearte.com\/noticias\/wp-content\/uploads\/2017\/05\/12347777_10154392849240260_315597978327926760_n.jpg","type":"image\/jpeg"}],"author":"Redacci\u00f3n","twitter_card":"summary_large_image","twitter_creator":"@rednacionalarte","twitter_site":"@rednacionalarte","twitter_misc":{"Escrito por":"Redacci\u00f3n","Tiempo de lectura":"12 minutos"},"schema":{"@context":"https:\/\/schema.org","@graph":[{"@type":"Article","@id":"http:\/\/rednacionaldearte.com\/noticias\/entrevista-angel-arambula\/#article","isPartOf":{"@id":"http:\/\/rednacionaldearte.com\/noticias\/entrevista-angel-arambula\/"},"author":{"name":"Redacci\u00f3n","@id":"http:\/\/rednacionaldearte.com\/noticias\/#\/schema\/person\/489d635082b1de413434d2708a3e5b9b"},"headline":"Entrevista: \u00c1ngel Ar\u00e1mbula","datePublished":"2017-05-15T06:15:47+00:00","dateModified":"2017-05-15T06:16:24+00:00","mainEntityOfPage":{"@id":"http:\/\/rednacionaldearte.com\/noticias\/entrevista-angel-arambula\/"},"wordCount":2433,"publisher":{"@id":"http:\/\/rednacionaldearte.com\/noticias\/#organization"},"image":{"@id":"http:\/\/rednacionaldearte.com\/noticias\/entrevista-angel-arambula\/#primaryimage"},"thumbnailUrl":"https:\/\/rednacionaldearte.com\/noticias\/wp-content\/uploads\/2017\/05\/12347777_10154392849240260_315597978327926760_n.jpg","keywords":["\u00c1ngel Ar\u00e1mbula","Delfos Danza Contempor\u00e1nea","Lux Boreal"],"articleSection":["Artes Esc\u00e9nicas","Danza","Entrevistas"],"inLanguage":"es"},{"@type":"WebPage","@id":"http:\/\/rednacionaldearte.com\/noticias\/entrevista-angel-arambula\/","url":"http:\/\/rednacionaldearte.com\/noticias\/entrevista-angel-arambula\/","name":"Entrevista: \u00c1ngel Ar\u00e1mbula - Red Nacional de Arte","isPartOf":{"@id":"http:\/\/rednacionaldearte.com\/noticias\/#website"},"primaryImageOfPage":{"@id":"http:\/\/rednacionaldearte.com\/noticias\/entrevista-angel-arambula\/#primaryimage"},"image":{"@id":"http:\/\/rednacionaldearte.com\/noticias\/entrevista-angel-arambula\/#primaryimage"},"thumbnailUrl":"https:\/\/rednacionaldearte.com\/noticias\/wp-content\/uploads\/2017\/05\/12347777_10154392849240260_315597978327926760_n.jpg","datePublished":"2017-05-15T06:15:47+00:00","dateModified":"2017-05-15T06:16:24+00:00","breadcrumb":{"@id":"http:\/\/rednacionaldearte.com\/noticias\/entrevista-angel-arambula\/#breadcrumb"},"inLanguage":"es","potentialAction":[{"@type":"ReadAction","target":["http:\/\/rednacionaldearte.com\/noticias\/entrevista-angel-arambula\/"]}]},{"@type":"ImageObject","inLanguage":"es","@id":"http:\/\/rednacionaldearte.com\/noticias\/entrevista-angel-arambula\/#primaryimage","url":"https:\/\/rednacionaldearte.com\/noticias\/wp-content\/uploads\/2017\/05\/12347777_10154392849240260_315597978327926760_n.jpg","contentUrl":"https:\/\/rednacionaldearte.com\/noticias\/wp-content\/uploads\/2017\/05\/12347777_10154392849240260_315597978327926760_n.jpg","width":960,"height":960},{"@type":"BreadcrumbList","@id":"http:\/\/rednacionaldearte.com\/noticias\/entrevista-angel-arambula\/#breadcrumb","itemListElement":[{"@type":"ListItem","position":1,"name":"Home","item":"http:\/\/rednacionaldearte.com\/noticias\/"},{"@type":"ListItem","position":2,"name":"Entrevista: \u00c1ngel Ar\u00e1mbula"}]},{"@type":"WebSite","@id":"http:\/\/rednacionaldearte.com\/noticias\/#website","url":"http:\/\/rednacionaldearte.com\/noticias\/","name":"Red Nacional de Arte","description":"Cultura y Arte contempor\u00e1neo en M\u00e9xico","publisher":{"@id":"http:\/\/rednacionaldearte.com\/noticias\/#organization"},"potentialAction":[{"@type":"SearchAction","target":{"@type":"EntryPoint","urlTemplate":"http:\/\/rednacionaldearte.com\/noticias\/?s={search_term_string}"},"query-input":{"@type":"PropertyValueSpecification","valueRequired":true,"valueName":"search_term_string"}}],"inLanguage":"es"},{"@type":"Organization","@id":"http:\/\/rednacionaldearte.com\/noticias\/#organization","name":"Red Nacional de Arte","url":"http:\/\/rednacionaldearte.com\/noticias\/","logo":{"@type":"ImageObject","inLanguage":"es","@id":"http:\/\/rednacionaldearte.com\/noticias\/#\/schema\/logo\/image\/","url":"http:\/\/rednacionaldearte.com\/noticias\/wp-content\/uploads\/2016\/04\/logo.png","contentUrl":"http:\/\/rednacionaldearte.com\/noticias\/wp-content\/uploads\/2016\/04\/logo.png","width":575,"height":554,"caption":"Red Nacional de Arte"},"image":{"@id":"http:\/\/rednacionaldearte.com\/noticias\/#\/schema\/logo\/image\/"},"sameAs":["http:\/\/www.facebook.com\/rednacionaldearte\/","https:\/\/x.com\/rednacionalarte"]},{"@type":"Person","@id":"http:\/\/rednacionaldearte.com\/noticias\/#\/schema\/person\/489d635082b1de413434d2708a3e5b9b","name":"Redacci\u00f3n","image":{"@type":"ImageObject","inLanguage":"es","@id":"https:\/\/secure.gravatar.com\/avatar\/1d1c30eaee7c2f6cfa13fb8502cb06839106cdf371b9953d50e4b572d0bfa3c7?s=96&d=mm&r=g","url":"https:\/\/secure.gravatar.com\/avatar\/1d1c30eaee7c2f6cfa13fb8502cb06839106cdf371b9953d50e4b572d0bfa3c7?s=96&d=mm&r=g","contentUrl":"https:\/\/secure.gravatar.com\/avatar\/1d1c30eaee7c2f6cfa13fb8502cb06839106cdf371b9953d50e4b572d0bfa3c7?s=96&d=mm&r=g","caption":"Redacci\u00f3n"},"url":"https:\/\/rednacionaldearte.com\/noticias\/author\/adan\/"}]}},"amp_validity":null,"amp_enabled":true,"_links":{"self":[{"href":"https:\/\/rednacionaldearte.com\/noticias\/wp-json\/wp\/v2\/posts\/563","targetHints":{"allow":["GET"]}}],"collection":[{"href":"https:\/\/rednacionaldearte.com\/noticias\/wp-json\/wp\/v2\/posts"}],"about":[{"href":"https:\/\/rednacionaldearte.com\/noticias\/wp-json\/wp\/v2\/types\/post"}],"author":[{"embeddable":true,"href":"https:\/\/rednacionaldearte.com\/noticias\/wp-json\/wp\/v2\/users\/1"}],"replies":[{"embeddable":true,"href":"https:\/\/rednacionaldearte.com\/noticias\/wp-json\/wp\/v2\/comments?post=563"}],"version-history":[{"count":5,"href":"https:\/\/rednacionaldearte.com\/noticias\/wp-json\/wp\/v2\/posts\/563\/revisions"}],"predecessor-version":[{"id":573,"href":"https:\/\/rednacionaldearte.com\/noticias\/wp-json\/wp\/v2\/posts\/563\/revisions\/573"}],"wp:featuredmedia":[{"embeddable":true,"href":"https:\/\/rednacionaldearte.com\/noticias\/wp-json\/wp\/v2\/media\/567"}],"wp:attachment":[{"href":"https:\/\/rednacionaldearte.com\/noticias\/wp-json\/wp\/v2\/media?parent=563"}],"wp:term":[{"taxonomy":"category","embeddable":true,"href":"https:\/\/rednacionaldearte.com\/noticias\/wp-json\/wp\/v2\/categories?post=563"},{"taxonomy":"post_tag","embeddable":true,"href":"https:\/\/rednacionaldearte.com\/noticias\/wp-json\/wp\/v2\/tags?post=563"}],"curies":[{"name":"wp","href":"https:\/\/api.w.org\/{rel}","templated":true}]}}