{"id":581,"date":"2017-07-13T21:25:57","date_gmt":"2017-07-13T21:25:57","guid":{"rendered":"http:\/\/rednacionaldearte.com\/noticias\/?p=581"},"modified":"2017-08-24T20:31:21","modified_gmt":"2017-08-24T20:31:21","slug":"taller-coreografia-expandida-cdmx","status":"publish","type":"post","link":"https:\/\/rednacionaldearte.com\/noticias\/taller-coreografia-expandida-cdmx\/","title":{"rendered":"Taller te\u00f3rico-pr\u00e1ctico para aproximarse a la coreograf\u00eda expandida (CDMX)"},"content":{"rendered":"<p><a href=\"http:\/\/rednacionaldearte.com\/noticias\/wp-content\/uploads\/2017\/07\/CoreografiaEXP.jpg\"><\/a><a href=\"http:\/\/rednacionaldearte.com\/noticias\/wp-content\/uploads\/2017\/07\/CoreografiaEXP2.jpg\"><img loading=\"lazy\" decoding=\"async\" class=\"aligncenter size-full wp-image-612\" src=\"http:\/\/rednacionaldearte.com\/noticias\/wp-content\/uploads\/2017\/07\/CoreografiaEXP2.jpg\" alt=\"Taller de Coreograf\u00eda Expandida\" width=\"2083\" height=\"1388\" srcset=\"https:\/\/rednacionaldearte.com\/noticias\/wp-content\/uploads\/2017\/07\/CoreografiaEXP2.jpg 2083w, https:\/\/rednacionaldearte.com\/noticias\/wp-content\/uploads\/2017\/07\/CoreografiaEXP2-300x200.jpg 300w, https:\/\/rednacionaldearte.com\/noticias\/wp-content\/uploads\/2017\/07\/CoreografiaEXP2-768x512.jpg 768w, https:\/\/rednacionaldearte.com\/noticias\/wp-content\/uploads\/2017\/07\/CoreografiaEXP2-1024x682.jpg 1024w, https:\/\/rednacionaldearte.com\/noticias\/wp-content\/uploads\/2017\/07\/CoreografiaEXP2-360x240.jpg 360w\" sizes=\"auto, (max-width: 2083px) 100vw, 2083px\" \/><\/a><\/p>\n<p><strong>Imparte:<\/strong>&nbsp;Cristina Maldonado.<\/p>\n<p><strong>Cristina Maldonado<\/strong> ha dedicado los \u00faltimos quince a\u00f1os a investigar la traslaci\u00f3n del pensamiento coreogr\u00e1fico a diversos medios y \u00e1mbitos como la educaci\u00f3n corporal, el cine expandido, el teatro de sitio y la instalaci\u00f3n interactiva.<\/p>\n<p>Sus proyectos se han presentado en festivales, bienales, universidades, centros de investigaci\u00f3n art\u00edstica y teatros en M\u00e9xico, Rep\u00fablica Checa, Portugal, Alemania, Rusia, Rumania y Chipre, por mencionar algunos.<\/p>\n<p><strong>Dirigido a:<\/strong><\/p>\n<p>Interesados en el teatro experimental, danza expandida, arte acci\u00f3n, performance, arte con medios audiovisuales, performance para un solo espectador, obras de sitio espec\u00edfico.<\/p>\n<p>&nbsp;<\/p>\n<p><strong>Fechas:&nbsp;<\/strong>8, 9 y 10 de septiembre, 2017.<\/p>\n<div class=\"column\">\n<p>&nbsp;<\/p>\n<p><strong>Cuota de recuperacio\u0301n:<\/strong><\/p>\n<p class=\"p1\"><span class=\"s1\">General: $1,000.00<br \/>\n<\/span><\/p>\n<h2 class=\"p1\"><span class=\"s1\">Pagando antes del 31 de Agosto: $850.00.<br \/>\n<\/span><\/h2>\n<p>&nbsp;<\/p>\n<p><strong>Al finalizar el workshop&nbsp;se entregara\u0301 una constancia de participacio\u0301n.<\/strong><\/p>\n<\/div>\n<p>&nbsp;<\/p>\n<p><strong>M\u00e9todos de Pago:<\/strong><\/p>\n<ol>\n<li>Dep\u00f3sito bancario.<\/li>\n<li>Tiendas OXXO.<\/li>\n<li>En l\u00ednea con PayPal y Tarjetas de Cr\u00e9dito.<\/li>\n<li>Transferencia interbancaria.<\/li>\n<\/ol>\n<p>Si tiene dudas o&nbsp;<strong>desea pagar mediante dep\u00f3sito, tiendas OXXO&nbsp;o transferencia interbancaria,<\/strong>&nbsp;<strong>haga click en \u201cSolicitar m\u00e1s informaci\u00f3n\u201d,<\/strong>&nbsp;y en el formulario indique el m\u00e9todo deseado.<\/p>\n<p>Dudas adicionales: cursos@rednacionaldearte.com<\/p>\n<p style=\"text-align: center;\"><a class=\"fasc-button fasc-size-medium fasc-type-flat\" style=\"background-color: #33809e; color: #ffffff;\" href=\"http:\/\/rednacionaldearte.com\/noticias\/info-cursos\/\">Solicitar m\u00e1s informaci\u00f3n<\/a><\/p>\n<p style=\"text-align: center;\"><a class=\"fasc-button fasc-size-medium fasc-type-flat\" style=\"background-color: #33809e; color: #ffffff;\" target=\"_blank\" rel=\"noopener\" href=\"http:\/\/rednacionaldearte.com\/tienda\/producto\/taller-coreografia-expandida\/\">Pagar en l\u00ednea<\/a><\/p>\n","protected":false},"excerpt":{"rendered":"<p>Imparte:&nbsp;Cristina Maldonado. Cristina Maldonado ha dedicado los \u00faltimos quince a\u00f1os a investigar la traslaci\u00f3n del pensamiento coreogr\u00e1fico a diversos medios y \u00e1mbitos como la educaci\u00f3n corporal, el cine expandido, el teatro de sitio y la instalaci\u00f3n interactiva. Sus proyectos se han presentado en festivales, bienales, universidades, centros de investigaci\u00f3n art\u00edstica y teatros en M\u00e9xico, Rep\u00fablica [&hellip;]<\/p>\n","protected":false},"author":1,"featured_media":612,"comment_status":"closed","ping_status":"open","sticky":false,"template":"","format":"standard","meta":{"footnotes":""},"categories":[85,103,59,43,86],"tags":[],"class_list":["post-581","post","type-post","status-publish","format-standard","has-post-thumbnail","hentry","category-arte-contemporaneo","category-artes-escenicas","category-artes-visuales","category-cursos","category-performance"],"yoast_head":"<!-- This site is optimized with the Yoast SEO plugin v27.2 - https:\/\/yoast.com\/product\/yoast-seo-wordpress\/ -->\n<title>Taller te\u00f3rico-pr\u00e1ctico para aproximarse a la coreograf\u00eda expandida (CDMX) - Red Nacional de Arte<\/title>\n<meta name=\"robots\" content=\"index, follow, max-snippet:-1, max-image-preview:large, max-video-preview:-1\" \/>\n<link rel=\"canonical\" href=\"https:\/\/rednacionaldearte.com\/noticias\/taller-coreografia-expandida-cdmx\/\" \/>\n<meta property=\"og:locale\" content=\"es_ES\" \/>\n<meta property=\"og:type\" content=\"article\" \/>\n<meta property=\"og:title\" content=\"Taller te\u00f3rico-pr\u00e1ctico para aproximarse a la coreograf\u00eda expandida (CDMX) - Red Nacional de Arte\" \/>\n<meta property=\"og:description\" content=\"Imparte:&nbsp;Cristina Maldonado. Cristina Maldonado ha dedicado los \u00faltimos quince a\u00f1os a investigar la traslaci\u00f3n del pensamiento coreogr\u00e1fico a diversos medios y \u00e1mbitos como la educaci\u00f3n corporal, el cine expandido, el teatro de sitio y la instalaci\u00f3n interactiva. Sus proyectos se han presentado en festivales, bienales, universidades, centros de investigaci\u00f3n art\u00edstica y teatros en M\u00e9xico, Rep\u00fablica [&hellip;]\" \/>\n<meta property=\"og:url\" content=\"https:\/\/rednacionaldearte.com\/noticias\/taller-coreografia-expandida-cdmx\/\" \/>\n<meta property=\"og:site_name\" content=\"Red Nacional de Arte\" \/>\n<meta property=\"article:publisher\" content=\"http:\/\/www.facebook.com\/rednacionaldearte\/\" \/>\n<meta property=\"article:published_time\" content=\"2017-07-13T21:25:57+00:00\" \/>\n<meta property=\"article:modified_time\" content=\"2017-08-24T20:31:21+00:00\" \/>\n<meta property=\"og:image\" content=\"https:\/\/rednacionaldearte.com\/noticias\/wp-content\/uploads\/2017\/07\/CoreografiaEXP2.jpg\" \/>\n\t<meta property=\"og:image:width\" content=\"2083\" \/>\n\t<meta property=\"og:image:height\" content=\"1388\" \/>\n\t<meta property=\"og:image:type\" content=\"image\/jpeg\" \/>\n<meta name=\"author\" content=\"Redacci\u00f3n\" \/>\n<meta name=\"twitter:card\" content=\"summary_large_image\" \/>\n<meta name=\"twitter:creator\" content=\"@rednacionalarte\" \/>\n<meta name=\"twitter:site\" content=\"@rednacionalarte\" \/>\n<meta name=\"twitter:label1\" content=\"Escrito por\" \/>\n\t<meta name=\"twitter:data1\" content=\"Redacci\u00f3n\" \/>\n\t<meta name=\"twitter:label2\" content=\"Tiempo de lectura\" \/>\n\t<meta name=\"twitter:data2\" content=\"1 minuto\" \/>\n<script type=\"application\/ld+json\" class=\"yoast-schema-graph\">{\"@context\":\"https:\/\/schema.org\",\"@graph\":[{\"@type\":\"Article\",\"@id\":\"https:\/\/rednacionaldearte.com\/noticias\/taller-coreografia-expandida-cdmx\/#article\",\"isPartOf\":{\"@id\":\"https:\/\/rednacionaldearte.com\/noticias\/taller-coreografia-expandida-cdmx\/\"},\"author\":{\"name\":\"Redacci\u00f3n\",\"@id\":\"http:\/\/rednacionaldearte.com\/noticias\/#\/schema\/person\/489d635082b1de413434d2708a3e5b9b\"},\"headline\":\"Taller te\u00f3rico-pr\u00e1ctico para aproximarse a la coreograf\u00eda expandida (CDMX)\",\"datePublished\":\"2017-07-13T21:25:57+00:00\",\"dateModified\":\"2017-08-24T20:31:21+00:00\",\"mainEntityOfPage\":{\"@id\":\"https:\/\/rednacionaldearte.com\/noticias\/taller-coreografia-expandida-cdmx\/\"},\"wordCount\":216,\"publisher\":{\"@id\":\"http:\/\/rednacionaldearte.com\/noticias\/#organization\"},\"image\":{\"@id\":\"https:\/\/rednacionaldearte.com\/noticias\/taller-coreografia-expandida-cdmx\/#primaryimage\"},\"thumbnailUrl\":\"https:\/\/rednacionaldearte.com\/noticias\/wp-content\/uploads\/2017\/07\/CoreografiaEXP2.jpg\",\"articleSection\":[\"Arte Contempor\u00e1neo\",\"Artes Esc\u00e9nicas\",\"Artes Visuales\",\"Cursos\",\"Performance\"],\"inLanguage\":\"es\"},{\"@type\":\"WebPage\",\"@id\":\"https:\/\/rednacionaldearte.com\/noticias\/taller-coreografia-expandida-cdmx\/\",\"url\":\"https:\/\/rednacionaldearte.com\/noticias\/taller-coreografia-expandida-cdmx\/\",\"name\":\"Taller te\u00f3rico-pr\u00e1ctico para aproximarse a la coreograf\u00eda expandida (CDMX) - Red Nacional de Arte\",\"isPartOf\":{\"@id\":\"http:\/\/rednacionaldearte.com\/noticias\/#website\"},\"primaryImageOfPage\":{\"@id\":\"https:\/\/rednacionaldearte.com\/noticias\/taller-coreografia-expandida-cdmx\/#primaryimage\"},\"image\":{\"@id\":\"https:\/\/rednacionaldearte.com\/noticias\/taller-coreografia-expandida-cdmx\/#primaryimage\"},\"thumbnailUrl\":\"https:\/\/rednacionaldearte.com\/noticias\/wp-content\/uploads\/2017\/07\/CoreografiaEXP2.jpg\",\"datePublished\":\"2017-07-13T21:25:57+00:00\",\"dateModified\":\"2017-08-24T20:31:21+00:00\",\"breadcrumb\":{\"@id\":\"https:\/\/rednacionaldearte.com\/noticias\/taller-coreografia-expandida-cdmx\/#breadcrumb\"},\"inLanguage\":\"es\",\"potentialAction\":[{\"@type\":\"ReadAction\",\"target\":[\"https:\/\/rednacionaldearte.com\/noticias\/taller-coreografia-expandida-cdmx\/\"]}]},{\"@type\":\"ImageObject\",\"inLanguage\":\"es\",\"@id\":\"https:\/\/rednacionaldearte.com\/noticias\/taller-coreografia-expandida-cdmx\/#primaryimage\",\"url\":\"https:\/\/rednacionaldearte.com\/noticias\/wp-content\/uploads\/2017\/07\/CoreografiaEXP2.jpg\",\"contentUrl\":\"https:\/\/rednacionaldearte.com\/noticias\/wp-content\/uploads\/2017\/07\/CoreografiaEXP2.jpg\",\"width\":2083,\"height\":1388,\"caption\":\"Taller de Coreograf\u00eda Expandida\"},{\"@type\":\"BreadcrumbList\",\"@id\":\"https:\/\/rednacionaldearte.com\/noticias\/taller-coreografia-expandida-cdmx\/#breadcrumb\",\"itemListElement\":[{\"@type\":\"ListItem\",\"position\":1,\"name\":\"Home\",\"item\":\"http:\/\/rednacionaldearte.com\/noticias\/\"},{\"@type\":\"ListItem\",\"position\":2,\"name\":\"Taller te\u00f3rico-pr\u00e1ctico para aproximarse a la coreograf\u00eda expandida (CDMX)\"}]},{\"@type\":\"WebSite\",\"@id\":\"http:\/\/rednacionaldearte.com\/noticias\/#website\",\"url\":\"http:\/\/rednacionaldearte.com\/noticias\/\",\"name\":\"Red Nacional de Arte\",\"description\":\"Cultura y Arte contempor\u00e1neo en M\u00e9xico\",\"publisher\":{\"@id\":\"http:\/\/rednacionaldearte.com\/noticias\/#organization\"},\"potentialAction\":[{\"@type\":\"SearchAction\",\"target\":{\"@type\":\"EntryPoint\",\"urlTemplate\":\"http:\/\/rednacionaldearte.com\/noticias\/?s={search_term_string}\"},\"query-input\":{\"@type\":\"PropertyValueSpecification\",\"valueRequired\":true,\"valueName\":\"search_term_string\"}}],\"inLanguage\":\"es\"},{\"@type\":\"Organization\",\"@id\":\"http:\/\/rednacionaldearte.com\/noticias\/#organization\",\"name\":\"Red Nacional de Arte\",\"url\":\"http:\/\/rednacionaldearte.com\/noticias\/\",\"logo\":{\"@type\":\"ImageObject\",\"inLanguage\":\"es\",\"@id\":\"http:\/\/rednacionaldearte.com\/noticias\/#\/schema\/logo\/image\/\",\"url\":\"http:\/\/rednacionaldearte.com\/noticias\/wp-content\/uploads\/2016\/04\/logo.png\",\"contentUrl\":\"http:\/\/rednacionaldearte.com\/noticias\/wp-content\/uploads\/2016\/04\/logo.png\",\"width\":575,\"height\":554,\"caption\":\"Red Nacional de Arte\"},\"image\":{\"@id\":\"http:\/\/rednacionaldearte.com\/noticias\/#\/schema\/logo\/image\/\"},\"sameAs\":[\"http:\/\/www.facebook.com\/rednacionaldearte\/\",\"https:\/\/x.com\/rednacionalarte\"]},{\"@type\":\"Person\",\"@id\":\"http:\/\/rednacionaldearte.com\/noticias\/#\/schema\/person\/489d635082b1de413434d2708a3e5b9b\",\"name\":\"Redacci\u00f3n\",\"image\":{\"@type\":\"ImageObject\",\"inLanguage\":\"es\",\"@id\":\"https:\/\/secure.gravatar.com\/avatar\/1d1c30eaee7c2f6cfa13fb8502cb06839106cdf371b9953d50e4b572d0bfa3c7?s=96&d=mm&r=g\",\"url\":\"https:\/\/secure.gravatar.com\/avatar\/1d1c30eaee7c2f6cfa13fb8502cb06839106cdf371b9953d50e4b572d0bfa3c7?s=96&d=mm&r=g\",\"contentUrl\":\"https:\/\/secure.gravatar.com\/avatar\/1d1c30eaee7c2f6cfa13fb8502cb06839106cdf371b9953d50e4b572d0bfa3c7?s=96&d=mm&r=g\",\"caption\":\"Redacci\u00f3n\"},\"url\":\"https:\/\/rednacionaldearte.com\/noticias\/author\/adan\/\"}]}<\/script>\n<!-- \/ Yoast SEO plugin. -->","yoast_head_json":{"title":"Taller te\u00f3rico-pr\u00e1ctico para aproximarse a la coreograf\u00eda expandida (CDMX) - Red Nacional de Arte","robots":{"index":"index","follow":"follow","max-snippet":"max-snippet:-1","max-image-preview":"max-image-preview:large","max-video-preview":"max-video-preview:-1"},"canonical":"https:\/\/rednacionaldearte.com\/noticias\/taller-coreografia-expandida-cdmx\/","og_locale":"es_ES","og_type":"article","og_title":"Taller te\u00f3rico-pr\u00e1ctico para aproximarse a la coreograf\u00eda expandida (CDMX) - Red Nacional de Arte","og_description":"Imparte:&nbsp;Cristina Maldonado. Cristina Maldonado ha dedicado los \u00faltimos quince a\u00f1os a investigar la traslaci\u00f3n del pensamiento coreogr\u00e1fico a diversos medios y \u00e1mbitos como la educaci\u00f3n corporal, el cine expandido, el teatro de sitio y la instalaci\u00f3n interactiva. Sus proyectos se han presentado en festivales, bienales, universidades, centros de investigaci\u00f3n art\u00edstica y teatros en M\u00e9xico, Rep\u00fablica [&hellip;]","og_url":"https:\/\/rednacionaldearte.com\/noticias\/taller-coreografia-expandida-cdmx\/","og_site_name":"Red Nacional de Arte","article_publisher":"http:\/\/www.facebook.com\/rednacionaldearte\/","article_published_time":"2017-07-13T21:25:57+00:00","article_modified_time":"2017-08-24T20:31:21+00:00","og_image":[{"width":2083,"height":1388,"url":"https:\/\/rednacionaldearte.com\/noticias\/wp-content\/uploads\/2017\/07\/CoreografiaEXP2.jpg","type":"image\/jpeg"}],"author":"Redacci\u00f3n","twitter_card":"summary_large_image","twitter_creator":"@rednacionalarte","twitter_site":"@rednacionalarte","twitter_misc":{"Escrito por":"Redacci\u00f3n","Tiempo de lectura":"1 minuto"},"schema":{"@context":"https:\/\/schema.org","@graph":[{"@type":"Article","@id":"https:\/\/rednacionaldearte.com\/noticias\/taller-coreografia-expandida-cdmx\/#article","isPartOf":{"@id":"https:\/\/rednacionaldearte.com\/noticias\/taller-coreografia-expandida-cdmx\/"},"author":{"name":"Redacci\u00f3n","@id":"http:\/\/rednacionaldearte.com\/noticias\/#\/schema\/person\/489d635082b1de413434d2708a3e5b9b"},"headline":"Taller te\u00f3rico-pr\u00e1ctico para aproximarse a la coreograf\u00eda expandida (CDMX)","datePublished":"2017-07-13T21:25:57+00:00","dateModified":"2017-08-24T20:31:21+00:00","mainEntityOfPage":{"@id":"https:\/\/rednacionaldearte.com\/noticias\/taller-coreografia-expandida-cdmx\/"},"wordCount":216,"publisher":{"@id":"http:\/\/rednacionaldearte.com\/noticias\/#organization"},"image":{"@id":"https:\/\/rednacionaldearte.com\/noticias\/taller-coreografia-expandida-cdmx\/#primaryimage"},"thumbnailUrl":"https:\/\/rednacionaldearte.com\/noticias\/wp-content\/uploads\/2017\/07\/CoreografiaEXP2.jpg","articleSection":["Arte Contempor\u00e1neo","Artes Esc\u00e9nicas","Artes Visuales","Cursos","Performance"],"inLanguage":"es"},{"@type":"WebPage","@id":"https:\/\/rednacionaldearte.com\/noticias\/taller-coreografia-expandida-cdmx\/","url":"https:\/\/rednacionaldearte.com\/noticias\/taller-coreografia-expandida-cdmx\/","name":"Taller te\u00f3rico-pr\u00e1ctico para aproximarse a la coreograf\u00eda expandida (CDMX) - Red Nacional de Arte","isPartOf":{"@id":"http:\/\/rednacionaldearte.com\/noticias\/#website"},"primaryImageOfPage":{"@id":"https:\/\/rednacionaldearte.com\/noticias\/taller-coreografia-expandida-cdmx\/#primaryimage"},"image":{"@id":"https:\/\/rednacionaldearte.com\/noticias\/taller-coreografia-expandida-cdmx\/#primaryimage"},"thumbnailUrl":"https:\/\/rednacionaldearte.com\/noticias\/wp-content\/uploads\/2017\/07\/CoreografiaEXP2.jpg","datePublished":"2017-07-13T21:25:57+00:00","dateModified":"2017-08-24T20:31:21+00:00","breadcrumb":{"@id":"https:\/\/rednacionaldearte.com\/noticias\/taller-coreografia-expandida-cdmx\/#breadcrumb"},"inLanguage":"es","potentialAction":[{"@type":"ReadAction","target":["https:\/\/rednacionaldearte.com\/noticias\/taller-coreografia-expandida-cdmx\/"]}]},{"@type":"ImageObject","inLanguage":"es","@id":"https:\/\/rednacionaldearte.com\/noticias\/taller-coreografia-expandida-cdmx\/#primaryimage","url":"https:\/\/rednacionaldearte.com\/noticias\/wp-content\/uploads\/2017\/07\/CoreografiaEXP2.jpg","contentUrl":"https:\/\/rednacionaldearte.com\/noticias\/wp-content\/uploads\/2017\/07\/CoreografiaEXP2.jpg","width":2083,"height":1388,"caption":"Taller de Coreograf\u00eda Expandida"},{"@type":"BreadcrumbList","@id":"https:\/\/rednacionaldearte.com\/noticias\/taller-coreografia-expandida-cdmx\/#breadcrumb","itemListElement":[{"@type":"ListItem","position":1,"name":"Home","item":"http:\/\/rednacionaldearte.com\/noticias\/"},{"@type":"ListItem","position":2,"name":"Taller te\u00f3rico-pr\u00e1ctico para aproximarse a la coreograf\u00eda expandida (CDMX)"}]},{"@type":"WebSite","@id":"http:\/\/rednacionaldearte.com\/noticias\/#website","url":"http:\/\/rednacionaldearte.com\/noticias\/","name":"Red Nacional de Arte","description":"Cultura y Arte contempor\u00e1neo en M\u00e9xico","publisher":{"@id":"http:\/\/rednacionaldearte.com\/noticias\/#organization"},"potentialAction":[{"@type":"SearchAction","target":{"@type":"EntryPoint","urlTemplate":"http:\/\/rednacionaldearte.com\/noticias\/?s={search_term_string}"},"query-input":{"@type":"PropertyValueSpecification","valueRequired":true,"valueName":"search_term_string"}}],"inLanguage":"es"},{"@type":"Organization","@id":"http:\/\/rednacionaldearte.com\/noticias\/#organization","name":"Red Nacional de Arte","url":"http:\/\/rednacionaldearte.com\/noticias\/","logo":{"@type":"ImageObject","inLanguage":"es","@id":"http:\/\/rednacionaldearte.com\/noticias\/#\/schema\/logo\/image\/","url":"http:\/\/rednacionaldearte.com\/noticias\/wp-content\/uploads\/2016\/04\/logo.png","contentUrl":"http:\/\/rednacionaldearte.com\/noticias\/wp-content\/uploads\/2016\/04\/logo.png","width":575,"height":554,"caption":"Red Nacional de Arte"},"image":{"@id":"http:\/\/rednacionaldearte.com\/noticias\/#\/schema\/logo\/image\/"},"sameAs":["http:\/\/www.facebook.com\/rednacionaldearte\/","https:\/\/x.com\/rednacionalarte"]},{"@type":"Person","@id":"http:\/\/rednacionaldearte.com\/noticias\/#\/schema\/person\/489d635082b1de413434d2708a3e5b9b","name":"Redacci\u00f3n","image":{"@type":"ImageObject","inLanguage":"es","@id":"https:\/\/secure.gravatar.com\/avatar\/1d1c30eaee7c2f6cfa13fb8502cb06839106cdf371b9953d50e4b572d0bfa3c7?s=96&d=mm&r=g","url":"https:\/\/secure.gravatar.com\/avatar\/1d1c30eaee7c2f6cfa13fb8502cb06839106cdf371b9953d50e4b572d0bfa3c7?s=96&d=mm&r=g","contentUrl":"https:\/\/secure.gravatar.com\/avatar\/1d1c30eaee7c2f6cfa13fb8502cb06839106cdf371b9953d50e4b572d0bfa3c7?s=96&d=mm&r=g","caption":"Redacci\u00f3n"},"url":"https:\/\/rednacionaldearte.com\/noticias\/author\/adan\/"}]}},"amp_validity":null,"amp_enabled":true,"_links":{"self":[{"href":"https:\/\/rednacionaldearte.com\/noticias\/wp-json\/wp\/v2\/posts\/581","targetHints":{"allow":["GET"]}}],"collection":[{"href":"https:\/\/rednacionaldearte.com\/noticias\/wp-json\/wp\/v2\/posts"}],"about":[{"href":"https:\/\/rednacionaldearte.com\/noticias\/wp-json\/wp\/v2\/types\/post"}],"author":[{"embeddable":true,"href":"https:\/\/rednacionaldearte.com\/noticias\/wp-json\/wp\/v2\/users\/1"}],"replies":[{"embeddable":true,"href":"https:\/\/rednacionaldearte.com\/noticias\/wp-json\/wp\/v2\/comments?post=581"}],"version-history":[{"count":8,"href":"https:\/\/rednacionaldearte.com\/noticias\/wp-json\/wp\/v2\/posts\/581\/revisions"}],"predecessor-version":[{"id":614,"href":"https:\/\/rednacionaldearte.com\/noticias\/wp-json\/wp\/v2\/posts\/581\/revisions\/614"}],"wp:featuredmedia":[{"embeddable":true,"href":"https:\/\/rednacionaldearte.com\/noticias\/wp-json\/wp\/v2\/media\/612"}],"wp:attachment":[{"href":"https:\/\/rednacionaldearte.com\/noticias\/wp-json\/wp\/v2\/media?parent=581"}],"wp:term":[{"taxonomy":"category","embeddable":true,"href":"https:\/\/rednacionaldearte.com\/noticias\/wp-json\/wp\/v2\/categories?post=581"},{"taxonomy":"post_tag","embeddable":true,"href":"https:\/\/rednacionaldearte.com\/noticias\/wp-json\/wp\/v2\/tags?post=581"}],"curies":[{"name":"wp","href":"https:\/\/api.w.org\/{rel}","templated":true}]}}