{"id":590,"date":"2017-07-20T09:30:03","date_gmt":"2017-07-20T09:30:03","guid":{"rendered":"http:\/\/rednacionaldearte.com\/noticias\/?p=590"},"modified":"2017-07-20T04:50:56","modified_gmt":"2017-07-20T04:50:56","slug":"ceniza-pasos-estreno","status":"publish","type":"post","link":"https:\/\/rednacionaldearte.com\/noticias\/ceniza-pasos-estreno\/","title":{"rendered":"\u00abCeniza de los Pasos\u00bb, obra de Danza Vertical, estrenar\u00e1 en Agosto"},"content":{"rendered":"<p><a href=\"http:\/\/rednacionaldearte.com\/noticias\/wp-content\/uploads\/2017\/07\/promo1.jpg\"><img loading=\"lazy\" decoding=\"async\" class=\"aligncenter size-full wp-image-591\" src=\"http:\/\/rednacionaldearte.com\/noticias\/wp-content\/uploads\/2017\/07\/promo1.jpg\" alt=\"Ceniza de los Pasos\" width=\"960\" height=\"504\" srcset=\"https:\/\/rednacionaldearte.com\/noticias\/wp-content\/uploads\/2017\/07\/promo1.jpg 960w, https:\/\/rednacionaldearte.com\/noticias\/wp-content\/uploads\/2017\/07\/promo1-300x158.jpg 300w, https:\/\/rednacionaldearte.com\/noticias\/wp-content\/uploads\/2017\/07\/promo1-768x403.jpg 768w\" sizes=\"auto, (max-width: 960px) 100vw, 960px\" \/><\/a><\/p>\n<p><span class=\"\">\u00ab<a href=\"http:\/\/rednacionaldearte.com\/ceniza\"><strong>Ceniza de los pasos<\/strong><\/a>\u201d es una obra de <strong>danza contempor\u00e1nea<\/strong> que integra lo virtual y lo real para situar los sentidos en la experiencia de estar en el volc\u00e1n. Utiliza la danza con arn\u00e9s como detonador corporal y el videoarte como elemento escenogr\u00e1fico.<\/span><\/p>\n<p><span class=\"\">La pieza estrenar\u00e1 el pr\u00f3ximo <strong>viernes 04 de agosto<\/strong> a las 21 horas en la <strong>Fundaci\u00f3n Sebasti\u00e1n<\/strong>, ubicada en Avenida Patriotismo 304, en San Pedro de los Pinos. Habr\u00e1 m\u00e1s funciones los d\u00edas <strong>5, 11 y 12 de agosto<\/strong> de 2017.<\/span><\/p>\n<p>&nbsp;<\/p>\n<blockquote><p><span class=\"\">\u201cLa premisa creativa parte de accionar el cuerpo en la amplitud de los paisajes [&#8230;] Gu\u00eda el tr\u00e1nsito desde la vegetaci\u00f3n, la ceniza y las rocas hacia el ascenso del cr\u00e1ter.\u201d<\/span><\/p><\/blockquote>\n<p>&nbsp;<\/p>\n<p>El hist\u00f3rico nacimiento del <strong>volc\u00e1n Paricut\u00edn<\/strong> se remonta al a\u00f1o de 1943. Esta experiencia excepcional de la vulcanolog\u00eda recorri\u00f3 el mundo, provocando la llegada de ge\u00f3logos, investigadores y artistas para ser testigos del espect\u00e1culo. Es el \u00fanico volc\u00e1n que el hombre ha visto nacer.<\/p>\n<p>&nbsp;<\/p>\n<blockquote><p>\u201cLa fiscalidad de las acciones dentro y fuera del arne\u0301s trabaja con caracteri\u0301sticas como una investigacio\u0301n de pe\u0301ndulo, motores fuera de centro, dina\u0301micas corporales, y la forma de percibir la gravedad.\u201d<\/p><\/blockquote>\n<p>&nbsp;<\/p>\n<p><a href=\"http:\/\/rednacionaldearte.com\/noticias\/wp-content\/uploads\/2017\/07\/promo3.jpg\"><img loading=\"lazy\" decoding=\"async\" class=\"aligncenter size-full wp-image-592\" src=\"http:\/\/rednacionaldearte.com\/noticias\/wp-content\/uploads\/2017\/07\/promo3.jpg\" alt=\"Ceniza de los Pasos\" width=\"960\" height=\"504\" srcset=\"https:\/\/rednacionaldearte.com\/noticias\/wp-content\/uploads\/2017\/07\/promo3.jpg 960w, https:\/\/rednacionaldearte.com\/noticias\/wp-content\/uploads\/2017\/07\/promo3-300x158.jpg 300w, https:\/\/rednacionaldearte.com\/noticias\/wp-content\/uploads\/2017\/07\/promo3-768x403.jpg 768w\" sizes=\"auto, (max-width: 960px) 100vw, 960px\" \/><\/a><\/p>\n<p>&nbsp;<\/p>\n<p>El videoarte -elemento fundamental que acompa\u00f1a a la coreograf\u00eda- fue realizado por Ada\u0301n Ruiz y Wenceslao Lo\u0301pez.<\/p>\n<p>&nbsp;<\/p>\n<p>Yuki Pastrana se ha desarrollado como creadora esce\u0301nica involucrando la premisa del cuerpo en movimiento en procesos vistos desde distintas disciplinas como la coreografi\u0301a, fotografi\u0301a, video y performance. Ha transitado a trave\u0301s de la danza urbana, danza contempora\u0301nea y teatro fi\u0301sico en compan\u0303i\u0301as como Proyecto Salmo\u0301n y Physical Momentum Project. Ha sido parte de la organizacio\u0301n en festivales esce\u0301nicos en Me\u0301xico como el Festival Cuatro X Cuatro y el Encuentro de las Artes Esce\u0301nicas (FONCA).<\/p>\n<div><a href=\"http:\/\/rednacionaldearte.com\/noticias\/wp-content\/uploads\/2017\/07\/promo5.jpg\"><img loading=\"lazy\" decoding=\"async\" class=\"aligncenter size-full wp-image-593\" src=\"http:\/\/rednacionaldearte.com\/noticias\/wp-content\/uploads\/2017\/07\/promo5.jpg\" alt=\"Ceniza de los Pasos\" width=\"960\" height=\"504\" srcset=\"https:\/\/rednacionaldearte.com\/noticias\/wp-content\/uploads\/2017\/07\/promo5.jpg 960w, https:\/\/rednacionaldearte.com\/noticias\/wp-content\/uploads\/2017\/07\/promo5-300x158.jpg 300w, https:\/\/rednacionaldearte.com\/noticias\/wp-content\/uploads\/2017\/07\/promo5-768x403.jpg 768w\" sizes=\"auto, (max-width: 960px) 100vw, 960px\" \/><\/a><\/div>\n<p>&nbsp;<\/p>\n<p>Por su parte, Catalina Navarrete egres\u00f3 de la Escuela Nacional de Danza Cla\u0301sica y Contempora\u0301nea del INBA como docente en danza cla\u0301sica en 2014. Impulso\u0301 la produccio\u0301n de #CasAnormal (2015-16) junto a diversos artistas visuales y esce\u0301nicos. Co\u0301mo inte\u0301rprete ha colaborado en \u201cEscuela de Sirenas\u201d (2015) de Azha- reel Sierra, \u201d1.63 m\/s2\u201d (2013) de Eduardo Corte\u0301s y \u201cMacho Man XXI\u201d de Tania Pe\u0301rez Salas (2016), por mencionar algunas.<\/p>\n<p>&nbsp;<\/p>\n<div><a href=\"http:\/\/rednacionaldearte.com\/noticias\/wp-content\/uploads\/2017\/07\/promo6.jpg\"><img loading=\"lazy\" decoding=\"async\" class=\"aligncenter size-full wp-image-594\" src=\"http:\/\/rednacionaldearte.com\/noticias\/wp-content\/uploads\/2017\/07\/promo6.jpg\" alt=\"Ceniza de los Pasos\" width=\"960\" height=\"504\" srcset=\"https:\/\/rednacionaldearte.com\/noticias\/wp-content\/uploads\/2017\/07\/promo6.jpg 960w, https:\/\/rednacionaldearte.com\/noticias\/wp-content\/uploads\/2017\/07\/promo6-300x158.jpg 300w, https:\/\/rednacionaldearte.com\/noticias\/wp-content\/uploads\/2017\/07\/promo6-768x403.jpg 768w\" sizes=\"auto, (max-width: 960px) 100vw, 960px\" \/><\/a><\/div>\n<p>&nbsp;<\/p>\n<p>Para conocer m\u00e1s sobre la coreograf\u00eda se puede visitar el sitio oficial, <a class=\"\" href=\"http:\/\/rednacionaldearte.com\/ceniza\/fechas.php\"><span class=\"\">rednacionaldearte.com\/ceniza\/.<\/span><\/a><\/p>\n<p>Los boletos se encuentran ya en preventa, y pueden ser adquiridos <a href=\"http:\/\/rednacionaldearte.com\/ceniza\/fechas.php\">aqu\u00ed<\/a>.<\/p>\n<p><iframe loading=\"lazy\" src=\"https:\/\/player.vimeo.com\/video\/222140672\" width=\"640\" height=\"360\" frameborder=\"0\" allowfullscreen=\"allowfullscreen\" data-mce-fragment=\"1\"><\/iframe><\/p>\n","protected":false},"excerpt":{"rendered":"<p>\u00abCeniza de los pasos\u201d es una obra de danza contempor\u00e1nea que integra lo virtual y lo real para situar los sentidos en la experiencia de estar en el volc\u00e1n. Utiliza la danza con arn\u00e9s como detonador corporal y el videoarte como elemento escenogr\u00e1fico. La pieza estrenar\u00e1 el pr\u00f3ximo viernes 04 de agosto a las 21 [&hellip;]<\/p>\n","protected":false},"author":1,"featured_media":591,"comment_status":"closed","ping_status":"open","sticky":false,"template":"","format":"standard","meta":{"footnotes":""},"categories":[103,58,18,41],"tags":[],"class_list":["post-590","post","type-post","status-publish","format-standard","has-post-thumbnail","hentry","category-artes-escenicas","category-danza","category-eventos","category-rna"],"yoast_head":"<!-- This site is optimized with the Yoast SEO plugin v27.2 - https:\/\/yoast.com\/product\/yoast-seo-wordpress\/ -->\n<title>&quot;Ceniza de los Pasos&quot;, obra de Danza Vertical, estrenar\u00e1 en Agosto - Red Nacional de Arte<\/title>\n<meta name=\"robots\" content=\"index, follow, max-snippet:-1, max-image-preview:large, max-video-preview:-1\" \/>\n<link rel=\"canonical\" href=\"https:\/\/rednacionaldearte.com\/noticias\/ceniza-pasos-estreno\/\" \/>\n<meta property=\"og:locale\" content=\"es_ES\" \/>\n<meta property=\"og:type\" content=\"article\" \/>\n<meta property=\"og:title\" content=\"&quot;Ceniza de los Pasos&quot;, obra de Danza Vertical, estrenar\u00e1 en Agosto - Red Nacional de Arte\" \/>\n<meta property=\"og:description\" content=\"\u00abCeniza de los pasos\u201d es una obra de danza contempor\u00e1nea que integra lo virtual y lo real para situar los sentidos en la experiencia de estar en el volc\u00e1n. Utiliza la danza con arn\u00e9s como detonador corporal y el videoarte como elemento escenogr\u00e1fico. La pieza estrenar\u00e1 el pr\u00f3ximo viernes 04 de agosto a las 21 [&hellip;]\" \/>\n<meta property=\"og:url\" content=\"https:\/\/rednacionaldearte.com\/noticias\/ceniza-pasos-estreno\/\" \/>\n<meta property=\"og:site_name\" content=\"Red Nacional de Arte\" \/>\n<meta property=\"article:publisher\" content=\"http:\/\/www.facebook.com\/rednacionaldearte\/\" \/>\n<meta property=\"article:published_time\" content=\"2017-07-20T09:30:03+00:00\" \/>\n<meta property=\"og:image\" content=\"http:\/\/rednacionaldearte.com\/noticias\/wp-content\/uploads\/2017\/07\/promo1.jpg\" \/>\n\t<meta property=\"og:image:width\" content=\"960\" \/>\n\t<meta property=\"og:image:height\" content=\"504\" \/>\n\t<meta property=\"og:image:type\" content=\"image\/jpeg\" \/>\n<meta name=\"author\" content=\"Redacci\u00f3n\" \/>\n<meta name=\"twitter:card\" content=\"summary_large_image\" \/>\n<meta name=\"twitter:creator\" content=\"@rednacionalarte\" \/>\n<meta name=\"twitter:site\" content=\"@rednacionalarte\" \/>\n<meta name=\"twitter:label1\" content=\"Escrito por\" \/>\n\t<meta name=\"twitter:data1\" content=\"Redacci\u00f3n\" \/>\n\t<meta name=\"twitter:label2\" content=\"Tiempo de lectura\" \/>\n\t<meta name=\"twitter:data2\" content=\"2 minutos\" \/>\n<script type=\"application\/ld+json\" class=\"yoast-schema-graph\">{\"@context\":\"https:\/\/schema.org\",\"@graph\":[{\"@type\":\"Article\",\"@id\":\"https:\/\/rednacionaldearte.com\/noticias\/ceniza-pasos-estreno\/#article\",\"isPartOf\":{\"@id\":\"https:\/\/rednacionaldearte.com\/noticias\/ceniza-pasos-estreno\/\"},\"author\":{\"name\":\"Redacci\u00f3n\",\"@id\":\"http:\/\/rednacionaldearte.com\/noticias\/#\/schema\/person\/489d635082b1de413434d2708a3e5b9b\"},\"headline\":\"\u00abCeniza de los Pasos\u00bb, obra de Danza Vertical, estrenar\u00e1 en Agosto\",\"datePublished\":\"2017-07-20T09:30:03+00:00\",\"mainEntityOfPage\":{\"@id\":\"https:\/\/rednacionaldearte.com\/noticias\/ceniza-pasos-estreno\/\"},\"wordCount\":438,\"publisher\":{\"@id\":\"http:\/\/rednacionaldearte.com\/noticias\/#organization\"},\"image\":{\"@id\":\"https:\/\/rednacionaldearte.com\/noticias\/ceniza-pasos-estreno\/#primaryimage\"},\"thumbnailUrl\":\"https:\/\/rednacionaldearte.com\/noticias\/wp-content\/uploads\/2017\/07\/promo1.jpg\",\"articleSection\":[\"Artes Esc\u00e9nicas\",\"Danza\",\"Eventos\",\"RNA\"],\"inLanguage\":\"es\"},{\"@type\":\"WebPage\",\"@id\":\"https:\/\/rednacionaldearte.com\/noticias\/ceniza-pasos-estreno\/\",\"url\":\"https:\/\/rednacionaldearte.com\/noticias\/ceniza-pasos-estreno\/\",\"name\":\"\\\"Ceniza de los Pasos\\\", obra de Danza Vertical, estrenar\u00e1 en Agosto - Red Nacional de Arte\",\"isPartOf\":{\"@id\":\"http:\/\/rednacionaldearte.com\/noticias\/#website\"},\"primaryImageOfPage\":{\"@id\":\"https:\/\/rednacionaldearte.com\/noticias\/ceniza-pasos-estreno\/#primaryimage\"},\"image\":{\"@id\":\"https:\/\/rednacionaldearte.com\/noticias\/ceniza-pasos-estreno\/#primaryimage\"},\"thumbnailUrl\":\"https:\/\/rednacionaldearte.com\/noticias\/wp-content\/uploads\/2017\/07\/promo1.jpg\",\"datePublished\":\"2017-07-20T09:30:03+00:00\",\"breadcrumb\":{\"@id\":\"https:\/\/rednacionaldearte.com\/noticias\/ceniza-pasos-estreno\/#breadcrumb\"},\"inLanguage\":\"es\",\"potentialAction\":[{\"@type\":\"ReadAction\",\"target\":[\"https:\/\/rednacionaldearte.com\/noticias\/ceniza-pasos-estreno\/\"]}]},{\"@type\":\"ImageObject\",\"inLanguage\":\"es\",\"@id\":\"https:\/\/rednacionaldearte.com\/noticias\/ceniza-pasos-estreno\/#primaryimage\",\"url\":\"https:\/\/rednacionaldearte.com\/noticias\/wp-content\/uploads\/2017\/07\/promo1.jpg\",\"contentUrl\":\"https:\/\/rednacionaldearte.com\/noticias\/wp-content\/uploads\/2017\/07\/promo1.jpg\",\"width\":960,\"height\":504,\"caption\":\"Ceniza de los Pasos\"},{\"@type\":\"BreadcrumbList\",\"@id\":\"https:\/\/rednacionaldearte.com\/noticias\/ceniza-pasos-estreno\/#breadcrumb\",\"itemListElement\":[{\"@type\":\"ListItem\",\"position\":1,\"name\":\"Home\",\"item\":\"http:\/\/rednacionaldearte.com\/noticias\/\"},{\"@type\":\"ListItem\",\"position\":2,\"name\":\"\u00abCeniza de los Pasos\u00bb, obra de Danza Vertical, estrenar\u00e1 en Agosto\"}]},{\"@type\":\"WebSite\",\"@id\":\"http:\/\/rednacionaldearte.com\/noticias\/#website\",\"url\":\"http:\/\/rednacionaldearte.com\/noticias\/\",\"name\":\"Red Nacional de Arte\",\"description\":\"Cultura y Arte contempor\u00e1neo en M\u00e9xico\",\"publisher\":{\"@id\":\"http:\/\/rednacionaldearte.com\/noticias\/#organization\"},\"potentialAction\":[{\"@type\":\"SearchAction\",\"target\":{\"@type\":\"EntryPoint\",\"urlTemplate\":\"http:\/\/rednacionaldearte.com\/noticias\/?s={search_term_string}\"},\"query-input\":{\"@type\":\"PropertyValueSpecification\",\"valueRequired\":true,\"valueName\":\"search_term_string\"}}],\"inLanguage\":\"es\"},{\"@type\":\"Organization\",\"@id\":\"http:\/\/rednacionaldearte.com\/noticias\/#organization\",\"name\":\"Red Nacional de Arte\",\"url\":\"http:\/\/rednacionaldearte.com\/noticias\/\",\"logo\":{\"@type\":\"ImageObject\",\"inLanguage\":\"es\",\"@id\":\"http:\/\/rednacionaldearte.com\/noticias\/#\/schema\/logo\/image\/\",\"url\":\"http:\/\/rednacionaldearte.com\/noticias\/wp-content\/uploads\/2016\/04\/logo.png\",\"contentUrl\":\"http:\/\/rednacionaldearte.com\/noticias\/wp-content\/uploads\/2016\/04\/logo.png\",\"width\":575,\"height\":554,\"caption\":\"Red Nacional de Arte\"},\"image\":{\"@id\":\"http:\/\/rednacionaldearte.com\/noticias\/#\/schema\/logo\/image\/\"},\"sameAs\":[\"http:\/\/www.facebook.com\/rednacionaldearte\/\",\"https:\/\/x.com\/rednacionalarte\"]},{\"@type\":\"Person\",\"@id\":\"http:\/\/rednacionaldearte.com\/noticias\/#\/schema\/person\/489d635082b1de413434d2708a3e5b9b\",\"name\":\"Redacci\u00f3n\",\"image\":{\"@type\":\"ImageObject\",\"inLanguage\":\"es\",\"@id\":\"https:\/\/secure.gravatar.com\/avatar\/1d1c30eaee7c2f6cfa13fb8502cb06839106cdf371b9953d50e4b572d0bfa3c7?s=96&d=mm&r=g\",\"url\":\"https:\/\/secure.gravatar.com\/avatar\/1d1c30eaee7c2f6cfa13fb8502cb06839106cdf371b9953d50e4b572d0bfa3c7?s=96&d=mm&r=g\",\"contentUrl\":\"https:\/\/secure.gravatar.com\/avatar\/1d1c30eaee7c2f6cfa13fb8502cb06839106cdf371b9953d50e4b572d0bfa3c7?s=96&d=mm&r=g\",\"caption\":\"Redacci\u00f3n\"},\"url\":\"https:\/\/rednacionaldearte.com\/noticias\/author\/adan\/\"}]}<\/script>\n<!-- \/ Yoast SEO plugin. -->","yoast_head_json":{"title":"\"Ceniza de los Pasos\", obra de Danza Vertical, estrenar\u00e1 en Agosto - Red Nacional de Arte","robots":{"index":"index","follow":"follow","max-snippet":"max-snippet:-1","max-image-preview":"max-image-preview:large","max-video-preview":"max-video-preview:-1"},"canonical":"https:\/\/rednacionaldearte.com\/noticias\/ceniza-pasos-estreno\/","og_locale":"es_ES","og_type":"article","og_title":"\"Ceniza de los Pasos\", obra de Danza Vertical, estrenar\u00e1 en Agosto - Red Nacional de Arte","og_description":"\u00abCeniza de los pasos\u201d es una obra de danza contempor\u00e1nea que integra lo virtual y lo real para situar los sentidos en la experiencia de estar en el volc\u00e1n. Utiliza la danza con arn\u00e9s como detonador corporal y el videoarte como elemento escenogr\u00e1fico. La pieza estrenar\u00e1 el pr\u00f3ximo viernes 04 de agosto a las 21 [&hellip;]","og_url":"https:\/\/rednacionaldearte.com\/noticias\/ceniza-pasos-estreno\/","og_site_name":"Red Nacional de Arte","article_publisher":"http:\/\/www.facebook.com\/rednacionaldearte\/","article_published_time":"2017-07-20T09:30:03+00:00","og_image":[{"width":960,"height":504,"url":"http:\/\/rednacionaldearte.com\/noticias\/wp-content\/uploads\/2017\/07\/promo1.jpg","type":"image\/jpeg"}],"author":"Redacci\u00f3n","twitter_card":"summary_large_image","twitter_creator":"@rednacionalarte","twitter_site":"@rednacionalarte","twitter_misc":{"Escrito por":"Redacci\u00f3n","Tiempo de lectura":"2 minutos"},"schema":{"@context":"https:\/\/schema.org","@graph":[{"@type":"Article","@id":"https:\/\/rednacionaldearte.com\/noticias\/ceniza-pasos-estreno\/#article","isPartOf":{"@id":"https:\/\/rednacionaldearte.com\/noticias\/ceniza-pasos-estreno\/"},"author":{"name":"Redacci\u00f3n","@id":"http:\/\/rednacionaldearte.com\/noticias\/#\/schema\/person\/489d635082b1de413434d2708a3e5b9b"},"headline":"\u00abCeniza de los Pasos\u00bb, obra de Danza Vertical, estrenar\u00e1 en Agosto","datePublished":"2017-07-20T09:30:03+00:00","mainEntityOfPage":{"@id":"https:\/\/rednacionaldearte.com\/noticias\/ceniza-pasos-estreno\/"},"wordCount":438,"publisher":{"@id":"http:\/\/rednacionaldearte.com\/noticias\/#organization"},"image":{"@id":"https:\/\/rednacionaldearte.com\/noticias\/ceniza-pasos-estreno\/#primaryimage"},"thumbnailUrl":"https:\/\/rednacionaldearte.com\/noticias\/wp-content\/uploads\/2017\/07\/promo1.jpg","articleSection":["Artes Esc\u00e9nicas","Danza","Eventos","RNA"],"inLanguage":"es"},{"@type":"WebPage","@id":"https:\/\/rednacionaldearte.com\/noticias\/ceniza-pasos-estreno\/","url":"https:\/\/rednacionaldearte.com\/noticias\/ceniza-pasos-estreno\/","name":"\"Ceniza de los Pasos\", obra de Danza Vertical, estrenar\u00e1 en Agosto - Red Nacional de Arte","isPartOf":{"@id":"http:\/\/rednacionaldearte.com\/noticias\/#website"},"primaryImageOfPage":{"@id":"https:\/\/rednacionaldearte.com\/noticias\/ceniza-pasos-estreno\/#primaryimage"},"image":{"@id":"https:\/\/rednacionaldearte.com\/noticias\/ceniza-pasos-estreno\/#primaryimage"},"thumbnailUrl":"https:\/\/rednacionaldearte.com\/noticias\/wp-content\/uploads\/2017\/07\/promo1.jpg","datePublished":"2017-07-20T09:30:03+00:00","breadcrumb":{"@id":"https:\/\/rednacionaldearte.com\/noticias\/ceniza-pasos-estreno\/#breadcrumb"},"inLanguage":"es","potentialAction":[{"@type":"ReadAction","target":["https:\/\/rednacionaldearte.com\/noticias\/ceniza-pasos-estreno\/"]}]},{"@type":"ImageObject","inLanguage":"es","@id":"https:\/\/rednacionaldearte.com\/noticias\/ceniza-pasos-estreno\/#primaryimage","url":"https:\/\/rednacionaldearte.com\/noticias\/wp-content\/uploads\/2017\/07\/promo1.jpg","contentUrl":"https:\/\/rednacionaldearte.com\/noticias\/wp-content\/uploads\/2017\/07\/promo1.jpg","width":960,"height":504,"caption":"Ceniza de los Pasos"},{"@type":"BreadcrumbList","@id":"https:\/\/rednacionaldearte.com\/noticias\/ceniza-pasos-estreno\/#breadcrumb","itemListElement":[{"@type":"ListItem","position":1,"name":"Home","item":"http:\/\/rednacionaldearte.com\/noticias\/"},{"@type":"ListItem","position":2,"name":"\u00abCeniza de los Pasos\u00bb, obra de Danza Vertical, estrenar\u00e1 en Agosto"}]},{"@type":"WebSite","@id":"http:\/\/rednacionaldearte.com\/noticias\/#website","url":"http:\/\/rednacionaldearte.com\/noticias\/","name":"Red Nacional de Arte","description":"Cultura y Arte contempor\u00e1neo en M\u00e9xico","publisher":{"@id":"http:\/\/rednacionaldearte.com\/noticias\/#organization"},"potentialAction":[{"@type":"SearchAction","target":{"@type":"EntryPoint","urlTemplate":"http:\/\/rednacionaldearte.com\/noticias\/?s={search_term_string}"},"query-input":{"@type":"PropertyValueSpecification","valueRequired":true,"valueName":"search_term_string"}}],"inLanguage":"es"},{"@type":"Organization","@id":"http:\/\/rednacionaldearte.com\/noticias\/#organization","name":"Red Nacional de Arte","url":"http:\/\/rednacionaldearte.com\/noticias\/","logo":{"@type":"ImageObject","inLanguage":"es","@id":"http:\/\/rednacionaldearte.com\/noticias\/#\/schema\/logo\/image\/","url":"http:\/\/rednacionaldearte.com\/noticias\/wp-content\/uploads\/2016\/04\/logo.png","contentUrl":"http:\/\/rednacionaldearte.com\/noticias\/wp-content\/uploads\/2016\/04\/logo.png","width":575,"height":554,"caption":"Red Nacional de Arte"},"image":{"@id":"http:\/\/rednacionaldearte.com\/noticias\/#\/schema\/logo\/image\/"},"sameAs":["http:\/\/www.facebook.com\/rednacionaldearte\/","https:\/\/x.com\/rednacionalarte"]},{"@type":"Person","@id":"http:\/\/rednacionaldearte.com\/noticias\/#\/schema\/person\/489d635082b1de413434d2708a3e5b9b","name":"Redacci\u00f3n","image":{"@type":"ImageObject","inLanguage":"es","@id":"https:\/\/secure.gravatar.com\/avatar\/1d1c30eaee7c2f6cfa13fb8502cb06839106cdf371b9953d50e4b572d0bfa3c7?s=96&d=mm&r=g","url":"https:\/\/secure.gravatar.com\/avatar\/1d1c30eaee7c2f6cfa13fb8502cb06839106cdf371b9953d50e4b572d0bfa3c7?s=96&d=mm&r=g","contentUrl":"https:\/\/secure.gravatar.com\/avatar\/1d1c30eaee7c2f6cfa13fb8502cb06839106cdf371b9953d50e4b572d0bfa3c7?s=96&d=mm&r=g","caption":"Redacci\u00f3n"},"url":"https:\/\/rednacionaldearte.com\/noticias\/author\/adan\/"}]}},"amp_validity":null,"amp_enabled":true,"_links":{"self":[{"href":"https:\/\/rednacionaldearte.com\/noticias\/wp-json\/wp\/v2\/posts\/590","targetHints":{"allow":["GET"]}}],"collection":[{"href":"https:\/\/rednacionaldearte.com\/noticias\/wp-json\/wp\/v2\/posts"}],"about":[{"href":"https:\/\/rednacionaldearte.com\/noticias\/wp-json\/wp\/v2\/types\/post"}],"author":[{"embeddable":true,"href":"https:\/\/rednacionaldearte.com\/noticias\/wp-json\/wp\/v2\/users\/1"}],"replies":[{"embeddable":true,"href":"https:\/\/rednacionaldearte.com\/noticias\/wp-json\/wp\/v2\/comments?post=590"}],"version-history":[{"count":4,"href":"https:\/\/rednacionaldearte.com\/noticias\/wp-json\/wp\/v2\/posts\/590\/revisions"}],"predecessor-version":[{"id":598,"href":"https:\/\/rednacionaldearte.com\/noticias\/wp-json\/wp\/v2\/posts\/590\/revisions\/598"}],"wp:featuredmedia":[{"embeddable":true,"href":"https:\/\/rednacionaldearte.com\/noticias\/wp-json\/wp\/v2\/media\/591"}],"wp:attachment":[{"href":"https:\/\/rednacionaldearte.com\/noticias\/wp-json\/wp\/v2\/media?parent=590"}],"wp:term":[{"taxonomy":"category","embeddable":true,"href":"https:\/\/rednacionaldearte.com\/noticias\/wp-json\/wp\/v2\/categories?post=590"},{"taxonomy":"post_tag","embeddable":true,"href":"https:\/\/rednacionaldearte.com\/noticias\/wp-json\/wp\/v2\/tags?post=590"}],"curies":[{"name":"wp","href":"https:\/\/api.w.org\/{rel}","templated":true}]}}