{"id":621,"date":"2017-09-02T03:24:15","date_gmt":"2017-09-02T03:24:15","guid":{"rendered":"http:\/\/rednacionaldearte.com\/noticias\/?p=621"},"modified":"2017-09-02T03:24:15","modified_gmt":"2017-09-02T03:24:15","slug":"festival-cine-independiente-cdmx","status":"publish","type":"post","link":"https:\/\/rednacionaldearte.com\/noticias\/festival-cine-independiente-cdmx\/","title":{"rendered":"Un nuevo Festival de Cine Independiente llega a la Capital"},"content":{"rendered":"<h2>Un Festival para Celebrar el Cine Independiente en la CDMX.<\/h2>\n<h2><a href=\"http:\/\/rednacionaldearte.com\/noticias\/wp-content\/uploads\/2017\/09\/Screen-Shot-2017-09-01-at-7.41.00-PM.png\"><img loading=\"lazy\" decoding=\"async\" class=\"aligncenter size-full wp-image-622\" src=\"http:\/\/rednacionaldearte.com\/noticias\/wp-content\/uploads\/2017\/09\/Screen-Shot-2017-09-01-at-7.41.00-PM.png\" alt=\"Festival Cine Independiente CDMX\" width=\"1279\" height=\"554\" srcset=\"https:\/\/rednacionaldearte.com\/noticias\/wp-content\/uploads\/2017\/09\/Screen-Shot-2017-09-01-at-7.41.00-PM.png 1279w, https:\/\/rednacionaldearte.com\/noticias\/wp-content\/uploads\/2017\/09\/Screen-Shot-2017-09-01-at-7.41.00-PM-300x130.png 300w, https:\/\/rednacionaldearte.com\/noticias\/wp-content\/uploads\/2017\/09\/Screen-Shot-2017-09-01-at-7.41.00-PM-768x333.png 768w, https:\/\/rednacionaldearte.com\/noticias\/wp-content\/uploads\/2017\/09\/Screen-Shot-2017-09-01-at-7.41.00-PM-1024x444.png 1024w\" sizes=\"auto, (max-width: 1279px) 100vw, 1279px\" \/><\/a><\/h2>\n<p>El <strong>Festival de Cine Independiente de la Ciudad de M\u00e9xico<\/strong> acaba de lanzar su convocatoria internacional para recibir proyectos listos para estrenarse. Las secciones en competencia son las siguientes:<\/p>\n<p><strong>Cortometraje de Ficci\u00f3n<\/strong><br \/>\nPodr\u00e1n inscribirse trabajos mexicanos o extranjeros finalizados entre el 2016 y 2018, con una duraci\u00f3n m\u00e1xima de 35 minutos (cr\u00e9ditos incluidos). Se aceptar\u00e1n piezas realizadas bajo cualquier t\u00e9cnica, incluyendo animaci\u00f3n.<\/p>\n<p><strong>Cortometraje Documental<\/strong><br \/>\nSe aceptar\u00e1n documentales de realizadores nacionales o internacionales con una duraci\u00f3n m\u00e1xima de 35 minutos (cr\u00e9ditos incluidos), finalizados durante el 2016 y 2018, hechos bajo cualquier t\u00e9cnica, incluyendo animaci\u00f3n.<\/p>\n<p><strong>Largometrajes<\/strong><br \/>\nPodr\u00e1n concursar pel\u00edculas nacionales e internacionales de ficci\u00f3n con una duraci\u00f3n mayor a 60 minutos, terminadas entre el 2016 y 2018.<\/p>\n<p>Para m\u00e1s informaci\u00f3n, consulta la convocatoria en\u00a0la <a href=\"http:\/\/festivalcineindependiente.com\/convocatoria.php\">p\u00e1gina oficial<\/a>.<\/p>\n","protected":false},"excerpt":{"rendered":"<p>Un Festival para Celebrar el Cine Independiente en la CDMX. El Festival de Cine Independiente de la Ciudad de M\u00e9xico acaba de lanzar su convocatoria internacional para recibir proyectos listos para estrenarse. Las secciones en competencia son las siguientes: Cortometraje de Ficci\u00f3n Podr\u00e1n inscribirse trabajos mexicanos o extranjeros finalizados entre el 2016 y 2018, con [&hellip;]<\/p>\n","protected":false},"author":1,"featured_media":622,"comment_status":"closed","ping_status":"open","sticky":false,"template":"","format":"standard","meta":{"footnotes":""},"categories":[60,24],"tags":[],"class_list":["post-621","post","type-post","status-publish","format-standard","has-post-thumbnail","hentry","category-cine","category-convocatorias"],"yoast_head":"<!-- This site is optimized with the Yoast SEO plugin v27.2 - https:\/\/yoast.com\/product\/yoast-seo-wordpress\/ -->\n<title>Un nuevo Festival de Cine Independiente llega a la Capital - Red Nacional de Arte<\/title>\n<meta name=\"robots\" content=\"index, follow, max-snippet:-1, max-image-preview:large, max-video-preview:-1\" \/>\n<link rel=\"canonical\" href=\"http:\/\/rednacionaldearte.com\/noticias\/festival-cine-independiente-cdmx\/\" \/>\n<meta property=\"og:locale\" content=\"es_ES\" \/>\n<meta property=\"og:type\" content=\"article\" \/>\n<meta property=\"og:title\" content=\"Un nuevo Festival de Cine Independiente llega a la Capital - Red Nacional de Arte\" \/>\n<meta property=\"og:description\" content=\"Un Festival para Celebrar el Cine Independiente en la CDMX. El Festival de Cine Independiente de la Ciudad de M\u00e9xico acaba de lanzar su convocatoria internacional para recibir proyectos listos para estrenarse. Las secciones en competencia son las siguientes: Cortometraje de Ficci\u00f3n Podr\u00e1n inscribirse trabajos mexicanos o extranjeros finalizados entre el 2016 y 2018, con [&hellip;]\" \/>\n<meta property=\"og:url\" content=\"http:\/\/rednacionaldearte.com\/noticias\/festival-cine-independiente-cdmx\/\" \/>\n<meta property=\"og:site_name\" content=\"Red Nacional de Arte\" \/>\n<meta property=\"article:publisher\" content=\"http:\/\/www.facebook.com\/rednacionaldearte\/\" \/>\n<meta property=\"article:published_time\" content=\"2017-09-02T03:24:15+00:00\" \/>\n<meta property=\"og:image\" content=\"http:\/\/rednacionaldearte.com\/noticias\/wp-content\/uploads\/2017\/09\/Screen-Shot-2017-09-01-at-7.41.00-PM.png\" \/>\n\t<meta property=\"og:image:width\" content=\"1279\" \/>\n\t<meta property=\"og:image:height\" content=\"554\" \/>\n\t<meta property=\"og:image:type\" content=\"image\/png\" \/>\n<meta name=\"author\" content=\"Redacci\u00f3n\" \/>\n<meta name=\"twitter:card\" content=\"summary_large_image\" \/>\n<meta name=\"twitter:creator\" content=\"@rednacionalarte\" \/>\n<meta name=\"twitter:site\" content=\"@rednacionalarte\" \/>\n<meta name=\"twitter:label1\" content=\"Escrito por\" \/>\n\t<meta name=\"twitter:data1\" content=\"Redacci\u00f3n\" \/>\n\t<meta name=\"twitter:label2\" content=\"Tiempo de lectura\" \/>\n\t<meta name=\"twitter:data2\" content=\"1 minuto\" \/>\n<script type=\"application\/ld+json\" class=\"yoast-schema-graph\">{\"@context\":\"https:\/\/schema.org\",\"@graph\":[{\"@type\":\"Article\",\"@id\":\"http:\/\/rednacionaldearte.com\/noticias\/festival-cine-independiente-cdmx\/#article\",\"isPartOf\":{\"@id\":\"http:\/\/rednacionaldearte.com\/noticias\/festival-cine-independiente-cdmx\/\"},\"author\":{\"name\":\"Redacci\u00f3n\",\"@id\":\"http:\/\/rednacionaldearte.com\/noticias\/#\/schema\/person\/489d635082b1de413434d2708a3e5b9b\"},\"headline\":\"Un nuevo Festival de Cine Independiente llega a la Capital\",\"datePublished\":\"2017-09-02T03:24:15+00:00\",\"mainEntityOfPage\":{\"@id\":\"http:\/\/rednacionaldearte.com\/noticias\/festival-cine-independiente-cdmx\/\"},\"wordCount\":158,\"publisher\":{\"@id\":\"http:\/\/rednacionaldearte.com\/noticias\/#organization\"},\"image\":{\"@id\":\"http:\/\/rednacionaldearte.com\/noticias\/festival-cine-independiente-cdmx\/#primaryimage\"},\"thumbnailUrl\":\"https:\/\/rednacionaldearte.com\/noticias\/wp-content\/uploads\/2017\/09\/Screen-Shot-2017-09-01-at-7.41.00-PM.png\",\"articleSection\":[\"Cine\",\"Convocatorias\"],\"inLanguage\":\"es\"},{\"@type\":\"WebPage\",\"@id\":\"http:\/\/rednacionaldearte.com\/noticias\/festival-cine-independiente-cdmx\/\",\"url\":\"http:\/\/rednacionaldearte.com\/noticias\/festival-cine-independiente-cdmx\/\",\"name\":\"Un nuevo Festival de Cine Independiente llega a la Capital - Red Nacional de Arte\",\"isPartOf\":{\"@id\":\"http:\/\/rednacionaldearte.com\/noticias\/#website\"},\"primaryImageOfPage\":{\"@id\":\"http:\/\/rednacionaldearte.com\/noticias\/festival-cine-independiente-cdmx\/#primaryimage\"},\"image\":{\"@id\":\"http:\/\/rednacionaldearte.com\/noticias\/festival-cine-independiente-cdmx\/#primaryimage\"},\"thumbnailUrl\":\"https:\/\/rednacionaldearte.com\/noticias\/wp-content\/uploads\/2017\/09\/Screen-Shot-2017-09-01-at-7.41.00-PM.png\",\"datePublished\":\"2017-09-02T03:24:15+00:00\",\"breadcrumb\":{\"@id\":\"http:\/\/rednacionaldearte.com\/noticias\/festival-cine-independiente-cdmx\/#breadcrumb\"},\"inLanguage\":\"es\",\"potentialAction\":[{\"@type\":\"ReadAction\",\"target\":[\"http:\/\/rednacionaldearte.com\/noticias\/festival-cine-independiente-cdmx\/\"]}]},{\"@type\":\"ImageObject\",\"inLanguage\":\"es\",\"@id\":\"http:\/\/rednacionaldearte.com\/noticias\/festival-cine-independiente-cdmx\/#primaryimage\",\"url\":\"https:\/\/rednacionaldearte.com\/noticias\/wp-content\/uploads\/2017\/09\/Screen-Shot-2017-09-01-at-7.41.00-PM.png\",\"contentUrl\":\"https:\/\/rednacionaldearte.com\/noticias\/wp-content\/uploads\/2017\/09\/Screen-Shot-2017-09-01-at-7.41.00-PM.png\",\"width\":1279,\"height\":554,\"caption\":\"Festival Cine Independiente CDMX\"},{\"@type\":\"BreadcrumbList\",\"@id\":\"http:\/\/rednacionaldearte.com\/noticias\/festival-cine-independiente-cdmx\/#breadcrumb\",\"itemListElement\":[{\"@type\":\"ListItem\",\"position\":1,\"name\":\"Home\",\"item\":\"http:\/\/rednacionaldearte.com\/noticias\/\"},{\"@type\":\"ListItem\",\"position\":2,\"name\":\"Un nuevo Festival de Cine Independiente llega a la Capital\"}]},{\"@type\":\"WebSite\",\"@id\":\"http:\/\/rednacionaldearte.com\/noticias\/#website\",\"url\":\"http:\/\/rednacionaldearte.com\/noticias\/\",\"name\":\"Red Nacional de Arte\",\"description\":\"Cultura y Arte contempor\u00e1neo en M\u00e9xico\",\"publisher\":{\"@id\":\"http:\/\/rednacionaldearte.com\/noticias\/#organization\"},\"potentialAction\":[{\"@type\":\"SearchAction\",\"target\":{\"@type\":\"EntryPoint\",\"urlTemplate\":\"http:\/\/rednacionaldearte.com\/noticias\/?s={search_term_string}\"},\"query-input\":{\"@type\":\"PropertyValueSpecification\",\"valueRequired\":true,\"valueName\":\"search_term_string\"}}],\"inLanguage\":\"es\"},{\"@type\":\"Organization\",\"@id\":\"http:\/\/rednacionaldearte.com\/noticias\/#organization\",\"name\":\"Red Nacional de Arte\",\"url\":\"http:\/\/rednacionaldearte.com\/noticias\/\",\"logo\":{\"@type\":\"ImageObject\",\"inLanguage\":\"es\",\"@id\":\"http:\/\/rednacionaldearte.com\/noticias\/#\/schema\/logo\/image\/\",\"url\":\"http:\/\/rednacionaldearte.com\/noticias\/wp-content\/uploads\/2016\/04\/logo.png\",\"contentUrl\":\"http:\/\/rednacionaldearte.com\/noticias\/wp-content\/uploads\/2016\/04\/logo.png\",\"width\":575,\"height\":554,\"caption\":\"Red Nacional de Arte\"},\"image\":{\"@id\":\"http:\/\/rednacionaldearte.com\/noticias\/#\/schema\/logo\/image\/\"},\"sameAs\":[\"http:\/\/www.facebook.com\/rednacionaldearte\/\",\"https:\/\/x.com\/rednacionalarte\"]},{\"@type\":\"Person\",\"@id\":\"http:\/\/rednacionaldearte.com\/noticias\/#\/schema\/person\/489d635082b1de413434d2708a3e5b9b\",\"name\":\"Redacci\u00f3n\",\"image\":{\"@type\":\"ImageObject\",\"inLanguage\":\"es\",\"@id\":\"https:\/\/secure.gravatar.com\/avatar\/1d1c30eaee7c2f6cfa13fb8502cb06839106cdf371b9953d50e4b572d0bfa3c7?s=96&d=mm&r=g\",\"url\":\"https:\/\/secure.gravatar.com\/avatar\/1d1c30eaee7c2f6cfa13fb8502cb06839106cdf371b9953d50e4b572d0bfa3c7?s=96&d=mm&r=g\",\"contentUrl\":\"https:\/\/secure.gravatar.com\/avatar\/1d1c30eaee7c2f6cfa13fb8502cb06839106cdf371b9953d50e4b572d0bfa3c7?s=96&d=mm&r=g\",\"caption\":\"Redacci\u00f3n\"},\"url\":\"https:\/\/rednacionaldearte.com\/noticias\/author\/adan\/\"}]}<\/script>\n<!-- \/ Yoast SEO plugin. -->","yoast_head_json":{"title":"Un nuevo Festival de Cine Independiente llega a la Capital - Red Nacional de Arte","robots":{"index":"index","follow":"follow","max-snippet":"max-snippet:-1","max-image-preview":"max-image-preview:large","max-video-preview":"max-video-preview:-1"},"canonical":"http:\/\/rednacionaldearte.com\/noticias\/festival-cine-independiente-cdmx\/","og_locale":"es_ES","og_type":"article","og_title":"Un nuevo Festival de Cine Independiente llega a la Capital - Red Nacional de Arte","og_description":"Un Festival para Celebrar el Cine Independiente en la CDMX. El Festival de Cine Independiente de la Ciudad de M\u00e9xico acaba de lanzar su convocatoria internacional para recibir proyectos listos para estrenarse. Las secciones en competencia son las siguientes: Cortometraje de Ficci\u00f3n Podr\u00e1n inscribirse trabajos mexicanos o extranjeros finalizados entre el 2016 y 2018, con [&hellip;]","og_url":"http:\/\/rednacionaldearte.com\/noticias\/festival-cine-independiente-cdmx\/","og_site_name":"Red Nacional de Arte","article_publisher":"http:\/\/www.facebook.com\/rednacionaldearte\/","article_published_time":"2017-09-02T03:24:15+00:00","og_image":[{"width":1279,"height":554,"url":"http:\/\/rednacionaldearte.com\/noticias\/wp-content\/uploads\/2017\/09\/Screen-Shot-2017-09-01-at-7.41.00-PM.png","type":"image\/png"}],"author":"Redacci\u00f3n","twitter_card":"summary_large_image","twitter_creator":"@rednacionalarte","twitter_site":"@rednacionalarte","twitter_misc":{"Escrito por":"Redacci\u00f3n","Tiempo de lectura":"1 minuto"},"schema":{"@context":"https:\/\/schema.org","@graph":[{"@type":"Article","@id":"http:\/\/rednacionaldearte.com\/noticias\/festival-cine-independiente-cdmx\/#article","isPartOf":{"@id":"http:\/\/rednacionaldearte.com\/noticias\/festival-cine-independiente-cdmx\/"},"author":{"name":"Redacci\u00f3n","@id":"http:\/\/rednacionaldearte.com\/noticias\/#\/schema\/person\/489d635082b1de413434d2708a3e5b9b"},"headline":"Un nuevo Festival de Cine Independiente llega a la Capital","datePublished":"2017-09-02T03:24:15+00:00","mainEntityOfPage":{"@id":"http:\/\/rednacionaldearte.com\/noticias\/festival-cine-independiente-cdmx\/"},"wordCount":158,"publisher":{"@id":"http:\/\/rednacionaldearte.com\/noticias\/#organization"},"image":{"@id":"http:\/\/rednacionaldearte.com\/noticias\/festival-cine-independiente-cdmx\/#primaryimage"},"thumbnailUrl":"https:\/\/rednacionaldearte.com\/noticias\/wp-content\/uploads\/2017\/09\/Screen-Shot-2017-09-01-at-7.41.00-PM.png","articleSection":["Cine","Convocatorias"],"inLanguage":"es"},{"@type":"WebPage","@id":"http:\/\/rednacionaldearte.com\/noticias\/festival-cine-independiente-cdmx\/","url":"http:\/\/rednacionaldearte.com\/noticias\/festival-cine-independiente-cdmx\/","name":"Un nuevo Festival de Cine Independiente llega a la Capital - Red Nacional de Arte","isPartOf":{"@id":"http:\/\/rednacionaldearte.com\/noticias\/#website"},"primaryImageOfPage":{"@id":"http:\/\/rednacionaldearte.com\/noticias\/festival-cine-independiente-cdmx\/#primaryimage"},"image":{"@id":"http:\/\/rednacionaldearte.com\/noticias\/festival-cine-independiente-cdmx\/#primaryimage"},"thumbnailUrl":"https:\/\/rednacionaldearte.com\/noticias\/wp-content\/uploads\/2017\/09\/Screen-Shot-2017-09-01-at-7.41.00-PM.png","datePublished":"2017-09-02T03:24:15+00:00","breadcrumb":{"@id":"http:\/\/rednacionaldearte.com\/noticias\/festival-cine-independiente-cdmx\/#breadcrumb"},"inLanguage":"es","potentialAction":[{"@type":"ReadAction","target":["http:\/\/rednacionaldearte.com\/noticias\/festival-cine-independiente-cdmx\/"]}]},{"@type":"ImageObject","inLanguage":"es","@id":"http:\/\/rednacionaldearte.com\/noticias\/festival-cine-independiente-cdmx\/#primaryimage","url":"https:\/\/rednacionaldearte.com\/noticias\/wp-content\/uploads\/2017\/09\/Screen-Shot-2017-09-01-at-7.41.00-PM.png","contentUrl":"https:\/\/rednacionaldearte.com\/noticias\/wp-content\/uploads\/2017\/09\/Screen-Shot-2017-09-01-at-7.41.00-PM.png","width":1279,"height":554,"caption":"Festival Cine Independiente CDMX"},{"@type":"BreadcrumbList","@id":"http:\/\/rednacionaldearte.com\/noticias\/festival-cine-independiente-cdmx\/#breadcrumb","itemListElement":[{"@type":"ListItem","position":1,"name":"Home","item":"http:\/\/rednacionaldearte.com\/noticias\/"},{"@type":"ListItem","position":2,"name":"Un nuevo Festival de Cine Independiente llega a la Capital"}]},{"@type":"WebSite","@id":"http:\/\/rednacionaldearte.com\/noticias\/#website","url":"http:\/\/rednacionaldearte.com\/noticias\/","name":"Red Nacional de Arte","description":"Cultura y Arte contempor\u00e1neo en M\u00e9xico","publisher":{"@id":"http:\/\/rednacionaldearte.com\/noticias\/#organization"},"potentialAction":[{"@type":"SearchAction","target":{"@type":"EntryPoint","urlTemplate":"http:\/\/rednacionaldearte.com\/noticias\/?s={search_term_string}"},"query-input":{"@type":"PropertyValueSpecification","valueRequired":true,"valueName":"search_term_string"}}],"inLanguage":"es"},{"@type":"Organization","@id":"http:\/\/rednacionaldearte.com\/noticias\/#organization","name":"Red Nacional de Arte","url":"http:\/\/rednacionaldearte.com\/noticias\/","logo":{"@type":"ImageObject","inLanguage":"es","@id":"http:\/\/rednacionaldearte.com\/noticias\/#\/schema\/logo\/image\/","url":"http:\/\/rednacionaldearte.com\/noticias\/wp-content\/uploads\/2016\/04\/logo.png","contentUrl":"http:\/\/rednacionaldearte.com\/noticias\/wp-content\/uploads\/2016\/04\/logo.png","width":575,"height":554,"caption":"Red Nacional de Arte"},"image":{"@id":"http:\/\/rednacionaldearte.com\/noticias\/#\/schema\/logo\/image\/"},"sameAs":["http:\/\/www.facebook.com\/rednacionaldearte\/","https:\/\/x.com\/rednacionalarte"]},{"@type":"Person","@id":"http:\/\/rednacionaldearte.com\/noticias\/#\/schema\/person\/489d635082b1de413434d2708a3e5b9b","name":"Redacci\u00f3n","image":{"@type":"ImageObject","inLanguage":"es","@id":"https:\/\/secure.gravatar.com\/avatar\/1d1c30eaee7c2f6cfa13fb8502cb06839106cdf371b9953d50e4b572d0bfa3c7?s=96&d=mm&r=g","url":"https:\/\/secure.gravatar.com\/avatar\/1d1c30eaee7c2f6cfa13fb8502cb06839106cdf371b9953d50e4b572d0bfa3c7?s=96&d=mm&r=g","contentUrl":"https:\/\/secure.gravatar.com\/avatar\/1d1c30eaee7c2f6cfa13fb8502cb06839106cdf371b9953d50e4b572d0bfa3c7?s=96&d=mm&r=g","caption":"Redacci\u00f3n"},"url":"https:\/\/rednacionaldearte.com\/noticias\/author\/adan\/"}]}},"amp_validity":null,"amp_enabled":true,"_links":{"self":[{"href":"https:\/\/rednacionaldearte.com\/noticias\/wp-json\/wp\/v2\/posts\/621","targetHints":{"allow":["GET"]}}],"collection":[{"href":"https:\/\/rednacionaldearte.com\/noticias\/wp-json\/wp\/v2\/posts"}],"about":[{"href":"https:\/\/rednacionaldearte.com\/noticias\/wp-json\/wp\/v2\/types\/post"}],"author":[{"embeddable":true,"href":"https:\/\/rednacionaldearte.com\/noticias\/wp-json\/wp\/v2\/users\/1"}],"replies":[{"embeddable":true,"href":"https:\/\/rednacionaldearte.com\/noticias\/wp-json\/wp\/v2\/comments?post=621"}],"version-history":[{"count":1,"href":"https:\/\/rednacionaldearte.com\/noticias\/wp-json\/wp\/v2\/posts\/621\/revisions"}],"predecessor-version":[{"id":623,"href":"https:\/\/rednacionaldearte.com\/noticias\/wp-json\/wp\/v2\/posts\/621\/revisions\/623"}],"wp:featuredmedia":[{"embeddable":true,"href":"https:\/\/rednacionaldearte.com\/noticias\/wp-json\/wp\/v2\/media\/622"}],"wp:attachment":[{"href":"https:\/\/rednacionaldearte.com\/noticias\/wp-json\/wp\/v2\/media?parent=621"}],"wp:term":[{"taxonomy":"category","embeddable":true,"href":"https:\/\/rednacionaldearte.com\/noticias\/wp-json\/wp\/v2\/categories?post=621"},{"taxonomy":"post_tag","embeddable":true,"href":"https:\/\/rednacionaldearte.com\/noticias\/wp-json\/wp\/v2\/tags?post=621"}],"curies":[{"name":"wp","href":"https:\/\/api.w.org\/{rel}","templated":true}]}}