{"id":629,"date":"2017-09-19T04:26:51","date_gmt":"2017-09-19T04:26:51","guid":{"rendered":"http:\/\/rednacionaldearte.com\/noticias\/?p=629"},"modified":"2018-09-20T04:05:00","modified_gmt":"2018-09-20T04:05:00","slug":"festival-videodanza-cdmx-realidad-virtual","status":"publish","type":"post","link":"https:\/\/rednacionaldearte.com\/noticias\/festival-videodanza-cdmx-realidad-virtual\/","title":{"rendered":"El Festival de Videodanza de la CDMX presentar\u00e1 Funci\u00f3n en Realidad Virtual"},"content":{"rendered":"<h2><strong>La primera pieza en VR presentada en un Festival de Videodanza en M\u00e9xico.<\/strong><\/h2>\n<figure id=\"attachment_630\" class=\"thumbnail wp-caption aligncenter\" style=\"width: 970px\"><a href=\"http:\/\/rednacionaldearte.com\/noticias\/wp-content\/uploads\/2017\/09\/Sorecer-VR.jpg\"><img loading=\"lazy\" decoding=\"async\" class=\"size-full wp-image-630\" src=\"http:\/\/rednacionaldearte.com\/noticias\/wp-content\/uploads\/2017\/09\/Sorecer-VR.jpg\" alt=\"Sorecer VR\" width=\"960\" height=\"720\" srcset=\"https:\/\/rednacionaldearte.com\/noticias\/wp-content\/uploads\/2017\/09\/Sorecer-VR.jpg 960w, https:\/\/rednacionaldearte.com\/noticias\/wp-content\/uploads\/2017\/09\/Sorecer-VR-300x225.jpg 300w, https:\/\/rednacionaldearte.com\/noticias\/wp-content\/uploads\/2017\/09\/Sorecer-VR-768x576.jpg 768w\" sizes=\"auto, (max-width: 960px) 100vw, 960px\" \/><\/a><figcaption class=\"caption wp-caption-text\">Foto: David Flores Rubio.<\/figcaption><\/figure>\n<p>La segunda edici\u00f3n del <a href=\"http:\/\/videodanza.rednacionaldearte.com\/\">Festival Internacional de Videodanza de la Ciudad de M\u00e9xico<\/a>\u00a0contar\u00e1 con la presentaci\u00f3n del proyecto \u00ab<strong>Sorecer 360<\/strong>\u00bb de Abigail Jara. La pieza es una videodanza en formato de <strong>realidad virtual<\/strong> acompa\u00f1ada por un performance que interact\u00faa con los espectadores.<\/p>\n<p>&nbsp;<\/p>\n<blockquote>\n<p class=\"p1\"><span class=\"s1\"><b>SORECER<\/b><\/span><b> 360\u00b0<\/b>\u00a0es un acontecimiento danc\u00edsitco filmado en 360\u00b0 donde el espectador puede observar todo el espacio a su alrededor para lo cual tendr\u00e1 que movilizar su cuerpo como si realmente estuviera presente dentro del lugar donde ocurre el suceso, esta propuesta tiene varias capas de percepci\u00f3n por un lado las personas que tendr\u00e1n los visores VR vivir\u00e1n la experiencia virtual inmersiva de primera mano, por otro lado la corporalidad generada por la experiencia virtual al observar simult\u00e1neamente varias personas accionando en el espacio se convierte para los espectadores externos en una pieza de construcci\u00f3n esc\u00e9nica en tiempo real o una metapieza.<\/p>\n<\/blockquote>\n<p>&nbsp;<\/p>\n<p>Con entornos 360\u00b0 y dise\u00f1o sonoro binaural de Antonio Isaac G\u00f3mez, y un performance activado por Itzamn\u00e1 Ponce, Cynthia Hijar, Areli Marmolejo, Aura Faviel, Claudia Landavazo,\u00a0Pamela Salinas y Abigail Jara, <strong>\u00abSorecer 360\u00bb ser\u00e1 la primera pieza en realidad virtual presentada en un festival de videodanza en M\u00e9xico.<\/strong><\/p>\n<p><a href=\"http:\/\/rednacionaldearte.com\/noticias\/wp-content\/uploads\/2017\/09\/Sorecer.jpg\"><img loading=\"lazy\" decoding=\"async\" class=\"aligncenter size-full wp-image-631\" src=\"http:\/\/rednacionaldearte.com\/noticias\/wp-content\/uploads\/2017\/09\/Sorecer.jpg\" alt=\"Sorecer 360\" width=\"800\" height=\"448\" srcset=\"https:\/\/rednacionaldearte.com\/noticias\/wp-content\/uploads\/2017\/09\/Sorecer.jpg 800w, https:\/\/rednacionaldearte.com\/noticias\/wp-content\/uploads\/2017\/09\/Sorecer-300x168.jpg 300w, https:\/\/rednacionaldearte.com\/noticias\/wp-content\/uploads\/2017\/09\/Sorecer-768x430.jpg 768w\" sizes=\"auto, (max-width: 800px) 100vw, 800px\" \/><\/a><\/p>\n<p>La funci\u00f3n se llevar\u00e1 a cabo en el <strong>Centro Cultural del M\u00e9xico Contempor\u00e1neo<\/strong>\u00a0(Leandro Valle 20, Centro Hist\u00f3rico, Del. Cuauht\u00e9moc), el s\u00e1bado 23 de Septiembre de 2017 de\u00a0<strong>17 a 18 horas<\/strong>.<\/p>\n<p>La programaci\u00f3n completa del Festival puede consultarse <a href=\"http:\/\/videodanza.rednacionaldearte.com\/programacion.php\">aqu\u00ed<\/a>.<\/p>\n","protected":false},"excerpt":{"rendered":"<p>La primera pieza en VR presentada en un Festival de Videodanza en M\u00e9xico. La segunda edici\u00f3n del Festival Internacional de Videodanza de la Ciudad de M\u00e9xico\u00a0contar\u00e1 con la presentaci\u00f3n del proyecto \u00abSorecer 360\u00bb de Abigail Jara. La pieza es una videodanza en formato de realidad virtual acompa\u00f1ada por un performance que interact\u00faa con los espectadores. [&hellip;]<\/p>\n","protected":false},"author":1,"featured_media":630,"comment_status":"closed","ping_status":"open","sticky":false,"template":"","format":"standard","meta":{"footnotes":""},"categories":[103,58,93,86,41],"tags":[76,134,133],"class_list":["post-629","post","type-post","status-publish","format-standard","has-post-thumbnail","hentry","category-artes-escenicas","category-danza","category-festivales","category-performance","category-rna","tag-festival-internacional-de-videodanza-de-la-ciudad-de-mexico","tag-realidad-virtual","tag-sorecer-360"],"yoast_head":"<!-- This site is optimized with the Yoast SEO plugin v27.2 - https:\/\/yoast.com\/product\/yoast-seo-wordpress\/ -->\n<title>El Festival de Videodanza de la CDMX presentar\u00e1 Funci\u00f3n en Realidad Virtual<\/title>\n<meta name=\"robots\" content=\"index, follow, max-snippet:-1, max-image-preview:large, max-video-preview:-1\" \/>\n<link rel=\"canonical\" href=\"http:\/\/rednacionaldearte.com\/noticias\/festival-videodanza-cdmx-realidad-virtual\/\" \/>\n<meta property=\"og:locale\" content=\"es_ES\" \/>\n<meta property=\"og:type\" content=\"article\" \/>\n<meta property=\"og:title\" content=\"El Festival de Videodanza de la CDMX presentar\u00e1 Funci\u00f3n en Realidad Virtual\" \/>\n<meta property=\"og:description\" content=\"La primera pieza en VR presentada en un Festival de Videodanza en M\u00e9xico. La segunda edici\u00f3n del Festival Internacional de Videodanza de la Ciudad de M\u00e9xico\u00a0contar\u00e1 con la presentaci\u00f3n del proyecto \u00abSorecer 360\u00bb de Abigail Jara. La pieza es una videodanza en formato de realidad virtual acompa\u00f1ada por un performance que interact\u00faa con los espectadores. [&hellip;]\" \/>\n<meta property=\"og:url\" content=\"http:\/\/rednacionaldearte.com\/noticias\/festival-videodanza-cdmx-realidad-virtual\/\" \/>\n<meta property=\"og:site_name\" content=\"Red Nacional de Arte\" \/>\n<meta property=\"article:publisher\" content=\"http:\/\/www.facebook.com\/rednacionaldearte\/\" \/>\n<meta property=\"article:published_time\" content=\"2017-09-19T04:26:51+00:00\" \/>\n<meta property=\"article:modified_time\" content=\"2018-09-20T04:05:00+00:00\" \/>\n<meta property=\"og:image\" content=\"http:\/\/rednacionaldearte.com\/noticias\/wp-content\/uploads\/2017\/09\/Sorecer-VR.jpg\" \/>\n\t<meta property=\"og:image:width\" content=\"960\" \/>\n\t<meta property=\"og:image:height\" content=\"720\" \/>\n\t<meta property=\"og:image:type\" content=\"image\/jpeg\" \/>\n<meta name=\"author\" content=\"Redacci\u00f3n\" \/>\n<meta name=\"twitter:card\" content=\"summary_large_image\" \/>\n<meta name=\"twitter:creator\" content=\"@rednacionalarte\" \/>\n<meta name=\"twitter:site\" content=\"@rednacionalarte\" \/>\n<meta name=\"twitter:label1\" content=\"Escrito por\" \/>\n\t<meta name=\"twitter:data1\" content=\"Redacci\u00f3n\" \/>\n\t<meta name=\"twitter:label2\" content=\"Tiempo de lectura\" \/>\n\t<meta name=\"twitter:data2\" content=\"1 minuto\" \/>\n<script type=\"application\/ld+json\" class=\"yoast-schema-graph\">{\"@context\":\"https:\/\/schema.org\",\"@graph\":[{\"@type\":\"Article\",\"@id\":\"http:\/\/rednacionaldearte.com\/noticias\/festival-videodanza-cdmx-realidad-virtual\/#article\",\"isPartOf\":{\"@id\":\"http:\/\/rednacionaldearte.com\/noticias\/festival-videodanza-cdmx-realidad-virtual\/\"},\"author\":{\"name\":\"Redacci\u00f3n\",\"@id\":\"http:\/\/rednacionaldearte.com\/noticias\/#\/schema\/person\/489d635082b1de413434d2708a3e5b9b\"},\"headline\":\"El Festival de Videodanza de la CDMX presentar\u00e1 Funci\u00f3n en Realidad Virtual\",\"datePublished\":\"2017-09-19T04:26:51+00:00\",\"dateModified\":\"2018-09-20T04:05:00+00:00\",\"mainEntityOfPage\":{\"@id\":\"http:\/\/rednacionaldearte.com\/noticias\/festival-videodanza-cdmx-realidad-virtual\/\"},\"wordCount\":285,\"publisher\":{\"@id\":\"http:\/\/rednacionaldearte.com\/noticias\/#organization\"},\"image\":{\"@id\":\"http:\/\/rednacionaldearte.com\/noticias\/festival-videodanza-cdmx-realidad-virtual\/#primaryimage\"},\"thumbnailUrl\":\"https:\/\/rednacionaldearte.com\/noticias\/wp-content\/uploads\/2017\/09\/Sorecer-VR.jpg\",\"keywords\":[\"Festival Internacional de Videodanza de la Ciudad de M\u00e9xico\",\"Realidad Virtual\",\"Sorecer 360\"],\"articleSection\":[\"Artes Esc\u00e9nicas\",\"Danza\",\"Festivales\",\"Performance\",\"RNA\"],\"inLanguage\":\"es\"},{\"@type\":\"WebPage\",\"@id\":\"http:\/\/rednacionaldearte.com\/noticias\/festival-videodanza-cdmx-realidad-virtual\/\",\"url\":\"http:\/\/rednacionaldearte.com\/noticias\/festival-videodanza-cdmx-realidad-virtual\/\",\"name\":\"El Festival de Videodanza de la CDMX presentar\u00e1 Funci\u00f3n en Realidad Virtual\",\"isPartOf\":{\"@id\":\"http:\/\/rednacionaldearte.com\/noticias\/#website\"},\"primaryImageOfPage\":{\"@id\":\"http:\/\/rednacionaldearte.com\/noticias\/festival-videodanza-cdmx-realidad-virtual\/#primaryimage\"},\"image\":{\"@id\":\"http:\/\/rednacionaldearte.com\/noticias\/festival-videodanza-cdmx-realidad-virtual\/#primaryimage\"},\"thumbnailUrl\":\"https:\/\/rednacionaldearte.com\/noticias\/wp-content\/uploads\/2017\/09\/Sorecer-VR.jpg\",\"datePublished\":\"2017-09-19T04:26:51+00:00\",\"dateModified\":\"2018-09-20T04:05:00+00:00\",\"breadcrumb\":{\"@id\":\"http:\/\/rednacionaldearte.com\/noticias\/festival-videodanza-cdmx-realidad-virtual\/#breadcrumb\"},\"inLanguage\":\"es\",\"potentialAction\":[{\"@type\":\"ReadAction\",\"target\":[\"http:\/\/rednacionaldearte.com\/noticias\/festival-videodanza-cdmx-realidad-virtual\/\"]}]},{\"@type\":\"ImageObject\",\"inLanguage\":\"es\",\"@id\":\"http:\/\/rednacionaldearte.com\/noticias\/festival-videodanza-cdmx-realidad-virtual\/#primaryimage\",\"url\":\"https:\/\/rednacionaldearte.com\/noticias\/wp-content\/uploads\/2017\/09\/Sorecer-VR.jpg\",\"contentUrl\":\"https:\/\/rednacionaldearte.com\/noticias\/wp-content\/uploads\/2017\/09\/Sorecer-VR.jpg\",\"width\":960,\"height\":720,\"caption\":\"Foto: David Flores Rubio.\"},{\"@type\":\"BreadcrumbList\",\"@id\":\"http:\/\/rednacionaldearte.com\/noticias\/festival-videodanza-cdmx-realidad-virtual\/#breadcrumb\",\"itemListElement\":[{\"@type\":\"ListItem\",\"position\":1,\"name\":\"Home\",\"item\":\"http:\/\/rednacionaldearte.com\/noticias\/\"},{\"@type\":\"ListItem\",\"position\":2,\"name\":\"El Festival de Videodanza de la CDMX presentar\u00e1 Funci\u00f3n en Realidad Virtual\"}]},{\"@type\":\"WebSite\",\"@id\":\"http:\/\/rednacionaldearte.com\/noticias\/#website\",\"url\":\"http:\/\/rednacionaldearte.com\/noticias\/\",\"name\":\"Red Nacional de Arte\",\"description\":\"Cultura y Arte contempor\u00e1neo en M\u00e9xico\",\"publisher\":{\"@id\":\"http:\/\/rednacionaldearte.com\/noticias\/#organization\"},\"potentialAction\":[{\"@type\":\"SearchAction\",\"target\":{\"@type\":\"EntryPoint\",\"urlTemplate\":\"http:\/\/rednacionaldearte.com\/noticias\/?s={search_term_string}\"},\"query-input\":{\"@type\":\"PropertyValueSpecification\",\"valueRequired\":true,\"valueName\":\"search_term_string\"}}],\"inLanguage\":\"es\"},{\"@type\":\"Organization\",\"@id\":\"http:\/\/rednacionaldearte.com\/noticias\/#organization\",\"name\":\"Red Nacional de Arte\",\"url\":\"http:\/\/rednacionaldearte.com\/noticias\/\",\"logo\":{\"@type\":\"ImageObject\",\"inLanguage\":\"es\",\"@id\":\"http:\/\/rednacionaldearte.com\/noticias\/#\/schema\/logo\/image\/\",\"url\":\"http:\/\/rednacionaldearte.com\/noticias\/wp-content\/uploads\/2016\/04\/logo.png\",\"contentUrl\":\"http:\/\/rednacionaldearte.com\/noticias\/wp-content\/uploads\/2016\/04\/logo.png\",\"width\":575,\"height\":554,\"caption\":\"Red Nacional de Arte\"},\"image\":{\"@id\":\"http:\/\/rednacionaldearte.com\/noticias\/#\/schema\/logo\/image\/\"},\"sameAs\":[\"http:\/\/www.facebook.com\/rednacionaldearte\/\",\"https:\/\/x.com\/rednacionalarte\"]},{\"@type\":\"Person\",\"@id\":\"http:\/\/rednacionaldearte.com\/noticias\/#\/schema\/person\/489d635082b1de413434d2708a3e5b9b\",\"name\":\"Redacci\u00f3n\",\"image\":{\"@type\":\"ImageObject\",\"inLanguage\":\"es\",\"@id\":\"https:\/\/secure.gravatar.com\/avatar\/1d1c30eaee7c2f6cfa13fb8502cb06839106cdf371b9953d50e4b572d0bfa3c7?s=96&d=mm&r=g\",\"url\":\"https:\/\/secure.gravatar.com\/avatar\/1d1c30eaee7c2f6cfa13fb8502cb06839106cdf371b9953d50e4b572d0bfa3c7?s=96&d=mm&r=g\",\"contentUrl\":\"https:\/\/secure.gravatar.com\/avatar\/1d1c30eaee7c2f6cfa13fb8502cb06839106cdf371b9953d50e4b572d0bfa3c7?s=96&d=mm&r=g\",\"caption\":\"Redacci\u00f3n\"},\"url\":\"https:\/\/rednacionaldearte.com\/noticias\/author\/adan\/\"}]}<\/script>\n<!-- \/ Yoast SEO plugin. -->","yoast_head_json":{"title":"El Festival de Videodanza de la CDMX presentar\u00e1 Funci\u00f3n en Realidad Virtual","robots":{"index":"index","follow":"follow","max-snippet":"max-snippet:-1","max-image-preview":"max-image-preview:large","max-video-preview":"max-video-preview:-1"},"canonical":"http:\/\/rednacionaldearte.com\/noticias\/festival-videodanza-cdmx-realidad-virtual\/","og_locale":"es_ES","og_type":"article","og_title":"El Festival de Videodanza de la CDMX presentar\u00e1 Funci\u00f3n en Realidad Virtual","og_description":"La primera pieza en VR presentada en un Festival de Videodanza en M\u00e9xico. La segunda edici\u00f3n del Festival Internacional de Videodanza de la Ciudad de M\u00e9xico\u00a0contar\u00e1 con la presentaci\u00f3n del proyecto \u00abSorecer 360\u00bb de Abigail Jara. La pieza es una videodanza en formato de realidad virtual acompa\u00f1ada por un performance que interact\u00faa con los espectadores. [&hellip;]","og_url":"http:\/\/rednacionaldearte.com\/noticias\/festival-videodanza-cdmx-realidad-virtual\/","og_site_name":"Red Nacional de Arte","article_publisher":"http:\/\/www.facebook.com\/rednacionaldearte\/","article_published_time":"2017-09-19T04:26:51+00:00","article_modified_time":"2018-09-20T04:05:00+00:00","og_image":[{"width":960,"height":720,"url":"http:\/\/rednacionaldearte.com\/noticias\/wp-content\/uploads\/2017\/09\/Sorecer-VR.jpg","type":"image\/jpeg"}],"author":"Redacci\u00f3n","twitter_card":"summary_large_image","twitter_creator":"@rednacionalarte","twitter_site":"@rednacionalarte","twitter_misc":{"Escrito por":"Redacci\u00f3n","Tiempo de lectura":"1 minuto"},"schema":{"@context":"https:\/\/schema.org","@graph":[{"@type":"Article","@id":"http:\/\/rednacionaldearte.com\/noticias\/festival-videodanza-cdmx-realidad-virtual\/#article","isPartOf":{"@id":"http:\/\/rednacionaldearte.com\/noticias\/festival-videodanza-cdmx-realidad-virtual\/"},"author":{"name":"Redacci\u00f3n","@id":"http:\/\/rednacionaldearte.com\/noticias\/#\/schema\/person\/489d635082b1de413434d2708a3e5b9b"},"headline":"El Festival de Videodanza de la CDMX presentar\u00e1 Funci\u00f3n en Realidad Virtual","datePublished":"2017-09-19T04:26:51+00:00","dateModified":"2018-09-20T04:05:00+00:00","mainEntityOfPage":{"@id":"http:\/\/rednacionaldearte.com\/noticias\/festival-videodanza-cdmx-realidad-virtual\/"},"wordCount":285,"publisher":{"@id":"http:\/\/rednacionaldearte.com\/noticias\/#organization"},"image":{"@id":"http:\/\/rednacionaldearte.com\/noticias\/festival-videodanza-cdmx-realidad-virtual\/#primaryimage"},"thumbnailUrl":"https:\/\/rednacionaldearte.com\/noticias\/wp-content\/uploads\/2017\/09\/Sorecer-VR.jpg","keywords":["Festival Internacional de Videodanza de la Ciudad de M\u00e9xico","Realidad Virtual","Sorecer 360"],"articleSection":["Artes Esc\u00e9nicas","Danza","Festivales","Performance","RNA"],"inLanguage":"es"},{"@type":"WebPage","@id":"http:\/\/rednacionaldearte.com\/noticias\/festival-videodanza-cdmx-realidad-virtual\/","url":"http:\/\/rednacionaldearte.com\/noticias\/festival-videodanza-cdmx-realidad-virtual\/","name":"El Festival de Videodanza de la CDMX presentar\u00e1 Funci\u00f3n en Realidad Virtual","isPartOf":{"@id":"http:\/\/rednacionaldearte.com\/noticias\/#website"},"primaryImageOfPage":{"@id":"http:\/\/rednacionaldearte.com\/noticias\/festival-videodanza-cdmx-realidad-virtual\/#primaryimage"},"image":{"@id":"http:\/\/rednacionaldearte.com\/noticias\/festival-videodanza-cdmx-realidad-virtual\/#primaryimage"},"thumbnailUrl":"https:\/\/rednacionaldearte.com\/noticias\/wp-content\/uploads\/2017\/09\/Sorecer-VR.jpg","datePublished":"2017-09-19T04:26:51+00:00","dateModified":"2018-09-20T04:05:00+00:00","breadcrumb":{"@id":"http:\/\/rednacionaldearte.com\/noticias\/festival-videodanza-cdmx-realidad-virtual\/#breadcrumb"},"inLanguage":"es","potentialAction":[{"@type":"ReadAction","target":["http:\/\/rednacionaldearte.com\/noticias\/festival-videodanza-cdmx-realidad-virtual\/"]}]},{"@type":"ImageObject","inLanguage":"es","@id":"http:\/\/rednacionaldearte.com\/noticias\/festival-videodanza-cdmx-realidad-virtual\/#primaryimage","url":"https:\/\/rednacionaldearte.com\/noticias\/wp-content\/uploads\/2017\/09\/Sorecer-VR.jpg","contentUrl":"https:\/\/rednacionaldearte.com\/noticias\/wp-content\/uploads\/2017\/09\/Sorecer-VR.jpg","width":960,"height":720,"caption":"Foto: David Flores Rubio."},{"@type":"BreadcrumbList","@id":"http:\/\/rednacionaldearte.com\/noticias\/festival-videodanza-cdmx-realidad-virtual\/#breadcrumb","itemListElement":[{"@type":"ListItem","position":1,"name":"Home","item":"http:\/\/rednacionaldearte.com\/noticias\/"},{"@type":"ListItem","position":2,"name":"El Festival de Videodanza de la CDMX presentar\u00e1 Funci\u00f3n en Realidad Virtual"}]},{"@type":"WebSite","@id":"http:\/\/rednacionaldearte.com\/noticias\/#website","url":"http:\/\/rednacionaldearte.com\/noticias\/","name":"Red Nacional de Arte","description":"Cultura y Arte contempor\u00e1neo en M\u00e9xico","publisher":{"@id":"http:\/\/rednacionaldearte.com\/noticias\/#organization"},"potentialAction":[{"@type":"SearchAction","target":{"@type":"EntryPoint","urlTemplate":"http:\/\/rednacionaldearte.com\/noticias\/?s={search_term_string}"},"query-input":{"@type":"PropertyValueSpecification","valueRequired":true,"valueName":"search_term_string"}}],"inLanguage":"es"},{"@type":"Organization","@id":"http:\/\/rednacionaldearte.com\/noticias\/#organization","name":"Red Nacional de Arte","url":"http:\/\/rednacionaldearte.com\/noticias\/","logo":{"@type":"ImageObject","inLanguage":"es","@id":"http:\/\/rednacionaldearte.com\/noticias\/#\/schema\/logo\/image\/","url":"http:\/\/rednacionaldearte.com\/noticias\/wp-content\/uploads\/2016\/04\/logo.png","contentUrl":"http:\/\/rednacionaldearte.com\/noticias\/wp-content\/uploads\/2016\/04\/logo.png","width":575,"height":554,"caption":"Red Nacional de Arte"},"image":{"@id":"http:\/\/rednacionaldearte.com\/noticias\/#\/schema\/logo\/image\/"},"sameAs":["http:\/\/www.facebook.com\/rednacionaldearte\/","https:\/\/x.com\/rednacionalarte"]},{"@type":"Person","@id":"http:\/\/rednacionaldearte.com\/noticias\/#\/schema\/person\/489d635082b1de413434d2708a3e5b9b","name":"Redacci\u00f3n","image":{"@type":"ImageObject","inLanguage":"es","@id":"https:\/\/secure.gravatar.com\/avatar\/1d1c30eaee7c2f6cfa13fb8502cb06839106cdf371b9953d50e4b572d0bfa3c7?s=96&d=mm&r=g","url":"https:\/\/secure.gravatar.com\/avatar\/1d1c30eaee7c2f6cfa13fb8502cb06839106cdf371b9953d50e4b572d0bfa3c7?s=96&d=mm&r=g","contentUrl":"https:\/\/secure.gravatar.com\/avatar\/1d1c30eaee7c2f6cfa13fb8502cb06839106cdf371b9953d50e4b572d0bfa3c7?s=96&d=mm&r=g","caption":"Redacci\u00f3n"},"url":"https:\/\/rednacionaldearte.com\/noticias\/author\/adan\/"}]}},"amp_validity":null,"amp_enabled":true,"_links":{"self":[{"href":"https:\/\/rednacionaldearte.com\/noticias\/wp-json\/wp\/v2\/posts\/629","targetHints":{"allow":["GET"]}}],"collection":[{"href":"https:\/\/rednacionaldearte.com\/noticias\/wp-json\/wp\/v2\/posts"}],"about":[{"href":"https:\/\/rednacionaldearte.com\/noticias\/wp-json\/wp\/v2\/types\/post"}],"author":[{"embeddable":true,"href":"https:\/\/rednacionaldearte.com\/noticias\/wp-json\/wp\/v2\/users\/1"}],"replies":[{"embeddable":true,"href":"https:\/\/rednacionaldearte.com\/noticias\/wp-json\/wp\/v2\/comments?post=629"}],"version-history":[{"count":3,"href":"https:\/\/rednacionaldearte.com\/noticias\/wp-json\/wp\/v2\/posts\/629\/revisions"}],"predecessor-version":[{"id":634,"href":"https:\/\/rednacionaldearte.com\/noticias\/wp-json\/wp\/v2\/posts\/629\/revisions\/634"}],"wp:featuredmedia":[{"embeddable":true,"href":"https:\/\/rednacionaldearte.com\/noticias\/wp-json\/wp\/v2\/media\/630"}],"wp:attachment":[{"href":"https:\/\/rednacionaldearte.com\/noticias\/wp-json\/wp\/v2\/media?parent=629"}],"wp:term":[{"taxonomy":"category","embeddable":true,"href":"https:\/\/rednacionaldearte.com\/noticias\/wp-json\/wp\/v2\/categories?post=629"},{"taxonomy":"post_tag","embeddable":true,"href":"https:\/\/rednacionaldearte.com\/noticias\/wp-json\/wp\/v2\/tags?post=629"}],"curies":[{"name":"wp","href":"https:\/\/api.w.org\/{rel}","templated":true}]}}