{"id":635,"date":"2017-09-21T01:42:53","date_gmt":"2017-09-21T01:42:53","guid":{"rendered":"http:\/\/rednacionaldearte.com\/noticias\/?p=635"},"modified":"2018-09-20T04:04:56","modified_gmt":"2018-09-20T04:04:56","slug":"festival-videodanza-la-cdmx-cancela-funciones-21-septiembre-a-causa-del-sismo","status":"publish","type":"post","link":"https:\/\/rednacionaldearte.com\/noticias\/festival-videodanza-la-cdmx-cancela-funciones-21-septiembre-a-causa-del-sismo\/","title":{"rendered":"El Festival de Videodanza de la CDMX cancela funciones de 21 de Septiembre a causa del sismo"},"content":{"rendered":"<p><a href=\"http:\/\/rednacionaldearte.com\/noticias\/wp-content\/uploads\/2017\/09\/21686331_1384129801707202_4743512916025303155_n.jpg\"><img loading=\"lazy\" decoding=\"async\" class=\"aligncenter size-full wp-image-636\" src=\"http:\/\/rednacionaldearte.com\/noticias\/wp-content\/uploads\/2017\/09\/21686331_1384129801707202_4743512916025303155_n.jpg\" alt=\"\" width=\"822\" height=\"960\" srcset=\"https:\/\/rednacionaldearte.com\/noticias\/wp-content\/uploads\/2017\/09\/21686331_1384129801707202_4743512916025303155_n.jpg 822w, https:\/\/rednacionaldearte.com\/noticias\/wp-content\/uploads\/2017\/09\/21686331_1384129801707202_4743512916025303155_n-257x300.jpg 257w, https:\/\/rednacionaldearte.com\/noticias\/wp-content\/uploads\/2017\/09\/21686331_1384129801707202_4743512916025303155_n-768x897.jpg 768w\" sizes=\"auto, (max-width: 822px) 100vw, 822px\" \/><\/a><\/p>\n<p>Ante la situaci\u00f3n de emergencia que se vive en la capital del pa\u00eds, la Red Nacional de Arte ha decidido cancelar las actividades contempladas para el <strong>primer d\u00eda<\/strong> del <a href=\"http:\/\/videodanza.rednacionaldearte.com\/\"><strong>Festival Internacional de Videodanza de la Ciudad de M\u00e9xico<\/strong><\/a>.<\/p>\n<p>Nos encontramos evaluando la factibilidad de llevar a cabo las funciones del d\u00eda viernes.<\/p>\n<p>Hasta ahora, <strong>las proyecciones del s\u00e1bado y domingo no sufren afectaciones<\/strong>, y se est\u00e1 buscando reprogramar las funciones canceladas.<\/p>\n<p>Gran parte de la selecci\u00f3n en competencia podr\u00e1 consultarse de forma gratuita desde nuestra\u00a0<a href=\"http:\/\/videodanza.rednacionaldearte.com\/screendances\/\">plataforma online<\/a>.<\/p>\n<p>#FuerzaM\u00e9xico #CulturaSolidaria<\/p>\n","protected":false},"excerpt":{"rendered":"<p>Ante la situaci\u00f3n de emergencia que se vive en la capital del pa\u00eds, la Red Nacional de Arte ha decidido cancelar las actividades contempladas para el primer d\u00eda del Festival Internacional de Videodanza de la Ciudad de M\u00e9xico. Nos encontramos evaluando la factibilidad de llevar a cabo las funciones del d\u00eda viernes. Hasta ahora, las [&hellip;]<\/p>\n","protected":false},"author":1,"featured_media":636,"comment_status":"closed","ping_status":"open","sticky":false,"template":"","format":"standard","meta":{"footnotes":""},"categories":[58,93,44,41],"tags":[76],"class_list":["post-635","post","type-post","status-publish","format-standard","has-post-thumbnail","hentry","category-danza","category-festivales","category-otros","category-rna","tag-festival-internacional-de-videodanza-de-la-ciudad-de-mexico"],"yoast_head":"<!-- This site is optimized with the Yoast SEO plugin v27.2 - https:\/\/yoast.com\/product\/yoast-seo-wordpress\/ -->\n<title>El Festival de Videodanza de la CDMX cancela funciones de 21 de Septiembre a causa del sismo<\/title>\n<meta name=\"robots\" content=\"index, follow, max-snippet:-1, max-image-preview:large, max-video-preview:-1\" \/>\n<link rel=\"canonical\" href=\"http:\/\/rednacionaldearte.com\/noticias\/festival-videodanza-la-cdmx-cancela-funciones-21-septiembre-a-causa-del-sismo\/\" \/>\n<meta property=\"og:locale\" content=\"es_ES\" \/>\n<meta property=\"og:type\" content=\"article\" \/>\n<meta property=\"og:title\" content=\"El Festival de Videodanza de la CDMX cancela funciones de 21 de Septiembre a causa del sismo\" \/>\n<meta property=\"og:description\" content=\"Ante la situaci\u00f3n de emergencia que se vive en la capital del pa\u00eds, la Red Nacional de Arte ha decidido cancelar las actividades contempladas para el primer d\u00eda del Festival Internacional de Videodanza de la Ciudad de M\u00e9xico. Nos encontramos evaluando la factibilidad de llevar a cabo las funciones del d\u00eda viernes. Hasta ahora, las [&hellip;]\" \/>\n<meta property=\"og:url\" content=\"http:\/\/rednacionaldearte.com\/noticias\/festival-videodanza-la-cdmx-cancela-funciones-21-septiembre-a-causa-del-sismo\/\" \/>\n<meta property=\"og:site_name\" content=\"Red Nacional de Arte\" \/>\n<meta property=\"article:publisher\" content=\"http:\/\/www.facebook.com\/rednacionaldearte\/\" \/>\n<meta property=\"article:published_time\" content=\"2017-09-21T01:42:53+00:00\" \/>\n<meta property=\"article:modified_time\" content=\"2018-09-20T04:04:56+00:00\" \/>\n<meta property=\"og:image\" content=\"http:\/\/rednacionaldearte.com\/noticias\/wp-content\/uploads\/2017\/09\/21686331_1384129801707202_4743512916025303155_n.jpg\" \/>\n\t<meta property=\"og:image:width\" content=\"822\" \/>\n\t<meta property=\"og:image:height\" content=\"960\" \/>\n\t<meta property=\"og:image:type\" content=\"image\/jpeg\" \/>\n<meta name=\"author\" content=\"Redacci\u00f3n\" \/>\n<meta name=\"twitter:card\" content=\"summary_large_image\" \/>\n<meta name=\"twitter:creator\" content=\"@rednacionalarte\" \/>\n<meta name=\"twitter:site\" content=\"@rednacionalarte\" \/>\n<meta name=\"twitter:label1\" content=\"Escrito por\" \/>\n\t<meta name=\"twitter:data1\" content=\"Redacci\u00f3n\" \/>\n<script type=\"application\/ld+json\" class=\"yoast-schema-graph\">{\"@context\":\"https:\/\/schema.org\",\"@graph\":[{\"@type\":\"Article\",\"@id\":\"http:\/\/rednacionaldearte.com\/noticias\/festival-videodanza-la-cdmx-cancela-funciones-21-septiembre-a-causa-del-sismo\/#article\",\"isPartOf\":{\"@id\":\"http:\/\/rednacionaldearte.com\/noticias\/festival-videodanza-la-cdmx-cancela-funciones-21-septiembre-a-causa-del-sismo\/\"},\"author\":{\"name\":\"Redacci\u00f3n\",\"@id\":\"http:\/\/rednacionaldearte.com\/noticias\/#\/schema\/person\/489d635082b1de413434d2708a3e5b9b\"},\"headline\":\"El Festival de Videodanza de la CDMX cancela funciones de 21 de Septiembre a causa del sismo\",\"datePublished\":\"2017-09-21T01:42:53+00:00\",\"dateModified\":\"2018-09-20T04:04:56+00:00\",\"mainEntityOfPage\":{\"@id\":\"http:\/\/rednacionaldearte.com\/noticias\/festival-videodanza-la-cdmx-cancela-funciones-21-septiembre-a-causa-del-sismo\/\"},\"wordCount\":113,\"publisher\":{\"@id\":\"http:\/\/rednacionaldearte.com\/noticias\/#organization\"},\"image\":{\"@id\":\"http:\/\/rednacionaldearte.com\/noticias\/festival-videodanza-la-cdmx-cancela-funciones-21-septiembre-a-causa-del-sismo\/#primaryimage\"},\"thumbnailUrl\":\"https:\/\/rednacionaldearte.com\/noticias\/wp-content\/uploads\/2017\/09\/21686331_1384129801707202_4743512916025303155_n.jpg\",\"keywords\":[\"Festival Internacional de Videodanza de la Ciudad de M\u00e9xico\"],\"articleSection\":[\"Danza\",\"Festivales\",\"Otros\",\"RNA\"],\"inLanguage\":\"es\"},{\"@type\":\"WebPage\",\"@id\":\"http:\/\/rednacionaldearte.com\/noticias\/festival-videodanza-la-cdmx-cancela-funciones-21-septiembre-a-causa-del-sismo\/\",\"url\":\"http:\/\/rednacionaldearte.com\/noticias\/festival-videodanza-la-cdmx-cancela-funciones-21-septiembre-a-causa-del-sismo\/\",\"name\":\"El Festival de Videodanza de la CDMX cancela funciones de 21 de Septiembre a causa del sismo\",\"isPartOf\":{\"@id\":\"http:\/\/rednacionaldearte.com\/noticias\/#website\"},\"primaryImageOfPage\":{\"@id\":\"http:\/\/rednacionaldearte.com\/noticias\/festival-videodanza-la-cdmx-cancela-funciones-21-septiembre-a-causa-del-sismo\/#primaryimage\"},\"image\":{\"@id\":\"http:\/\/rednacionaldearte.com\/noticias\/festival-videodanza-la-cdmx-cancela-funciones-21-septiembre-a-causa-del-sismo\/#primaryimage\"},\"thumbnailUrl\":\"https:\/\/rednacionaldearte.com\/noticias\/wp-content\/uploads\/2017\/09\/21686331_1384129801707202_4743512916025303155_n.jpg\",\"datePublished\":\"2017-09-21T01:42:53+00:00\",\"dateModified\":\"2018-09-20T04:04:56+00:00\",\"breadcrumb\":{\"@id\":\"http:\/\/rednacionaldearte.com\/noticias\/festival-videodanza-la-cdmx-cancela-funciones-21-septiembre-a-causa-del-sismo\/#breadcrumb\"},\"inLanguage\":\"es\",\"potentialAction\":[{\"@type\":\"ReadAction\",\"target\":[\"http:\/\/rednacionaldearte.com\/noticias\/festival-videodanza-la-cdmx-cancela-funciones-21-septiembre-a-causa-del-sismo\/\"]}]},{\"@type\":\"ImageObject\",\"inLanguage\":\"es\",\"@id\":\"http:\/\/rednacionaldearte.com\/noticias\/festival-videodanza-la-cdmx-cancela-funciones-21-septiembre-a-causa-del-sismo\/#primaryimage\",\"url\":\"https:\/\/rednacionaldearte.com\/noticias\/wp-content\/uploads\/2017\/09\/21686331_1384129801707202_4743512916025303155_n.jpg\",\"contentUrl\":\"https:\/\/rednacionaldearte.com\/noticias\/wp-content\/uploads\/2017\/09\/21686331_1384129801707202_4743512916025303155_n.jpg\",\"width\":822,\"height\":960},{\"@type\":\"BreadcrumbList\",\"@id\":\"http:\/\/rednacionaldearte.com\/noticias\/festival-videodanza-la-cdmx-cancela-funciones-21-septiembre-a-causa-del-sismo\/#breadcrumb\",\"itemListElement\":[{\"@type\":\"ListItem\",\"position\":1,\"name\":\"Home\",\"item\":\"http:\/\/rednacionaldearte.com\/noticias\/\"},{\"@type\":\"ListItem\",\"position\":2,\"name\":\"El Festival de Videodanza de la CDMX cancela funciones de 21 de Septiembre a causa del sismo\"}]},{\"@type\":\"WebSite\",\"@id\":\"http:\/\/rednacionaldearte.com\/noticias\/#website\",\"url\":\"http:\/\/rednacionaldearte.com\/noticias\/\",\"name\":\"Red Nacional de Arte\",\"description\":\"Cultura y Arte contempor\u00e1neo en M\u00e9xico\",\"publisher\":{\"@id\":\"http:\/\/rednacionaldearte.com\/noticias\/#organization\"},\"potentialAction\":[{\"@type\":\"SearchAction\",\"target\":{\"@type\":\"EntryPoint\",\"urlTemplate\":\"http:\/\/rednacionaldearte.com\/noticias\/?s={search_term_string}\"},\"query-input\":{\"@type\":\"PropertyValueSpecification\",\"valueRequired\":true,\"valueName\":\"search_term_string\"}}],\"inLanguage\":\"es\"},{\"@type\":\"Organization\",\"@id\":\"http:\/\/rednacionaldearte.com\/noticias\/#organization\",\"name\":\"Red Nacional de Arte\",\"url\":\"http:\/\/rednacionaldearte.com\/noticias\/\",\"logo\":{\"@type\":\"ImageObject\",\"inLanguage\":\"es\",\"@id\":\"http:\/\/rednacionaldearte.com\/noticias\/#\/schema\/logo\/image\/\",\"url\":\"http:\/\/rednacionaldearte.com\/noticias\/wp-content\/uploads\/2016\/04\/logo.png\",\"contentUrl\":\"http:\/\/rednacionaldearte.com\/noticias\/wp-content\/uploads\/2016\/04\/logo.png\",\"width\":575,\"height\":554,\"caption\":\"Red Nacional de Arte\"},\"image\":{\"@id\":\"http:\/\/rednacionaldearte.com\/noticias\/#\/schema\/logo\/image\/\"},\"sameAs\":[\"http:\/\/www.facebook.com\/rednacionaldearte\/\",\"https:\/\/x.com\/rednacionalarte\"]},{\"@type\":\"Person\",\"@id\":\"http:\/\/rednacionaldearte.com\/noticias\/#\/schema\/person\/489d635082b1de413434d2708a3e5b9b\",\"name\":\"Redacci\u00f3n\",\"image\":{\"@type\":\"ImageObject\",\"inLanguage\":\"es\",\"@id\":\"https:\/\/secure.gravatar.com\/avatar\/1d1c30eaee7c2f6cfa13fb8502cb06839106cdf371b9953d50e4b572d0bfa3c7?s=96&d=mm&r=g\",\"url\":\"https:\/\/secure.gravatar.com\/avatar\/1d1c30eaee7c2f6cfa13fb8502cb06839106cdf371b9953d50e4b572d0bfa3c7?s=96&d=mm&r=g\",\"contentUrl\":\"https:\/\/secure.gravatar.com\/avatar\/1d1c30eaee7c2f6cfa13fb8502cb06839106cdf371b9953d50e4b572d0bfa3c7?s=96&d=mm&r=g\",\"caption\":\"Redacci\u00f3n\"},\"url\":\"https:\/\/rednacionaldearte.com\/noticias\/author\/adan\/\"}]}<\/script>\n<!-- \/ Yoast SEO plugin. -->","yoast_head_json":{"title":"El Festival de Videodanza de la CDMX cancela funciones de 21 de Septiembre a causa del sismo","robots":{"index":"index","follow":"follow","max-snippet":"max-snippet:-1","max-image-preview":"max-image-preview:large","max-video-preview":"max-video-preview:-1"},"canonical":"http:\/\/rednacionaldearte.com\/noticias\/festival-videodanza-la-cdmx-cancela-funciones-21-septiembre-a-causa-del-sismo\/","og_locale":"es_ES","og_type":"article","og_title":"El Festival de Videodanza de la CDMX cancela funciones de 21 de Septiembre a causa del sismo","og_description":"Ante la situaci\u00f3n de emergencia que se vive en la capital del pa\u00eds, la Red Nacional de Arte ha decidido cancelar las actividades contempladas para el primer d\u00eda del Festival Internacional de Videodanza de la Ciudad de M\u00e9xico. Nos encontramos evaluando la factibilidad de llevar a cabo las funciones del d\u00eda viernes. Hasta ahora, las [&hellip;]","og_url":"http:\/\/rednacionaldearte.com\/noticias\/festival-videodanza-la-cdmx-cancela-funciones-21-septiembre-a-causa-del-sismo\/","og_site_name":"Red Nacional de Arte","article_publisher":"http:\/\/www.facebook.com\/rednacionaldearte\/","article_published_time":"2017-09-21T01:42:53+00:00","article_modified_time":"2018-09-20T04:04:56+00:00","og_image":[{"width":822,"height":960,"url":"http:\/\/rednacionaldearte.com\/noticias\/wp-content\/uploads\/2017\/09\/21686331_1384129801707202_4743512916025303155_n.jpg","type":"image\/jpeg"}],"author":"Redacci\u00f3n","twitter_card":"summary_large_image","twitter_creator":"@rednacionalarte","twitter_site":"@rednacionalarte","twitter_misc":{"Escrito por":"Redacci\u00f3n"},"schema":{"@context":"https:\/\/schema.org","@graph":[{"@type":"Article","@id":"http:\/\/rednacionaldearte.com\/noticias\/festival-videodanza-la-cdmx-cancela-funciones-21-septiembre-a-causa-del-sismo\/#article","isPartOf":{"@id":"http:\/\/rednacionaldearte.com\/noticias\/festival-videodanza-la-cdmx-cancela-funciones-21-septiembre-a-causa-del-sismo\/"},"author":{"name":"Redacci\u00f3n","@id":"http:\/\/rednacionaldearte.com\/noticias\/#\/schema\/person\/489d635082b1de413434d2708a3e5b9b"},"headline":"El Festival de Videodanza de la CDMX cancela funciones de 21 de Septiembre a causa del sismo","datePublished":"2017-09-21T01:42:53+00:00","dateModified":"2018-09-20T04:04:56+00:00","mainEntityOfPage":{"@id":"http:\/\/rednacionaldearte.com\/noticias\/festival-videodanza-la-cdmx-cancela-funciones-21-septiembre-a-causa-del-sismo\/"},"wordCount":113,"publisher":{"@id":"http:\/\/rednacionaldearte.com\/noticias\/#organization"},"image":{"@id":"http:\/\/rednacionaldearte.com\/noticias\/festival-videodanza-la-cdmx-cancela-funciones-21-septiembre-a-causa-del-sismo\/#primaryimage"},"thumbnailUrl":"https:\/\/rednacionaldearte.com\/noticias\/wp-content\/uploads\/2017\/09\/21686331_1384129801707202_4743512916025303155_n.jpg","keywords":["Festival Internacional de Videodanza de la Ciudad de M\u00e9xico"],"articleSection":["Danza","Festivales","Otros","RNA"],"inLanguage":"es"},{"@type":"WebPage","@id":"http:\/\/rednacionaldearte.com\/noticias\/festival-videodanza-la-cdmx-cancela-funciones-21-septiembre-a-causa-del-sismo\/","url":"http:\/\/rednacionaldearte.com\/noticias\/festival-videodanza-la-cdmx-cancela-funciones-21-septiembre-a-causa-del-sismo\/","name":"El Festival de Videodanza de la CDMX cancela funciones de 21 de Septiembre a causa del sismo","isPartOf":{"@id":"http:\/\/rednacionaldearte.com\/noticias\/#website"},"primaryImageOfPage":{"@id":"http:\/\/rednacionaldearte.com\/noticias\/festival-videodanza-la-cdmx-cancela-funciones-21-septiembre-a-causa-del-sismo\/#primaryimage"},"image":{"@id":"http:\/\/rednacionaldearte.com\/noticias\/festival-videodanza-la-cdmx-cancela-funciones-21-septiembre-a-causa-del-sismo\/#primaryimage"},"thumbnailUrl":"https:\/\/rednacionaldearte.com\/noticias\/wp-content\/uploads\/2017\/09\/21686331_1384129801707202_4743512916025303155_n.jpg","datePublished":"2017-09-21T01:42:53+00:00","dateModified":"2018-09-20T04:04:56+00:00","breadcrumb":{"@id":"http:\/\/rednacionaldearte.com\/noticias\/festival-videodanza-la-cdmx-cancela-funciones-21-septiembre-a-causa-del-sismo\/#breadcrumb"},"inLanguage":"es","potentialAction":[{"@type":"ReadAction","target":["http:\/\/rednacionaldearte.com\/noticias\/festival-videodanza-la-cdmx-cancela-funciones-21-septiembre-a-causa-del-sismo\/"]}]},{"@type":"ImageObject","inLanguage":"es","@id":"http:\/\/rednacionaldearte.com\/noticias\/festival-videodanza-la-cdmx-cancela-funciones-21-septiembre-a-causa-del-sismo\/#primaryimage","url":"https:\/\/rednacionaldearte.com\/noticias\/wp-content\/uploads\/2017\/09\/21686331_1384129801707202_4743512916025303155_n.jpg","contentUrl":"https:\/\/rednacionaldearte.com\/noticias\/wp-content\/uploads\/2017\/09\/21686331_1384129801707202_4743512916025303155_n.jpg","width":822,"height":960},{"@type":"BreadcrumbList","@id":"http:\/\/rednacionaldearte.com\/noticias\/festival-videodanza-la-cdmx-cancela-funciones-21-septiembre-a-causa-del-sismo\/#breadcrumb","itemListElement":[{"@type":"ListItem","position":1,"name":"Home","item":"http:\/\/rednacionaldearte.com\/noticias\/"},{"@type":"ListItem","position":2,"name":"El Festival de Videodanza de la CDMX cancela funciones de 21 de Septiembre a causa del sismo"}]},{"@type":"WebSite","@id":"http:\/\/rednacionaldearte.com\/noticias\/#website","url":"http:\/\/rednacionaldearte.com\/noticias\/","name":"Red Nacional de Arte","description":"Cultura y Arte contempor\u00e1neo en M\u00e9xico","publisher":{"@id":"http:\/\/rednacionaldearte.com\/noticias\/#organization"},"potentialAction":[{"@type":"SearchAction","target":{"@type":"EntryPoint","urlTemplate":"http:\/\/rednacionaldearte.com\/noticias\/?s={search_term_string}"},"query-input":{"@type":"PropertyValueSpecification","valueRequired":true,"valueName":"search_term_string"}}],"inLanguage":"es"},{"@type":"Organization","@id":"http:\/\/rednacionaldearte.com\/noticias\/#organization","name":"Red Nacional de Arte","url":"http:\/\/rednacionaldearte.com\/noticias\/","logo":{"@type":"ImageObject","inLanguage":"es","@id":"http:\/\/rednacionaldearte.com\/noticias\/#\/schema\/logo\/image\/","url":"http:\/\/rednacionaldearte.com\/noticias\/wp-content\/uploads\/2016\/04\/logo.png","contentUrl":"http:\/\/rednacionaldearte.com\/noticias\/wp-content\/uploads\/2016\/04\/logo.png","width":575,"height":554,"caption":"Red Nacional de Arte"},"image":{"@id":"http:\/\/rednacionaldearte.com\/noticias\/#\/schema\/logo\/image\/"},"sameAs":["http:\/\/www.facebook.com\/rednacionaldearte\/","https:\/\/x.com\/rednacionalarte"]},{"@type":"Person","@id":"http:\/\/rednacionaldearte.com\/noticias\/#\/schema\/person\/489d635082b1de413434d2708a3e5b9b","name":"Redacci\u00f3n","image":{"@type":"ImageObject","inLanguage":"es","@id":"https:\/\/secure.gravatar.com\/avatar\/1d1c30eaee7c2f6cfa13fb8502cb06839106cdf371b9953d50e4b572d0bfa3c7?s=96&d=mm&r=g","url":"https:\/\/secure.gravatar.com\/avatar\/1d1c30eaee7c2f6cfa13fb8502cb06839106cdf371b9953d50e4b572d0bfa3c7?s=96&d=mm&r=g","contentUrl":"https:\/\/secure.gravatar.com\/avatar\/1d1c30eaee7c2f6cfa13fb8502cb06839106cdf371b9953d50e4b572d0bfa3c7?s=96&d=mm&r=g","caption":"Redacci\u00f3n"},"url":"https:\/\/rednacionaldearte.com\/noticias\/author\/adan\/"}]}},"amp_validity":null,"amp_enabled":true,"_links":{"self":[{"href":"https:\/\/rednacionaldearte.com\/noticias\/wp-json\/wp\/v2\/posts\/635","targetHints":{"allow":["GET"]}}],"collection":[{"href":"https:\/\/rednacionaldearte.com\/noticias\/wp-json\/wp\/v2\/posts"}],"about":[{"href":"https:\/\/rednacionaldearte.com\/noticias\/wp-json\/wp\/v2\/types\/post"}],"author":[{"embeddable":true,"href":"https:\/\/rednacionaldearte.com\/noticias\/wp-json\/wp\/v2\/users\/1"}],"replies":[{"embeddable":true,"href":"https:\/\/rednacionaldearte.com\/noticias\/wp-json\/wp\/v2\/comments?post=635"}],"version-history":[{"count":1,"href":"https:\/\/rednacionaldearte.com\/noticias\/wp-json\/wp\/v2\/posts\/635\/revisions"}],"predecessor-version":[{"id":637,"href":"https:\/\/rednacionaldearte.com\/noticias\/wp-json\/wp\/v2\/posts\/635\/revisions\/637"}],"wp:featuredmedia":[{"embeddable":true,"href":"https:\/\/rednacionaldearte.com\/noticias\/wp-json\/wp\/v2\/media\/636"}],"wp:attachment":[{"href":"https:\/\/rednacionaldearte.com\/noticias\/wp-json\/wp\/v2\/media?parent=635"}],"wp:term":[{"taxonomy":"category","embeddable":true,"href":"https:\/\/rednacionaldearte.com\/noticias\/wp-json\/wp\/v2\/categories?post=635"},{"taxonomy":"post_tag","embeddable":true,"href":"https:\/\/rednacionaldearte.com\/noticias\/wp-json\/wp\/v2\/tags?post=635"}],"curies":[{"name":"wp","href":"https:\/\/api.w.org\/{rel}","templated":true}]}}