{"id":642,"date":"2017-10-02T07:30:23","date_gmt":"2017-10-02T07:30:23","guid":{"rendered":"http:\/\/rednacionaldearte.com\/noticias\/?p=642"},"modified":"2017-10-02T07:30:23","modified_gmt":"2017-10-02T07:30:23","slug":"ciudades-realidades-convocatoria-extendida","status":"publish","type":"post","link":"https:\/\/rednacionaldearte.com\/noticias\/ciudades-realidades-convocatoria-extendida\/","title":{"rendered":"Ciudades y Realidades: Convocatoria Extendida"},"content":{"rendered":"<p><a href=\"http:\/\/rednacionaldearte.com\/noticias\/wp-content\/uploads\/2017\/10\/conv-extendida.jpg\"><img loading=\"lazy\" decoding=\"async\" class=\"aligncenter wp-image-643 size-large\" src=\"http:\/\/rednacionaldearte.com\/noticias\/wp-content\/uploads\/2017\/10\/conv-extendida-1024x985.jpg\" alt=\"\" width=\"640\" height=\"616\" srcset=\"https:\/\/rednacionaldearte.com\/noticias\/wp-content\/uploads\/2017\/10\/conv-extendida-1024x985.jpg 1024w, https:\/\/rednacionaldearte.com\/noticias\/wp-content\/uploads\/2017\/10\/conv-extendida-300x289.jpg 300w, https:\/\/rednacionaldearte.com\/noticias\/wp-content\/uploads\/2017\/10\/conv-extendida-768x739.jpg 768w, https:\/\/rednacionaldearte.com\/noticias\/wp-content\/uploads\/2017\/10\/conv-extendida.jpg 1200w\" sizes=\"auto, (max-width: 640px) 100vw, 640px\" \/><\/a><\/p>\n<p>&nbsp;<\/p>\n<p>La recepci\u00f3n de trabajos para la convocatoria de Fotograf\u00eda Urbana \u00abCiudades y Realidades\u00bb se ha extendido hasta el <strong>7 de Octubre<\/strong>.<\/p>\n<p>Los resultados se dar\u00e1n a conocer el <strong>9 de octubre<\/strong>.<\/p>\n<div class=\"column\"><\/div>\n<div class=\"page\" title=\"Page 1\">\n<div class=\"layoutArea\">\n<div class=\"column\">\n<p>La muestra tiene como objetivo reunir el trabajo de fot\u00f3grafos de M\u00e9xico y el mundo que aborden el concepto de \u201c<strong>fotograf\u00eda urbana<\/strong>\u201d bajo una visi\u00f3n propositiva y desde todo tipo de planteamientos y t\u00e9cnicas.<\/p>\n<p>Consulta la convocatoria:<\/p>\n<p><a href=\"http:\/\/rednacionaldearte.com\/docs\/convocatoria_ciudades_realidades_rna.pdf\">http:\/\/rednacionaldearte.com\/docs\/convocatoria_ciudades_realidades_rna.pdf<\/a><\/p>\n<\/div>\n<\/div>\n<\/div>\n<div class=\"apss-social-share apss-theme-4 clearfix\"><\/div>\n","protected":false},"excerpt":{"rendered":"<p>&nbsp; La recepci\u00f3n de trabajos para la convocatoria de Fotograf\u00eda Urbana \u00abCiudades y Realidades\u00bb se ha extendido hasta el 7 de Octubre. Los resultados se dar\u00e1n a conocer el 9 de octubre. La muestra tiene como objetivo reunir el trabajo de fot\u00f3grafos de M\u00e9xico y el mundo que aborden el concepto de \u201cfotograf\u00eda urbana\u201d bajo [&hellip;]<\/p>\n","protected":false},"author":1,"featured_media":643,"comment_status":"closed","ping_status":"open","sticky":false,"template":"","format":"standard","meta":{"footnotes":""},"categories":[59,24,119,2,41],"tags":[],"class_list":["post-642","post","type-post","status-publish","format-standard","has-post-thumbnail","hentry","category-artes-visuales","category-convocatorias","category-exposiciones","category-fotografia","category-rna"],"yoast_head":"<!-- This site is optimized with the Yoast SEO plugin v27.2 - https:\/\/yoast.com\/product\/yoast-seo-wordpress\/ -->\n<title>Ciudades y Realidades: Convocatoria Extendida - Red Nacional de Arte<\/title>\n<meta name=\"robots\" content=\"index, follow, max-snippet:-1, max-image-preview:large, max-video-preview:-1\" \/>\n<link rel=\"canonical\" href=\"https:\/\/rednacionaldearte.com\/noticias\/ciudades-realidades-convocatoria-extendida\/\" \/>\n<meta property=\"og:locale\" content=\"es_ES\" \/>\n<meta property=\"og:type\" content=\"article\" \/>\n<meta property=\"og:title\" content=\"Ciudades y Realidades: Convocatoria Extendida - Red Nacional de Arte\" \/>\n<meta property=\"og:description\" content=\"&nbsp; La recepci\u00f3n de trabajos para la convocatoria de Fotograf\u00eda Urbana \u00abCiudades y Realidades\u00bb se ha extendido hasta el 7 de Octubre. Los resultados se dar\u00e1n a conocer el 9 de octubre. La muestra tiene como objetivo reunir el trabajo de fot\u00f3grafos de M\u00e9xico y el mundo que aborden el concepto de \u201cfotograf\u00eda urbana\u201d bajo [&hellip;]\" \/>\n<meta property=\"og:url\" content=\"https:\/\/rednacionaldearte.com\/noticias\/ciudades-realidades-convocatoria-extendida\/\" \/>\n<meta property=\"og:site_name\" content=\"Red Nacional de Arte\" \/>\n<meta property=\"article:publisher\" content=\"http:\/\/www.facebook.com\/rednacionaldearte\/\" \/>\n<meta property=\"article:published_time\" content=\"2017-10-02T07:30:23+00:00\" \/>\n<meta property=\"og:image\" content=\"http:\/\/rednacionaldearte.com\/noticias\/wp-content\/uploads\/2017\/10\/conv-extendida.jpg\" \/>\n\t<meta property=\"og:image:width\" content=\"1200\" \/>\n\t<meta property=\"og:image:height\" content=\"1154\" \/>\n\t<meta property=\"og:image:type\" content=\"image\/jpeg\" \/>\n<meta name=\"author\" content=\"Redacci\u00f3n\" \/>\n<meta name=\"twitter:card\" content=\"summary_large_image\" \/>\n<meta name=\"twitter:creator\" content=\"@rednacionalarte\" \/>\n<meta name=\"twitter:site\" content=\"@rednacionalarte\" \/>\n<meta name=\"twitter:label1\" content=\"Escrito por\" \/>\n\t<meta name=\"twitter:data1\" content=\"Redacci\u00f3n\" \/>\n<script type=\"application\/ld+json\" class=\"yoast-schema-graph\">{\"@context\":\"https:\/\/schema.org\",\"@graph\":[{\"@type\":\"Article\",\"@id\":\"https:\/\/rednacionaldearte.com\/noticias\/ciudades-realidades-convocatoria-extendida\/#article\",\"isPartOf\":{\"@id\":\"https:\/\/rednacionaldearte.com\/noticias\/ciudades-realidades-convocatoria-extendida\/\"},\"author\":{\"name\":\"Redacci\u00f3n\",\"@id\":\"http:\/\/rednacionaldearte.com\/noticias\/#\/schema\/person\/489d635082b1de413434d2708a3e5b9b\"},\"headline\":\"Ciudades y Realidades: Convocatoria Extendida\",\"datePublished\":\"2017-10-02T07:30:23+00:00\",\"mainEntityOfPage\":{\"@id\":\"https:\/\/rednacionaldearte.com\/noticias\/ciudades-realidades-convocatoria-extendida\/\"},\"wordCount\":89,\"publisher\":{\"@id\":\"http:\/\/rednacionaldearte.com\/noticias\/#organization\"},\"image\":{\"@id\":\"https:\/\/rednacionaldearte.com\/noticias\/ciudades-realidades-convocatoria-extendida\/#primaryimage\"},\"thumbnailUrl\":\"https:\/\/rednacionaldearte.com\/noticias\/wp-content\/uploads\/2017\/10\/conv-extendida.jpg\",\"articleSection\":[\"Artes Visuales\",\"Convocatorias\",\"Exposiciones\",\"Fotograf\u00eda\",\"RNA\"],\"inLanguage\":\"es\"},{\"@type\":\"WebPage\",\"@id\":\"https:\/\/rednacionaldearte.com\/noticias\/ciudades-realidades-convocatoria-extendida\/\",\"url\":\"https:\/\/rednacionaldearte.com\/noticias\/ciudades-realidades-convocatoria-extendida\/\",\"name\":\"Ciudades y Realidades: Convocatoria Extendida - Red Nacional de Arte\",\"isPartOf\":{\"@id\":\"http:\/\/rednacionaldearte.com\/noticias\/#website\"},\"primaryImageOfPage\":{\"@id\":\"https:\/\/rednacionaldearte.com\/noticias\/ciudades-realidades-convocatoria-extendida\/#primaryimage\"},\"image\":{\"@id\":\"https:\/\/rednacionaldearte.com\/noticias\/ciudades-realidades-convocatoria-extendida\/#primaryimage\"},\"thumbnailUrl\":\"https:\/\/rednacionaldearte.com\/noticias\/wp-content\/uploads\/2017\/10\/conv-extendida.jpg\",\"datePublished\":\"2017-10-02T07:30:23+00:00\",\"breadcrumb\":{\"@id\":\"https:\/\/rednacionaldearte.com\/noticias\/ciudades-realidades-convocatoria-extendida\/#breadcrumb\"},\"inLanguage\":\"es\",\"potentialAction\":[{\"@type\":\"ReadAction\",\"target\":[\"https:\/\/rednacionaldearte.com\/noticias\/ciudades-realidades-convocatoria-extendida\/\"]}]},{\"@type\":\"ImageObject\",\"inLanguage\":\"es\",\"@id\":\"https:\/\/rednacionaldearte.com\/noticias\/ciudades-realidades-convocatoria-extendida\/#primaryimage\",\"url\":\"https:\/\/rednacionaldearte.com\/noticias\/wp-content\/uploads\/2017\/10\/conv-extendida.jpg\",\"contentUrl\":\"https:\/\/rednacionaldearte.com\/noticias\/wp-content\/uploads\/2017\/10\/conv-extendida.jpg\",\"width\":1200,\"height\":1154},{\"@type\":\"BreadcrumbList\",\"@id\":\"https:\/\/rednacionaldearte.com\/noticias\/ciudades-realidades-convocatoria-extendida\/#breadcrumb\",\"itemListElement\":[{\"@type\":\"ListItem\",\"position\":1,\"name\":\"Home\",\"item\":\"http:\/\/rednacionaldearte.com\/noticias\/\"},{\"@type\":\"ListItem\",\"position\":2,\"name\":\"Ciudades y Realidades: Convocatoria Extendida\"}]},{\"@type\":\"WebSite\",\"@id\":\"http:\/\/rednacionaldearte.com\/noticias\/#website\",\"url\":\"http:\/\/rednacionaldearte.com\/noticias\/\",\"name\":\"Red Nacional de Arte\",\"description\":\"Cultura y Arte contempor\u00e1neo en M\u00e9xico\",\"publisher\":{\"@id\":\"http:\/\/rednacionaldearte.com\/noticias\/#organization\"},\"potentialAction\":[{\"@type\":\"SearchAction\",\"target\":{\"@type\":\"EntryPoint\",\"urlTemplate\":\"http:\/\/rednacionaldearte.com\/noticias\/?s={search_term_string}\"},\"query-input\":{\"@type\":\"PropertyValueSpecification\",\"valueRequired\":true,\"valueName\":\"search_term_string\"}}],\"inLanguage\":\"es\"},{\"@type\":\"Organization\",\"@id\":\"http:\/\/rednacionaldearte.com\/noticias\/#organization\",\"name\":\"Red Nacional de Arte\",\"url\":\"http:\/\/rednacionaldearte.com\/noticias\/\",\"logo\":{\"@type\":\"ImageObject\",\"inLanguage\":\"es\",\"@id\":\"http:\/\/rednacionaldearte.com\/noticias\/#\/schema\/logo\/image\/\",\"url\":\"http:\/\/rednacionaldearte.com\/noticias\/wp-content\/uploads\/2016\/04\/logo.png\",\"contentUrl\":\"http:\/\/rednacionaldearte.com\/noticias\/wp-content\/uploads\/2016\/04\/logo.png\",\"width\":575,\"height\":554,\"caption\":\"Red Nacional de Arte\"},\"image\":{\"@id\":\"http:\/\/rednacionaldearte.com\/noticias\/#\/schema\/logo\/image\/\"},\"sameAs\":[\"http:\/\/www.facebook.com\/rednacionaldearte\/\",\"https:\/\/x.com\/rednacionalarte\"]},{\"@type\":\"Person\",\"@id\":\"http:\/\/rednacionaldearte.com\/noticias\/#\/schema\/person\/489d635082b1de413434d2708a3e5b9b\",\"name\":\"Redacci\u00f3n\",\"image\":{\"@type\":\"ImageObject\",\"inLanguage\":\"es\",\"@id\":\"https:\/\/secure.gravatar.com\/avatar\/1d1c30eaee7c2f6cfa13fb8502cb06839106cdf371b9953d50e4b572d0bfa3c7?s=96&d=mm&r=g\",\"url\":\"https:\/\/secure.gravatar.com\/avatar\/1d1c30eaee7c2f6cfa13fb8502cb06839106cdf371b9953d50e4b572d0bfa3c7?s=96&d=mm&r=g\",\"contentUrl\":\"https:\/\/secure.gravatar.com\/avatar\/1d1c30eaee7c2f6cfa13fb8502cb06839106cdf371b9953d50e4b572d0bfa3c7?s=96&d=mm&r=g\",\"caption\":\"Redacci\u00f3n\"},\"url\":\"https:\/\/rednacionaldearte.com\/noticias\/author\/adan\/\"}]}<\/script>\n<!-- \/ Yoast SEO plugin. -->","yoast_head_json":{"title":"Ciudades y Realidades: Convocatoria Extendida - Red Nacional de Arte","robots":{"index":"index","follow":"follow","max-snippet":"max-snippet:-1","max-image-preview":"max-image-preview:large","max-video-preview":"max-video-preview:-1"},"canonical":"https:\/\/rednacionaldearte.com\/noticias\/ciudades-realidades-convocatoria-extendida\/","og_locale":"es_ES","og_type":"article","og_title":"Ciudades y Realidades: Convocatoria Extendida - Red Nacional de Arte","og_description":"&nbsp; La recepci\u00f3n de trabajos para la convocatoria de Fotograf\u00eda Urbana \u00abCiudades y Realidades\u00bb se ha extendido hasta el 7 de Octubre. Los resultados se dar\u00e1n a conocer el 9 de octubre. La muestra tiene como objetivo reunir el trabajo de fot\u00f3grafos de M\u00e9xico y el mundo que aborden el concepto de \u201cfotograf\u00eda urbana\u201d bajo [&hellip;]","og_url":"https:\/\/rednacionaldearte.com\/noticias\/ciudades-realidades-convocatoria-extendida\/","og_site_name":"Red Nacional de Arte","article_publisher":"http:\/\/www.facebook.com\/rednacionaldearte\/","article_published_time":"2017-10-02T07:30:23+00:00","og_image":[{"width":1200,"height":1154,"url":"http:\/\/rednacionaldearte.com\/noticias\/wp-content\/uploads\/2017\/10\/conv-extendida.jpg","type":"image\/jpeg"}],"author":"Redacci\u00f3n","twitter_card":"summary_large_image","twitter_creator":"@rednacionalarte","twitter_site":"@rednacionalarte","twitter_misc":{"Escrito por":"Redacci\u00f3n"},"schema":{"@context":"https:\/\/schema.org","@graph":[{"@type":"Article","@id":"https:\/\/rednacionaldearte.com\/noticias\/ciudades-realidades-convocatoria-extendida\/#article","isPartOf":{"@id":"https:\/\/rednacionaldearte.com\/noticias\/ciudades-realidades-convocatoria-extendida\/"},"author":{"name":"Redacci\u00f3n","@id":"http:\/\/rednacionaldearte.com\/noticias\/#\/schema\/person\/489d635082b1de413434d2708a3e5b9b"},"headline":"Ciudades y Realidades: Convocatoria Extendida","datePublished":"2017-10-02T07:30:23+00:00","mainEntityOfPage":{"@id":"https:\/\/rednacionaldearte.com\/noticias\/ciudades-realidades-convocatoria-extendida\/"},"wordCount":89,"publisher":{"@id":"http:\/\/rednacionaldearte.com\/noticias\/#organization"},"image":{"@id":"https:\/\/rednacionaldearte.com\/noticias\/ciudades-realidades-convocatoria-extendida\/#primaryimage"},"thumbnailUrl":"https:\/\/rednacionaldearte.com\/noticias\/wp-content\/uploads\/2017\/10\/conv-extendida.jpg","articleSection":["Artes Visuales","Convocatorias","Exposiciones","Fotograf\u00eda","RNA"],"inLanguage":"es"},{"@type":"WebPage","@id":"https:\/\/rednacionaldearte.com\/noticias\/ciudades-realidades-convocatoria-extendida\/","url":"https:\/\/rednacionaldearte.com\/noticias\/ciudades-realidades-convocatoria-extendida\/","name":"Ciudades y Realidades: Convocatoria Extendida - Red Nacional de Arte","isPartOf":{"@id":"http:\/\/rednacionaldearte.com\/noticias\/#website"},"primaryImageOfPage":{"@id":"https:\/\/rednacionaldearte.com\/noticias\/ciudades-realidades-convocatoria-extendida\/#primaryimage"},"image":{"@id":"https:\/\/rednacionaldearte.com\/noticias\/ciudades-realidades-convocatoria-extendida\/#primaryimage"},"thumbnailUrl":"https:\/\/rednacionaldearte.com\/noticias\/wp-content\/uploads\/2017\/10\/conv-extendida.jpg","datePublished":"2017-10-02T07:30:23+00:00","breadcrumb":{"@id":"https:\/\/rednacionaldearte.com\/noticias\/ciudades-realidades-convocatoria-extendida\/#breadcrumb"},"inLanguage":"es","potentialAction":[{"@type":"ReadAction","target":["https:\/\/rednacionaldearte.com\/noticias\/ciudades-realidades-convocatoria-extendida\/"]}]},{"@type":"ImageObject","inLanguage":"es","@id":"https:\/\/rednacionaldearte.com\/noticias\/ciudades-realidades-convocatoria-extendida\/#primaryimage","url":"https:\/\/rednacionaldearte.com\/noticias\/wp-content\/uploads\/2017\/10\/conv-extendida.jpg","contentUrl":"https:\/\/rednacionaldearte.com\/noticias\/wp-content\/uploads\/2017\/10\/conv-extendida.jpg","width":1200,"height":1154},{"@type":"BreadcrumbList","@id":"https:\/\/rednacionaldearte.com\/noticias\/ciudades-realidades-convocatoria-extendida\/#breadcrumb","itemListElement":[{"@type":"ListItem","position":1,"name":"Home","item":"http:\/\/rednacionaldearte.com\/noticias\/"},{"@type":"ListItem","position":2,"name":"Ciudades y Realidades: Convocatoria Extendida"}]},{"@type":"WebSite","@id":"http:\/\/rednacionaldearte.com\/noticias\/#website","url":"http:\/\/rednacionaldearte.com\/noticias\/","name":"Red Nacional de Arte","description":"Cultura y Arte contempor\u00e1neo en M\u00e9xico","publisher":{"@id":"http:\/\/rednacionaldearte.com\/noticias\/#organization"},"potentialAction":[{"@type":"SearchAction","target":{"@type":"EntryPoint","urlTemplate":"http:\/\/rednacionaldearte.com\/noticias\/?s={search_term_string}"},"query-input":{"@type":"PropertyValueSpecification","valueRequired":true,"valueName":"search_term_string"}}],"inLanguage":"es"},{"@type":"Organization","@id":"http:\/\/rednacionaldearte.com\/noticias\/#organization","name":"Red Nacional de Arte","url":"http:\/\/rednacionaldearte.com\/noticias\/","logo":{"@type":"ImageObject","inLanguage":"es","@id":"http:\/\/rednacionaldearte.com\/noticias\/#\/schema\/logo\/image\/","url":"http:\/\/rednacionaldearte.com\/noticias\/wp-content\/uploads\/2016\/04\/logo.png","contentUrl":"http:\/\/rednacionaldearte.com\/noticias\/wp-content\/uploads\/2016\/04\/logo.png","width":575,"height":554,"caption":"Red Nacional de Arte"},"image":{"@id":"http:\/\/rednacionaldearte.com\/noticias\/#\/schema\/logo\/image\/"},"sameAs":["http:\/\/www.facebook.com\/rednacionaldearte\/","https:\/\/x.com\/rednacionalarte"]},{"@type":"Person","@id":"http:\/\/rednacionaldearte.com\/noticias\/#\/schema\/person\/489d635082b1de413434d2708a3e5b9b","name":"Redacci\u00f3n","image":{"@type":"ImageObject","inLanguage":"es","@id":"https:\/\/secure.gravatar.com\/avatar\/1d1c30eaee7c2f6cfa13fb8502cb06839106cdf371b9953d50e4b572d0bfa3c7?s=96&d=mm&r=g","url":"https:\/\/secure.gravatar.com\/avatar\/1d1c30eaee7c2f6cfa13fb8502cb06839106cdf371b9953d50e4b572d0bfa3c7?s=96&d=mm&r=g","contentUrl":"https:\/\/secure.gravatar.com\/avatar\/1d1c30eaee7c2f6cfa13fb8502cb06839106cdf371b9953d50e4b572d0bfa3c7?s=96&d=mm&r=g","caption":"Redacci\u00f3n"},"url":"https:\/\/rednacionaldearte.com\/noticias\/author\/adan\/"}]}},"amp_validity":null,"amp_enabled":true,"_links":{"self":[{"href":"https:\/\/rednacionaldearte.com\/noticias\/wp-json\/wp\/v2\/posts\/642","targetHints":{"allow":["GET"]}}],"collection":[{"href":"https:\/\/rednacionaldearte.com\/noticias\/wp-json\/wp\/v2\/posts"}],"about":[{"href":"https:\/\/rednacionaldearte.com\/noticias\/wp-json\/wp\/v2\/types\/post"}],"author":[{"embeddable":true,"href":"https:\/\/rednacionaldearte.com\/noticias\/wp-json\/wp\/v2\/users\/1"}],"replies":[{"embeddable":true,"href":"https:\/\/rednacionaldearte.com\/noticias\/wp-json\/wp\/v2\/comments?post=642"}],"version-history":[{"count":1,"href":"https:\/\/rednacionaldearte.com\/noticias\/wp-json\/wp\/v2\/posts\/642\/revisions"}],"predecessor-version":[{"id":644,"href":"https:\/\/rednacionaldearte.com\/noticias\/wp-json\/wp\/v2\/posts\/642\/revisions\/644"}],"wp:featuredmedia":[{"embeddable":true,"href":"https:\/\/rednacionaldearte.com\/noticias\/wp-json\/wp\/v2\/media\/643"}],"wp:attachment":[{"href":"https:\/\/rednacionaldearte.com\/noticias\/wp-json\/wp\/v2\/media?parent=642"}],"wp:term":[{"taxonomy":"category","embeddable":true,"href":"https:\/\/rednacionaldearte.com\/noticias\/wp-json\/wp\/v2\/categories?post=642"},{"taxonomy":"post_tag","embeddable":true,"href":"https:\/\/rednacionaldearte.com\/noticias\/wp-json\/wp\/v2\/tags?post=642"}],"curies":[{"name":"wp","href":"https:\/\/api.w.org\/{rel}","templated":true}]}}