{"id":651,"date":"2017-10-25T09:18:21","date_gmt":"2017-10-25T09:18:21","guid":{"rendered":"http:\/\/rednacionaldearte.com\/noticias\/?p=651"},"modified":"2018-09-20T04:05:10","modified_gmt":"2018-09-20T04:05:10","slug":"3-festival-internacional-videodanza-la-cdmx-convocatoria","status":"publish","type":"post","link":"https:\/\/rednacionaldearte.com\/noticias\/3-festival-internacional-videodanza-la-cdmx-convocatoria\/","title":{"rendered":"3 Festival Internacional de Videodanza de la CDMX: Convocatoria"},"content":{"rendered":"<p><a href=\"http:\/\/rednacionaldearte.com\/noticias\/wp-content\/uploads\/2017\/10\/header.jpg\"><img loading=\"lazy\" decoding=\"async\" class=\"aligncenter wp-image-652 size-large\" src=\"http:\/\/rednacionaldearte.com\/noticias\/wp-content\/uploads\/2017\/10\/header-1024x652.jpg\" alt=\"Festival de Videodanza CDMX\" width=\"640\" height=\"408\" srcset=\"https:\/\/rednacionaldearte.com\/noticias\/wp-content\/uploads\/2017\/10\/header-1024x652.jpg 1024w, https:\/\/rednacionaldearte.com\/noticias\/wp-content\/uploads\/2017\/10\/header-300x191.jpg 300w, https:\/\/rednacionaldearte.com\/noticias\/wp-content\/uploads\/2017\/10\/header-768x489.jpg 768w, https:\/\/rednacionaldearte.com\/noticias\/wp-content\/uploads\/2017\/10\/header-100x65.jpg 100w\" sizes=\"auto, (max-width: 640px) 100vw, 640px\" \/><\/a><\/p>\n<p>El Festival Internacional de Videodanza de la Ciudad de M\u00e9xico se complace en hacer p\u00fablica su nueva imagen y la convocatoria para su tercera edici\u00f3n a realizarse del 20 al 23 de septiembre\u00a0de 2018.<\/p>\n<div id=\"advertisment_abm\">La convocatoria, al igual que en a\u00f1os pasados, contempla dos secciones competitivas: videodanza mexicana e internacional. Adem\u00e1s, para esta tercera edici\u00f3n se aceptar\u00e1n videodanzas en formato de Realidad Virtual.<\/div>\n<div><\/div>\n<div>La convocatoria puede consultarse en la p\u00e1gina web oficial del festival:\u00a0<a href=\"http:\/\/videodanza.rednacionaldearte.com\/\">http:\/\/videodanza.rednacionaldearte.com<\/a>.<\/div>\n","protected":false},"excerpt":{"rendered":"<p>El Festival Internacional de Videodanza de la Ciudad de M\u00e9xico se complace en hacer p\u00fablica su nueva imagen y la convocatoria para su tercera edici\u00f3n a realizarse del 20 al 23 de septiembre\u00a0de 2018. La convocatoria, al igual que en a\u00f1os pasados, contempla dos secciones competitivas: videodanza mexicana e internacional. Adem\u00e1s, para esta tercera edici\u00f3n [&hellip;]<\/p>\n","protected":false},"author":1,"featured_media":652,"comment_status":"closed","ping_status":"open","sticky":false,"template":"","format":"standard","meta":{"footnotes":""},"categories":[24,58,93,41],"tags":[135],"class_list":["post-651","post","type-post","status-publish","format-standard","has-post-thumbnail","hentry","category-convocatorias","category-danza","category-festivales","category-rna","tag-festival-de-videodanza-de-la-ciudad-de-mexico"],"yoast_head":"<!-- This site is optimized with the Yoast SEO plugin v27.2 - https:\/\/yoast.com\/product\/yoast-seo-wordpress\/ -->\n<title>3 Festival Internacional de Videodanza de la CDMX: Convocatoria - Red Nacional de Arte<\/title>\n<meta name=\"robots\" content=\"index, follow, max-snippet:-1, max-image-preview:large, max-video-preview:-1\" \/>\n<link rel=\"canonical\" href=\"http:\/\/rednacionaldearte.com\/noticias\/3-festival-internacional-videodanza-la-cdmx-convocatoria\/\" \/>\n<meta property=\"og:locale\" content=\"es_ES\" \/>\n<meta property=\"og:type\" content=\"article\" \/>\n<meta property=\"og:title\" content=\"3 Festival Internacional de Videodanza de la CDMX: Convocatoria - Red Nacional de Arte\" \/>\n<meta property=\"og:description\" content=\"El Festival Internacional de Videodanza de la Ciudad de M\u00e9xico se complace en hacer p\u00fablica su nueva imagen y la convocatoria para su tercera edici\u00f3n a realizarse del 20 al 23 de septiembre\u00a0de 2018. La convocatoria, al igual que en a\u00f1os pasados, contempla dos secciones competitivas: videodanza mexicana e internacional. Adem\u00e1s, para esta tercera edici\u00f3n [&hellip;]\" \/>\n<meta property=\"og:url\" content=\"http:\/\/rednacionaldearte.com\/noticias\/3-festival-internacional-videodanza-la-cdmx-convocatoria\/\" \/>\n<meta property=\"og:site_name\" content=\"Red Nacional de Arte\" \/>\n<meta property=\"article:publisher\" content=\"http:\/\/www.facebook.com\/rednacionaldearte\/\" \/>\n<meta property=\"article:published_time\" content=\"2017-10-25T09:18:21+00:00\" \/>\n<meta property=\"article:modified_time\" content=\"2018-09-20T04:05:10+00:00\" \/>\n<meta property=\"og:image\" content=\"http:\/\/rednacionaldearte.com\/noticias\/wp-content\/uploads\/2017\/10\/header.jpg\" \/>\n\t<meta property=\"og:image:width\" content=\"4000\" \/>\n\t<meta property=\"og:image:height\" content=\"2548\" \/>\n\t<meta property=\"og:image:type\" content=\"image\/jpeg\" \/>\n<meta name=\"author\" content=\"Redacci\u00f3n\" \/>\n<meta name=\"twitter:card\" content=\"summary_large_image\" \/>\n<meta name=\"twitter:creator\" content=\"@rednacionalarte\" \/>\n<meta name=\"twitter:site\" content=\"@rednacionalarte\" \/>\n<meta name=\"twitter:label1\" content=\"Escrito por\" \/>\n\t<meta name=\"twitter:data1\" content=\"Redacci\u00f3n\" \/>\n<script type=\"application\/ld+json\" class=\"yoast-schema-graph\">{\"@context\":\"https:\/\/schema.org\",\"@graph\":[{\"@type\":\"Article\",\"@id\":\"http:\/\/rednacionaldearte.com\/noticias\/3-festival-internacional-videodanza-la-cdmx-convocatoria\/#article\",\"isPartOf\":{\"@id\":\"http:\/\/rednacionaldearte.com\/noticias\/3-festival-internacional-videodanza-la-cdmx-convocatoria\/\"},\"author\":{\"name\":\"Redacci\u00f3n\",\"@id\":\"http:\/\/rednacionaldearte.com\/noticias\/#\/schema\/person\/489d635082b1de413434d2708a3e5b9b\"},\"headline\":\"3 Festival Internacional de Videodanza de la CDMX: Convocatoria\",\"datePublished\":\"2017-10-25T09:18:21+00:00\",\"dateModified\":\"2018-09-20T04:05:10+00:00\",\"mainEntityOfPage\":{\"@id\":\"http:\/\/rednacionaldearte.com\/noticias\/3-festival-internacional-videodanza-la-cdmx-convocatoria\/\"},\"wordCount\":92,\"publisher\":{\"@id\":\"http:\/\/rednacionaldearte.com\/noticias\/#organization\"},\"image\":{\"@id\":\"http:\/\/rednacionaldearte.com\/noticias\/3-festival-internacional-videodanza-la-cdmx-convocatoria\/#primaryimage\"},\"thumbnailUrl\":\"https:\/\/rednacionaldearte.com\/noticias\/wp-content\/uploads\/2017\/10\/header.jpg\",\"keywords\":[\"Festival de Videodanza de la Ciudad de M\u00e9xico\"],\"articleSection\":[\"Convocatorias\",\"Danza\",\"Festivales\",\"RNA\"],\"inLanguage\":\"es\"},{\"@type\":\"WebPage\",\"@id\":\"http:\/\/rednacionaldearte.com\/noticias\/3-festival-internacional-videodanza-la-cdmx-convocatoria\/\",\"url\":\"http:\/\/rednacionaldearte.com\/noticias\/3-festival-internacional-videodanza-la-cdmx-convocatoria\/\",\"name\":\"3 Festival Internacional de Videodanza de la CDMX: Convocatoria - Red Nacional de Arte\",\"isPartOf\":{\"@id\":\"http:\/\/rednacionaldearte.com\/noticias\/#website\"},\"primaryImageOfPage\":{\"@id\":\"http:\/\/rednacionaldearte.com\/noticias\/3-festival-internacional-videodanza-la-cdmx-convocatoria\/#primaryimage\"},\"image\":{\"@id\":\"http:\/\/rednacionaldearte.com\/noticias\/3-festival-internacional-videodanza-la-cdmx-convocatoria\/#primaryimage\"},\"thumbnailUrl\":\"https:\/\/rednacionaldearte.com\/noticias\/wp-content\/uploads\/2017\/10\/header.jpg\",\"datePublished\":\"2017-10-25T09:18:21+00:00\",\"dateModified\":\"2018-09-20T04:05:10+00:00\",\"breadcrumb\":{\"@id\":\"http:\/\/rednacionaldearte.com\/noticias\/3-festival-internacional-videodanza-la-cdmx-convocatoria\/#breadcrumb\"},\"inLanguage\":\"es\",\"potentialAction\":[{\"@type\":\"ReadAction\",\"target\":[\"http:\/\/rednacionaldearte.com\/noticias\/3-festival-internacional-videodanza-la-cdmx-convocatoria\/\"]}]},{\"@type\":\"ImageObject\",\"inLanguage\":\"es\",\"@id\":\"http:\/\/rednacionaldearte.com\/noticias\/3-festival-internacional-videodanza-la-cdmx-convocatoria\/#primaryimage\",\"url\":\"https:\/\/rednacionaldearte.com\/noticias\/wp-content\/uploads\/2017\/10\/header.jpg\",\"contentUrl\":\"https:\/\/rednacionaldearte.com\/noticias\/wp-content\/uploads\/2017\/10\/header.jpg\",\"width\":4000,\"height\":2548,\"caption\":\"Festival de Videodanza CDMX\"},{\"@type\":\"BreadcrumbList\",\"@id\":\"http:\/\/rednacionaldearte.com\/noticias\/3-festival-internacional-videodanza-la-cdmx-convocatoria\/#breadcrumb\",\"itemListElement\":[{\"@type\":\"ListItem\",\"position\":1,\"name\":\"Home\",\"item\":\"http:\/\/rednacionaldearte.com\/noticias\/\"},{\"@type\":\"ListItem\",\"position\":2,\"name\":\"3 Festival Internacional de Videodanza de la CDMX: Convocatoria\"}]},{\"@type\":\"WebSite\",\"@id\":\"http:\/\/rednacionaldearte.com\/noticias\/#website\",\"url\":\"http:\/\/rednacionaldearte.com\/noticias\/\",\"name\":\"Red Nacional de Arte\",\"description\":\"Cultura y Arte contempor\u00e1neo en M\u00e9xico\",\"publisher\":{\"@id\":\"http:\/\/rednacionaldearte.com\/noticias\/#organization\"},\"potentialAction\":[{\"@type\":\"SearchAction\",\"target\":{\"@type\":\"EntryPoint\",\"urlTemplate\":\"http:\/\/rednacionaldearte.com\/noticias\/?s={search_term_string}\"},\"query-input\":{\"@type\":\"PropertyValueSpecification\",\"valueRequired\":true,\"valueName\":\"search_term_string\"}}],\"inLanguage\":\"es\"},{\"@type\":\"Organization\",\"@id\":\"http:\/\/rednacionaldearte.com\/noticias\/#organization\",\"name\":\"Red Nacional de Arte\",\"url\":\"http:\/\/rednacionaldearte.com\/noticias\/\",\"logo\":{\"@type\":\"ImageObject\",\"inLanguage\":\"es\",\"@id\":\"http:\/\/rednacionaldearte.com\/noticias\/#\/schema\/logo\/image\/\",\"url\":\"http:\/\/rednacionaldearte.com\/noticias\/wp-content\/uploads\/2016\/04\/logo.png\",\"contentUrl\":\"http:\/\/rednacionaldearte.com\/noticias\/wp-content\/uploads\/2016\/04\/logo.png\",\"width\":575,\"height\":554,\"caption\":\"Red Nacional de Arte\"},\"image\":{\"@id\":\"http:\/\/rednacionaldearte.com\/noticias\/#\/schema\/logo\/image\/\"},\"sameAs\":[\"http:\/\/www.facebook.com\/rednacionaldearte\/\",\"https:\/\/x.com\/rednacionalarte\"]},{\"@type\":\"Person\",\"@id\":\"http:\/\/rednacionaldearte.com\/noticias\/#\/schema\/person\/489d635082b1de413434d2708a3e5b9b\",\"name\":\"Redacci\u00f3n\",\"image\":{\"@type\":\"ImageObject\",\"inLanguage\":\"es\",\"@id\":\"https:\/\/secure.gravatar.com\/avatar\/1d1c30eaee7c2f6cfa13fb8502cb06839106cdf371b9953d50e4b572d0bfa3c7?s=96&d=mm&r=g\",\"url\":\"https:\/\/secure.gravatar.com\/avatar\/1d1c30eaee7c2f6cfa13fb8502cb06839106cdf371b9953d50e4b572d0bfa3c7?s=96&d=mm&r=g\",\"contentUrl\":\"https:\/\/secure.gravatar.com\/avatar\/1d1c30eaee7c2f6cfa13fb8502cb06839106cdf371b9953d50e4b572d0bfa3c7?s=96&d=mm&r=g\",\"caption\":\"Redacci\u00f3n\"},\"url\":\"https:\/\/rednacionaldearte.com\/noticias\/author\/adan\/\"}]}<\/script>\n<!-- \/ Yoast SEO plugin. -->","yoast_head_json":{"title":"3 Festival Internacional de Videodanza de la CDMX: Convocatoria - Red Nacional de Arte","robots":{"index":"index","follow":"follow","max-snippet":"max-snippet:-1","max-image-preview":"max-image-preview:large","max-video-preview":"max-video-preview:-1"},"canonical":"http:\/\/rednacionaldearte.com\/noticias\/3-festival-internacional-videodanza-la-cdmx-convocatoria\/","og_locale":"es_ES","og_type":"article","og_title":"3 Festival Internacional de Videodanza de la CDMX: Convocatoria - Red Nacional de Arte","og_description":"El Festival Internacional de Videodanza de la Ciudad de M\u00e9xico se complace en hacer p\u00fablica su nueva imagen y la convocatoria para su tercera edici\u00f3n a realizarse del 20 al 23 de septiembre\u00a0de 2018. La convocatoria, al igual que en a\u00f1os pasados, contempla dos secciones competitivas: videodanza mexicana e internacional. Adem\u00e1s, para esta tercera edici\u00f3n [&hellip;]","og_url":"http:\/\/rednacionaldearte.com\/noticias\/3-festival-internacional-videodanza-la-cdmx-convocatoria\/","og_site_name":"Red Nacional de Arte","article_publisher":"http:\/\/www.facebook.com\/rednacionaldearte\/","article_published_time":"2017-10-25T09:18:21+00:00","article_modified_time":"2018-09-20T04:05:10+00:00","og_image":[{"width":4000,"height":2548,"url":"http:\/\/rednacionaldearte.com\/noticias\/wp-content\/uploads\/2017\/10\/header.jpg","type":"image\/jpeg"}],"author":"Redacci\u00f3n","twitter_card":"summary_large_image","twitter_creator":"@rednacionalarte","twitter_site":"@rednacionalarte","twitter_misc":{"Escrito por":"Redacci\u00f3n"},"schema":{"@context":"https:\/\/schema.org","@graph":[{"@type":"Article","@id":"http:\/\/rednacionaldearte.com\/noticias\/3-festival-internacional-videodanza-la-cdmx-convocatoria\/#article","isPartOf":{"@id":"http:\/\/rednacionaldearte.com\/noticias\/3-festival-internacional-videodanza-la-cdmx-convocatoria\/"},"author":{"name":"Redacci\u00f3n","@id":"http:\/\/rednacionaldearte.com\/noticias\/#\/schema\/person\/489d635082b1de413434d2708a3e5b9b"},"headline":"3 Festival Internacional de Videodanza de la CDMX: Convocatoria","datePublished":"2017-10-25T09:18:21+00:00","dateModified":"2018-09-20T04:05:10+00:00","mainEntityOfPage":{"@id":"http:\/\/rednacionaldearte.com\/noticias\/3-festival-internacional-videodanza-la-cdmx-convocatoria\/"},"wordCount":92,"publisher":{"@id":"http:\/\/rednacionaldearte.com\/noticias\/#organization"},"image":{"@id":"http:\/\/rednacionaldearte.com\/noticias\/3-festival-internacional-videodanza-la-cdmx-convocatoria\/#primaryimage"},"thumbnailUrl":"https:\/\/rednacionaldearte.com\/noticias\/wp-content\/uploads\/2017\/10\/header.jpg","keywords":["Festival de Videodanza de la Ciudad de M\u00e9xico"],"articleSection":["Convocatorias","Danza","Festivales","RNA"],"inLanguage":"es"},{"@type":"WebPage","@id":"http:\/\/rednacionaldearte.com\/noticias\/3-festival-internacional-videodanza-la-cdmx-convocatoria\/","url":"http:\/\/rednacionaldearte.com\/noticias\/3-festival-internacional-videodanza-la-cdmx-convocatoria\/","name":"3 Festival Internacional de Videodanza de la CDMX: Convocatoria - Red Nacional de Arte","isPartOf":{"@id":"http:\/\/rednacionaldearte.com\/noticias\/#website"},"primaryImageOfPage":{"@id":"http:\/\/rednacionaldearte.com\/noticias\/3-festival-internacional-videodanza-la-cdmx-convocatoria\/#primaryimage"},"image":{"@id":"http:\/\/rednacionaldearte.com\/noticias\/3-festival-internacional-videodanza-la-cdmx-convocatoria\/#primaryimage"},"thumbnailUrl":"https:\/\/rednacionaldearte.com\/noticias\/wp-content\/uploads\/2017\/10\/header.jpg","datePublished":"2017-10-25T09:18:21+00:00","dateModified":"2018-09-20T04:05:10+00:00","breadcrumb":{"@id":"http:\/\/rednacionaldearte.com\/noticias\/3-festival-internacional-videodanza-la-cdmx-convocatoria\/#breadcrumb"},"inLanguage":"es","potentialAction":[{"@type":"ReadAction","target":["http:\/\/rednacionaldearte.com\/noticias\/3-festival-internacional-videodanza-la-cdmx-convocatoria\/"]}]},{"@type":"ImageObject","inLanguage":"es","@id":"http:\/\/rednacionaldearte.com\/noticias\/3-festival-internacional-videodanza-la-cdmx-convocatoria\/#primaryimage","url":"https:\/\/rednacionaldearte.com\/noticias\/wp-content\/uploads\/2017\/10\/header.jpg","contentUrl":"https:\/\/rednacionaldearte.com\/noticias\/wp-content\/uploads\/2017\/10\/header.jpg","width":4000,"height":2548,"caption":"Festival de Videodanza CDMX"},{"@type":"BreadcrumbList","@id":"http:\/\/rednacionaldearte.com\/noticias\/3-festival-internacional-videodanza-la-cdmx-convocatoria\/#breadcrumb","itemListElement":[{"@type":"ListItem","position":1,"name":"Home","item":"http:\/\/rednacionaldearte.com\/noticias\/"},{"@type":"ListItem","position":2,"name":"3 Festival Internacional de Videodanza de la CDMX: Convocatoria"}]},{"@type":"WebSite","@id":"http:\/\/rednacionaldearte.com\/noticias\/#website","url":"http:\/\/rednacionaldearte.com\/noticias\/","name":"Red Nacional de Arte","description":"Cultura y Arte contempor\u00e1neo en M\u00e9xico","publisher":{"@id":"http:\/\/rednacionaldearte.com\/noticias\/#organization"},"potentialAction":[{"@type":"SearchAction","target":{"@type":"EntryPoint","urlTemplate":"http:\/\/rednacionaldearte.com\/noticias\/?s={search_term_string}"},"query-input":{"@type":"PropertyValueSpecification","valueRequired":true,"valueName":"search_term_string"}}],"inLanguage":"es"},{"@type":"Organization","@id":"http:\/\/rednacionaldearte.com\/noticias\/#organization","name":"Red Nacional de Arte","url":"http:\/\/rednacionaldearte.com\/noticias\/","logo":{"@type":"ImageObject","inLanguage":"es","@id":"http:\/\/rednacionaldearte.com\/noticias\/#\/schema\/logo\/image\/","url":"http:\/\/rednacionaldearte.com\/noticias\/wp-content\/uploads\/2016\/04\/logo.png","contentUrl":"http:\/\/rednacionaldearte.com\/noticias\/wp-content\/uploads\/2016\/04\/logo.png","width":575,"height":554,"caption":"Red Nacional de Arte"},"image":{"@id":"http:\/\/rednacionaldearte.com\/noticias\/#\/schema\/logo\/image\/"},"sameAs":["http:\/\/www.facebook.com\/rednacionaldearte\/","https:\/\/x.com\/rednacionalarte"]},{"@type":"Person","@id":"http:\/\/rednacionaldearte.com\/noticias\/#\/schema\/person\/489d635082b1de413434d2708a3e5b9b","name":"Redacci\u00f3n","image":{"@type":"ImageObject","inLanguage":"es","@id":"https:\/\/secure.gravatar.com\/avatar\/1d1c30eaee7c2f6cfa13fb8502cb06839106cdf371b9953d50e4b572d0bfa3c7?s=96&d=mm&r=g","url":"https:\/\/secure.gravatar.com\/avatar\/1d1c30eaee7c2f6cfa13fb8502cb06839106cdf371b9953d50e4b572d0bfa3c7?s=96&d=mm&r=g","contentUrl":"https:\/\/secure.gravatar.com\/avatar\/1d1c30eaee7c2f6cfa13fb8502cb06839106cdf371b9953d50e4b572d0bfa3c7?s=96&d=mm&r=g","caption":"Redacci\u00f3n"},"url":"https:\/\/rednacionaldearte.com\/noticias\/author\/adan\/"}]}},"amp_validity":null,"amp_enabled":true,"_links":{"self":[{"href":"https:\/\/rednacionaldearte.com\/noticias\/wp-json\/wp\/v2\/posts\/651","targetHints":{"allow":["GET"]}}],"collection":[{"href":"https:\/\/rednacionaldearte.com\/noticias\/wp-json\/wp\/v2\/posts"}],"about":[{"href":"https:\/\/rednacionaldearte.com\/noticias\/wp-json\/wp\/v2\/types\/post"}],"author":[{"embeddable":true,"href":"https:\/\/rednacionaldearte.com\/noticias\/wp-json\/wp\/v2\/users\/1"}],"replies":[{"embeddable":true,"href":"https:\/\/rednacionaldearte.com\/noticias\/wp-json\/wp\/v2\/comments?post=651"}],"version-history":[{"count":1,"href":"https:\/\/rednacionaldearte.com\/noticias\/wp-json\/wp\/v2\/posts\/651\/revisions"}],"predecessor-version":[{"id":653,"href":"https:\/\/rednacionaldearte.com\/noticias\/wp-json\/wp\/v2\/posts\/651\/revisions\/653"}],"wp:featuredmedia":[{"embeddable":true,"href":"https:\/\/rednacionaldearte.com\/noticias\/wp-json\/wp\/v2\/media\/652"}],"wp:attachment":[{"href":"https:\/\/rednacionaldearte.com\/noticias\/wp-json\/wp\/v2\/media?parent=651"}],"wp:term":[{"taxonomy":"category","embeddable":true,"href":"https:\/\/rednacionaldearte.com\/noticias\/wp-json\/wp\/v2\/categories?post=651"},{"taxonomy":"post_tag","embeddable":true,"href":"https:\/\/rednacionaldearte.com\/noticias\/wp-json\/wp\/v2\/tags?post=651"}],"curies":[{"name":"wp","href":"https:\/\/api.w.org\/{rel}","templated":true}]}}