{"id":654,"date":"2017-10-30T09:30:47","date_gmt":"2017-10-30T09:30:47","guid":{"rendered":"http:\/\/rednacionaldearte.com\/noticias\/?p=654"},"modified":"2017-10-30T05:11:25","modified_gmt":"2017-10-30T05:11:25","slug":"residencias-artisticas-internacionales","status":"publish","type":"post","link":"https:\/\/rednacionaldearte.com\/noticias\/residencias-artisticas-internacionales\/","title":{"rendered":"Convocatoria: Programa de Residencias Art\u00edsticas Internacionales"},"content":{"rendered":"<p><a href=\"http:\/\/rednacionaldearte.com\/noticias\/wp-content\/uploads\/2017\/10\/Residencia-Artistica-Red-Nacional-Arte.png\"><img loading=\"lazy\" decoding=\"async\" class=\"aligncenter size-full wp-image-656\" src=\"http:\/\/rednacionaldearte.com\/noticias\/wp-content\/uploads\/2017\/10\/Residencia-Artistica-Red-Nacional-Arte.png\" alt=\"Residencia Artistica Red Nacional Arte\" width=\"1277\" height=\"629\" srcset=\"https:\/\/rednacionaldearte.com\/noticias\/wp-content\/uploads\/2017\/10\/Residencia-Artistica-Red-Nacional-Arte.png 1277w, https:\/\/rednacionaldearte.com\/noticias\/wp-content\/uploads\/2017\/10\/Residencia-Artistica-Red-Nacional-Arte-300x148.png 300w, https:\/\/rednacionaldearte.com\/noticias\/wp-content\/uploads\/2017\/10\/Residencia-Artistica-Red-Nacional-Arte-768x378.png 768w, https:\/\/rednacionaldearte.com\/noticias\/wp-content\/uploads\/2017\/10\/Residencia-Artistica-Red-Nacional-Arte-1024x504.png 1024w\" sizes=\"auto, (max-width: 1277px) 100vw, 1277px\" \/><\/a><\/p>\n<p>Red Nacional de Arte convoca a artistas nacionales e internacionales de distintas disciplinas a participar en su programa de Residencias Art\u00edsticas, que tendr\u00e1 lugar en julio de 2018.<\/p>\n<p>El programa tiene como objetivo promover la producci\u00f3n, investigaci\u00f3n y movilidad art\u00edstica internacional, as\u00ed como el intercambio cultural y transdisciplinar, incrementar la visibilidad e inserci\u00f3n de artistas emergentes en el panorama art\u00edstico y proporcionar a los mismos de herramientas que contribuyan a la internacionalizaci\u00f3n de su obra, adem\u00e1s de relacionarse con la comunidad local.<\/p>\n<p>Esta primera emisi\u00f3n tendr\u00e1 lugar en la comunidad pur\u00e9pecha de Angahuan, cercana al volc\u00e1n Paricut\u00edn.<\/p>\n<p>Para mayor informaci\u00f3n, consultar la p\u00e1gina <a href=\"http:\/\/rednacionaldearte.com\/artists-in-residence\/\">rednacionaldearte.com\/artists-in-residence<\/a>.<\/p>\n","protected":false},"excerpt":{"rendered":"<p>Red Nacional de Arte convoca a artistas nacionales e internacionales de distintas disciplinas a participar en su programa de Residencias Art\u00edsticas, que tendr\u00e1 lugar en julio de 2018. El programa tiene como objetivo promover la producci\u00f3n, investigaci\u00f3n y movilidad art\u00edstica internacional, as\u00ed como el intercambio cultural y transdisciplinar, incrementar la visibilidad e inserci\u00f3n de artistas [&hellip;]<\/p>\n","protected":false},"author":1,"featured_media":656,"comment_status":"closed","ping_status":"open","sticky":false,"template":"","format":"standard","meta":{"footnotes":""},"categories":[85,59,24,136,41],"tags":[],"class_list":["post-654","post","type-post","status-publish","format-standard","has-post-thumbnail","hentry","category-arte-contemporaneo","category-artes-visuales","category-convocatorias","category-residencias-artisticas","category-rna"],"yoast_head":"<!-- This site is optimized with the Yoast SEO plugin v27.2 - https:\/\/yoast.com\/product\/yoast-seo-wordpress\/ -->\n<title>Convocatoria: Programa de Residencias Art\u00edsticas Internacionales - Red Nacional de Arte<\/title>\n<meta name=\"robots\" content=\"index, follow, max-snippet:-1, max-image-preview:large, max-video-preview:-1\" \/>\n<link rel=\"canonical\" href=\"http:\/\/rednacionaldearte.com\/noticias\/residencias-artisticas-internacionales\/\" \/>\n<meta property=\"og:locale\" content=\"es_ES\" \/>\n<meta property=\"og:type\" content=\"article\" \/>\n<meta property=\"og:title\" content=\"Convocatoria: Programa de Residencias Art\u00edsticas Internacionales - Red Nacional de Arte\" \/>\n<meta property=\"og:description\" content=\"Red Nacional de Arte convoca a artistas nacionales e internacionales de distintas disciplinas a participar en su programa de Residencias Art\u00edsticas, que tendr\u00e1 lugar en julio de 2018. El programa tiene como objetivo promover la producci\u00f3n, investigaci\u00f3n y movilidad art\u00edstica internacional, as\u00ed como el intercambio cultural y transdisciplinar, incrementar la visibilidad e inserci\u00f3n de artistas [&hellip;]\" \/>\n<meta property=\"og:url\" content=\"http:\/\/rednacionaldearte.com\/noticias\/residencias-artisticas-internacionales\/\" \/>\n<meta property=\"og:site_name\" content=\"Red Nacional de Arte\" \/>\n<meta property=\"article:publisher\" content=\"http:\/\/www.facebook.com\/rednacionaldearte\/\" \/>\n<meta property=\"article:published_time\" content=\"2017-10-30T09:30:47+00:00\" \/>\n<meta property=\"og:image\" content=\"http:\/\/rednacionaldearte.com\/noticias\/wp-content\/uploads\/2017\/10\/Residencia-Artistica-Red-Nacional-Arte.png\" \/>\n\t<meta property=\"og:image:width\" content=\"1277\" \/>\n\t<meta property=\"og:image:height\" content=\"629\" \/>\n\t<meta property=\"og:image:type\" content=\"image\/png\" \/>\n<meta name=\"author\" content=\"Redacci\u00f3n\" \/>\n<meta name=\"twitter:card\" content=\"summary_large_image\" \/>\n<meta name=\"twitter:creator\" content=\"@rednacionalarte\" \/>\n<meta name=\"twitter:site\" content=\"@rednacionalarte\" \/>\n<meta name=\"twitter:label1\" content=\"Escrito por\" \/>\n\t<meta name=\"twitter:data1\" content=\"Redacci\u00f3n\" \/>\n\t<meta name=\"twitter:label2\" content=\"Tiempo de lectura\" \/>\n\t<meta name=\"twitter:data2\" content=\"1 minuto\" \/>\n<script type=\"application\/ld+json\" class=\"yoast-schema-graph\">{\"@context\":\"https:\/\/schema.org\",\"@graph\":[{\"@type\":\"Article\",\"@id\":\"http:\/\/rednacionaldearte.com\/noticias\/residencias-artisticas-internacionales\/#article\",\"isPartOf\":{\"@id\":\"http:\/\/rednacionaldearte.com\/noticias\/residencias-artisticas-internacionales\/\"},\"author\":{\"name\":\"Redacci\u00f3n\",\"@id\":\"http:\/\/rednacionaldearte.com\/noticias\/#\/schema\/person\/489d635082b1de413434d2708a3e5b9b\"},\"headline\":\"Convocatoria: Programa de Residencias Art\u00edsticas Internacionales\",\"datePublished\":\"2017-10-30T09:30:47+00:00\",\"mainEntityOfPage\":{\"@id\":\"http:\/\/rednacionaldearte.com\/noticias\/residencias-artisticas-internacionales\/\"},\"wordCount\":126,\"publisher\":{\"@id\":\"http:\/\/rednacionaldearte.com\/noticias\/#organization\"},\"image\":{\"@id\":\"http:\/\/rednacionaldearte.com\/noticias\/residencias-artisticas-internacionales\/#primaryimage\"},\"thumbnailUrl\":\"https:\/\/rednacionaldearte.com\/noticias\/wp-content\/uploads\/2017\/10\/Residencia-Artistica-Red-Nacional-Arte.png\",\"articleSection\":[\"Arte Contempor\u00e1neo\",\"Artes Visuales\",\"Convocatorias\",\"Residencias Art\u00edsticas\",\"RNA\"],\"inLanguage\":\"es\"},{\"@type\":\"WebPage\",\"@id\":\"http:\/\/rednacionaldearte.com\/noticias\/residencias-artisticas-internacionales\/\",\"url\":\"http:\/\/rednacionaldearte.com\/noticias\/residencias-artisticas-internacionales\/\",\"name\":\"Convocatoria: Programa de Residencias Art\u00edsticas Internacionales - Red Nacional de Arte\",\"isPartOf\":{\"@id\":\"http:\/\/rednacionaldearte.com\/noticias\/#website\"},\"primaryImageOfPage\":{\"@id\":\"http:\/\/rednacionaldearte.com\/noticias\/residencias-artisticas-internacionales\/#primaryimage\"},\"image\":{\"@id\":\"http:\/\/rednacionaldearte.com\/noticias\/residencias-artisticas-internacionales\/#primaryimage\"},\"thumbnailUrl\":\"https:\/\/rednacionaldearte.com\/noticias\/wp-content\/uploads\/2017\/10\/Residencia-Artistica-Red-Nacional-Arte.png\",\"datePublished\":\"2017-10-30T09:30:47+00:00\",\"breadcrumb\":{\"@id\":\"http:\/\/rednacionaldearte.com\/noticias\/residencias-artisticas-internacionales\/#breadcrumb\"},\"inLanguage\":\"es\",\"potentialAction\":[{\"@type\":\"ReadAction\",\"target\":[\"http:\/\/rednacionaldearte.com\/noticias\/residencias-artisticas-internacionales\/\"]}]},{\"@type\":\"ImageObject\",\"inLanguage\":\"es\",\"@id\":\"http:\/\/rednacionaldearte.com\/noticias\/residencias-artisticas-internacionales\/#primaryimage\",\"url\":\"https:\/\/rednacionaldearte.com\/noticias\/wp-content\/uploads\/2017\/10\/Residencia-Artistica-Red-Nacional-Arte.png\",\"contentUrl\":\"https:\/\/rednacionaldearte.com\/noticias\/wp-content\/uploads\/2017\/10\/Residencia-Artistica-Red-Nacional-Arte.png\",\"width\":1277,\"height\":629,\"caption\":\"Residencia Artistica Red Nacional Arte\"},{\"@type\":\"BreadcrumbList\",\"@id\":\"http:\/\/rednacionaldearte.com\/noticias\/residencias-artisticas-internacionales\/#breadcrumb\",\"itemListElement\":[{\"@type\":\"ListItem\",\"position\":1,\"name\":\"Home\",\"item\":\"http:\/\/rednacionaldearte.com\/noticias\/\"},{\"@type\":\"ListItem\",\"position\":2,\"name\":\"Convocatoria: Programa de Residencias Art\u00edsticas Internacionales\"}]},{\"@type\":\"WebSite\",\"@id\":\"http:\/\/rednacionaldearte.com\/noticias\/#website\",\"url\":\"http:\/\/rednacionaldearte.com\/noticias\/\",\"name\":\"Red Nacional de Arte\",\"description\":\"Cultura y Arte contempor\u00e1neo en M\u00e9xico\",\"publisher\":{\"@id\":\"http:\/\/rednacionaldearte.com\/noticias\/#organization\"},\"potentialAction\":[{\"@type\":\"SearchAction\",\"target\":{\"@type\":\"EntryPoint\",\"urlTemplate\":\"http:\/\/rednacionaldearte.com\/noticias\/?s={search_term_string}\"},\"query-input\":{\"@type\":\"PropertyValueSpecification\",\"valueRequired\":true,\"valueName\":\"search_term_string\"}}],\"inLanguage\":\"es\"},{\"@type\":\"Organization\",\"@id\":\"http:\/\/rednacionaldearte.com\/noticias\/#organization\",\"name\":\"Red Nacional de Arte\",\"url\":\"http:\/\/rednacionaldearte.com\/noticias\/\",\"logo\":{\"@type\":\"ImageObject\",\"inLanguage\":\"es\",\"@id\":\"http:\/\/rednacionaldearte.com\/noticias\/#\/schema\/logo\/image\/\",\"url\":\"http:\/\/rednacionaldearte.com\/noticias\/wp-content\/uploads\/2016\/04\/logo.png\",\"contentUrl\":\"http:\/\/rednacionaldearte.com\/noticias\/wp-content\/uploads\/2016\/04\/logo.png\",\"width\":575,\"height\":554,\"caption\":\"Red Nacional de Arte\"},\"image\":{\"@id\":\"http:\/\/rednacionaldearte.com\/noticias\/#\/schema\/logo\/image\/\"},\"sameAs\":[\"http:\/\/www.facebook.com\/rednacionaldearte\/\",\"https:\/\/x.com\/rednacionalarte\"]},{\"@type\":\"Person\",\"@id\":\"http:\/\/rednacionaldearte.com\/noticias\/#\/schema\/person\/489d635082b1de413434d2708a3e5b9b\",\"name\":\"Redacci\u00f3n\",\"image\":{\"@type\":\"ImageObject\",\"inLanguage\":\"es\",\"@id\":\"https:\/\/secure.gravatar.com\/avatar\/1d1c30eaee7c2f6cfa13fb8502cb06839106cdf371b9953d50e4b572d0bfa3c7?s=96&d=mm&r=g\",\"url\":\"https:\/\/secure.gravatar.com\/avatar\/1d1c30eaee7c2f6cfa13fb8502cb06839106cdf371b9953d50e4b572d0bfa3c7?s=96&d=mm&r=g\",\"contentUrl\":\"https:\/\/secure.gravatar.com\/avatar\/1d1c30eaee7c2f6cfa13fb8502cb06839106cdf371b9953d50e4b572d0bfa3c7?s=96&d=mm&r=g\",\"caption\":\"Redacci\u00f3n\"},\"url\":\"https:\/\/rednacionaldearte.com\/noticias\/author\/adan\/\"}]}<\/script>\n<!-- \/ Yoast SEO plugin. -->","yoast_head_json":{"title":"Convocatoria: Programa de Residencias Art\u00edsticas Internacionales - Red Nacional de Arte","robots":{"index":"index","follow":"follow","max-snippet":"max-snippet:-1","max-image-preview":"max-image-preview:large","max-video-preview":"max-video-preview:-1"},"canonical":"http:\/\/rednacionaldearte.com\/noticias\/residencias-artisticas-internacionales\/","og_locale":"es_ES","og_type":"article","og_title":"Convocatoria: Programa de Residencias Art\u00edsticas Internacionales - Red Nacional de Arte","og_description":"Red Nacional de Arte convoca a artistas nacionales e internacionales de distintas disciplinas a participar en su programa de Residencias Art\u00edsticas, que tendr\u00e1 lugar en julio de 2018. El programa tiene como objetivo promover la producci\u00f3n, investigaci\u00f3n y movilidad art\u00edstica internacional, as\u00ed como el intercambio cultural y transdisciplinar, incrementar la visibilidad e inserci\u00f3n de artistas [&hellip;]","og_url":"http:\/\/rednacionaldearte.com\/noticias\/residencias-artisticas-internacionales\/","og_site_name":"Red Nacional de Arte","article_publisher":"http:\/\/www.facebook.com\/rednacionaldearte\/","article_published_time":"2017-10-30T09:30:47+00:00","og_image":[{"width":1277,"height":629,"url":"http:\/\/rednacionaldearte.com\/noticias\/wp-content\/uploads\/2017\/10\/Residencia-Artistica-Red-Nacional-Arte.png","type":"image\/png"}],"author":"Redacci\u00f3n","twitter_card":"summary_large_image","twitter_creator":"@rednacionalarte","twitter_site":"@rednacionalarte","twitter_misc":{"Escrito por":"Redacci\u00f3n","Tiempo de lectura":"1 minuto"},"schema":{"@context":"https:\/\/schema.org","@graph":[{"@type":"Article","@id":"http:\/\/rednacionaldearte.com\/noticias\/residencias-artisticas-internacionales\/#article","isPartOf":{"@id":"http:\/\/rednacionaldearte.com\/noticias\/residencias-artisticas-internacionales\/"},"author":{"name":"Redacci\u00f3n","@id":"http:\/\/rednacionaldearte.com\/noticias\/#\/schema\/person\/489d635082b1de413434d2708a3e5b9b"},"headline":"Convocatoria: Programa de Residencias Art\u00edsticas Internacionales","datePublished":"2017-10-30T09:30:47+00:00","mainEntityOfPage":{"@id":"http:\/\/rednacionaldearte.com\/noticias\/residencias-artisticas-internacionales\/"},"wordCount":126,"publisher":{"@id":"http:\/\/rednacionaldearte.com\/noticias\/#organization"},"image":{"@id":"http:\/\/rednacionaldearte.com\/noticias\/residencias-artisticas-internacionales\/#primaryimage"},"thumbnailUrl":"https:\/\/rednacionaldearte.com\/noticias\/wp-content\/uploads\/2017\/10\/Residencia-Artistica-Red-Nacional-Arte.png","articleSection":["Arte Contempor\u00e1neo","Artes Visuales","Convocatorias","Residencias Art\u00edsticas","RNA"],"inLanguage":"es"},{"@type":"WebPage","@id":"http:\/\/rednacionaldearte.com\/noticias\/residencias-artisticas-internacionales\/","url":"http:\/\/rednacionaldearte.com\/noticias\/residencias-artisticas-internacionales\/","name":"Convocatoria: Programa de Residencias Art\u00edsticas Internacionales - Red Nacional de Arte","isPartOf":{"@id":"http:\/\/rednacionaldearte.com\/noticias\/#website"},"primaryImageOfPage":{"@id":"http:\/\/rednacionaldearte.com\/noticias\/residencias-artisticas-internacionales\/#primaryimage"},"image":{"@id":"http:\/\/rednacionaldearte.com\/noticias\/residencias-artisticas-internacionales\/#primaryimage"},"thumbnailUrl":"https:\/\/rednacionaldearte.com\/noticias\/wp-content\/uploads\/2017\/10\/Residencia-Artistica-Red-Nacional-Arte.png","datePublished":"2017-10-30T09:30:47+00:00","breadcrumb":{"@id":"http:\/\/rednacionaldearte.com\/noticias\/residencias-artisticas-internacionales\/#breadcrumb"},"inLanguage":"es","potentialAction":[{"@type":"ReadAction","target":["http:\/\/rednacionaldearte.com\/noticias\/residencias-artisticas-internacionales\/"]}]},{"@type":"ImageObject","inLanguage":"es","@id":"http:\/\/rednacionaldearte.com\/noticias\/residencias-artisticas-internacionales\/#primaryimage","url":"https:\/\/rednacionaldearte.com\/noticias\/wp-content\/uploads\/2017\/10\/Residencia-Artistica-Red-Nacional-Arte.png","contentUrl":"https:\/\/rednacionaldearte.com\/noticias\/wp-content\/uploads\/2017\/10\/Residencia-Artistica-Red-Nacional-Arte.png","width":1277,"height":629,"caption":"Residencia Artistica Red Nacional Arte"},{"@type":"BreadcrumbList","@id":"http:\/\/rednacionaldearte.com\/noticias\/residencias-artisticas-internacionales\/#breadcrumb","itemListElement":[{"@type":"ListItem","position":1,"name":"Home","item":"http:\/\/rednacionaldearte.com\/noticias\/"},{"@type":"ListItem","position":2,"name":"Convocatoria: Programa de Residencias Art\u00edsticas Internacionales"}]},{"@type":"WebSite","@id":"http:\/\/rednacionaldearte.com\/noticias\/#website","url":"http:\/\/rednacionaldearte.com\/noticias\/","name":"Red Nacional de Arte","description":"Cultura y Arte contempor\u00e1neo en M\u00e9xico","publisher":{"@id":"http:\/\/rednacionaldearte.com\/noticias\/#organization"},"potentialAction":[{"@type":"SearchAction","target":{"@type":"EntryPoint","urlTemplate":"http:\/\/rednacionaldearte.com\/noticias\/?s={search_term_string}"},"query-input":{"@type":"PropertyValueSpecification","valueRequired":true,"valueName":"search_term_string"}}],"inLanguage":"es"},{"@type":"Organization","@id":"http:\/\/rednacionaldearte.com\/noticias\/#organization","name":"Red Nacional de Arte","url":"http:\/\/rednacionaldearte.com\/noticias\/","logo":{"@type":"ImageObject","inLanguage":"es","@id":"http:\/\/rednacionaldearte.com\/noticias\/#\/schema\/logo\/image\/","url":"http:\/\/rednacionaldearte.com\/noticias\/wp-content\/uploads\/2016\/04\/logo.png","contentUrl":"http:\/\/rednacionaldearte.com\/noticias\/wp-content\/uploads\/2016\/04\/logo.png","width":575,"height":554,"caption":"Red Nacional de Arte"},"image":{"@id":"http:\/\/rednacionaldearte.com\/noticias\/#\/schema\/logo\/image\/"},"sameAs":["http:\/\/www.facebook.com\/rednacionaldearte\/","https:\/\/x.com\/rednacionalarte"]},{"@type":"Person","@id":"http:\/\/rednacionaldearte.com\/noticias\/#\/schema\/person\/489d635082b1de413434d2708a3e5b9b","name":"Redacci\u00f3n","image":{"@type":"ImageObject","inLanguage":"es","@id":"https:\/\/secure.gravatar.com\/avatar\/1d1c30eaee7c2f6cfa13fb8502cb06839106cdf371b9953d50e4b572d0bfa3c7?s=96&d=mm&r=g","url":"https:\/\/secure.gravatar.com\/avatar\/1d1c30eaee7c2f6cfa13fb8502cb06839106cdf371b9953d50e4b572d0bfa3c7?s=96&d=mm&r=g","contentUrl":"https:\/\/secure.gravatar.com\/avatar\/1d1c30eaee7c2f6cfa13fb8502cb06839106cdf371b9953d50e4b572d0bfa3c7?s=96&d=mm&r=g","caption":"Redacci\u00f3n"},"url":"https:\/\/rednacionaldearte.com\/noticias\/author\/adan\/"}]}},"amp_validity":null,"amp_enabled":true,"_links":{"self":[{"href":"https:\/\/rednacionaldearte.com\/noticias\/wp-json\/wp\/v2\/posts\/654","targetHints":{"allow":["GET"]}}],"collection":[{"href":"https:\/\/rednacionaldearte.com\/noticias\/wp-json\/wp\/v2\/posts"}],"about":[{"href":"https:\/\/rednacionaldearte.com\/noticias\/wp-json\/wp\/v2\/types\/post"}],"author":[{"embeddable":true,"href":"https:\/\/rednacionaldearte.com\/noticias\/wp-json\/wp\/v2\/users\/1"}],"replies":[{"embeddable":true,"href":"https:\/\/rednacionaldearte.com\/noticias\/wp-json\/wp\/v2\/comments?post=654"}],"version-history":[{"count":4,"href":"https:\/\/rednacionaldearte.com\/noticias\/wp-json\/wp\/v2\/posts\/654\/revisions"}],"predecessor-version":[{"id":659,"href":"https:\/\/rednacionaldearte.com\/noticias\/wp-json\/wp\/v2\/posts\/654\/revisions\/659"}],"wp:featuredmedia":[{"embeddable":true,"href":"https:\/\/rednacionaldearte.com\/noticias\/wp-json\/wp\/v2\/media\/656"}],"wp:attachment":[{"href":"https:\/\/rednacionaldearte.com\/noticias\/wp-json\/wp\/v2\/media?parent=654"}],"wp:term":[{"taxonomy":"category","embeddable":true,"href":"https:\/\/rednacionaldearte.com\/noticias\/wp-json\/wp\/v2\/categories?post=654"},{"taxonomy":"post_tag","embeddable":true,"href":"https:\/\/rednacionaldearte.com\/noticias\/wp-json\/wp\/v2\/tags?post=654"}],"curies":[{"name":"wp","href":"https:\/\/api.w.org\/{rel}","templated":true}]}}