{"id":67,"date":"2016-04-21T18:28:27","date_gmt":"2016-04-21T18:28:27","guid":{"rendered":"http:\/\/rednacionaldearte.com\/noticias\/?p=67"},"modified":"2016-06-26T05:52:13","modified_gmt":"2016-06-26T05:52:13","slug":"creacion-de-sitios-web-para-artistas-con-wordpress","status":"publish","type":"post","link":"https:\/\/rednacionaldearte.com\/noticias\/creacion-de-sitios-web-para-artistas-con-wordpress\/","title":{"rendered":"Creaci\u00f3n de Sitios Web para Artistas con WordPress"},"content":{"rendered":"<p style=\"text-align: justify;\"><a href=\"http:\/\/rednacionaldearte.com\/noticias\/wp-content\/uploads\/2016\/04\/Creacion-de-Sitios-Web-Artistas-WP-F.jpg\"><img loading=\"lazy\" decoding=\"async\" class=\"aligncenter wp-image-121 size-full\" src=\"http:\/\/rednacionaldearte.com\/noticias\/wp-content\/uploads\/2016\/04\/Creacion-de-Sitios-Web-Artistas-WP-F.jpg\" alt=\"\" width=\"924\" height=\"641\" srcset=\"https:\/\/rednacionaldearte.com\/noticias\/wp-content\/uploads\/2016\/04\/Creacion-de-Sitios-Web-Artistas-WP-F.jpg 924w, https:\/\/rednacionaldearte.com\/noticias\/wp-content\/uploads\/2016\/04\/Creacion-de-Sitios-Web-Artistas-WP-F-300x208.jpg 300w, https:\/\/rednacionaldearte.com\/noticias\/wp-content\/uploads\/2016\/04\/Creacion-de-Sitios-Web-Artistas-WP-F-768x533.jpg 768w\" sizes=\"auto, (max-width: 924px) 100vw, 924px\" \/><\/a><\/p>\n<p style=\"text-align: justify;\">Modalidad: En l\u00ednea.<\/p>\n<p style=\"text-align: justify;\">Impartido por: Ad\u00e1n Ruiz.<\/p>\n<p style=\"text-align: justify;\">La importancia de una p\u00e1gina web para un artista (sea novel, emergente o establecido) es indiscutible. Fot\u00f3grafos, artistas pl\u00e1sticos, m\u00fasicos, core\u00f3grafos, realizadores cinematogr\u00e1ficos, escultores, o de cualquier tipo, requieren que su figura y trabajo sean conocidos y accesibles desde cualquier parte del mundo, dejando atr\u00e1s las limitaciones como zonas horarias, lenguajes y formatos. La elaboraci\u00f3n de un sitio en internet ha dejado de ser algo sumamente complejo y costoso gracias al desarrollo de plataformas como WordPress, que permiten a los artistas llegar a soluciones eficaces sin tener que usar c\u00f3digo de programaci\u00f3n.<\/p>\n<p style=\"text-align: justify;\">El curso proporcionar\u00e1 los conocimientos requeridos para montar una p\u00e1gina de internet vers\u00e1til con dominio propio y correo electr\u00f3nico personalizado, tomando en consideraci\u00f3n la estructura usada en casos pr\u00e1cticos.<\/p>\n<p style=\"text-align: justify;\"><strong>Objetivos:<\/strong><\/p>\n<p style=\"text-align: justify;\">Desarrollar un proyecto web atractivo, eficaz y autogestionable bajo la plataforma WordPress con un servidor y dominio propios, abarcando la conceptualizaci\u00f3n y optimizaci\u00f3n del mismo con herramientas b\u00e1sicas que no requieran la utilizaci\u00f3n de c\u00f3digo de programaci\u00f3n por parte del artista.<\/p>\n<p style=\"text-align: justify;\"><strong>Metodolog\u00eda:<\/strong><\/p>\n<p style=\"text-align: justify;\">El curso est\u00e1 dise\u00f1ado para ofrecer la misma calidad que en una modalidad presencial, pero con un horario flexible. El aula virtual se actualiza peri\u00f3dicamente con videos y herramientas, desbloqueando los niveles siguientes del programa progresivamente. Cada nivel cuenta con peque\u00f1os ex\u00e1menes que podr\u00e1n resolverse antes del t\u00e9rmino del curso, adem\u00e1s de ejercicios pr\u00e1cticos y los materiales necesarios para llevarlos a cabo. La atenci\u00f3n se da de manera personalizada a cada alumno mediante foros y correo electr\u00f3nico. Al finalizar, el profesor revisa los sitios generados por los alumnos, realizando observaciones y recomendaciones. Se entrega un certificado de participaci\u00f3n al t\u00e9rmino.<\/p>\n<p style=\"text-align: justify;\"><strong>Dirigido a:<\/strong><\/p>\n<p style=\"text-align: justify;\">Todo tipo de artistas, gestores y productores culturales interesados en desarrollar su carrera con un alcance global, haciendo uso de las tecnolog\u00edas digitales sin necesidad de emplear c\u00f3digo de programaci\u00f3n.<\/p>\n<p style=\"text-align: justify;\"><strong>Plan de Estudios:<\/strong><\/p>\n<ol style=\"text-align: justify;\">\n<li>BLOQUE I\n<ul>\n<li>Introducci\u00f3n: La Importancia de un sitio Web para el artista<\/li>\n<li>Internet y el funcionamiento de una p\u00e1gina Web<\/li>\n<li>Servidores, Dominios y DNSs<\/li>\n<li>Introducci\u00f3n a WordPress como gestor de contenidos\n<ul>\n<li>Qu\u00e9 es WordPress y por qu\u00e9 usarlo<\/li>\n<li>Diferencias entre WordPress.com y WordPress.org<\/li>\n<\/ul>\n<\/li>\n<\/ul>\n<\/li>\n<\/ol>\n<ol style=\"text-align: justify;\" start=\"2\">\n<li>BLOQUE II\n<ul>\n<li>Instalando WordPress en un servidor propio\n<ul>\n<li>Instalaci\u00f3n r\u00e1pida desde el panel del hosting<\/li>\n<li>Instalaci\u00f3n manual.<\/li>\n<\/ul>\n<\/li>\n<\/ul>\n<\/li>\n<\/ol>\n<ol style=\"text-align: justify;\" start=\"3\">\n<li>BLOQUE III\n<ul>\n<li>Panel de WordPress<\/li>\n<li>Configuraci\u00f3n b\u00e1sica de WordPress<\/li>\n<li>Plantillas de WordPress<\/li>\n<li>Men\u00fas<\/li>\n<li>Plugins<\/li>\n<\/ul>\n<\/li>\n<li>BLOQUE IV\n<ul>\n<li>Publicando con WordPress\n<ul>\n<li>Creaci\u00f3n de posts<\/li>\n<li>Inserci\u00f3n de im\u00e1genes y otros medios<\/li>\n<li>Categor\u00edas y Etiquetas<\/li>\n<li>Posts y p\u00e1ginas<\/li>\n<li>Comentarios<\/li>\n<\/ul>\n<\/li>\n<\/ul>\n<\/li>\n<\/ol>\n<ol style=\"text-align: justify;\" start=\"5\">\n<li>BLOQUE IV\n<ul>\n<li>Correos @dominiopersonalizado.com\n<ul>\n<li>C\u00f3mo configurar y revisar un correo electronico personalizado<\/li>\n<\/ul>\n<\/li>\n<li>Contenido principal del sitio web de un artista<\/li>\n<li>Estad\u00edsticas: Conoci\u00e9ndo cu\u00e1ntos visitantes tenemos<\/li>\n<\/ul>\n<\/li>\n<li>BLOQUE V\n<ul>\n<li>Revisi\u00f3n de sitios creados por cada alumno<\/li>\n<\/ul>\n<\/li>\n<\/ol>\n<p style=\"text-align: justify;\"><strong>\u00a0<\/strong><\/p>\n<p><strong>Requisitos:<\/strong><\/p>\n<ul>\n<li>Computadora con conexi\u00f3n a Internet.<\/li>\n<li>Conocimientos b\u00e1sicos de computaci\u00f3n.<\/li>\n<li>Opcional (el instructor orientar\u00e1 al alumno al inicio del curso en caso de que desee adquirirlos):\n<ul>\n<li>Espacio en un servidor para hospedar el sitio.<\/li>\n<li>1 dominio personalizado .com.<\/li>\n<\/ul>\n<\/li>\n<\/ul>\n<p><strong>Idioma: Espa\u00f1ol.<\/strong><\/p>\n<p><strong>Duraci\u00f3n: <\/strong>2\u00a0semana y 4 d\u00edas \/ 7 horas aprox. en total.<\/p>\n<p><strong>Al finalizar el curso se entregar\u00e1 una constancia de participaci\u00f3n.<\/strong><\/p>\n<p>&nbsp;<\/p>\n<p style=\"text-align: center;\"><a class=\"fasc-button fasc-size-large fasc-type-flat fasc-ico-before dashicons-info\" style=\"background-color: #535e63; color: #ffffff;\" href=\"http:\/\/rednacionaldearte.com\/noticias\/info-cursos\/\" data-fasc-style=\"background-color:#535e63;color:#ffffff;\">Solicitar m\u00e1s informaci\u00f3n<\/a><\/p>\n<p style=\"text-align: center;\"><a href=\"http:\/\/rednacionaldearte.com\/noticias\/wp-content\/uploads\/2016\/04\/Creacion-de-Sitios-Web-Artistas-WP-2.jpg\"><img loading=\"lazy\" decoding=\"async\" class=\"aligncenter wp-image-122 size-full\" src=\"http:\/\/rednacionaldearte.com\/noticias\/wp-content\/uploads\/2016\/04\/Creacion-de-Sitios-Web-Artistas-WP-2.jpg\" alt=\"\" width=\"924\" height=\"641\" srcset=\"https:\/\/rednacionaldearte.com\/noticias\/wp-content\/uploads\/2016\/04\/Creacion-de-Sitios-Web-Artistas-WP-2.jpg 924w, https:\/\/rednacionaldearte.com\/noticias\/wp-content\/uploads\/2016\/04\/Creacion-de-Sitios-Web-Artistas-WP-2-300x208.jpg 300w, https:\/\/rednacionaldearte.com\/noticias\/wp-content\/uploads\/2016\/04\/Creacion-de-Sitios-Web-Artistas-WP-2-768x533.jpg 768w\" sizes=\"auto, (max-width: 924px) 100vw, 924px\" \/><\/a><\/p>\n","protected":false},"excerpt":{"rendered":"<p>Modalidad: En l\u00ednea. Impartido por: Ad\u00e1n Ruiz. La importancia de una p\u00e1gina web para un artista (sea novel, emergente o establecido) es indiscutible. Fot\u00f3grafos, artistas pl\u00e1sticos, m\u00fasicos, core\u00f3grafos, realizadores cinematogr\u00e1ficos, escultores, o de cualquier tipo, requieren que su figura y trabajo sean conocidos y accesibles desde cualquier parte del mundo, dejando atr\u00e1s las limitaciones como [&hellip;]<\/p>\n","protected":false},"author":1,"featured_media":121,"comment_status":"closed","ping_status":"open","sticky":false,"template":"","format":"standard","meta":{"footnotes":""},"categories":[43,44,41],"tags":[47,45,46],"class_list":["post-67","post","type-post","status-publish","format-standard","has-post-thumbnail","hentry","category-cursos","category-otros","category-rna","tag-cursos-para-artistas","tag-paginas-web-para-artistas","tag-wordpress"],"yoast_head":"<!-- This site is optimized with the Yoast SEO plugin v27.2 - https:\/\/yoast.com\/product\/yoast-seo-wordpress\/ -->\n<title>Creaci\u00f3n de Sitios Web para Artistas con Wordpress - Red Nacional de Arte<\/title>\n<meta name=\"robots\" content=\"index, follow, max-snippet:-1, max-image-preview:large, max-video-preview:-1\" \/>\n<link rel=\"canonical\" href=\"http:\/\/rednacionaldearte.com\/noticias\/creacion-de-sitios-web-para-artistas-con-wordpress\/\" \/>\n<meta property=\"og:locale\" content=\"es_ES\" \/>\n<meta property=\"og:type\" content=\"article\" \/>\n<meta property=\"og:title\" content=\"Creaci\u00f3n de Sitios Web para Artistas con Wordpress - Red Nacional de Arte\" \/>\n<meta property=\"og:description\" content=\"Modalidad: En l\u00ednea. Impartido por: Ad\u00e1n Ruiz. La importancia de una p\u00e1gina web para un artista (sea novel, emergente o establecido) es indiscutible. Fot\u00f3grafos, artistas pl\u00e1sticos, m\u00fasicos, core\u00f3grafos, realizadores cinematogr\u00e1ficos, escultores, o de cualquier tipo, requieren que su figura y trabajo sean conocidos y accesibles desde cualquier parte del mundo, dejando atr\u00e1s las limitaciones como [&hellip;]\" \/>\n<meta property=\"og:url\" content=\"http:\/\/rednacionaldearte.com\/noticias\/creacion-de-sitios-web-para-artistas-con-wordpress\/\" \/>\n<meta property=\"og:site_name\" content=\"Red Nacional de Arte\" \/>\n<meta property=\"article:publisher\" content=\"http:\/\/www.facebook.com\/rednacionaldearte\/\" \/>\n<meta property=\"article:published_time\" content=\"2016-04-21T18:28:27+00:00\" \/>\n<meta property=\"article:modified_time\" content=\"2016-06-26T05:52:13+00:00\" \/>\n<meta property=\"og:image\" content=\"http:\/\/rednacionaldearte.com\/noticias\/wp-content\/uploads\/2016\/04\/Creacion-de-Sitios-Web-Artistas-WP-F.jpg\" \/>\n\t<meta property=\"og:image:width\" content=\"924\" \/>\n\t<meta property=\"og:image:height\" content=\"641\" \/>\n\t<meta property=\"og:image:type\" content=\"image\/jpeg\" \/>\n<meta name=\"author\" content=\"Redacci\u00f3n\" \/>\n<meta name=\"twitter:card\" content=\"summary_large_image\" \/>\n<meta name=\"twitter:creator\" content=\"@rednacionalarte\" \/>\n<meta name=\"twitter:site\" content=\"@rednacionalarte\" \/>\n<meta name=\"twitter:label1\" content=\"Escrito por\" \/>\n\t<meta name=\"twitter:data1\" content=\"Redacci\u00f3n\" \/>\n\t<meta name=\"twitter:label2\" content=\"Tiempo de lectura\" \/>\n\t<meta name=\"twitter:data2\" content=\"3 minutos\" \/>\n<script type=\"application\/ld+json\" class=\"yoast-schema-graph\">{\"@context\":\"https:\/\/schema.org\",\"@graph\":[{\"@type\":\"Article\",\"@id\":\"http:\/\/rednacionaldearte.com\/noticias\/creacion-de-sitios-web-para-artistas-con-wordpress\/#article\",\"isPartOf\":{\"@id\":\"http:\/\/rednacionaldearte.com\/noticias\/creacion-de-sitios-web-para-artistas-con-wordpress\/\"},\"author\":{\"name\":\"Redacci\u00f3n\",\"@id\":\"http:\/\/rednacionaldearte.com\/noticias\/#\/schema\/person\/489d635082b1de413434d2708a3e5b9b\"},\"headline\":\"Creaci\u00f3n de Sitios Web para Artistas con WordPress\",\"datePublished\":\"2016-04-21T18:28:27+00:00\",\"dateModified\":\"2016-06-26T05:52:13+00:00\",\"mainEntityOfPage\":{\"@id\":\"http:\/\/rednacionaldearte.com\/noticias\/creacion-de-sitios-web-para-artistas-con-wordpress\/\"},\"wordCount\":575,\"publisher\":{\"@id\":\"http:\/\/rednacionaldearte.com\/noticias\/#organization\"},\"image\":{\"@id\":\"http:\/\/rednacionaldearte.com\/noticias\/creacion-de-sitios-web-para-artistas-con-wordpress\/#primaryimage\"},\"thumbnailUrl\":\"https:\/\/rednacionaldearte.com\/noticias\/wp-content\/uploads\/2016\/04\/Creacion-de-Sitios-Web-Artistas-WP-F.jpg\",\"keywords\":[\"Cursos para Artistas\",\"P\u00e1ginas Web para Artistas\",\"Wordpress\"],\"articleSection\":[\"Cursos\",\"Otros\",\"RNA\"],\"inLanguage\":\"es\"},{\"@type\":\"WebPage\",\"@id\":\"http:\/\/rednacionaldearte.com\/noticias\/creacion-de-sitios-web-para-artistas-con-wordpress\/\",\"url\":\"http:\/\/rednacionaldearte.com\/noticias\/creacion-de-sitios-web-para-artistas-con-wordpress\/\",\"name\":\"Creaci\u00f3n de Sitios Web para Artistas con Wordpress - Red Nacional de Arte\",\"isPartOf\":{\"@id\":\"http:\/\/rednacionaldearte.com\/noticias\/#website\"},\"primaryImageOfPage\":{\"@id\":\"http:\/\/rednacionaldearte.com\/noticias\/creacion-de-sitios-web-para-artistas-con-wordpress\/#primaryimage\"},\"image\":{\"@id\":\"http:\/\/rednacionaldearte.com\/noticias\/creacion-de-sitios-web-para-artistas-con-wordpress\/#primaryimage\"},\"thumbnailUrl\":\"https:\/\/rednacionaldearte.com\/noticias\/wp-content\/uploads\/2016\/04\/Creacion-de-Sitios-Web-Artistas-WP-F.jpg\",\"datePublished\":\"2016-04-21T18:28:27+00:00\",\"dateModified\":\"2016-06-26T05:52:13+00:00\",\"breadcrumb\":{\"@id\":\"http:\/\/rednacionaldearte.com\/noticias\/creacion-de-sitios-web-para-artistas-con-wordpress\/#breadcrumb\"},\"inLanguage\":\"es\",\"potentialAction\":[{\"@type\":\"ReadAction\",\"target\":[\"http:\/\/rednacionaldearte.com\/noticias\/creacion-de-sitios-web-para-artistas-con-wordpress\/\"]}]},{\"@type\":\"ImageObject\",\"inLanguage\":\"es\",\"@id\":\"http:\/\/rednacionaldearte.com\/noticias\/creacion-de-sitios-web-para-artistas-con-wordpress\/#primaryimage\",\"url\":\"https:\/\/rednacionaldearte.com\/noticias\/wp-content\/uploads\/2016\/04\/Creacion-de-Sitios-Web-Artistas-WP-F.jpg\",\"contentUrl\":\"https:\/\/rednacionaldearte.com\/noticias\/wp-content\/uploads\/2016\/04\/Creacion-de-Sitios-Web-Artistas-WP-F.jpg\",\"width\":924,\"height\":641},{\"@type\":\"BreadcrumbList\",\"@id\":\"http:\/\/rednacionaldearte.com\/noticias\/creacion-de-sitios-web-para-artistas-con-wordpress\/#breadcrumb\",\"itemListElement\":[{\"@type\":\"ListItem\",\"position\":1,\"name\":\"Home\",\"item\":\"http:\/\/rednacionaldearte.com\/noticias\/\"},{\"@type\":\"ListItem\",\"position\":2,\"name\":\"Creaci\u00f3n de Sitios Web para Artistas con WordPress\"}]},{\"@type\":\"WebSite\",\"@id\":\"http:\/\/rednacionaldearte.com\/noticias\/#website\",\"url\":\"http:\/\/rednacionaldearte.com\/noticias\/\",\"name\":\"Red Nacional de Arte\",\"description\":\"Cultura y Arte contempor\u00e1neo en M\u00e9xico\",\"publisher\":{\"@id\":\"http:\/\/rednacionaldearte.com\/noticias\/#organization\"},\"potentialAction\":[{\"@type\":\"SearchAction\",\"target\":{\"@type\":\"EntryPoint\",\"urlTemplate\":\"http:\/\/rednacionaldearte.com\/noticias\/?s={search_term_string}\"},\"query-input\":{\"@type\":\"PropertyValueSpecification\",\"valueRequired\":true,\"valueName\":\"search_term_string\"}}],\"inLanguage\":\"es\"},{\"@type\":\"Organization\",\"@id\":\"http:\/\/rednacionaldearte.com\/noticias\/#organization\",\"name\":\"Red Nacional de Arte\",\"url\":\"http:\/\/rednacionaldearte.com\/noticias\/\",\"logo\":{\"@type\":\"ImageObject\",\"inLanguage\":\"es\",\"@id\":\"http:\/\/rednacionaldearte.com\/noticias\/#\/schema\/logo\/image\/\",\"url\":\"http:\/\/rednacionaldearte.com\/noticias\/wp-content\/uploads\/2016\/04\/logo.png\",\"contentUrl\":\"http:\/\/rednacionaldearte.com\/noticias\/wp-content\/uploads\/2016\/04\/logo.png\",\"width\":575,\"height\":554,\"caption\":\"Red Nacional de Arte\"},\"image\":{\"@id\":\"http:\/\/rednacionaldearte.com\/noticias\/#\/schema\/logo\/image\/\"},\"sameAs\":[\"http:\/\/www.facebook.com\/rednacionaldearte\/\",\"https:\/\/x.com\/rednacionalarte\"]},{\"@type\":\"Person\",\"@id\":\"http:\/\/rednacionaldearte.com\/noticias\/#\/schema\/person\/489d635082b1de413434d2708a3e5b9b\",\"name\":\"Redacci\u00f3n\",\"image\":{\"@type\":\"ImageObject\",\"inLanguage\":\"es\",\"@id\":\"https:\/\/secure.gravatar.com\/avatar\/1d1c30eaee7c2f6cfa13fb8502cb06839106cdf371b9953d50e4b572d0bfa3c7?s=96&d=mm&r=g\",\"url\":\"https:\/\/secure.gravatar.com\/avatar\/1d1c30eaee7c2f6cfa13fb8502cb06839106cdf371b9953d50e4b572d0bfa3c7?s=96&d=mm&r=g\",\"contentUrl\":\"https:\/\/secure.gravatar.com\/avatar\/1d1c30eaee7c2f6cfa13fb8502cb06839106cdf371b9953d50e4b572d0bfa3c7?s=96&d=mm&r=g\",\"caption\":\"Redacci\u00f3n\"},\"url\":\"https:\/\/rednacionaldearte.com\/noticias\/author\/adan\/\"}]}<\/script>\n<!-- \/ Yoast SEO plugin. -->","yoast_head_json":{"title":"Creaci\u00f3n de Sitios Web para Artistas con Wordpress - Red Nacional de Arte","robots":{"index":"index","follow":"follow","max-snippet":"max-snippet:-1","max-image-preview":"max-image-preview:large","max-video-preview":"max-video-preview:-1"},"canonical":"http:\/\/rednacionaldearte.com\/noticias\/creacion-de-sitios-web-para-artistas-con-wordpress\/","og_locale":"es_ES","og_type":"article","og_title":"Creaci\u00f3n de Sitios Web para Artistas con Wordpress - Red Nacional de Arte","og_description":"Modalidad: En l\u00ednea. Impartido por: Ad\u00e1n Ruiz. La importancia de una p\u00e1gina web para un artista (sea novel, emergente o establecido) es indiscutible. Fot\u00f3grafos, artistas pl\u00e1sticos, m\u00fasicos, core\u00f3grafos, realizadores cinematogr\u00e1ficos, escultores, o de cualquier tipo, requieren que su figura y trabajo sean conocidos y accesibles desde cualquier parte del mundo, dejando atr\u00e1s las limitaciones como [&hellip;]","og_url":"http:\/\/rednacionaldearte.com\/noticias\/creacion-de-sitios-web-para-artistas-con-wordpress\/","og_site_name":"Red Nacional de Arte","article_publisher":"http:\/\/www.facebook.com\/rednacionaldearte\/","article_published_time":"2016-04-21T18:28:27+00:00","article_modified_time":"2016-06-26T05:52:13+00:00","og_image":[{"width":924,"height":641,"url":"http:\/\/rednacionaldearte.com\/noticias\/wp-content\/uploads\/2016\/04\/Creacion-de-Sitios-Web-Artistas-WP-F.jpg","type":"image\/jpeg"}],"author":"Redacci\u00f3n","twitter_card":"summary_large_image","twitter_creator":"@rednacionalarte","twitter_site":"@rednacionalarte","twitter_misc":{"Escrito por":"Redacci\u00f3n","Tiempo de lectura":"3 minutos"},"schema":{"@context":"https:\/\/schema.org","@graph":[{"@type":"Article","@id":"http:\/\/rednacionaldearte.com\/noticias\/creacion-de-sitios-web-para-artistas-con-wordpress\/#article","isPartOf":{"@id":"http:\/\/rednacionaldearte.com\/noticias\/creacion-de-sitios-web-para-artistas-con-wordpress\/"},"author":{"name":"Redacci\u00f3n","@id":"http:\/\/rednacionaldearte.com\/noticias\/#\/schema\/person\/489d635082b1de413434d2708a3e5b9b"},"headline":"Creaci\u00f3n de Sitios Web para Artistas con WordPress","datePublished":"2016-04-21T18:28:27+00:00","dateModified":"2016-06-26T05:52:13+00:00","mainEntityOfPage":{"@id":"http:\/\/rednacionaldearte.com\/noticias\/creacion-de-sitios-web-para-artistas-con-wordpress\/"},"wordCount":575,"publisher":{"@id":"http:\/\/rednacionaldearte.com\/noticias\/#organization"},"image":{"@id":"http:\/\/rednacionaldearte.com\/noticias\/creacion-de-sitios-web-para-artistas-con-wordpress\/#primaryimage"},"thumbnailUrl":"https:\/\/rednacionaldearte.com\/noticias\/wp-content\/uploads\/2016\/04\/Creacion-de-Sitios-Web-Artistas-WP-F.jpg","keywords":["Cursos para Artistas","P\u00e1ginas Web para Artistas","Wordpress"],"articleSection":["Cursos","Otros","RNA"],"inLanguage":"es"},{"@type":"WebPage","@id":"http:\/\/rednacionaldearte.com\/noticias\/creacion-de-sitios-web-para-artistas-con-wordpress\/","url":"http:\/\/rednacionaldearte.com\/noticias\/creacion-de-sitios-web-para-artistas-con-wordpress\/","name":"Creaci\u00f3n de Sitios Web para Artistas con Wordpress - Red Nacional de Arte","isPartOf":{"@id":"http:\/\/rednacionaldearte.com\/noticias\/#website"},"primaryImageOfPage":{"@id":"http:\/\/rednacionaldearte.com\/noticias\/creacion-de-sitios-web-para-artistas-con-wordpress\/#primaryimage"},"image":{"@id":"http:\/\/rednacionaldearte.com\/noticias\/creacion-de-sitios-web-para-artistas-con-wordpress\/#primaryimage"},"thumbnailUrl":"https:\/\/rednacionaldearte.com\/noticias\/wp-content\/uploads\/2016\/04\/Creacion-de-Sitios-Web-Artistas-WP-F.jpg","datePublished":"2016-04-21T18:28:27+00:00","dateModified":"2016-06-26T05:52:13+00:00","breadcrumb":{"@id":"http:\/\/rednacionaldearte.com\/noticias\/creacion-de-sitios-web-para-artistas-con-wordpress\/#breadcrumb"},"inLanguage":"es","potentialAction":[{"@type":"ReadAction","target":["http:\/\/rednacionaldearte.com\/noticias\/creacion-de-sitios-web-para-artistas-con-wordpress\/"]}]},{"@type":"ImageObject","inLanguage":"es","@id":"http:\/\/rednacionaldearte.com\/noticias\/creacion-de-sitios-web-para-artistas-con-wordpress\/#primaryimage","url":"https:\/\/rednacionaldearte.com\/noticias\/wp-content\/uploads\/2016\/04\/Creacion-de-Sitios-Web-Artistas-WP-F.jpg","contentUrl":"https:\/\/rednacionaldearte.com\/noticias\/wp-content\/uploads\/2016\/04\/Creacion-de-Sitios-Web-Artistas-WP-F.jpg","width":924,"height":641},{"@type":"BreadcrumbList","@id":"http:\/\/rednacionaldearte.com\/noticias\/creacion-de-sitios-web-para-artistas-con-wordpress\/#breadcrumb","itemListElement":[{"@type":"ListItem","position":1,"name":"Home","item":"http:\/\/rednacionaldearte.com\/noticias\/"},{"@type":"ListItem","position":2,"name":"Creaci\u00f3n de Sitios Web para Artistas con WordPress"}]},{"@type":"WebSite","@id":"http:\/\/rednacionaldearte.com\/noticias\/#website","url":"http:\/\/rednacionaldearte.com\/noticias\/","name":"Red Nacional de Arte","description":"Cultura y Arte contempor\u00e1neo en M\u00e9xico","publisher":{"@id":"http:\/\/rednacionaldearte.com\/noticias\/#organization"},"potentialAction":[{"@type":"SearchAction","target":{"@type":"EntryPoint","urlTemplate":"http:\/\/rednacionaldearte.com\/noticias\/?s={search_term_string}"},"query-input":{"@type":"PropertyValueSpecification","valueRequired":true,"valueName":"search_term_string"}}],"inLanguage":"es"},{"@type":"Organization","@id":"http:\/\/rednacionaldearte.com\/noticias\/#organization","name":"Red Nacional de Arte","url":"http:\/\/rednacionaldearte.com\/noticias\/","logo":{"@type":"ImageObject","inLanguage":"es","@id":"http:\/\/rednacionaldearte.com\/noticias\/#\/schema\/logo\/image\/","url":"http:\/\/rednacionaldearte.com\/noticias\/wp-content\/uploads\/2016\/04\/logo.png","contentUrl":"http:\/\/rednacionaldearte.com\/noticias\/wp-content\/uploads\/2016\/04\/logo.png","width":575,"height":554,"caption":"Red Nacional de Arte"},"image":{"@id":"http:\/\/rednacionaldearte.com\/noticias\/#\/schema\/logo\/image\/"},"sameAs":["http:\/\/www.facebook.com\/rednacionaldearte\/","https:\/\/x.com\/rednacionalarte"]},{"@type":"Person","@id":"http:\/\/rednacionaldearte.com\/noticias\/#\/schema\/person\/489d635082b1de413434d2708a3e5b9b","name":"Redacci\u00f3n","image":{"@type":"ImageObject","inLanguage":"es","@id":"https:\/\/secure.gravatar.com\/avatar\/1d1c30eaee7c2f6cfa13fb8502cb06839106cdf371b9953d50e4b572d0bfa3c7?s=96&d=mm&r=g","url":"https:\/\/secure.gravatar.com\/avatar\/1d1c30eaee7c2f6cfa13fb8502cb06839106cdf371b9953d50e4b572d0bfa3c7?s=96&d=mm&r=g","contentUrl":"https:\/\/secure.gravatar.com\/avatar\/1d1c30eaee7c2f6cfa13fb8502cb06839106cdf371b9953d50e4b572d0bfa3c7?s=96&d=mm&r=g","caption":"Redacci\u00f3n"},"url":"https:\/\/rednacionaldearte.com\/noticias\/author\/adan\/"}]}},"amp_validity":null,"amp_enabled":true,"_links":{"self":[{"href":"https:\/\/rednacionaldearte.com\/noticias\/wp-json\/wp\/v2\/posts\/67","targetHints":{"allow":["GET"]}}],"collection":[{"href":"https:\/\/rednacionaldearte.com\/noticias\/wp-json\/wp\/v2\/posts"}],"about":[{"href":"https:\/\/rednacionaldearte.com\/noticias\/wp-json\/wp\/v2\/types\/post"}],"author":[{"embeddable":true,"href":"https:\/\/rednacionaldearte.com\/noticias\/wp-json\/wp\/v2\/users\/1"}],"replies":[{"embeddable":true,"href":"https:\/\/rednacionaldearte.com\/noticias\/wp-json\/wp\/v2\/comments?post=67"}],"version-history":[{"count":22,"href":"https:\/\/rednacionaldearte.com\/noticias\/wp-json\/wp\/v2\/posts\/67\/revisions"}],"predecessor-version":[{"id":123,"href":"https:\/\/rednacionaldearte.com\/noticias\/wp-json\/wp\/v2\/posts\/67\/revisions\/123"}],"wp:featuredmedia":[{"embeddable":true,"href":"https:\/\/rednacionaldearte.com\/noticias\/wp-json\/wp\/v2\/media\/121"}],"wp:attachment":[{"href":"https:\/\/rednacionaldearte.com\/noticias\/wp-json\/wp\/v2\/media?parent=67"}],"wp:term":[{"taxonomy":"category","embeddable":true,"href":"https:\/\/rednacionaldearte.com\/noticias\/wp-json\/wp\/v2\/categories?post=67"},{"taxonomy":"post_tag","embeddable":true,"href":"https:\/\/rednacionaldearte.com\/noticias\/wp-json\/wp\/v2\/tags?post=67"}],"curies":[{"name":"wp","href":"https:\/\/api.w.org\/{rel}","templated":true}]}}