{"id":688,"date":"2018-01-17T10:26:20","date_gmt":"2018-01-17T10:26:20","guid":{"rendered":"http:\/\/rednacionaldearte.com\/noticias\/?p=688"},"modified":"2018-01-16T18:55:07","modified_gmt":"2018-01-16T18:55:07","slug":"ceniza-pasos-cdmx","status":"publish","type":"post","link":"https:\/\/rednacionaldearte.com\/noticias\/ceniza-pasos-cdmx\/","title":{"rendered":"Ceniza de los Pasos dar\u00e1 inicio a gira nacional en la CDMX"},"content":{"rendered":"<p>La obra de danza contempor\u00e1nea con arn\u00e9s (o <strong>danza vertical<\/strong>) \u00abCeniza de los Pasos\u00bb iniciar\u00e1 su temporada de funciones este 2018 en la capital del pa\u00eds.<\/p>\n<p><a href=\"http:\/\/rednacionaldearte.com\/noticias\/wp-content\/uploads\/2018\/01\/4.jpg\"><img loading=\"lazy\" decoding=\"async\" class=\"aligncenter size-full wp-image-689\" src=\"http:\/\/rednacionaldearte.com\/noticias\/wp-content\/uploads\/2018\/01\/4.jpg\" alt=\"Ceniza de los Pasos\" width=\"1200\" height=\"630\" srcset=\"https:\/\/rednacionaldearte.com\/noticias\/wp-content\/uploads\/2018\/01\/4.jpg 1200w, https:\/\/rednacionaldearte.com\/noticias\/wp-content\/uploads\/2018\/01\/4-300x158.jpg 300w, https:\/\/rednacionaldearte.com\/noticias\/wp-content\/uploads\/2018\/01\/4-768x403.jpg 768w, https:\/\/rednacionaldearte.com\/noticias\/wp-content\/uploads\/2018\/01\/4-1024x538.jpg 1024w\" sizes=\"auto, (max-width: 1200px) 100vw, 1200px\" \/><\/a><\/p>\n<p>Ceniza de los pasos, pieza sobre paisajes volc\u00e1nicos, conmemorar\u00e1 el 75 aniversario del nacimiento del volc\u00e1n m\u00e1s joven del mundo; el Paricut\u00edn, ubicado en Michoac\u00e1n.<\/p>\n<p>Las funciones se llevar\u00e1n a cabo durante el primer semestre del a\u00f1o en dos de los teatros m\u00e1s importantes del pa\u00eds: La Sala Miguel Covarrubias del Centro Cultural Universitario y el Teatro de la Ciudad Esperanza Iris.<\/p>\n<p>Posteriormente continuar\u00e1 con funciones al interior de la rep\u00fablica. Las fechas para la Sala Covarrubias se anunciar\u00e1n a la brevedad. En el caso del Esperanza Iris, las presentaciones tendr\u00e1n lugar en mayo.<\/p>\n<p>La obra coreogr\u00e1fica es dirigida por Yuki Pastrana y Catalina Navarrete, quienes adem\u00e1s hacen de int\u00e9rpretes. La cinefotograf\u00eda del videoarte fue hecha por Ad\u00e1n Ruiz y Wenceslao L\u00f3pez, y en la m\u00fasica y dise\u00f1o sonoro colaboraron\u00a0He\u0301ctor Guerrero y Sebastia\u0301n Foss.<\/p>\n","protected":false},"excerpt":{"rendered":"<p>La obra de danza contempor\u00e1nea con arn\u00e9s (o danza vertical) \u00abCeniza de los Pasos\u00bb iniciar\u00e1 su temporada de funciones este 2018 en la capital del pa\u00eds. Ceniza de los pasos, pieza sobre paisajes volc\u00e1nicos, conmemorar\u00e1 el 75 aniversario del nacimiento del volc\u00e1n m\u00e1s joven del mundo; el Paricut\u00edn, ubicado en Michoac\u00e1n. Las funciones se llevar\u00e1n [&hellip;]<\/p>\n","protected":false},"author":1,"featured_media":689,"comment_status":"closed","ping_status":"open","sticky":false,"template":"","format":"standard","meta":{"footnotes":""},"categories":[103,58,41],"tags":[142],"class_list":["post-688","post","type-post","status-publish","format-standard","has-post-thumbnail","hentry","category-artes-escenicas","category-danza","category-rna","tag-ceniza-de-los-pasos"],"yoast_head":"<!-- This site is optimized with the Yoast SEO plugin v27.2 - https:\/\/yoast.com\/product\/yoast-seo-wordpress\/ -->\n<title>Ceniza de los Pasos dar\u00e1 inicio a gira nacional en la CDMX - Red Nacional de Arte<\/title>\n<meta name=\"robots\" content=\"index, follow, max-snippet:-1, max-image-preview:large, max-video-preview:-1\" \/>\n<link rel=\"canonical\" href=\"http:\/\/rednacionaldearte.com\/noticias\/ceniza-pasos-cdmx\/\" \/>\n<meta property=\"og:locale\" content=\"es_ES\" \/>\n<meta property=\"og:type\" content=\"article\" \/>\n<meta property=\"og:title\" content=\"Ceniza de los Pasos dar\u00e1 inicio a gira nacional en la CDMX - Red Nacional de Arte\" \/>\n<meta property=\"og:description\" content=\"La obra de danza contempor\u00e1nea con arn\u00e9s (o danza vertical) \u00abCeniza de los Pasos\u00bb iniciar\u00e1 su temporada de funciones este 2018 en la capital del pa\u00eds. Ceniza de los pasos, pieza sobre paisajes volc\u00e1nicos, conmemorar\u00e1 el 75 aniversario del nacimiento del volc\u00e1n m\u00e1s joven del mundo; el Paricut\u00edn, ubicado en Michoac\u00e1n. Las funciones se llevar\u00e1n [&hellip;]\" \/>\n<meta property=\"og:url\" content=\"http:\/\/rednacionaldearte.com\/noticias\/ceniza-pasos-cdmx\/\" \/>\n<meta property=\"og:site_name\" content=\"Red Nacional de Arte\" \/>\n<meta property=\"article:publisher\" content=\"http:\/\/www.facebook.com\/rednacionaldearte\/\" \/>\n<meta property=\"article:published_time\" content=\"2018-01-17T10:26:20+00:00\" \/>\n<meta property=\"og:image\" content=\"http:\/\/rednacionaldearte.com\/noticias\/wp-content\/uploads\/2018\/01\/4.jpg\" \/>\n\t<meta property=\"og:image:width\" content=\"1200\" \/>\n\t<meta property=\"og:image:height\" content=\"630\" \/>\n\t<meta property=\"og:image:type\" content=\"image\/jpeg\" \/>\n<meta name=\"author\" content=\"Redacci\u00f3n\" \/>\n<meta name=\"twitter:card\" content=\"summary_large_image\" \/>\n<meta name=\"twitter:creator\" content=\"@rednacionalarte\" \/>\n<meta name=\"twitter:site\" content=\"@rednacionalarte\" \/>\n<meta name=\"twitter:label1\" content=\"Escrito por\" \/>\n\t<meta name=\"twitter:data1\" content=\"Redacci\u00f3n\" \/>\n\t<meta name=\"twitter:label2\" content=\"Tiempo de lectura\" \/>\n\t<meta name=\"twitter:data2\" content=\"1 minuto\" \/>\n<script type=\"application\/ld+json\" class=\"yoast-schema-graph\">{\"@context\":\"https:\/\/schema.org\",\"@graph\":[{\"@type\":\"Article\",\"@id\":\"http:\/\/rednacionaldearte.com\/noticias\/ceniza-pasos-cdmx\/#article\",\"isPartOf\":{\"@id\":\"http:\/\/rednacionaldearte.com\/noticias\/ceniza-pasos-cdmx\/\"},\"author\":{\"name\":\"Redacci\u00f3n\",\"@id\":\"http:\/\/rednacionaldearte.com\/noticias\/#\/schema\/person\/489d635082b1de413434d2708a3e5b9b\"},\"headline\":\"Ceniza de los Pasos dar\u00e1 inicio a gira nacional en la CDMX\",\"datePublished\":\"2018-01-17T10:26:20+00:00\",\"mainEntityOfPage\":{\"@id\":\"http:\/\/rednacionaldearte.com\/noticias\/ceniza-pasos-cdmx\/\"},\"wordCount\":196,\"publisher\":{\"@id\":\"http:\/\/rednacionaldearte.com\/noticias\/#organization\"},\"image\":{\"@id\":\"http:\/\/rednacionaldearte.com\/noticias\/ceniza-pasos-cdmx\/#primaryimage\"},\"thumbnailUrl\":\"https:\/\/rednacionaldearte.com\/noticias\/wp-content\/uploads\/2018\/01\/4.jpg\",\"keywords\":[\"Ceniza de los Pasos\"],\"articleSection\":[\"Artes Esc\u00e9nicas\",\"Danza\",\"RNA\"],\"inLanguage\":\"es\"},{\"@type\":\"WebPage\",\"@id\":\"http:\/\/rednacionaldearte.com\/noticias\/ceniza-pasos-cdmx\/\",\"url\":\"http:\/\/rednacionaldearte.com\/noticias\/ceniza-pasos-cdmx\/\",\"name\":\"Ceniza de los Pasos dar\u00e1 inicio a gira nacional en la CDMX - Red Nacional de Arte\",\"isPartOf\":{\"@id\":\"http:\/\/rednacionaldearte.com\/noticias\/#website\"},\"primaryImageOfPage\":{\"@id\":\"http:\/\/rednacionaldearte.com\/noticias\/ceniza-pasos-cdmx\/#primaryimage\"},\"image\":{\"@id\":\"http:\/\/rednacionaldearte.com\/noticias\/ceniza-pasos-cdmx\/#primaryimage\"},\"thumbnailUrl\":\"https:\/\/rednacionaldearte.com\/noticias\/wp-content\/uploads\/2018\/01\/4.jpg\",\"datePublished\":\"2018-01-17T10:26:20+00:00\",\"breadcrumb\":{\"@id\":\"http:\/\/rednacionaldearte.com\/noticias\/ceniza-pasos-cdmx\/#breadcrumb\"},\"inLanguage\":\"es\",\"potentialAction\":[{\"@type\":\"ReadAction\",\"target\":[\"http:\/\/rednacionaldearte.com\/noticias\/ceniza-pasos-cdmx\/\"]}]},{\"@type\":\"ImageObject\",\"inLanguage\":\"es\",\"@id\":\"http:\/\/rednacionaldearte.com\/noticias\/ceniza-pasos-cdmx\/#primaryimage\",\"url\":\"https:\/\/rednacionaldearte.com\/noticias\/wp-content\/uploads\/2018\/01\/4.jpg\",\"contentUrl\":\"https:\/\/rednacionaldearte.com\/noticias\/wp-content\/uploads\/2018\/01\/4.jpg\",\"width\":1200,\"height\":630,\"caption\":\"Ceniza de los Pasos\"},{\"@type\":\"BreadcrumbList\",\"@id\":\"http:\/\/rednacionaldearte.com\/noticias\/ceniza-pasos-cdmx\/#breadcrumb\",\"itemListElement\":[{\"@type\":\"ListItem\",\"position\":1,\"name\":\"Home\",\"item\":\"http:\/\/rednacionaldearte.com\/noticias\/\"},{\"@type\":\"ListItem\",\"position\":2,\"name\":\"Ceniza de los Pasos dar\u00e1 inicio a gira nacional en la CDMX\"}]},{\"@type\":\"WebSite\",\"@id\":\"http:\/\/rednacionaldearte.com\/noticias\/#website\",\"url\":\"http:\/\/rednacionaldearte.com\/noticias\/\",\"name\":\"Red Nacional de Arte\",\"description\":\"Cultura y Arte contempor\u00e1neo en M\u00e9xico\",\"publisher\":{\"@id\":\"http:\/\/rednacionaldearte.com\/noticias\/#organization\"},\"potentialAction\":[{\"@type\":\"SearchAction\",\"target\":{\"@type\":\"EntryPoint\",\"urlTemplate\":\"http:\/\/rednacionaldearte.com\/noticias\/?s={search_term_string}\"},\"query-input\":{\"@type\":\"PropertyValueSpecification\",\"valueRequired\":true,\"valueName\":\"search_term_string\"}}],\"inLanguage\":\"es\"},{\"@type\":\"Organization\",\"@id\":\"http:\/\/rednacionaldearte.com\/noticias\/#organization\",\"name\":\"Red Nacional de Arte\",\"url\":\"http:\/\/rednacionaldearte.com\/noticias\/\",\"logo\":{\"@type\":\"ImageObject\",\"inLanguage\":\"es\",\"@id\":\"http:\/\/rednacionaldearte.com\/noticias\/#\/schema\/logo\/image\/\",\"url\":\"http:\/\/rednacionaldearte.com\/noticias\/wp-content\/uploads\/2016\/04\/logo.png\",\"contentUrl\":\"http:\/\/rednacionaldearte.com\/noticias\/wp-content\/uploads\/2016\/04\/logo.png\",\"width\":575,\"height\":554,\"caption\":\"Red Nacional de Arte\"},\"image\":{\"@id\":\"http:\/\/rednacionaldearte.com\/noticias\/#\/schema\/logo\/image\/\"},\"sameAs\":[\"http:\/\/www.facebook.com\/rednacionaldearte\/\",\"https:\/\/x.com\/rednacionalarte\"]},{\"@type\":\"Person\",\"@id\":\"http:\/\/rednacionaldearte.com\/noticias\/#\/schema\/person\/489d635082b1de413434d2708a3e5b9b\",\"name\":\"Redacci\u00f3n\",\"image\":{\"@type\":\"ImageObject\",\"inLanguage\":\"es\",\"@id\":\"https:\/\/secure.gravatar.com\/avatar\/1d1c30eaee7c2f6cfa13fb8502cb06839106cdf371b9953d50e4b572d0bfa3c7?s=96&d=mm&r=g\",\"url\":\"https:\/\/secure.gravatar.com\/avatar\/1d1c30eaee7c2f6cfa13fb8502cb06839106cdf371b9953d50e4b572d0bfa3c7?s=96&d=mm&r=g\",\"contentUrl\":\"https:\/\/secure.gravatar.com\/avatar\/1d1c30eaee7c2f6cfa13fb8502cb06839106cdf371b9953d50e4b572d0bfa3c7?s=96&d=mm&r=g\",\"caption\":\"Redacci\u00f3n\"},\"url\":\"https:\/\/rednacionaldearte.com\/noticias\/author\/adan\/\"}]}<\/script>\n<!-- \/ Yoast SEO plugin. -->","yoast_head_json":{"title":"Ceniza de los Pasos dar\u00e1 inicio a gira nacional en la CDMX - Red Nacional de Arte","robots":{"index":"index","follow":"follow","max-snippet":"max-snippet:-1","max-image-preview":"max-image-preview:large","max-video-preview":"max-video-preview:-1"},"canonical":"http:\/\/rednacionaldearte.com\/noticias\/ceniza-pasos-cdmx\/","og_locale":"es_ES","og_type":"article","og_title":"Ceniza de los Pasos dar\u00e1 inicio a gira nacional en la CDMX - Red Nacional de Arte","og_description":"La obra de danza contempor\u00e1nea con arn\u00e9s (o danza vertical) \u00abCeniza de los Pasos\u00bb iniciar\u00e1 su temporada de funciones este 2018 en la capital del pa\u00eds. Ceniza de los pasos, pieza sobre paisajes volc\u00e1nicos, conmemorar\u00e1 el 75 aniversario del nacimiento del volc\u00e1n m\u00e1s joven del mundo; el Paricut\u00edn, ubicado en Michoac\u00e1n. Las funciones se llevar\u00e1n [&hellip;]","og_url":"http:\/\/rednacionaldearte.com\/noticias\/ceniza-pasos-cdmx\/","og_site_name":"Red Nacional de Arte","article_publisher":"http:\/\/www.facebook.com\/rednacionaldearte\/","article_published_time":"2018-01-17T10:26:20+00:00","og_image":[{"width":1200,"height":630,"url":"http:\/\/rednacionaldearte.com\/noticias\/wp-content\/uploads\/2018\/01\/4.jpg","type":"image\/jpeg"}],"author":"Redacci\u00f3n","twitter_card":"summary_large_image","twitter_creator":"@rednacionalarte","twitter_site":"@rednacionalarte","twitter_misc":{"Escrito por":"Redacci\u00f3n","Tiempo de lectura":"1 minuto"},"schema":{"@context":"https:\/\/schema.org","@graph":[{"@type":"Article","@id":"http:\/\/rednacionaldearte.com\/noticias\/ceniza-pasos-cdmx\/#article","isPartOf":{"@id":"http:\/\/rednacionaldearte.com\/noticias\/ceniza-pasos-cdmx\/"},"author":{"name":"Redacci\u00f3n","@id":"http:\/\/rednacionaldearte.com\/noticias\/#\/schema\/person\/489d635082b1de413434d2708a3e5b9b"},"headline":"Ceniza de los Pasos dar\u00e1 inicio a gira nacional en la CDMX","datePublished":"2018-01-17T10:26:20+00:00","mainEntityOfPage":{"@id":"http:\/\/rednacionaldearte.com\/noticias\/ceniza-pasos-cdmx\/"},"wordCount":196,"publisher":{"@id":"http:\/\/rednacionaldearte.com\/noticias\/#organization"},"image":{"@id":"http:\/\/rednacionaldearte.com\/noticias\/ceniza-pasos-cdmx\/#primaryimage"},"thumbnailUrl":"https:\/\/rednacionaldearte.com\/noticias\/wp-content\/uploads\/2018\/01\/4.jpg","keywords":["Ceniza de los Pasos"],"articleSection":["Artes Esc\u00e9nicas","Danza","RNA"],"inLanguage":"es"},{"@type":"WebPage","@id":"http:\/\/rednacionaldearte.com\/noticias\/ceniza-pasos-cdmx\/","url":"http:\/\/rednacionaldearte.com\/noticias\/ceniza-pasos-cdmx\/","name":"Ceniza de los Pasos dar\u00e1 inicio a gira nacional en la CDMX - Red Nacional de Arte","isPartOf":{"@id":"http:\/\/rednacionaldearte.com\/noticias\/#website"},"primaryImageOfPage":{"@id":"http:\/\/rednacionaldearte.com\/noticias\/ceniza-pasos-cdmx\/#primaryimage"},"image":{"@id":"http:\/\/rednacionaldearte.com\/noticias\/ceniza-pasos-cdmx\/#primaryimage"},"thumbnailUrl":"https:\/\/rednacionaldearte.com\/noticias\/wp-content\/uploads\/2018\/01\/4.jpg","datePublished":"2018-01-17T10:26:20+00:00","breadcrumb":{"@id":"http:\/\/rednacionaldearte.com\/noticias\/ceniza-pasos-cdmx\/#breadcrumb"},"inLanguage":"es","potentialAction":[{"@type":"ReadAction","target":["http:\/\/rednacionaldearte.com\/noticias\/ceniza-pasos-cdmx\/"]}]},{"@type":"ImageObject","inLanguage":"es","@id":"http:\/\/rednacionaldearte.com\/noticias\/ceniza-pasos-cdmx\/#primaryimage","url":"https:\/\/rednacionaldearte.com\/noticias\/wp-content\/uploads\/2018\/01\/4.jpg","contentUrl":"https:\/\/rednacionaldearte.com\/noticias\/wp-content\/uploads\/2018\/01\/4.jpg","width":1200,"height":630,"caption":"Ceniza de los Pasos"},{"@type":"BreadcrumbList","@id":"http:\/\/rednacionaldearte.com\/noticias\/ceniza-pasos-cdmx\/#breadcrumb","itemListElement":[{"@type":"ListItem","position":1,"name":"Home","item":"http:\/\/rednacionaldearte.com\/noticias\/"},{"@type":"ListItem","position":2,"name":"Ceniza de los Pasos dar\u00e1 inicio a gira nacional en la CDMX"}]},{"@type":"WebSite","@id":"http:\/\/rednacionaldearte.com\/noticias\/#website","url":"http:\/\/rednacionaldearte.com\/noticias\/","name":"Red Nacional de Arte","description":"Cultura y Arte contempor\u00e1neo en M\u00e9xico","publisher":{"@id":"http:\/\/rednacionaldearte.com\/noticias\/#organization"},"potentialAction":[{"@type":"SearchAction","target":{"@type":"EntryPoint","urlTemplate":"http:\/\/rednacionaldearte.com\/noticias\/?s={search_term_string}"},"query-input":{"@type":"PropertyValueSpecification","valueRequired":true,"valueName":"search_term_string"}}],"inLanguage":"es"},{"@type":"Organization","@id":"http:\/\/rednacionaldearte.com\/noticias\/#organization","name":"Red Nacional de Arte","url":"http:\/\/rednacionaldearte.com\/noticias\/","logo":{"@type":"ImageObject","inLanguage":"es","@id":"http:\/\/rednacionaldearte.com\/noticias\/#\/schema\/logo\/image\/","url":"http:\/\/rednacionaldearte.com\/noticias\/wp-content\/uploads\/2016\/04\/logo.png","contentUrl":"http:\/\/rednacionaldearte.com\/noticias\/wp-content\/uploads\/2016\/04\/logo.png","width":575,"height":554,"caption":"Red Nacional de Arte"},"image":{"@id":"http:\/\/rednacionaldearte.com\/noticias\/#\/schema\/logo\/image\/"},"sameAs":["http:\/\/www.facebook.com\/rednacionaldearte\/","https:\/\/x.com\/rednacionalarte"]},{"@type":"Person","@id":"http:\/\/rednacionaldearte.com\/noticias\/#\/schema\/person\/489d635082b1de413434d2708a3e5b9b","name":"Redacci\u00f3n","image":{"@type":"ImageObject","inLanguage":"es","@id":"https:\/\/secure.gravatar.com\/avatar\/1d1c30eaee7c2f6cfa13fb8502cb06839106cdf371b9953d50e4b572d0bfa3c7?s=96&d=mm&r=g","url":"https:\/\/secure.gravatar.com\/avatar\/1d1c30eaee7c2f6cfa13fb8502cb06839106cdf371b9953d50e4b572d0bfa3c7?s=96&d=mm&r=g","contentUrl":"https:\/\/secure.gravatar.com\/avatar\/1d1c30eaee7c2f6cfa13fb8502cb06839106cdf371b9953d50e4b572d0bfa3c7?s=96&d=mm&r=g","caption":"Redacci\u00f3n"},"url":"https:\/\/rednacionaldearte.com\/noticias\/author\/adan\/"}]}},"amp_validity":null,"amp_enabled":true,"_links":{"self":[{"href":"https:\/\/rednacionaldearte.com\/noticias\/wp-json\/wp\/v2\/posts\/688","targetHints":{"allow":["GET"]}}],"collection":[{"href":"https:\/\/rednacionaldearte.com\/noticias\/wp-json\/wp\/v2\/posts"}],"about":[{"href":"https:\/\/rednacionaldearte.com\/noticias\/wp-json\/wp\/v2\/types\/post"}],"author":[{"embeddable":true,"href":"https:\/\/rednacionaldearte.com\/noticias\/wp-json\/wp\/v2\/users\/1"}],"replies":[{"embeddable":true,"href":"https:\/\/rednacionaldearte.com\/noticias\/wp-json\/wp\/v2\/comments?post=688"}],"version-history":[{"count":1,"href":"https:\/\/rednacionaldearte.com\/noticias\/wp-json\/wp\/v2\/posts\/688\/revisions"}],"predecessor-version":[{"id":690,"href":"https:\/\/rednacionaldearte.com\/noticias\/wp-json\/wp\/v2\/posts\/688\/revisions\/690"}],"wp:featuredmedia":[{"embeddable":true,"href":"https:\/\/rednacionaldearte.com\/noticias\/wp-json\/wp\/v2\/media\/689"}],"wp:attachment":[{"href":"https:\/\/rednacionaldearte.com\/noticias\/wp-json\/wp\/v2\/media?parent=688"}],"wp:term":[{"taxonomy":"category","embeddable":true,"href":"https:\/\/rednacionaldearte.com\/noticias\/wp-json\/wp\/v2\/categories?post=688"},{"taxonomy":"post_tag","embeddable":true,"href":"https:\/\/rednacionaldearte.com\/noticias\/wp-json\/wp\/v2\/tags?post=688"}],"curies":[{"name":"wp","href":"https:\/\/api.w.org\/{rel}","templated":true}]}}