{"id":733,"date":"2018-01-31T17:48:25","date_gmt":"2018-01-31T17:48:25","guid":{"rendered":"http:\/\/rednacionaldearte.com\/noticias\/?p=733"},"modified":"2018-01-31T17:51:15","modified_gmt":"2018-01-31T17:51:15","slug":"cdmx-construye-camara-revela-bn","status":"publish","type":"post","link":"https:\/\/rednacionaldearte.com\/noticias\/cdmx-construye-camara-revela-bn\/","title":{"rendered":"Laboratorio de Creaci\u00f3n Fotogr\u00e1fica en la CDMX: Construye tu propia c\u00e1mara y revela en B&#038;N"},"content":{"rendered":"<h1>Red Nacional de Arte invita al primer Laboratorio de Creaci\u00f3n Fotogr\u00e1fica en la CDMX.<\/h1>\n<p><a href=\"http:\/\/rednacionaldearte.com\/noticias\/wp-content\/uploads\/2018\/01\/Laboratorio-Estenope\u0301ico.jpg\"><img loading=\"lazy\" decoding=\"async\" class=\"aligncenter size-full wp-image-735\" src=\"http:\/\/rednacionaldearte.com\/noticias\/wp-content\/uploads\/2018\/01\/Laboratorio-Estenope\u0301ico.jpg\" alt=\"Laboratorio Estenope\u0301ico\" width=\"924\" height=\"641\" srcset=\"https:\/\/rednacionaldearte.com\/noticias\/wp-content\/uploads\/2018\/01\/Laboratorio-Estenope\u0301ico.jpg 924w, https:\/\/rednacionaldearte.com\/noticias\/wp-content\/uploads\/2018\/01\/Laboratorio-Estenope\u0301ico-300x208.jpg 300w, https:\/\/rednacionaldearte.com\/noticias\/wp-content\/uploads\/2018\/01\/Laboratorio-Estenope\u0301ico-768x533.jpg 768w\" sizes=\"auto, (max-width: 924px) 100vw, 924px\" \/><\/a><\/p>\n<p>Durante el laboratorio, cada participante podr\u00e1 armar una c\u00e1mara estenop\u00e9ica, capturar fotograf\u00edas con \u00e9sta y posteriormente revelarlas en un cuarto oscuro.<\/p>\n<p>La fotograf\u00eda estenop\u00e9ica tiene grandes posibilidades de experimentaci\u00f3n formal y est\u00e9tica, y resulta un m\u00e9todo muy did\u00e1ctico para la ense\u00f1anza fotogr\u00e1fica. El participante es capaz de comprender el fen\u00f3meno f\u00edsico que permite la formaci\u00f3n de im\u00e1genes, y al contar con una cantidad m\u00e1s limitada de disparos, se ve sujeto a discretizar la realidad y construir las piezas de manera m\u00e1s pensada.<\/p>\n<p>&nbsp;<\/p>\n<p><strong>Objetivos:<\/strong><\/p>\n<p>Generar un proceso de sensibilizaci\u00f3n art\u00edstica y experimentaci\u00f3n con soportes fotogr\u00e1ficos an\u00e1logos y procesos antiguos, entendiendo el fen\u00f3meno lum\u00ednico que produce la formaci\u00f3n de las im\u00e1genes para as\u00ed construir nuestra propia c\u00e1mara para pel\u00edcula de 35mm y realizar una serie fotogr\u00e1fica con ella, que posteriormente se revelar\u00e1 de forma qu\u00edmica en blanco y negro.<\/p>\n<p><strong>Dirigido a: <\/strong><\/p>\n<p>Toda persona interesada en la fotograf\u00eda y los procesos antiguos. Con o sin conocimientos fotogr\u00e1ficos previos.<\/p>\n<p>&nbsp;<\/p>\n<p>* Todo el material requerido ser\u00e1 proporcionado durante el laboratorio.<\/p>\n<p>&nbsp;<\/p>\n<p><strong>Fechas:<\/strong>&nbsp;Del 23 al 25 de Febrero, 2018.<\/p>\n<p><strong>Horario:&nbsp;<\/strong><\/p>\n<ul>\n<li>Viernes 23:&nbsp;&nbsp;17 hrs. a 20 hrs.<\/li>\n<li>S\u00e1bado 24 y Domingo 25: 11 hrs. a 14 hrs.<\/li>\n<\/ul>\n<p>&nbsp;<\/p>\n<p style=\"text-align: center;\"><strong>Al finalizar el laboratorio se entregar\u00e1 una constancia de participaci\u00f3n.<\/strong><\/p>\n<p>&nbsp;<\/p>\n<p><strong>Temas que ser\u00e1n abordados:<\/strong><\/p>\n<ul>\n<li>Los or\u00edgenes de la fotograf\u00eda<\/li>\n<li>La luz y la c\u00e1mara oscura<\/li>\n<li>La pel\u00edcula en Blanco y Negro<\/li>\n<li>Diafragmas, obturaci\u00f3n y sensibilidad del soporte<\/li>\n<li>Qu\u00edmicos<\/li>\n<li>Proceso de revelado en Blanco y Negro<\/li>\n<li>An\u00e1lisis del Negativo<\/li>\n<li>M\u00e9todos de escaneo y positivado alternativos<\/li>\n<\/ul>\n<p>&nbsp;<\/p>\n<p><strong>Coordina el laboratorio: <\/strong><\/p>\n<p>Francisco Mart\u00edn del Campo, fot\u00f3grafo y realizador cinematogr\u00e1fico. Ha expuesto su trabajo en diversas galer\u00edas de la rep\u00fablica mexicana. Ha participado en cortometrajes de ficci\u00f3n y documentales como director y cinefot\u00f3grafo, entre otros.<\/p>\n<p>&nbsp;<\/p>\n<p><strong>Cuota de recuperaci\u00f3n:<\/strong><\/p>\n<p>P\u00fablico en general: $1,350.00 mxn<\/p>\n<p><span style=\"color: #800000;\">Pagando antes del 10 de febrero:&nbsp;$1,100.00 mxn<\/span><\/p>\n<p>Estudiantes y participantes de eventos realizados por la Red (antes del 10 de Febrero): $1,000.00 mxn<\/p>\n<p>&nbsp;<\/p>\n<p><strong>M\u00e9todos de Pago: <\/strong><\/p>\n<p>1. Dep\u00f3sito o transferencia bancaria<\/p>\n<p>2. Pago en Tiendas OXXO<\/p>\n<p>3. Tarjetas de D\u00e9bito y Cr\u00e9dito mediante PayPal.<\/p>\n<p>&nbsp;<\/p>\n<p style=\"text-align: center;\"><a class=\"fasc-button fasc-size-medium fasc-type-flat\" style=\"background-color: #33809e; color: #ffffff;\" href=\"http:\/\/rednacionaldearte.com\/creacionfotografica\/\">Registrarse para recibir datos de Pago<\/a><\/p>\n<p style=\"text-align: center;\"><a class=\"fasc-button fasc-size-medium fasc-type-flat\" style=\"background-color: #33809e; color: #ffffff;\" target=\"_blank\" rel=\"noopener\" href=\"http:\/\/rednacionaldearte.com\/tienda\/producto\/laboratorio-creacion-fotografica-en-la-cdmx\/\">Pagar en l\u00ednea<\/a><\/p>\n<p>&nbsp;<\/p>\n","protected":false},"excerpt":{"rendered":"<p>Red Nacional de Arte invita al primer Laboratorio de Creaci\u00f3n Fotogr\u00e1fica en la CDMX. Durante el laboratorio, cada participante podr\u00e1 armar una c\u00e1mara estenop\u00e9ica, capturar fotograf\u00edas con \u00e9sta y posteriormente revelarlas en un cuarto oscuro. La fotograf\u00eda estenop\u00e9ica tiene grandes posibilidades de experimentaci\u00f3n formal y est\u00e9tica, y resulta un m\u00e9todo muy did\u00e1ctico para la ense\u00f1anza [&hellip;]<\/p>\n","protected":false},"author":1,"featured_media":738,"comment_status":"closed","ping_status":"open","sticky":false,"template":"","format":"standard","meta":{"footnotes":""},"categories":[59,43,2,63,41],"tags":[49],"class_list":["post-733","post","type-post","status-publish","format-standard","has-post-thumbnail","hentry","category-artes-visuales","category-cursos","category-fotografia","category-laboratorios","category-rna","tag-fotografia-estenopeica"],"yoast_head":"<!-- This site is optimized with the Yoast SEO plugin v27.2 - https:\/\/yoast.com\/product\/yoast-seo-wordpress\/ -->\n<title>Laboratorio de Creaci\u00f3n Fotogr\u00e1fica: Construye tu c\u00e1mara y revela<\/title>\n<meta name=\"description\" content=\"Durante el laboratorio, cada participante podr\u00e1 armar una c\u00e1mara estenop\u00e9ica, capturar fotograf\u00edas con \u00e9sta y posteriormente revelarlas en un cuarto oscuro.\" \/>\n<meta name=\"robots\" content=\"index, follow, max-snippet:-1, max-image-preview:large, max-video-preview:-1\" \/>\n<link rel=\"canonical\" href=\"http:\/\/rednacionaldearte.com\/noticias\/cdmx-construye-camara-revela-bn\/\" \/>\n<meta property=\"og:locale\" content=\"es_ES\" \/>\n<meta property=\"og:type\" content=\"article\" \/>\n<meta property=\"og:title\" content=\"Laboratorio de Creaci\u00f3n Fotogr\u00e1fica: Construye tu c\u00e1mara y revela\" \/>\n<meta property=\"og:description\" content=\"Durante el laboratorio, cada participante podr\u00e1 armar una c\u00e1mara estenop\u00e9ica, capturar fotograf\u00edas con \u00e9sta y posteriormente revelarlas en un cuarto oscuro.\" \/>\n<meta property=\"og:url\" content=\"http:\/\/rednacionaldearte.com\/noticias\/cdmx-construye-camara-revela-bn\/\" \/>\n<meta property=\"og:site_name\" content=\"Red Nacional de Arte\" \/>\n<meta property=\"article:publisher\" content=\"http:\/\/www.facebook.com\/rednacionaldearte\/\" \/>\n<meta property=\"article:published_time\" content=\"2018-01-31T17:48:25+00:00\" \/>\n<meta property=\"article:modified_time\" content=\"2018-01-31T17:51:15+00:00\" \/>\n<meta property=\"og:image\" content=\"http:\/\/rednacionaldearte.com\/noticias\/wp-content\/uploads\/2018\/01\/header.jpg\" \/>\n\t<meta property=\"og:image:width\" content=\"924\" \/>\n\t<meta property=\"og:image:height\" content=\"594\" \/>\n\t<meta property=\"og:image:type\" content=\"image\/jpeg\" \/>\n<meta name=\"author\" content=\"Redacci\u00f3n\" \/>\n<meta name=\"twitter:card\" content=\"summary_large_image\" \/>\n<meta name=\"twitter:creator\" content=\"@rednacionalarte\" \/>\n<meta name=\"twitter:site\" content=\"@rednacionalarte\" \/>\n<meta name=\"twitter:label1\" content=\"Escrito por\" \/>\n\t<meta name=\"twitter:data1\" content=\"Redacci\u00f3n\" \/>\n\t<meta name=\"twitter:label2\" content=\"Tiempo de lectura\" \/>\n\t<meta name=\"twitter:data2\" content=\"2 minutos\" \/>\n<script type=\"application\/ld+json\" class=\"yoast-schema-graph\">{\"@context\":\"https:\/\/schema.org\",\"@graph\":[{\"@type\":\"Article\",\"@id\":\"http:\/\/rednacionaldearte.com\/noticias\/cdmx-construye-camara-revela-bn\/#article\",\"isPartOf\":{\"@id\":\"http:\/\/rednacionaldearte.com\/noticias\/cdmx-construye-camara-revela-bn\/\"},\"author\":{\"name\":\"Redacci\u00f3n\",\"@id\":\"http:\/\/rednacionaldearte.com\/noticias\/#\/schema\/person\/489d635082b1de413434d2708a3e5b9b\"},\"headline\":\"Laboratorio de Creaci\u00f3n Fotogr\u00e1fica en la CDMX: Construye tu propia c\u00e1mara y revela en B&#038;N\",\"datePublished\":\"2018-01-31T17:48:25+00:00\",\"dateModified\":\"2018-01-31T17:51:15+00:00\",\"mainEntityOfPage\":{\"@id\":\"http:\/\/rednacionaldearte.com\/noticias\/cdmx-construye-camara-revela-bn\/\"},\"wordCount\":431,\"publisher\":{\"@id\":\"http:\/\/rednacionaldearte.com\/noticias\/#organization\"},\"image\":{\"@id\":\"http:\/\/rednacionaldearte.com\/noticias\/cdmx-construye-camara-revela-bn\/#primaryimage\"},\"thumbnailUrl\":\"https:\/\/rednacionaldearte.com\/noticias\/wp-content\/uploads\/2018\/01\/header.jpg\",\"keywords\":[\"Fotograf\u00eda estenopeica\"],\"articleSection\":[\"Artes Visuales\",\"Cursos\",\"Fotograf\u00eda\",\"Laboratorios\",\"RNA\"],\"inLanguage\":\"es\"},{\"@type\":\"WebPage\",\"@id\":\"http:\/\/rednacionaldearte.com\/noticias\/cdmx-construye-camara-revela-bn\/\",\"url\":\"http:\/\/rednacionaldearte.com\/noticias\/cdmx-construye-camara-revela-bn\/\",\"name\":\"Laboratorio de Creaci\u00f3n Fotogr\u00e1fica: Construye tu c\u00e1mara y revela\",\"isPartOf\":{\"@id\":\"http:\/\/rednacionaldearte.com\/noticias\/#website\"},\"primaryImageOfPage\":{\"@id\":\"http:\/\/rednacionaldearte.com\/noticias\/cdmx-construye-camara-revela-bn\/#primaryimage\"},\"image\":{\"@id\":\"http:\/\/rednacionaldearte.com\/noticias\/cdmx-construye-camara-revela-bn\/#primaryimage\"},\"thumbnailUrl\":\"https:\/\/rednacionaldearte.com\/noticias\/wp-content\/uploads\/2018\/01\/header.jpg\",\"datePublished\":\"2018-01-31T17:48:25+00:00\",\"dateModified\":\"2018-01-31T17:51:15+00:00\",\"description\":\"Durante el laboratorio, cada participante podr\u00e1 armar una c\u00e1mara estenop\u00e9ica, capturar fotograf\u00edas con \u00e9sta y posteriormente revelarlas en un cuarto oscuro.\",\"breadcrumb\":{\"@id\":\"http:\/\/rednacionaldearte.com\/noticias\/cdmx-construye-camara-revela-bn\/#breadcrumb\"},\"inLanguage\":\"es\",\"potentialAction\":[{\"@type\":\"ReadAction\",\"target\":[\"http:\/\/rednacionaldearte.com\/noticias\/cdmx-construye-camara-revela-bn\/\"]}]},{\"@type\":\"ImageObject\",\"inLanguage\":\"es\",\"@id\":\"http:\/\/rednacionaldearte.com\/noticias\/cdmx-construye-camara-revela-bn\/#primaryimage\",\"url\":\"https:\/\/rednacionaldearte.com\/noticias\/wp-content\/uploads\/2018\/01\/header.jpg\",\"contentUrl\":\"https:\/\/rednacionaldearte.com\/noticias\/wp-content\/uploads\/2018\/01\/header.jpg\",\"width\":924,\"height\":594},{\"@type\":\"BreadcrumbList\",\"@id\":\"http:\/\/rednacionaldearte.com\/noticias\/cdmx-construye-camara-revela-bn\/#breadcrumb\",\"itemListElement\":[{\"@type\":\"ListItem\",\"position\":1,\"name\":\"Home\",\"item\":\"http:\/\/rednacionaldearte.com\/noticias\/\"},{\"@type\":\"ListItem\",\"position\":2,\"name\":\"Laboratorio de Creaci\u00f3n Fotogr\u00e1fica en la CDMX: Construye tu propia c\u00e1mara y revela en B&#038;N\"}]},{\"@type\":\"WebSite\",\"@id\":\"http:\/\/rednacionaldearte.com\/noticias\/#website\",\"url\":\"http:\/\/rednacionaldearte.com\/noticias\/\",\"name\":\"Red Nacional de Arte\",\"description\":\"Cultura y Arte contempor\u00e1neo en M\u00e9xico\",\"publisher\":{\"@id\":\"http:\/\/rednacionaldearte.com\/noticias\/#organization\"},\"potentialAction\":[{\"@type\":\"SearchAction\",\"target\":{\"@type\":\"EntryPoint\",\"urlTemplate\":\"http:\/\/rednacionaldearte.com\/noticias\/?s={search_term_string}\"},\"query-input\":{\"@type\":\"PropertyValueSpecification\",\"valueRequired\":true,\"valueName\":\"search_term_string\"}}],\"inLanguage\":\"es\"},{\"@type\":\"Organization\",\"@id\":\"http:\/\/rednacionaldearte.com\/noticias\/#organization\",\"name\":\"Red Nacional de Arte\",\"url\":\"http:\/\/rednacionaldearte.com\/noticias\/\",\"logo\":{\"@type\":\"ImageObject\",\"inLanguage\":\"es\",\"@id\":\"http:\/\/rednacionaldearte.com\/noticias\/#\/schema\/logo\/image\/\",\"url\":\"http:\/\/rednacionaldearte.com\/noticias\/wp-content\/uploads\/2016\/04\/logo.png\",\"contentUrl\":\"http:\/\/rednacionaldearte.com\/noticias\/wp-content\/uploads\/2016\/04\/logo.png\",\"width\":575,\"height\":554,\"caption\":\"Red Nacional de Arte\"},\"image\":{\"@id\":\"http:\/\/rednacionaldearte.com\/noticias\/#\/schema\/logo\/image\/\"},\"sameAs\":[\"http:\/\/www.facebook.com\/rednacionaldearte\/\",\"https:\/\/x.com\/rednacionalarte\"]},{\"@type\":\"Person\",\"@id\":\"http:\/\/rednacionaldearte.com\/noticias\/#\/schema\/person\/489d635082b1de413434d2708a3e5b9b\",\"name\":\"Redacci\u00f3n\",\"image\":{\"@type\":\"ImageObject\",\"inLanguage\":\"es\",\"@id\":\"https:\/\/secure.gravatar.com\/avatar\/1d1c30eaee7c2f6cfa13fb8502cb06839106cdf371b9953d50e4b572d0bfa3c7?s=96&d=mm&r=g\",\"url\":\"https:\/\/secure.gravatar.com\/avatar\/1d1c30eaee7c2f6cfa13fb8502cb06839106cdf371b9953d50e4b572d0bfa3c7?s=96&d=mm&r=g\",\"contentUrl\":\"https:\/\/secure.gravatar.com\/avatar\/1d1c30eaee7c2f6cfa13fb8502cb06839106cdf371b9953d50e4b572d0bfa3c7?s=96&d=mm&r=g\",\"caption\":\"Redacci\u00f3n\"},\"url\":\"https:\/\/rednacionaldearte.com\/noticias\/author\/adan\/\"}]}<\/script>\n<!-- \/ Yoast SEO plugin. -->","yoast_head_json":{"title":"Laboratorio de Creaci\u00f3n Fotogr\u00e1fica: Construye tu c\u00e1mara y revela","description":"Durante el laboratorio, cada participante podr\u00e1 armar una c\u00e1mara estenop\u00e9ica, capturar fotograf\u00edas con \u00e9sta y posteriormente revelarlas en un cuarto oscuro.","robots":{"index":"index","follow":"follow","max-snippet":"max-snippet:-1","max-image-preview":"max-image-preview:large","max-video-preview":"max-video-preview:-1"},"canonical":"http:\/\/rednacionaldearte.com\/noticias\/cdmx-construye-camara-revela-bn\/","og_locale":"es_ES","og_type":"article","og_title":"Laboratorio de Creaci\u00f3n Fotogr\u00e1fica: Construye tu c\u00e1mara y revela","og_description":"Durante el laboratorio, cada participante podr\u00e1 armar una c\u00e1mara estenop\u00e9ica, capturar fotograf\u00edas con \u00e9sta y posteriormente revelarlas en un cuarto oscuro.","og_url":"http:\/\/rednacionaldearte.com\/noticias\/cdmx-construye-camara-revela-bn\/","og_site_name":"Red Nacional de Arte","article_publisher":"http:\/\/www.facebook.com\/rednacionaldearte\/","article_published_time":"2018-01-31T17:48:25+00:00","article_modified_time":"2018-01-31T17:51:15+00:00","og_image":[{"width":924,"height":594,"url":"http:\/\/rednacionaldearte.com\/noticias\/wp-content\/uploads\/2018\/01\/header.jpg","type":"image\/jpeg"}],"author":"Redacci\u00f3n","twitter_card":"summary_large_image","twitter_creator":"@rednacionalarte","twitter_site":"@rednacionalarte","twitter_misc":{"Escrito por":"Redacci\u00f3n","Tiempo de lectura":"2 minutos"},"schema":{"@context":"https:\/\/schema.org","@graph":[{"@type":"Article","@id":"http:\/\/rednacionaldearte.com\/noticias\/cdmx-construye-camara-revela-bn\/#article","isPartOf":{"@id":"http:\/\/rednacionaldearte.com\/noticias\/cdmx-construye-camara-revela-bn\/"},"author":{"name":"Redacci\u00f3n","@id":"http:\/\/rednacionaldearte.com\/noticias\/#\/schema\/person\/489d635082b1de413434d2708a3e5b9b"},"headline":"Laboratorio de Creaci\u00f3n Fotogr\u00e1fica en la CDMX: Construye tu propia c\u00e1mara y revela en B&#038;N","datePublished":"2018-01-31T17:48:25+00:00","dateModified":"2018-01-31T17:51:15+00:00","mainEntityOfPage":{"@id":"http:\/\/rednacionaldearte.com\/noticias\/cdmx-construye-camara-revela-bn\/"},"wordCount":431,"publisher":{"@id":"http:\/\/rednacionaldearte.com\/noticias\/#organization"},"image":{"@id":"http:\/\/rednacionaldearte.com\/noticias\/cdmx-construye-camara-revela-bn\/#primaryimage"},"thumbnailUrl":"https:\/\/rednacionaldearte.com\/noticias\/wp-content\/uploads\/2018\/01\/header.jpg","keywords":["Fotograf\u00eda estenopeica"],"articleSection":["Artes Visuales","Cursos","Fotograf\u00eda","Laboratorios","RNA"],"inLanguage":"es"},{"@type":"WebPage","@id":"http:\/\/rednacionaldearte.com\/noticias\/cdmx-construye-camara-revela-bn\/","url":"http:\/\/rednacionaldearte.com\/noticias\/cdmx-construye-camara-revela-bn\/","name":"Laboratorio de Creaci\u00f3n Fotogr\u00e1fica: Construye tu c\u00e1mara y revela","isPartOf":{"@id":"http:\/\/rednacionaldearte.com\/noticias\/#website"},"primaryImageOfPage":{"@id":"http:\/\/rednacionaldearte.com\/noticias\/cdmx-construye-camara-revela-bn\/#primaryimage"},"image":{"@id":"http:\/\/rednacionaldearte.com\/noticias\/cdmx-construye-camara-revela-bn\/#primaryimage"},"thumbnailUrl":"https:\/\/rednacionaldearte.com\/noticias\/wp-content\/uploads\/2018\/01\/header.jpg","datePublished":"2018-01-31T17:48:25+00:00","dateModified":"2018-01-31T17:51:15+00:00","description":"Durante el laboratorio, cada participante podr\u00e1 armar una c\u00e1mara estenop\u00e9ica, capturar fotograf\u00edas con \u00e9sta y posteriormente revelarlas en un cuarto oscuro.","breadcrumb":{"@id":"http:\/\/rednacionaldearte.com\/noticias\/cdmx-construye-camara-revela-bn\/#breadcrumb"},"inLanguage":"es","potentialAction":[{"@type":"ReadAction","target":["http:\/\/rednacionaldearte.com\/noticias\/cdmx-construye-camara-revela-bn\/"]}]},{"@type":"ImageObject","inLanguage":"es","@id":"http:\/\/rednacionaldearte.com\/noticias\/cdmx-construye-camara-revela-bn\/#primaryimage","url":"https:\/\/rednacionaldearte.com\/noticias\/wp-content\/uploads\/2018\/01\/header.jpg","contentUrl":"https:\/\/rednacionaldearte.com\/noticias\/wp-content\/uploads\/2018\/01\/header.jpg","width":924,"height":594},{"@type":"BreadcrumbList","@id":"http:\/\/rednacionaldearte.com\/noticias\/cdmx-construye-camara-revela-bn\/#breadcrumb","itemListElement":[{"@type":"ListItem","position":1,"name":"Home","item":"http:\/\/rednacionaldearte.com\/noticias\/"},{"@type":"ListItem","position":2,"name":"Laboratorio de Creaci\u00f3n Fotogr\u00e1fica en la CDMX: Construye tu propia c\u00e1mara y revela en B&#038;N"}]},{"@type":"WebSite","@id":"http:\/\/rednacionaldearte.com\/noticias\/#website","url":"http:\/\/rednacionaldearte.com\/noticias\/","name":"Red Nacional de Arte","description":"Cultura y Arte contempor\u00e1neo en M\u00e9xico","publisher":{"@id":"http:\/\/rednacionaldearte.com\/noticias\/#organization"},"potentialAction":[{"@type":"SearchAction","target":{"@type":"EntryPoint","urlTemplate":"http:\/\/rednacionaldearte.com\/noticias\/?s={search_term_string}"},"query-input":{"@type":"PropertyValueSpecification","valueRequired":true,"valueName":"search_term_string"}}],"inLanguage":"es"},{"@type":"Organization","@id":"http:\/\/rednacionaldearte.com\/noticias\/#organization","name":"Red Nacional de Arte","url":"http:\/\/rednacionaldearte.com\/noticias\/","logo":{"@type":"ImageObject","inLanguage":"es","@id":"http:\/\/rednacionaldearte.com\/noticias\/#\/schema\/logo\/image\/","url":"http:\/\/rednacionaldearte.com\/noticias\/wp-content\/uploads\/2016\/04\/logo.png","contentUrl":"http:\/\/rednacionaldearte.com\/noticias\/wp-content\/uploads\/2016\/04\/logo.png","width":575,"height":554,"caption":"Red Nacional de Arte"},"image":{"@id":"http:\/\/rednacionaldearte.com\/noticias\/#\/schema\/logo\/image\/"},"sameAs":["http:\/\/www.facebook.com\/rednacionaldearte\/","https:\/\/x.com\/rednacionalarte"]},{"@type":"Person","@id":"http:\/\/rednacionaldearte.com\/noticias\/#\/schema\/person\/489d635082b1de413434d2708a3e5b9b","name":"Redacci\u00f3n","image":{"@type":"ImageObject","inLanguage":"es","@id":"https:\/\/secure.gravatar.com\/avatar\/1d1c30eaee7c2f6cfa13fb8502cb06839106cdf371b9953d50e4b572d0bfa3c7?s=96&d=mm&r=g","url":"https:\/\/secure.gravatar.com\/avatar\/1d1c30eaee7c2f6cfa13fb8502cb06839106cdf371b9953d50e4b572d0bfa3c7?s=96&d=mm&r=g","contentUrl":"https:\/\/secure.gravatar.com\/avatar\/1d1c30eaee7c2f6cfa13fb8502cb06839106cdf371b9953d50e4b572d0bfa3c7?s=96&d=mm&r=g","caption":"Redacci\u00f3n"},"url":"https:\/\/rednacionaldearte.com\/noticias\/author\/adan\/"}]}},"amp_validity":null,"amp_enabled":true,"_links":{"self":[{"href":"https:\/\/rednacionaldearte.com\/noticias\/wp-json\/wp\/v2\/posts\/733","targetHints":{"allow":["GET"]}}],"collection":[{"href":"https:\/\/rednacionaldearte.com\/noticias\/wp-json\/wp\/v2\/posts"}],"about":[{"href":"https:\/\/rednacionaldearte.com\/noticias\/wp-json\/wp\/v2\/types\/post"}],"author":[{"embeddable":true,"href":"https:\/\/rednacionaldearte.com\/noticias\/wp-json\/wp\/v2\/users\/1"}],"replies":[{"embeddable":true,"href":"https:\/\/rednacionaldearte.com\/noticias\/wp-json\/wp\/v2\/comments?post=733"}],"version-history":[{"count":7,"href":"https:\/\/rednacionaldearte.com\/noticias\/wp-json\/wp\/v2\/posts\/733\/revisions"}],"predecessor-version":[{"id":742,"href":"https:\/\/rednacionaldearte.com\/noticias\/wp-json\/wp\/v2\/posts\/733\/revisions\/742"}],"wp:featuredmedia":[{"embeddable":true,"href":"https:\/\/rednacionaldearte.com\/noticias\/wp-json\/wp\/v2\/media\/738"}],"wp:attachment":[{"href":"https:\/\/rednacionaldearte.com\/noticias\/wp-json\/wp\/v2\/media?parent=733"}],"wp:term":[{"taxonomy":"category","embeddable":true,"href":"https:\/\/rednacionaldearte.com\/noticias\/wp-json\/wp\/v2\/categories?post=733"},{"taxonomy":"post_tag","embeddable":true,"href":"https:\/\/rednacionaldearte.com\/noticias\/wp-json\/wp\/v2\/tags?post=733"}],"curies":[{"name":"wp","href":"https:\/\/api.w.org\/{rel}","templated":true}]}}