{"id":743,"date":"2018-01-13T04:16:45","date_gmt":"2018-01-13T04:16:45","guid":{"rendered":"http:\/\/rednacionaldearte.com\/noticias\/?p=743"},"modified":"2018-02-01T04:23:37","modified_gmt":"2018-02-01T04:23:37","slug":"inauguracion-ciudades-realidades-metro-auditorio","status":"publish","type":"post","link":"https:\/\/rednacionaldearte.com\/noticias\/inauguracion-ciudades-realidades-metro-auditorio\/","title":{"rendered":"Inauguraci\u00f3n de \u00abCiudades y Realidades\u00bb en el Metro Auditorio"},"content":{"rendered":"<p>El pasado 10 de enero tuvo lugar la inauguraci\u00f3n de la exposici\u00f3n fotogr\u00e1fica \u201cCiudades y Realidades\u201d en\u00a0el la galer\u00eda del Metro Auditorio. Misma exposici\u00f3n permanecer\u00e1 abierta para todo el que desee visitarla durante hasta el 8 de febrero.<\/p>\n<p>Las obras exhibidas se encuentran a la venta a trav\u00e9s en el <span style=\"color: #800000;\"><a style=\"color: #800000;\" href=\"http:\/\/rednacionaldearte.com\/ciudadesyrealidades\/\">micrositio de la exposici\u00f3n<\/a><\/span>.<\/p>\n<p><a href=\"http:\/\/rednacionaldearte.com\/noticias\/wp-content\/uploads\/2018\/02\/Ciudades-y-Realidades-1.jpg\"><img loading=\"lazy\" decoding=\"async\" class=\"aligncenter size-full wp-image-745\" src=\"http:\/\/rednacionaldearte.com\/noticias\/wp-content\/uploads\/2018\/02\/Ciudades-y-Realidades-1.jpg\" alt=\"\" width=\"976\" height=\"607\" srcset=\"https:\/\/rednacionaldearte.com\/noticias\/wp-content\/uploads\/2018\/02\/Ciudades-y-Realidades-1.jpg 976w, https:\/\/rednacionaldearte.com\/noticias\/wp-content\/uploads\/2018\/02\/Ciudades-y-Realidades-1-300x187.jpg 300w, https:\/\/rednacionaldearte.com\/noticias\/wp-content\/uploads\/2018\/02\/Ciudades-y-Realidades-1-768x478.jpg 768w\" sizes=\"auto, (max-width: 976px) 100vw, 976px\" \/><\/a> <a href=\"http:\/\/rednacionaldearte.com\/noticias\/wp-content\/uploads\/2018\/02\/Ciudades-y-Realidades-2.jpg\"><img loading=\"lazy\" decoding=\"async\" class=\"aligncenter size-full wp-image-746\" src=\"http:\/\/rednacionaldearte.com\/noticias\/wp-content\/uploads\/2018\/02\/Ciudades-y-Realidades-2.jpg\" alt=\"\" width=\"805\" height=\"605\" srcset=\"https:\/\/rednacionaldearte.com\/noticias\/wp-content\/uploads\/2018\/02\/Ciudades-y-Realidades-2.jpg 805w, https:\/\/rednacionaldearte.com\/noticias\/wp-content\/uploads\/2018\/02\/Ciudades-y-Realidades-2-300x225.jpg 300w, https:\/\/rednacionaldearte.com\/noticias\/wp-content\/uploads\/2018\/02\/Ciudades-y-Realidades-2-768x577.jpg 768w\" sizes=\"auto, (max-width: 805px) 100vw, 805px\" \/><\/a> <a href=\"http:\/\/rednacionaldearte.com\/noticias\/wp-content\/uploads\/2018\/02\/Ciudades-y-Realidades-3.jpg\"><img loading=\"lazy\" decoding=\"async\" class=\"aligncenter size-full wp-image-747\" src=\"http:\/\/rednacionaldearte.com\/noticias\/wp-content\/uploads\/2018\/02\/Ciudades-y-Realidades-3.jpg\" alt=\"\" width=\"925\" height=\"606\" srcset=\"https:\/\/rednacionaldearte.com\/noticias\/wp-content\/uploads\/2018\/02\/Ciudades-y-Realidades-3.jpg 925w, https:\/\/rednacionaldearte.com\/noticias\/wp-content\/uploads\/2018\/02\/Ciudades-y-Realidades-3-300x197.jpg 300w, https:\/\/rednacionaldearte.com\/noticias\/wp-content\/uploads\/2018\/02\/Ciudades-y-Realidades-3-768x503.jpg 768w, https:\/\/rednacionaldearte.com\/noticias\/wp-content\/uploads\/2018\/02\/Ciudades-y-Realidades-3-100x65.jpg 100w, https:\/\/rednacionaldearte.com\/noticias\/wp-content\/uploads\/2018\/02\/Ciudades-y-Realidades-3-260x170.jpg 260w\" sizes=\"auto, (max-width: 925px) 100vw, 925px\" \/><\/a> <a href=\"http:\/\/rednacionaldearte.com\/noticias\/wp-content\/uploads\/2018\/02\/Ciudades-y-Realidades-4.jpg\"><img loading=\"lazy\" decoding=\"async\" class=\"aligncenter size-full wp-image-748\" src=\"http:\/\/rednacionaldearte.com\/noticias\/wp-content\/uploads\/2018\/02\/Ciudades-y-Realidades-4.jpg\" alt=\"\" width=\"973\" height=\"606\" srcset=\"https:\/\/rednacionaldearte.com\/noticias\/wp-content\/uploads\/2018\/02\/Ciudades-y-Realidades-4.jpg 973w, https:\/\/rednacionaldearte.com\/noticias\/wp-content\/uploads\/2018\/02\/Ciudades-y-Realidades-4-300x187.jpg 300w, https:\/\/rednacionaldearte.com\/noticias\/wp-content\/uploads\/2018\/02\/Ciudades-y-Realidades-4-768x478.jpg 768w\" sizes=\"auto, (max-width: 973px) 100vw, 973px\" \/><\/a> <a href=\"http:\/\/rednacionaldearte.com\/noticias\/wp-content\/uploads\/2018\/02\/Ciudades-y-Realidades-5.jpg\"><img loading=\"lazy\" decoding=\"async\" class=\"aligncenter size-full wp-image-749\" src=\"http:\/\/rednacionaldearte.com\/noticias\/wp-content\/uploads\/2018\/02\/Ciudades-y-Realidades-5.jpg\" alt=\"\" width=\"813\" height=\"495\" srcset=\"https:\/\/rednacionaldearte.com\/noticias\/wp-content\/uploads\/2018\/02\/Ciudades-y-Realidades-5.jpg 813w, https:\/\/rednacionaldearte.com\/noticias\/wp-content\/uploads\/2018\/02\/Ciudades-y-Realidades-5-300x183.jpg 300w, https:\/\/rednacionaldearte.com\/noticias\/wp-content\/uploads\/2018\/02\/Ciudades-y-Realidades-5-768x468.jpg 768w\" sizes=\"auto, (max-width: 813px) 100vw, 813px\" \/><\/a> <a href=\"http:\/\/rednacionaldearte.com\/noticias\/wp-content\/uploads\/2018\/02\/Ciudades-y-Realidades-6.jpg\"><img loading=\"lazy\" decoding=\"async\" class=\"aligncenter size-full wp-image-750\" src=\"http:\/\/rednacionaldearte.com\/noticias\/wp-content\/uploads\/2018\/02\/Ciudades-y-Realidades-6.jpg\" alt=\"\" width=\"923\" height=\"602\" srcset=\"https:\/\/rednacionaldearte.com\/noticias\/wp-content\/uploads\/2018\/02\/Ciudades-y-Realidades-6.jpg 923w, https:\/\/rednacionaldearte.com\/noticias\/wp-content\/uploads\/2018\/02\/Ciudades-y-Realidades-6-300x196.jpg 300w, https:\/\/rednacionaldearte.com\/noticias\/wp-content\/uploads\/2018\/02\/Ciudades-y-Realidades-6-768x501.jpg 768w, https:\/\/rednacionaldearte.com\/noticias\/wp-content\/uploads\/2018\/02\/Ciudades-y-Realidades-6-100x65.jpg 100w, https:\/\/rednacionaldearte.com\/noticias\/wp-content\/uploads\/2018\/02\/Ciudades-y-Realidades-6-260x170.jpg 260w\" sizes=\"auto, (max-width: 923px) 100vw, 923px\" \/><\/a> <a href=\"http:\/\/rednacionaldearte.com\/noticias\/wp-content\/uploads\/2018\/02\/Ciudades-y-Realidades-7.jpg\"><img loading=\"lazy\" decoding=\"async\" class=\"aligncenter size-full wp-image-751\" src=\"http:\/\/rednacionaldearte.com\/noticias\/wp-content\/uploads\/2018\/02\/Ciudades-y-Realidades-7.jpg\" alt=\"\" width=\"971\" height=\"607\" srcset=\"https:\/\/rednacionaldearte.com\/noticias\/wp-content\/uploads\/2018\/02\/Ciudades-y-Realidades-7.jpg 971w, https:\/\/rednacionaldearte.com\/noticias\/wp-content\/uploads\/2018\/02\/Ciudades-y-Realidades-7-300x188.jpg 300w, https:\/\/rednacionaldearte.com\/noticias\/wp-content\/uploads\/2018\/02\/Ciudades-y-Realidades-7-768x480.jpg 768w\" sizes=\"auto, (max-width: 971px) 100vw, 971px\" \/><\/a><\/p>\n","protected":false},"excerpt":{"rendered":"<p>El pasado 10 de enero tuvo lugar la inauguraci\u00f3n de la exposici\u00f3n fotogr\u00e1fica \u201cCiudades y Realidades\u201d en\u00a0el la galer\u00eda del Metro Auditorio. Misma exposici\u00f3n permanecer\u00e1 abierta para todo el que desee visitarla durante hasta el 8 de febrero. Las obras exhibidas se encuentran a la venta a trav\u00e9s en el micrositio de la exposici\u00f3n.<\/p>\n","protected":false},"author":1,"featured_media":744,"comment_status":"closed","ping_status":"open","sticky":false,"template":"","format":"standard","meta":{"footnotes":""},"categories":[59,18,119,2,41],"tags":[131],"class_list":["post-743","post","type-post","status-publish","format-standard","has-post-thumbnail","hentry","category-artes-visuales","category-eventos","category-exposiciones","category-fotografia","category-rna","tag-ciudades-y-realidades"],"yoast_head":"<!-- This site is optimized with the Yoast SEO plugin v27.2 - https:\/\/yoast.com\/product\/yoast-seo-wordpress\/ -->\n<title>Inauguraci\u00f3n de &quot;Ciudades y Realidades&quot; en el Metro Auditorio<\/title>\n<meta name=\"robots\" content=\"index, follow, max-snippet:-1, max-image-preview:large, max-video-preview:-1\" \/>\n<link rel=\"canonical\" href=\"https:\/\/rednacionaldearte.com\/noticias\/inauguracion-ciudades-realidades-metro-auditorio\/\" \/>\n<meta property=\"og:locale\" content=\"es_ES\" \/>\n<meta property=\"og:type\" content=\"article\" \/>\n<meta property=\"og:title\" content=\"Inauguraci\u00f3n de &quot;Ciudades y Realidades&quot; en el Metro Auditorio\" \/>\n<meta property=\"og:description\" content=\"El pasado 10 de enero tuvo lugar la inauguraci\u00f3n de la exposici\u00f3n fotogr\u00e1fica \u201cCiudades y Realidades\u201d en\u00a0el la galer\u00eda del Metro Auditorio. Misma exposici\u00f3n permanecer\u00e1 abierta para todo el que desee visitarla durante hasta el 8 de febrero. Las obras exhibidas se encuentran a la venta a trav\u00e9s en el micrositio de la exposici\u00f3n.\" \/>\n<meta property=\"og:url\" content=\"https:\/\/rednacionaldearte.com\/noticias\/inauguracion-ciudades-realidades-metro-auditorio\/\" \/>\n<meta property=\"og:site_name\" content=\"Red Nacional de Arte\" \/>\n<meta property=\"article:publisher\" content=\"http:\/\/www.facebook.com\/rednacionaldearte\/\" \/>\n<meta property=\"article:published_time\" content=\"2018-01-13T04:16:45+00:00\" \/>\n<meta property=\"article:modified_time\" content=\"2018-02-01T04:23:37+00:00\" \/>\n<meta property=\"og:image\" content=\"http:\/\/rednacionaldearte.com\/noticias\/wp-content\/uploads\/2018\/02\/Screen-Shot-2018-01-31-at-10.20.20-PM.jpg\" \/>\n\t<meta property=\"og:image:width\" content=\"812\" \/>\n\t<meta property=\"og:image:height\" content=\"610\" \/>\n\t<meta property=\"og:image:type\" content=\"image\/jpeg\" \/>\n<meta name=\"author\" content=\"Redacci\u00f3n\" \/>\n<meta name=\"twitter:card\" content=\"summary_large_image\" \/>\n<meta name=\"twitter:creator\" content=\"@rednacionalarte\" \/>\n<meta name=\"twitter:site\" content=\"@rednacionalarte\" \/>\n<meta name=\"twitter:label1\" content=\"Escrito por\" \/>\n\t<meta name=\"twitter:data1\" content=\"Redacci\u00f3n\" \/>\n<script type=\"application\/ld+json\" class=\"yoast-schema-graph\">{\"@context\":\"https:\/\/schema.org\",\"@graph\":[{\"@type\":\"Article\",\"@id\":\"https:\/\/rednacionaldearte.com\/noticias\/inauguracion-ciudades-realidades-metro-auditorio\/#article\",\"isPartOf\":{\"@id\":\"https:\/\/rednacionaldearte.com\/noticias\/inauguracion-ciudades-realidades-metro-auditorio\/\"},\"author\":{\"name\":\"Redacci\u00f3n\",\"@id\":\"http:\/\/rednacionaldearte.com\/noticias\/#\/schema\/person\/489d635082b1de413434d2708a3e5b9b\"},\"headline\":\"Inauguraci\u00f3n de \u00abCiudades y Realidades\u00bb en el Metro Auditorio\",\"datePublished\":\"2018-01-13T04:16:45+00:00\",\"dateModified\":\"2018-02-01T04:23:37+00:00\",\"mainEntityOfPage\":{\"@id\":\"https:\/\/rednacionaldearte.com\/noticias\/inauguracion-ciudades-realidades-metro-auditorio\/\"},\"wordCount\":70,\"publisher\":{\"@id\":\"http:\/\/rednacionaldearte.com\/noticias\/#organization\"},\"image\":{\"@id\":\"https:\/\/rednacionaldearte.com\/noticias\/inauguracion-ciudades-realidades-metro-auditorio\/#primaryimage\"},\"thumbnailUrl\":\"https:\/\/rednacionaldearte.com\/noticias\/wp-content\/uploads\/2018\/02\/Screen-Shot-2018-01-31-at-10.20.20-PM.jpg\",\"keywords\":[\"Ciudades y Realidades\"],\"articleSection\":[\"Artes Visuales\",\"Eventos\",\"Exposiciones\",\"Fotograf\u00eda\",\"RNA\"],\"inLanguage\":\"es\"},{\"@type\":\"WebPage\",\"@id\":\"https:\/\/rednacionaldearte.com\/noticias\/inauguracion-ciudades-realidades-metro-auditorio\/\",\"url\":\"https:\/\/rednacionaldearte.com\/noticias\/inauguracion-ciudades-realidades-metro-auditorio\/\",\"name\":\"Inauguraci\u00f3n de \\\"Ciudades y Realidades\\\" en el Metro Auditorio\",\"isPartOf\":{\"@id\":\"http:\/\/rednacionaldearte.com\/noticias\/#website\"},\"primaryImageOfPage\":{\"@id\":\"https:\/\/rednacionaldearte.com\/noticias\/inauguracion-ciudades-realidades-metro-auditorio\/#primaryimage\"},\"image\":{\"@id\":\"https:\/\/rednacionaldearte.com\/noticias\/inauguracion-ciudades-realidades-metro-auditorio\/#primaryimage\"},\"thumbnailUrl\":\"https:\/\/rednacionaldearte.com\/noticias\/wp-content\/uploads\/2018\/02\/Screen-Shot-2018-01-31-at-10.20.20-PM.jpg\",\"datePublished\":\"2018-01-13T04:16:45+00:00\",\"dateModified\":\"2018-02-01T04:23:37+00:00\",\"breadcrumb\":{\"@id\":\"https:\/\/rednacionaldearte.com\/noticias\/inauguracion-ciudades-realidades-metro-auditorio\/#breadcrumb\"},\"inLanguage\":\"es\",\"potentialAction\":[{\"@type\":\"ReadAction\",\"target\":[\"https:\/\/rednacionaldearte.com\/noticias\/inauguracion-ciudades-realidades-metro-auditorio\/\"]}]},{\"@type\":\"ImageObject\",\"inLanguage\":\"es\",\"@id\":\"https:\/\/rednacionaldearte.com\/noticias\/inauguracion-ciudades-realidades-metro-auditorio\/#primaryimage\",\"url\":\"https:\/\/rednacionaldearte.com\/noticias\/wp-content\/uploads\/2018\/02\/Screen-Shot-2018-01-31-at-10.20.20-PM.jpg\",\"contentUrl\":\"https:\/\/rednacionaldearte.com\/noticias\/wp-content\/uploads\/2018\/02\/Screen-Shot-2018-01-31-at-10.20.20-PM.jpg\",\"width\":812,\"height\":610},{\"@type\":\"BreadcrumbList\",\"@id\":\"https:\/\/rednacionaldearte.com\/noticias\/inauguracion-ciudades-realidades-metro-auditorio\/#breadcrumb\",\"itemListElement\":[{\"@type\":\"ListItem\",\"position\":1,\"name\":\"Home\",\"item\":\"http:\/\/rednacionaldearte.com\/noticias\/\"},{\"@type\":\"ListItem\",\"position\":2,\"name\":\"Inauguraci\u00f3n de \u00abCiudades y Realidades\u00bb en el Metro Auditorio\"}]},{\"@type\":\"WebSite\",\"@id\":\"http:\/\/rednacionaldearte.com\/noticias\/#website\",\"url\":\"http:\/\/rednacionaldearte.com\/noticias\/\",\"name\":\"Red Nacional de Arte\",\"description\":\"Cultura y Arte contempor\u00e1neo en M\u00e9xico\",\"publisher\":{\"@id\":\"http:\/\/rednacionaldearte.com\/noticias\/#organization\"},\"potentialAction\":[{\"@type\":\"SearchAction\",\"target\":{\"@type\":\"EntryPoint\",\"urlTemplate\":\"http:\/\/rednacionaldearte.com\/noticias\/?s={search_term_string}\"},\"query-input\":{\"@type\":\"PropertyValueSpecification\",\"valueRequired\":true,\"valueName\":\"search_term_string\"}}],\"inLanguage\":\"es\"},{\"@type\":\"Organization\",\"@id\":\"http:\/\/rednacionaldearte.com\/noticias\/#organization\",\"name\":\"Red Nacional de Arte\",\"url\":\"http:\/\/rednacionaldearte.com\/noticias\/\",\"logo\":{\"@type\":\"ImageObject\",\"inLanguage\":\"es\",\"@id\":\"http:\/\/rednacionaldearte.com\/noticias\/#\/schema\/logo\/image\/\",\"url\":\"http:\/\/rednacionaldearte.com\/noticias\/wp-content\/uploads\/2016\/04\/logo.png\",\"contentUrl\":\"http:\/\/rednacionaldearte.com\/noticias\/wp-content\/uploads\/2016\/04\/logo.png\",\"width\":575,\"height\":554,\"caption\":\"Red Nacional de Arte\"},\"image\":{\"@id\":\"http:\/\/rednacionaldearte.com\/noticias\/#\/schema\/logo\/image\/\"},\"sameAs\":[\"http:\/\/www.facebook.com\/rednacionaldearte\/\",\"https:\/\/x.com\/rednacionalarte\"]},{\"@type\":\"Person\",\"@id\":\"http:\/\/rednacionaldearte.com\/noticias\/#\/schema\/person\/489d635082b1de413434d2708a3e5b9b\",\"name\":\"Redacci\u00f3n\",\"image\":{\"@type\":\"ImageObject\",\"inLanguage\":\"es\",\"@id\":\"https:\/\/secure.gravatar.com\/avatar\/1d1c30eaee7c2f6cfa13fb8502cb06839106cdf371b9953d50e4b572d0bfa3c7?s=96&d=mm&r=g\",\"url\":\"https:\/\/secure.gravatar.com\/avatar\/1d1c30eaee7c2f6cfa13fb8502cb06839106cdf371b9953d50e4b572d0bfa3c7?s=96&d=mm&r=g\",\"contentUrl\":\"https:\/\/secure.gravatar.com\/avatar\/1d1c30eaee7c2f6cfa13fb8502cb06839106cdf371b9953d50e4b572d0bfa3c7?s=96&d=mm&r=g\",\"caption\":\"Redacci\u00f3n\"},\"url\":\"https:\/\/rednacionaldearte.com\/noticias\/author\/adan\/\"}]}<\/script>\n<!-- \/ Yoast SEO plugin. -->","yoast_head_json":{"title":"Inauguraci\u00f3n de \"Ciudades y Realidades\" en el Metro Auditorio","robots":{"index":"index","follow":"follow","max-snippet":"max-snippet:-1","max-image-preview":"max-image-preview:large","max-video-preview":"max-video-preview:-1"},"canonical":"https:\/\/rednacionaldearte.com\/noticias\/inauguracion-ciudades-realidades-metro-auditorio\/","og_locale":"es_ES","og_type":"article","og_title":"Inauguraci\u00f3n de \"Ciudades y Realidades\" en el Metro Auditorio","og_description":"El pasado 10 de enero tuvo lugar la inauguraci\u00f3n de la exposici\u00f3n fotogr\u00e1fica \u201cCiudades y Realidades\u201d en\u00a0el la galer\u00eda del Metro Auditorio. Misma exposici\u00f3n permanecer\u00e1 abierta para todo el que desee visitarla durante hasta el 8 de febrero. Las obras exhibidas se encuentran a la venta a trav\u00e9s en el micrositio de la exposici\u00f3n.","og_url":"https:\/\/rednacionaldearte.com\/noticias\/inauguracion-ciudades-realidades-metro-auditorio\/","og_site_name":"Red Nacional de Arte","article_publisher":"http:\/\/www.facebook.com\/rednacionaldearte\/","article_published_time":"2018-01-13T04:16:45+00:00","article_modified_time":"2018-02-01T04:23:37+00:00","og_image":[{"width":812,"height":610,"url":"http:\/\/rednacionaldearte.com\/noticias\/wp-content\/uploads\/2018\/02\/Screen-Shot-2018-01-31-at-10.20.20-PM.jpg","type":"image\/jpeg"}],"author":"Redacci\u00f3n","twitter_card":"summary_large_image","twitter_creator":"@rednacionalarte","twitter_site":"@rednacionalarte","twitter_misc":{"Escrito por":"Redacci\u00f3n"},"schema":{"@context":"https:\/\/schema.org","@graph":[{"@type":"Article","@id":"https:\/\/rednacionaldearte.com\/noticias\/inauguracion-ciudades-realidades-metro-auditorio\/#article","isPartOf":{"@id":"https:\/\/rednacionaldearte.com\/noticias\/inauguracion-ciudades-realidades-metro-auditorio\/"},"author":{"name":"Redacci\u00f3n","@id":"http:\/\/rednacionaldearte.com\/noticias\/#\/schema\/person\/489d635082b1de413434d2708a3e5b9b"},"headline":"Inauguraci\u00f3n de \u00abCiudades y Realidades\u00bb en el Metro Auditorio","datePublished":"2018-01-13T04:16:45+00:00","dateModified":"2018-02-01T04:23:37+00:00","mainEntityOfPage":{"@id":"https:\/\/rednacionaldearte.com\/noticias\/inauguracion-ciudades-realidades-metro-auditorio\/"},"wordCount":70,"publisher":{"@id":"http:\/\/rednacionaldearte.com\/noticias\/#organization"},"image":{"@id":"https:\/\/rednacionaldearte.com\/noticias\/inauguracion-ciudades-realidades-metro-auditorio\/#primaryimage"},"thumbnailUrl":"https:\/\/rednacionaldearte.com\/noticias\/wp-content\/uploads\/2018\/02\/Screen-Shot-2018-01-31-at-10.20.20-PM.jpg","keywords":["Ciudades y Realidades"],"articleSection":["Artes Visuales","Eventos","Exposiciones","Fotograf\u00eda","RNA"],"inLanguage":"es"},{"@type":"WebPage","@id":"https:\/\/rednacionaldearte.com\/noticias\/inauguracion-ciudades-realidades-metro-auditorio\/","url":"https:\/\/rednacionaldearte.com\/noticias\/inauguracion-ciudades-realidades-metro-auditorio\/","name":"Inauguraci\u00f3n de \"Ciudades y Realidades\" en el Metro Auditorio","isPartOf":{"@id":"http:\/\/rednacionaldearte.com\/noticias\/#website"},"primaryImageOfPage":{"@id":"https:\/\/rednacionaldearte.com\/noticias\/inauguracion-ciudades-realidades-metro-auditorio\/#primaryimage"},"image":{"@id":"https:\/\/rednacionaldearte.com\/noticias\/inauguracion-ciudades-realidades-metro-auditorio\/#primaryimage"},"thumbnailUrl":"https:\/\/rednacionaldearte.com\/noticias\/wp-content\/uploads\/2018\/02\/Screen-Shot-2018-01-31-at-10.20.20-PM.jpg","datePublished":"2018-01-13T04:16:45+00:00","dateModified":"2018-02-01T04:23:37+00:00","breadcrumb":{"@id":"https:\/\/rednacionaldearte.com\/noticias\/inauguracion-ciudades-realidades-metro-auditorio\/#breadcrumb"},"inLanguage":"es","potentialAction":[{"@type":"ReadAction","target":["https:\/\/rednacionaldearte.com\/noticias\/inauguracion-ciudades-realidades-metro-auditorio\/"]}]},{"@type":"ImageObject","inLanguage":"es","@id":"https:\/\/rednacionaldearte.com\/noticias\/inauguracion-ciudades-realidades-metro-auditorio\/#primaryimage","url":"https:\/\/rednacionaldearte.com\/noticias\/wp-content\/uploads\/2018\/02\/Screen-Shot-2018-01-31-at-10.20.20-PM.jpg","contentUrl":"https:\/\/rednacionaldearte.com\/noticias\/wp-content\/uploads\/2018\/02\/Screen-Shot-2018-01-31-at-10.20.20-PM.jpg","width":812,"height":610},{"@type":"BreadcrumbList","@id":"https:\/\/rednacionaldearte.com\/noticias\/inauguracion-ciudades-realidades-metro-auditorio\/#breadcrumb","itemListElement":[{"@type":"ListItem","position":1,"name":"Home","item":"http:\/\/rednacionaldearte.com\/noticias\/"},{"@type":"ListItem","position":2,"name":"Inauguraci\u00f3n de \u00abCiudades y Realidades\u00bb en el Metro Auditorio"}]},{"@type":"WebSite","@id":"http:\/\/rednacionaldearte.com\/noticias\/#website","url":"http:\/\/rednacionaldearte.com\/noticias\/","name":"Red Nacional de Arte","description":"Cultura y Arte contempor\u00e1neo en M\u00e9xico","publisher":{"@id":"http:\/\/rednacionaldearte.com\/noticias\/#organization"},"potentialAction":[{"@type":"SearchAction","target":{"@type":"EntryPoint","urlTemplate":"http:\/\/rednacionaldearte.com\/noticias\/?s={search_term_string}"},"query-input":{"@type":"PropertyValueSpecification","valueRequired":true,"valueName":"search_term_string"}}],"inLanguage":"es"},{"@type":"Organization","@id":"http:\/\/rednacionaldearte.com\/noticias\/#organization","name":"Red Nacional de Arte","url":"http:\/\/rednacionaldearte.com\/noticias\/","logo":{"@type":"ImageObject","inLanguage":"es","@id":"http:\/\/rednacionaldearte.com\/noticias\/#\/schema\/logo\/image\/","url":"http:\/\/rednacionaldearte.com\/noticias\/wp-content\/uploads\/2016\/04\/logo.png","contentUrl":"http:\/\/rednacionaldearte.com\/noticias\/wp-content\/uploads\/2016\/04\/logo.png","width":575,"height":554,"caption":"Red Nacional de Arte"},"image":{"@id":"http:\/\/rednacionaldearte.com\/noticias\/#\/schema\/logo\/image\/"},"sameAs":["http:\/\/www.facebook.com\/rednacionaldearte\/","https:\/\/x.com\/rednacionalarte"]},{"@type":"Person","@id":"http:\/\/rednacionaldearte.com\/noticias\/#\/schema\/person\/489d635082b1de413434d2708a3e5b9b","name":"Redacci\u00f3n","image":{"@type":"ImageObject","inLanguage":"es","@id":"https:\/\/secure.gravatar.com\/avatar\/1d1c30eaee7c2f6cfa13fb8502cb06839106cdf371b9953d50e4b572d0bfa3c7?s=96&d=mm&r=g","url":"https:\/\/secure.gravatar.com\/avatar\/1d1c30eaee7c2f6cfa13fb8502cb06839106cdf371b9953d50e4b572d0bfa3c7?s=96&d=mm&r=g","contentUrl":"https:\/\/secure.gravatar.com\/avatar\/1d1c30eaee7c2f6cfa13fb8502cb06839106cdf371b9953d50e4b572d0bfa3c7?s=96&d=mm&r=g","caption":"Redacci\u00f3n"},"url":"https:\/\/rednacionaldearte.com\/noticias\/author\/adan\/"}]}},"amp_validity":null,"amp_enabled":true,"_links":{"self":[{"href":"https:\/\/rednacionaldearte.com\/noticias\/wp-json\/wp\/v2\/posts\/743","targetHints":{"allow":["GET"]}}],"collection":[{"href":"https:\/\/rednacionaldearte.com\/noticias\/wp-json\/wp\/v2\/posts"}],"about":[{"href":"https:\/\/rednacionaldearte.com\/noticias\/wp-json\/wp\/v2\/types\/post"}],"author":[{"embeddable":true,"href":"https:\/\/rednacionaldearte.com\/noticias\/wp-json\/wp\/v2\/users\/1"}],"replies":[{"embeddable":true,"href":"https:\/\/rednacionaldearte.com\/noticias\/wp-json\/wp\/v2\/comments?post=743"}],"version-history":[{"count":2,"href":"https:\/\/rednacionaldearte.com\/noticias\/wp-json\/wp\/v2\/posts\/743\/revisions"}],"predecessor-version":[{"id":753,"href":"https:\/\/rednacionaldearte.com\/noticias\/wp-json\/wp\/v2\/posts\/743\/revisions\/753"}],"wp:featuredmedia":[{"embeddable":true,"href":"https:\/\/rednacionaldearte.com\/noticias\/wp-json\/wp\/v2\/media\/744"}],"wp:attachment":[{"href":"https:\/\/rednacionaldearte.com\/noticias\/wp-json\/wp\/v2\/media?parent=743"}],"wp:term":[{"taxonomy":"category","embeddable":true,"href":"https:\/\/rednacionaldearte.com\/noticias\/wp-json\/wp\/v2\/categories?post=743"},{"taxonomy":"post_tag","embeddable":true,"href":"https:\/\/rednacionaldearte.com\/noticias\/wp-json\/wp\/v2\/tags?post=743"}],"curies":[{"name":"wp","href":"https:\/\/api.w.org\/{rel}","templated":true}]}}