{"id":756,"date":"2018-02-23T03:27:56","date_gmt":"2018-02-23T03:27:56","guid":{"rendered":"http:\/\/rednacionaldearte.com\/noticias\/?p=756"},"modified":"2018-02-23T03:27:56","modified_gmt":"2018-02-23T03:27:56","slug":"videoarte-ceniza-pasos-morelia","status":"publish","type":"post","link":"https:\/\/rednacionaldearte.com\/noticias\/videoarte-ceniza-pasos-morelia\/","title":{"rendered":"El videoarte de Ceniza de los Pasos se exhibir\u00e1 en Morelia"},"content":{"rendered":"<h1><b>El videoarte de Ceniza de los Pasos se exhibir\u00e1 en el Centro Cultural Clavijero, dentro del marco de los festejos por el 75 Aniversario del Volc\u00e1n Paricut\u00edn.<\/b><\/h1>\n<p><b>Es la primera vez que la pieza se muestra en \u00e9ste formato en M\u00e9xico.<\/b><\/p>\n<p><a href=\"http:\/\/rednacionaldearte.com\/noticias\/wp-content\/uploads\/2018\/02\/1.jpg\"><img loading=\"lazy\" decoding=\"async\" class=\"aligncenter size-full wp-image-757\" src=\"http:\/\/rednacionaldearte.com\/noticias\/wp-content\/uploads\/2018\/02\/1.jpg\" alt=\"Ceniza de los Pasos\" width=\"1200\" height=\"630\" srcset=\"https:\/\/rednacionaldearte.com\/noticias\/wp-content\/uploads\/2018\/02\/1.jpg 1200w, https:\/\/rednacionaldearte.com\/noticias\/wp-content\/uploads\/2018\/02\/1-300x158.jpg 300w, https:\/\/rednacionaldearte.com\/noticias\/wp-content\/uploads\/2018\/02\/1-768x403.jpg 768w, https:\/\/rednacionaldearte.com\/noticias\/wp-content\/uploads\/2018\/02\/1-1024x538.jpg 1024w\" sizes=\"auto, (max-width: 1200px) 100vw, 1200px\" \/><\/a><\/p>\n<p><span style=\"font-weight: 400;\">\u201cCeniza de los Pasos\u201d es una creaci\u00f3n coreogr\u00e1fica de Yuki Pastrana y Catalina Navarrete. Invita al espectador a sumergirse en la experiencia de recorrer el volc\u00e1n Paricut\u00edn. Desde el lenguaje cinematogr\u00e1fico y la coreograf\u00eda hace \u00e9nfasis en las transformaciones que las erupciones provocaron en el paisaje. La cinefotograf\u00eda de la pieza fue desarrollada por los michoacanos Ad\u00e1n Ruiz y Wences Lo\u0301pez.<\/span><\/p>\n<p><span style=\"font-weight: 400;\">En esta ocasi\u00f3n, el videoarte ha sido adaptado espec\u00edficamente para su exhibici\u00f3n en la <\/span><span style=\"font-weight: 400;\">SALA 10 del Clavijero. Permanecer\u00e1 durante el mes de Febrero por las actividades programadas<\/span> <span style=\"font-weight: 400;\">en conmemoraci\u00f3n del 75 aniversario del nacimiento del volc\u00e1n Paricut\u00edn.<\/span><\/p>\n<p><span style=\"font-weight: 400;\">El hist\u00f3rico nacimiento del volc\u00e1n Paricut\u00edn se remonta al a\u00f1o de 1943. Esta experiencia excepcional de la vulcanolog\u00eda recorri\u00f3 el mundo, provocando la llegada de ge\u00f3logos, investigadores y artistas para ser testigos del espect\u00e1culo. Es el \u00fanico volc\u00e1n que el hombre ha visto nacer.<\/span><\/p>\n<h2><b>Los creadores<\/b><\/h2>\n<p>&nbsp;<\/p>\n<p><a href=\"http:\/\/rednacionaldearte.com\/noticias\/wp-content\/uploads\/2018\/02\/Yuki-Pastrana.jpg\"><img loading=\"lazy\" decoding=\"async\" class=\"alignright size-medium wp-image-758\" src=\"http:\/\/rednacionaldearte.com\/noticias\/wp-content\/uploads\/2018\/02\/Yuki-Pastrana-300x200.jpg\" alt=\"\" width=\"300\" height=\"200\" srcset=\"https:\/\/rednacionaldearte.com\/noticias\/wp-content\/uploads\/2018\/02\/Yuki-Pastrana-300x200.jpg 300w, https:\/\/rednacionaldearte.com\/noticias\/wp-content\/uploads\/2018\/02\/Yuki-Pastrana-768x512.jpg 768w, https:\/\/rednacionaldearte.com\/noticias\/wp-content\/uploads\/2018\/02\/Yuki-Pastrana-1024x682.jpg 1024w, https:\/\/rednacionaldearte.com\/noticias\/wp-content\/uploads\/2018\/02\/Yuki-Pastrana-360x240.jpg 360w, https:\/\/rednacionaldearte.com\/noticias\/wp-content\/uploads\/2018\/02\/Yuki-Pastrana.jpg 1280w\" sizes=\"auto, (max-width: 300px) 100vw, 300px\" \/><\/a><\/p>\n<p><span style=\"font-weight: 400;\"><strong>Yuki Pastrana<\/strong> es creadora esce\u0301nica originaria de Morelia, Michoaca\u0301n. Su investigacio\u0301n es multidisciplina, siendo el eje de estudio el cuerpo en movimiento abordado desde la coreografi\u0301a, apoya\u0301ndose en los medios audiovisuales, el performance y el disen\u0303o. Es bailarina en danza contempora\u0301nea y danza urbana en compan\u0303i\u0301as como Physical Momentum y Famky. <\/span><\/p>\n<p>&nbsp;<\/p>\n<p>&nbsp;<\/p>\n<p><span style=\"font-weight: 400;\"><strong><a href=\"http:\/\/rednacionaldearte.com\/noticias\/wp-content\/uploads\/2018\/02\/Catalina-Navarrete-co-creadora.jpg\"><img loading=\"lazy\" decoding=\"async\" class=\"alignleft size-medium wp-image-759\" src=\"http:\/\/rednacionaldearte.com\/noticias\/wp-content\/uploads\/2018\/02\/Catalina-Navarrete-co-creadora-300x200.jpg\" alt=\"\" width=\"300\" height=\"200\" srcset=\"https:\/\/rednacionaldearte.com\/noticias\/wp-content\/uploads\/2018\/02\/Catalina-Navarrete-co-creadora-300x200.jpg 300w, https:\/\/rednacionaldearte.com\/noticias\/wp-content\/uploads\/2018\/02\/Catalina-Navarrete-co-creadora-768x512.jpg 768w, https:\/\/rednacionaldearte.com\/noticias\/wp-content\/uploads\/2018\/02\/Catalina-Navarrete-co-creadora-1024x682.jpg 1024w, https:\/\/rednacionaldearte.com\/noticias\/wp-content\/uploads\/2018\/02\/Catalina-Navarrete-co-creadora-360x240.jpg 360w, https:\/\/rednacionaldearte.com\/noticias\/wp-content\/uploads\/2018\/02\/Catalina-Navarrete-co-creadora.jpg 1280w\" sizes=\"auto, (max-width: 300px) 100vw, 300px\" \/><\/a>Catalina Navarrete<\/strong> egres\u00f3 de la Escuela Nacional de Danza Cla\u0301sica y Contempora\u0301nea del INBA como docente en danza cla\u0301sica en 2014. Impulso\u0301 la produccio\u0301n de #CasAnormal (2015-16) junto a diversos artistas visuales y esce\u0301nicos. Co\u0301mo inte\u0301rprete ha colaborado en \u201cEscuela de Sirenas\u201d (2015) de Azha- reel Sierra, \u201d1.63 m\/s2\u201d (2013) de Eduardo Corte\u0301s y \u201cMacho Man XXI\u201d de Tania Pe\u0301rez Salas (2016), por mencionar algunas.<\/span><\/p>\n<p>&nbsp;<\/p>\n<p>&nbsp;<\/p>\n<p><a href=\"http:\/\/rednacionaldearte.com\/noticias\/wp-content\/uploads\/2018\/02\/adan-ruiz-cinefotografia.jpg\"><img loading=\"lazy\" decoding=\"async\" class=\"alignright size-medium wp-image-760\" src=\"http:\/\/rednacionaldearte.com\/noticias\/wp-content\/uploads\/2018\/02\/adan-ruiz-cinefotografia-300x200.jpg\" alt=\"Ad\u00e1n Ruiz\" width=\"300\" height=\"200\" srcset=\"https:\/\/rednacionaldearte.com\/noticias\/wp-content\/uploads\/2018\/02\/adan-ruiz-cinefotografia-300x200.jpg 300w, https:\/\/rednacionaldearte.com\/noticias\/wp-content\/uploads\/2018\/02\/adan-ruiz-cinefotografia-768x512.jpg 768w, https:\/\/rednacionaldearte.com\/noticias\/wp-content\/uploads\/2018\/02\/adan-ruiz-cinefotografia-360x240.jpg 360w, https:\/\/rednacionaldearte.com\/noticias\/wp-content\/uploads\/2018\/02\/adan-ruiz-cinefotografia.jpg 800w\" sizes=\"auto, (max-width: 300px) 100vw, 300px\" \/><\/a><\/p>\n<p><span style=\"font-weight: 400;\"><strong>Ad\u00e1n Ruiz<\/strong> es fot\u00f3grafo, realizador y productor cinematogr\u00e1fico. Graduado de la licenciatura en Medios Interactivos, actualmente estudia cine en el CUEC-UNAM. Ha participado en cortometrajes de ficci\u00f3n y documentales como director, productor y fot\u00f3grafo, entre otros.<\/span><\/p>\n<p>&nbsp;<\/p>\n<p>&nbsp;<\/p>\n<p><span style=\"font-weight: 400;\"><strong>Wences L\u00f3pez<\/strong> es fot\u00f3grafo y docente. En su trayectoria se cuentan al menos 7 largometrajes y 15 cortometrajes en los que se ha desempe\u00f1ado como foquista de ca\u0301mara, adem\u00e1s de diversos proyectos de publicidad y televisio\u0301n. Ha participado en diversas exposiciones colectivas.<\/span><\/p>\n<p>&nbsp;<\/p>\n<p><span style=\"font-weight: 400;\">Para conocer m\u00e1s sobre la coreograf\u00eda se puede visitar el sitio oficial, <\/span><a href=\"http:\/\/rednacionaldearte.com\/ceniza\/fechas.php\"><span style=\"font-weight: 400;\">rednacionaldearte.com\/ceniza<\/span><\/a><\/p>\n","protected":false},"excerpt":{"rendered":"<p>El videoarte de Ceniza de los Pasos se exhibir\u00e1 en el Centro Cultural Clavijero, dentro del marco de los festejos por el 75 Aniversario del Volc\u00e1n Paricut\u00edn. Es la primera vez que la pieza se muestra en \u00e9ste formato en M\u00e9xico. \u201cCeniza de los Pasos\u201d es una creaci\u00f3n coreogr\u00e1fica de Yuki Pastrana y Catalina Navarrete. [&hellip;]<\/p>\n","protected":false},"author":1,"featured_media":757,"comment_status":"closed","ping_status":"open","sticky":false,"template":"","format":"standard","meta":{"footnotes":""},"categories":[85,103,59,60,58,119,41],"tags":[143,142,144],"class_list":["post-756","post","type-post","status-publish","format-standard","has-post-thumbnail","hentry","category-arte-contemporaneo","category-artes-escenicas","category-artes-visuales","category-cine","category-danza","category-exposiciones","category-rna","tag-adan-ruiz","tag-ceniza-de-los-pasos","tag-yuki-pastrana"],"yoast_head":"<!-- This site is optimized with the Yoast SEO plugin v27.2 - https:\/\/yoast.com\/product\/yoast-seo-wordpress\/ -->\n<title>El videoarte de Ceniza de los Pasos se exhibir\u00e1 en Morelia<\/title>\n<meta name=\"robots\" content=\"index, follow, max-snippet:-1, max-image-preview:large, max-video-preview:-1\" \/>\n<link rel=\"canonical\" href=\"https:\/\/rednacionaldearte.com\/noticias\/videoarte-ceniza-pasos-morelia\/\" \/>\n<meta property=\"og:locale\" content=\"es_ES\" \/>\n<meta property=\"og:type\" content=\"article\" \/>\n<meta property=\"og:title\" content=\"El videoarte de Ceniza de los Pasos se exhibir\u00e1 en Morelia\" \/>\n<meta property=\"og:description\" content=\"El videoarte de Ceniza de los Pasos se exhibir\u00e1 en el Centro Cultural Clavijero, dentro del marco de los festejos por el 75 Aniversario del Volc\u00e1n Paricut\u00edn. Es la primera vez que la pieza se muestra en \u00e9ste formato en M\u00e9xico. \u201cCeniza de los Pasos\u201d es una creaci\u00f3n coreogr\u00e1fica de Yuki Pastrana y Catalina Navarrete. [&hellip;]\" \/>\n<meta property=\"og:url\" content=\"https:\/\/rednacionaldearte.com\/noticias\/videoarte-ceniza-pasos-morelia\/\" \/>\n<meta property=\"og:site_name\" content=\"Red Nacional de Arte\" \/>\n<meta property=\"article:publisher\" content=\"http:\/\/www.facebook.com\/rednacionaldearte\/\" \/>\n<meta property=\"article:published_time\" content=\"2018-02-23T03:27:56+00:00\" \/>\n<meta property=\"og:image\" content=\"http:\/\/rednacionaldearte.com\/noticias\/wp-content\/uploads\/2018\/02\/1.jpg\" \/>\n\t<meta property=\"og:image:width\" content=\"1200\" \/>\n\t<meta property=\"og:image:height\" content=\"630\" \/>\n\t<meta property=\"og:image:type\" content=\"image\/jpeg\" \/>\n<meta name=\"author\" content=\"Redacci\u00f3n\" \/>\n<meta name=\"twitter:card\" content=\"summary_large_image\" \/>\n<meta name=\"twitter:creator\" content=\"@rednacionalarte\" \/>\n<meta name=\"twitter:site\" content=\"@rednacionalarte\" \/>\n<meta name=\"twitter:label1\" content=\"Escrito por\" \/>\n\t<meta name=\"twitter:data1\" content=\"Redacci\u00f3n\" \/>\n\t<meta name=\"twitter:label2\" content=\"Tiempo de lectura\" \/>\n\t<meta name=\"twitter:data2\" content=\"2 minutos\" \/>\n<script type=\"application\/ld+json\" class=\"yoast-schema-graph\">{\"@context\":\"https:\/\/schema.org\",\"@graph\":[{\"@type\":\"Article\",\"@id\":\"https:\/\/rednacionaldearte.com\/noticias\/videoarte-ceniza-pasos-morelia\/#article\",\"isPartOf\":{\"@id\":\"https:\/\/rednacionaldearte.com\/noticias\/videoarte-ceniza-pasos-morelia\/\"},\"author\":{\"name\":\"Redacci\u00f3n\",\"@id\":\"http:\/\/rednacionaldearte.com\/noticias\/#\/schema\/person\/489d635082b1de413434d2708a3e5b9b\"},\"headline\":\"El videoarte de Ceniza de los Pasos se exhibir\u00e1 en Morelia\",\"datePublished\":\"2018-02-23T03:27:56+00:00\",\"mainEntityOfPage\":{\"@id\":\"https:\/\/rednacionaldearte.com\/noticias\/videoarte-ceniza-pasos-morelia\/\"},\"wordCount\":461,\"publisher\":{\"@id\":\"http:\/\/rednacionaldearte.com\/noticias\/#organization\"},\"image\":{\"@id\":\"https:\/\/rednacionaldearte.com\/noticias\/videoarte-ceniza-pasos-morelia\/#primaryimage\"},\"thumbnailUrl\":\"https:\/\/rednacionaldearte.com\/noticias\/wp-content\/uploads\/2018\/02\/1.jpg\",\"keywords\":[\"Ad\u00e1n Ruiz\",\"Ceniza de los Pasos\",\"Yuki Pastrana\"],\"articleSection\":[\"Arte Contempor\u00e1neo\",\"Artes Esc\u00e9nicas\",\"Artes Visuales\",\"Cine\",\"Danza\",\"Exposiciones\",\"RNA\"],\"inLanguage\":\"es\"},{\"@type\":\"WebPage\",\"@id\":\"https:\/\/rednacionaldearte.com\/noticias\/videoarte-ceniza-pasos-morelia\/\",\"url\":\"https:\/\/rednacionaldearte.com\/noticias\/videoarte-ceniza-pasos-morelia\/\",\"name\":\"El videoarte de Ceniza de los Pasos se exhibir\u00e1 en Morelia\",\"isPartOf\":{\"@id\":\"http:\/\/rednacionaldearte.com\/noticias\/#website\"},\"primaryImageOfPage\":{\"@id\":\"https:\/\/rednacionaldearte.com\/noticias\/videoarte-ceniza-pasos-morelia\/#primaryimage\"},\"image\":{\"@id\":\"https:\/\/rednacionaldearte.com\/noticias\/videoarte-ceniza-pasos-morelia\/#primaryimage\"},\"thumbnailUrl\":\"https:\/\/rednacionaldearte.com\/noticias\/wp-content\/uploads\/2018\/02\/1.jpg\",\"datePublished\":\"2018-02-23T03:27:56+00:00\",\"breadcrumb\":{\"@id\":\"https:\/\/rednacionaldearte.com\/noticias\/videoarte-ceniza-pasos-morelia\/#breadcrumb\"},\"inLanguage\":\"es\",\"potentialAction\":[{\"@type\":\"ReadAction\",\"target\":[\"https:\/\/rednacionaldearte.com\/noticias\/videoarte-ceniza-pasos-morelia\/\"]}]},{\"@type\":\"ImageObject\",\"inLanguage\":\"es\",\"@id\":\"https:\/\/rednacionaldearte.com\/noticias\/videoarte-ceniza-pasos-morelia\/#primaryimage\",\"url\":\"https:\/\/rednacionaldearte.com\/noticias\/wp-content\/uploads\/2018\/02\/1.jpg\",\"contentUrl\":\"https:\/\/rednacionaldearte.com\/noticias\/wp-content\/uploads\/2018\/02\/1.jpg\",\"width\":1200,\"height\":630,\"caption\":\"Ceniza de los Pasos\"},{\"@type\":\"BreadcrumbList\",\"@id\":\"https:\/\/rednacionaldearte.com\/noticias\/videoarte-ceniza-pasos-morelia\/#breadcrumb\",\"itemListElement\":[{\"@type\":\"ListItem\",\"position\":1,\"name\":\"Home\",\"item\":\"http:\/\/rednacionaldearte.com\/noticias\/\"},{\"@type\":\"ListItem\",\"position\":2,\"name\":\"El videoarte de Ceniza de los Pasos se exhibir\u00e1 en Morelia\"}]},{\"@type\":\"WebSite\",\"@id\":\"http:\/\/rednacionaldearte.com\/noticias\/#website\",\"url\":\"http:\/\/rednacionaldearte.com\/noticias\/\",\"name\":\"Red Nacional de Arte\",\"description\":\"Cultura y Arte contempor\u00e1neo en M\u00e9xico\",\"publisher\":{\"@id\":\"http:\/\/rednacionaldearte.com\/noticias\/#organization\"},\"potentialAction\":[{\"@type\":\"SearchAction\",\"target\":{\"@type\":\"EntryPoint\",\"urlTemplate\":\"http:\/\/rednacionaldearte.com\/noticias\/?s={search_term_string}\"},\"query-input\":{\"@type\":\"PropertyValueSpecification\",\"valueRequired\":true,\"valueName\":\"search_term_string\"}}],\"inLanguage\":\"es\"},{\"@type\":\"Organization\",\"@id\":\"http:\/\/rednacionaldearte.com\/noticias\/#organization\",\"name\":\"Red Nacional de Arte\",\"url\":\"http:\/\/rednacionaldearte.com\/noticias\/\",\"logo\":{\"@type\":\"ImageObject\",\"inLanguage\":\"es\",\"@id\":\"http:\/\/rednacionaldearte.com\/noticias\/#\/schema\/logo\/image\/\",\"url\":\"http:\/\/rednacionaldearte.com\/noticias\/wp-content\/uploads\/2016\/04\/logo.png\",\"contentUrl\":\"http:\/\/rednacionaldearte.com\/noticias\/wp-content\/uploads\/2016\/04\/logo.png\",\"width\":575,\"height\":554,\"caption\":\"Red Nacional de Arte\"},\"image\":{\"@id\":\"http:\/\/rednacionaldearte.com\/noticias\/#\/schema\/logo\/image\/\"},\"sameAs\":[\"http:\/\/www.facebook.com\/rednacionaldearte\/\",\"https:\/\/x.com\/rednacionalarte\"]},{\"@type\":\"Person\",\"@id\":\"http:\/\/rednacionaldearte.com\/noticias\/#\/schema\/person\/489d635082b1de413434d2708a3e5b9b\",\"name\":\"Redacci\u00f3n\",\"image\":{\"@type\":\"ImageObject\",\"inLanguage\":\"es\",\"@id\":\"https:\/\/secure.gravatar.com\/avatar\/1d1c30eaee7c2f6cfa13fb8502cb06839106cdf371b9953d50e4b572d0bfa3c7?s=96&d=mm&r=g\",\"url\":\"https:\/\/secure.gravatar.com\/avatar\/1d1c30eaee7c2f6cfa13fb8502cb06839106cdf371b9953d50e4b572d0bfa3c7?s=96&d=mm&r=g\",\"contentUrl\":\"https:\/\/secure.gravatar.com\/avatar\/1d1c30eaee7c2f6cfa13fb8502cb06839106cdf371b9953d50e4b572d0bfa3c7?s=96&d=mm&r=g\",\"caption\":\"Redacci\u00f3n\"},\"url\":\"https:\/\/rednacionaldearte.com\/noticias\/author\/adan\/\"}]}<\/script>\n<!-- \/ Yoast SEO plugin. -->","yoast_head_json":{"title":"El videoarte de Ceniza de los Pasos se exhibir\u00e1 en Morelia","robots":{"index":"index","follow":"follow","max-snippet":"max-snippet:-1","max-image-preview":"max-image-preview:large","max-video-preview":"max-video-preview:-1"},"canonical":"https:\/\/rednacionaldearte.com\/noticias\/videoarte-ceniza-pasos-morelia\/","og_locale":"es_ES","og_type":"article","og_title":"El videoarte de Ceniza de los Pasos se exhibir\u00e1 en Morelia","og_description":"El videoarte de Ceniza de los Pasos se exhibir\u00e1 en el Centro Cultural Clavijero, dentro del marco de los festejos por el 75 Aniversario del Volc\u00e1n Paricut\u00edn. Es la primera vez que la pieza se muestra en \u00e9ste formato en M\u00e9xico. \u201cCeniza de los Pasos\u201d es una creaci\u00f3n coreogr\u00e1fica de Yuki Pastrana y Catalina Navarrete. [&hellip;]","og_url":"https:\/\/rednacionaldearte.com\/noticias\/videoarte-ceniza-pasos-morelia\/","og_site_name":"Red Nacional de Arte","article_publisher":"http:\/\/www.facebook.com\/rednacionaldearte\/","article_published_time":"2018-02-23T03:27:56+00:00","og_image":[{"width":1200,"height":630,"url":"http:\/\/rednacionaldearte.com\/noticias\/wp-content\/uploads\/2018\/02\/1.jpg","type":"image\/jpeg"}],"author":"Redacci\u00f3n","twitter_card":"summary_large_image","twitter_creator":"@rednacionalarte","twitter_site":"@rednacionalarte","twitter_misc":{"Escrito por":"Redacci\u00f3n","Tiempo de lectura":"2 minutos"},"schema":{"@context":"https:\/\/schema.org","@graph":[{"@type":"Article","@id":"https:\/\/rednacionaldearte.com\/noticias\/videoarte-ceniza-pasos-morelia\/#article","isPartOf":{"@id":"https:\/\/rednacionaldearte.com\/noticias\/videoarte-ceniza-pasos-morelia\/"},"author":{"name":"Redacci\u00f3n","@id":"http:\/\/rednacionaldearte.com\/noticias\/#\/schema\/person\/489d635082b1de413434d2708a3e5b9b"},"headline":"El videoarte de Ceniza de los Pasos se exhibir\u00e1 en Morelia","datePublished":"2018-02-23T03:27:56+00:00","mainEntityOfPage":{"@id":"https:\/\/rednacionaldearte.com\/noticias\/videoarte-ceniza-pasos-morelia\/"},"wordCount":461,"publisher":{"@id":"http:\/\/rednacionaldearte.com\/noticias\/#organization"},"image":{"@id":"https:\/\/rednacionaldearte.com\/noticias\/videoarte-ceniza-pasos-morelia\/#primaryimage"},"thumbnailUrl":"https:\/\/rednacionaldearte.com\/noticias\/wp-content\/uploads\/2018\/02\/1.jpg","keywords":["Ad\u00e1n Ruiz","Ceniza de los Pasos","Yuki Pastrana"],"articleSection":["Arte Contempor\u00e1neo","Artes Esc\u00e9nicas","Artes Visuales","Cine","Danza","Exposiciones","RNA"],"inLanguage":"es"},{"@type":"WebPage","@id":"https:\/\/rednacionaldearte.com\/noticias\/videoarte-ceniza-pasos-morelia\/","url":"https:\/\/rednacionaldearte.com\/noticias\/videoarte-ceniza-pasos-morelia\/","name":"El videoarte de Ceniza de los Pasos se exhibir\u00e1 en Morelia","isPartOf":{"@id":"http:\/\/rednacionaldearte.com\/noticias\/#website"},"primaryImageOfPage":{"@id":"https:\/\/rednacionaldearte.com\/noticias\/videoarte-ceniza-pasos-morelia\/#primaryimage"},"image":{"@id":"https:\/\/rednacionaldearte.com\/noticias\/videoarte-ceniza-pasos-morelia\/#primaryimage"},"thumbnailUrl":"https:\/\/rednacionaldearte.com\/noticias\/wp-content\/uploads\/2018\/02\/1.jpg","datePublished":"2018-02-23T03:27:56+00:00","breadcrumb":{"@id":"https:\/\/rednacionaldearte.com\/noticias\/videoarte-ceniza-pasos-morelia\/#breadcrumb"},"inLanguage":"es","potentialAction":[{"@type":"ReadAction","target":["https:\/\/rednacionaldearte.com\/noticias\/videoarte-ceniza-pasos-morelia\/"]}]},{"@type":"ImageObject","inLanguage":"es","@id":"https:\/\/rednacionaldearte.com\/noticias\/videoarte-ceniza-pasos-morelia\/#primaryimage","url":"https:\/\/rednacionaldearte.com\/noticias\/wp-content\/uploads\/2018\/02\/1.jpg","contentUrl":"https:\/\/rednacionaldearte.com\/noticias\/wp-content\/uploads\/2018\/02\/1.jpg","width":1200,"height":630,"caption":"Ceniza de los Pasos"},{"@type":"BreadcrumbList","@id":"https:\/\/rednacionaldearte.com\/noticias\/videoarte-ceniza-pasos-morelia\/#breadcrumb","itemListElement":[{"@type":"ListItem","position":1,"name":"Home","item":"http:\/\/rednacionaldearte.com\/noticias\/"},{"@type":"ListItem","position":2,"name":"El videoarte de Ceniza de los Pasos se exhibir\u00e1 en Morelia"}]},{"@type":"WebSite","@id":"http:\/\/rednacionaldearte.com\/noticias\/#website","url":"http:\/\/rednacionaldearte.com\/noticias\/","name":"Red Nacional de Arte","description":"Cultura y Arte contempor\u00e1neo en M\u00e9xico","publisher":{"@id":"http:\/\/rednacionaldearte.com\/noticias\/#organization"},"potentialAction":[{"@type":"SearchAction","target":{"@type":"EntryPoint","urlTemplate":"http:\/\/rednacionaldearte.com\/noticias\/?s={search_term_string}"},"query-input":{"@type":"PropertyValueSpecification","valueRequired":true,"valueName":"search_term_string"}}],"inLanguage":"es"},{"@type":"Organization","@id":"http:\/\/rednacionaldearte.com\/noticias\/#organization","name":"Red Nacional de Arte","url":"http:\/\/rednacionaldearte.com\/noticias\/","logo":{"@type":"ImageObject","inLanguage":"es","@id":"http:\/\/rednacionaldearte.com\/noticias\/#\/schema\/logo\/image\/","url":"http:\/\/rednacionaldearte.com\/noticias\/wp-content\/uploads\/2016\/04\/logo.png","contentUrl":"http:\/\/rednacionaldearte.com\/noticias\/wp-content\/uploads\/2016\/04\/logo.png","width":575,"height":554,"caption":"Red Nacional de Arte"},"image":{"@id":"http:\/\/rednacionaldearte.com\/noticias\/#\/schema\/logo\/image\/"},"sameAs":["http:\/\/www.facebook.com\/rednacionaldearte\/","https:\/\/x.com\/rednacionalarte"]},{"@type":"Person","@id":"http:\/\/rednacionaldearte.com\/noticias\/#\/schema\/person\/489d635082b1de413434d2708a3e5b9b","name":"Redacci\u00f3n","image":{"@type":"ImageObject","inLanguage":"es","@id":"https:\/\/secure.gravatar.com\/avatar\/1d1c30eaee7c2f6cfa13fb8502cb06839106cdf371b9953d50e4b572d0bfa3c7?s=96&d=mm&r=g","url":"https:\/\/secure.gravatar.com\/avatar\/1d1c30eaee7c2f6cfa13fb8502cb06839106cdf371b9953d50e4b572d0bfa3c7?s=96&d=mm&r=g","contentUrl":"https:\/\/secure.gravatar.com\/avatar\/1d1c30eaee7c2f6cfa13fb8502cb06839106cdf371b9953d50e4b572d0bfa3c7?s=96&d=mm&r=g","caption":"Redacci\u00f3n"},"url":"https:\/\/rednacionaldearte.com\/noticias\/author\/adan\/"}]}},"amp_validity":null,"amp_enabled":true,"_links":{"self":[{"href":"https:\/\/rednacionaldearte.com\/noticias\/wp-json\/wp\/v2\/posts\/756","targetHints":{"allow":["GET"]}}],"collection":[{"href":"https:\/\/rednacionaldearte.com\/noticias\/wp-json\/wp\/v2\/posts"}],"about":[{"href":"https:\/\/rednacionaldearte.com\/noticias\/wp-json\/wp\/v2\/types\/post"}],"author":[{"embeddable":true,"href":"https:\/\/rednacionaldearte.com\/noticias\/wp-json\/wp\/v2\/users\/1"}],"replies":[{"embeddable":true,"href":"https:\/\/rednacionaldearte.com\/noticias\/wp-json\/wp\/v2\/comments?post=756"}],"version-history":[{"count":2,"href":"https:\/\/rednacionaldearte.com\/noticias\/wp-json\/wp\/v2\/posts\/756\/revisions"}],"predecessor-version":[{"id":763,"href":"https:\/\/rednacionaldearte.com\/noticias\/wp-json\/wp\/v2\/posts\/756\/revisions\/763"}],"wp:featuredmedia":[{"embeddable":true,"href":"https:\/\/rednacionaldearte.com\/noticias\/wp-json\/wp\/v2\/media\/757"}],"wp:attachment":[{"href":"https:\/\/rednacionaldearte.com\/noticias\/wp-json\/wp\/v2\/media?parent=756"}],"wp:term":[{"taxonomy":"category","embeddable":true,"href":"https:\/\/rednacionaldearte.com\/noticias\/wp-json\/wp\/v2\/categories?post=756"},{"taxonomy":"post_tag","embeddable":true,"href":"https:\/\/rednacionaldearte.com\/noticias\/wp-json\/wp\/v2\/tags?post=756"}],"curies":[{"name":"wp","href":"https:\/\/api.w.org\/{rel}","templated":true}]}}