{"id":764,"date":"2018-02-23T09:31:10","date_gmt":"2018-02-23T09:31:10","guid":{"rendered":"http:\/\/rednacionaldearte.com\/noticias\/?p=764"},"modified":"2018-03-03T22:17:46","modified_gmt":"2018-03-03T22:17:46","slug":"ceniza-pasos-corazon-mexico","status":"publish","type":"post","link":"https:\/\/rednacionaldearte.com\/noticias\/ceniza-pasos-corazon-mexico\/","title":{"rendered":"Ceniza de los Pasos presente en M\u00e9xico en el Coraz\u00f3n de M\u00e9xico"},"content":{"rendered":"<h1>Ceniza de los Pasos present\u00f3 una conferencia y fragmento en el Z\u00f3calo de la Ciudad de M\u00e9xico.<\/h1>\n<p>El pasado 20 de febrero -d\u00eda en que se conmemoran 75 a\u00f1os del nacimiento del volc\u00e1n Paricut\u00edn-, las int\u00e9rpretes y creadoras de Ceniza de los Pasos, Yuki Pastrana y Catalina Navarrete, ofrecieron una conferencia acompa\u00f1adas por el bi\u00f3logo Alejandro Mar\u00edn.<\/p>\n<p><a href=\"http:\/\/rednacionaldearte.com\/noticias\/wp-content\/uploads\/2018\/02\/Ceniza-de-los-Pasos-Mexico-en-el-corazo\u0301n-de-Me\u0301xico.jpg\"><img loading=\"lazy\" decoding=\"async\" class=\"aligncenter wp-image-765 size-full\" src=\"http:\/\/rednacionaldearte.com\/noticias\/wp-content\/uploads\/2018\/02\/Ceniza-de-los-Pasos-Mexico-en-el-corazo\u0301n-de-Me\u0301xico.jpg\" alt=\"Ceniza de los Pasos\" width=\"4128\" height=\"3096\" srcset=\"https:\/\/rednacionaldearte.com\/noticias\/wp-content\/uploads\/2018\/02\/Ceniza-de-los-Pasos-Mexico-en-el-corazo\u0301n-de-Me\u0301xico.jpg 4128w, https:\/\/rednacionaldearte.com\/noticias\/wp-content\/uploads\/2018\/02\/Ceniza-de-los-Pasos-Mexico-en-el-corazo\u0301n-de-Me\u0301xico-300x225.jpg 300w, https:\/\/rednacionaldearte.com\/noticias\/wp-content\/uploads\/2018\/02\/Ceniza-de-los-Pasos-Mexico-en-el-corazo\u0301n-de-Me\u0301xico-768x576.jpg 768w, https:\/\/rednacionaldearte.com\/noticias\/wp-content\/uploads\/2018\/02\/Ceniza-de-los-Pasos-Mexico-en-el-corazo\u0301n-de-Me\u0301xico-1024x768.jpg 1024w\" sizes=\"auto, (max-width: 4128px) 100vw, 4128px\" \/><\/a><\/p>\n<p>Durante la charla se habl\u00f3 sobre el proceso creativo de la coreograf\u00eda y se abord\u00f3 el aspecto cient\u00edfico del \u00fanico volc\u00e1n que el hombre ha visto nacer. Posteriormente se mostr\u00f3 un fragmento de la obra.<\/p>\n<p>Al finalizar se tuvo una sesi\u00f3n de preguntas y respuestas con el p\u00fablico asistente, contando tambi\u00e9n con la presencia de Ad\u00e1n Ruiz, uno de los cinefot\u00f3grafos del videoarte que acompa\u00f1a a la obra de danza con arn\u00e9s.<\/p>\n<p><a href=\"http:\/\/rednacionaldearte.com\/noticias\/wp-content\/uploads\/2018\/02\/Ceniza-de-los-Pasos-Mexico-en-el-corazo\u0301n-de-Me\u0301xico-2.jpg\"><img loading=\"lazy\" decoding=\"async\" class=\"aligncenter size-full wp-image-766\" src=\"http:\/\/rednacionaldearte.com\/noticias\/wp-content\/uploads\/2018\/02\/Ceniza-de-los-Pasos-Mexico-en-el-corazo\u0301n-de-Me\u0301xico-2.jpg\" alt=\"\" width=\"4128\" height=\"3096\" srcset=\"https:\/\/rednacionaldearte.com\/noticias\/wp-content\/uploads\/2018\/02\/Ceniza-de-los-Pasos-Mexico-en-el-corazo\u0301n-de-Me\u0301xico-2.jpg 4128w, https:\/\/rednacionaldearte.com\/noticias\/wp-content\/uploads\/2018\/02\/Ceniza-de-los-Pasos-Mexico-en-el-corazo\u0301n-de-Me\u0301xico-2-300x225.jpg 300w, https:\/\/rednacionaldearte.com\/noticias\/wp-content\/uploads\/2018\/02\/Ceniza-de-los-Pasos-Mexico-en-el-corazo\u0301n-de-Me\u0301xico-2-768x576.jpg 768w, https:\/\/rednacionaldearte.com\/noticias\/wp-content\/uploads\/2018\/02\/Ceniza-de-los-Pasos-Mexico-en-el-corazo\u0301n-de-Me\u0301xico-2-1024x768.jpg 1024w\" sizes=\"auto, (max-width: 4128px) 100vw, 4128px\" \/><\/a><\/p>\n<p>Cabe mencionar que la pieza se presentar\u00e1 durante todos los mi\u00e9rcoles de mayo en el Teatro de la Ciudad Esperanza Iris.<\/p>\n<p>&nbsp;<\/p>\n","protected":false},"excerpt":{"rendered":"<p>Ceniza de los Pasos present\u00f3 una conferencia y fragmento en el Z\u00f3calo de la Ciudad de M\u00e9xico. El pasado 20 de febrero -d\u00eda en que se conmemoran 75 a\u00f1os del nacimiento del volc\u00e1n Paricut\u00edn-, las int\u00e9rpretes y creadoras de Ceniza de los Pasos, Yuki Pastrana y Catalina Navarrete, ofrecieron una conferencia acompa\u00f1adas por el bi\u00f3logo [&hellip;]<\/p>\n","protected":false},"author":1,"featured_media":765,"comment_status":"closed","ping_status":"open","sticky":false,"template":"","format":"standard","meta":{"footnotes":""},"categories":[103,58,18,93,41],"tags":[142],"class_list":["post-764","post","type-post","status-publish","format-standard","has-post-thumbnail","hentry","category-artes-escenicas","category-danza","category-eventos","category-festivales","category-rna","tag-ceniza-de-los-pasos"],"yoast_head":"<!-- This site is optimized with the Yoast SEO plugin v27.2 - https:\/\/yoast.com\/product\/yoast-seo-wordpress\/ -->\n<title>Ceniza de los Pasos en M\u00e9xico en el Coraz\u00f3n de M\u00e9xico<\/title>\n<meta name=\"description\" content=\"Ceniza de los Pasos present\u00f3 una conferencia y fragmento de la obra en el Z\u00f3calo de la Ciudad de M\u00e9xico, en el marco de las celebraciones por el 75 aniversario del Paricut\u00edn y el festival &quot;M\u00e9xico en el Coraz\u00f3n de M\u00e9xico&quot;.\" \/>\n<meta name=\"robots\" content=\"index, follow, max-snippet:-1, max-image-preview:large, max-video-preview:-1\" \/>\n<link rel=\"canonical\" href=\"http:\/\/rednacionaldearte.com\/noticias\/ceniza-pasos-corazon-mexico\/\" \/>\n<meta property=\"og:locale\" content=\"es_ES\" \/>\n<meta property=\"og:type\" content=\"article\" \/>\n<meta property=\"og:title\" content=\"Ceniza de los Pasos en M\u00e9xico en el Coraz\u00f3n de M\u00e9xico\" \/>\n<meta property=\"og:description\" content=\"Ceniza de los Pasos present\u00f3 una conferencia y fragmento de la obra en el Z\u00f3calo de la Ciudad de M\u00e9xico, en el marco de las celebraciones por el 75 aniversario del Paricut\u00edn y el festival &quot;M\u00e9xico en el Coraz\u00f3n de M\u00e9xico&quot;.\" \/>\n<meta property=\"og:url\" content=\"http:\/\/rednacionaldearte.com\/noticias\/ceniza-pasos-corazon-mexico\/\" \/>\n<meta property=\"og:site_name\" content=\"Red Nacional de Arte\" \/>\n<meta property=\"article:publisher\" content=\"http:\/\/www.facebook.com\/rednacionaldearte\/\" \/>\n<meta property=\"article:published_time\" content=\"2018-02-23T09:31:10+00:00\" \/>\n<meta property=\"article:modified_time\" content=\"2018-03-03T22:17:46+00:00\" \/>\n<meta property=\"og:image\" content=\"http:\/\/rednacionaldearte.com\/noticias\/wp-content\/uploads\/2018\/02\/Ceniza-de-los-Pasos-Mexico-en-el-corazo\u0301n-de-Me\u0301xico.jpg\" \/>\n\t<meta property=\"og:image:width\" content=\"4128\" \/>\n\t<meta property=\"og:image:height\" content=\"3096\" \/>\n\t<meta property=\"og:image:type\" content=\"image\/jpeg\" \/>\n<meta name=\"author\" content=\"Redacci\u00f3n\" \/>\n<meta name=\"twitter:card\" content=\"summary_large_image\" \/>\n<meta name=\"twitter:creator\" content=\"@rednacionalarte\" \/>\n<meta name=\"twitter:site\" content=\"@rednacionalarte\" \/>\n<meta name=\"twitter:label1\" content=\"Escrito por\" \/>\n\t<meta name=\"twitter:data1\" content=\"Redacci\u00f3n\" \/>\n\t<meta name=\"twitter:label2\" content=\"Tiempo de lectura\" \/>\n\t<meta name=\"twitter:data2\" content=\"1 minuto\" \/>\n<script type=\"application\/ld+json\" class=\"yoast-schema-graph\">{\"@context\":\"https:\/\/schema.org\",\"@graph\":[{\"@type\":\"Article\",\"@id\":\"http:\/\/rednacionaldearte.com\/noticias\/ceniza-pasos-corazon-mexico\/#article\",\"isPartOf\":{\"@id\":\"http:\/\/rednacionaldearte.com\/noticias\/ceniza-pasos-corazon-mexico\/\"},\"author\":{\"name\":\"Redacci\u00f3n\",\"@id\":\"http:\/\/rednacionaldearte.com\/noticias\/#\/schema\/person\/489d635082b1de413434d2708a3e5b9b\"},\"headline\":\"Ceniza de los Pasos presente en M\u00e9xico en el Coraz\u00f3n de M\u00e9xico\",\"datePublished\":\"2018-02-23T09:31:10+00:00\",\"dateModified\":\"2018-03-03T22:17:46+00:00\",\"mainEntityOfPage\":{\"@id\":\"http:\/\/rednacionaldearte.com\/noticias\/ceniza-pasos-corazon-mexico\/\"},\"wordCount\":185,\"publisher\":{\"@id\":\"http:\/\/rednacionaldearte.com\/noticias\/#organization\"},\"image\":{\"@id\":\"http:\/\/rednacionaldearte.com\/noticias\/ceniza-pasos-corazon-mexico\/#primaryimage\"},\"thumbnailUrl\":\"https:\/\/rednacionaldearte.com\/noticias\/wp-content\/uploads\/2018\/02\/Ceniza-de-los-Pasos-Mexico-en-el-corazo\u0301n-de-Me\u0301xico.jpg\",\"keywords\":[\"Ceniza de los Pasos\"],\"articleSection\":[\"Artes Esc\u00e9nicas\",\"Danza\",\"Eventos\",\"Festivales\",\"RNA\"],\"inLanguage\":\"es\"},{\"@type\":\"WebPage\",\"@id\":\"http:\/\/rednacionaldearte.com\/noticias\/ceniza-pasos-corazon-mexico\/\",\"url\":\"http:\/\/rednacionaldearte.com\/noticias\/ceniza-pasos-corazon-mexico\/\",\"name\":\"Ceniza de los Pasos en M\u00e9xico en el Coraz\u00f3n de M\u00e9xico\",\"isPartOf\":{\"@id\":\"http:\/\/rednacionaldearte.com\/noticias\/#website\"},\"primaryImageOfPage\":{\"@id\":\"http:\/\/rednacionaldearte.com\/noticias\/ceniza-pasos-corazon-mexico\/#primaryimage\"},\"image\":{\"@id\":\"http:\/\/rednacionaldearte.com\/noticias\/ceniza-pasos-corazon-mexico\/#primaryimage\"},\"thumbnailUrl\":\"https:\/\/rednacionaldearte.com\/noticias\/wp-content\/uploads\/2018\/02\/Ceniza-de-los-Pasos-Mexico-en-el-corazo\u0301n-de-Me\u0301xico.jpg\",\"datePublished\":\"2018-02-23T09:31:10+00:00\",\"dateModified\":\"2018-03-03T22:17:46+00:00\",\"description\":\"Ceniza de los Pasos present\u00f3 una conferencia y fragmento de la obra en el Z\u00f3calo de la Ciudad de M\u00e9xico, en el marco de las celebraciones por el 75 aniversario del Paricut\u00edn y el festival \\\"M\u00e9xico en el Coraz\u00f3n de M\u00e9xico\\\".\",\"breadcrumb\":{\"@id\":\"http:\/\/rednacionaldearte.com\/noticias\/ceniza-pasos-corazon-mexico\/#breadcrumb\"},\"inLanguage\":\"es\",\"potentialAction\":[{\"@type\":\"ReadAction\",\"target\":[\"http:\/\/rednacionaldearte.com\/noticias\/ceniza-pasos-corazon-mexico\/\"]}]},{\"@type\":\"ImageObject\",\"inLanguage\":\"es\",\"@id\":\"http:\/\/rednacionaldearte.com\/noticias\/ceniza-pasos-corazon-mexico\/#primaryimage\",\"url\":\"https:\/\/rednacionaldearte.com\/noticias\/wp-content\/uploads\/2018\/02\/Ceniza-de-los-Pasos-Mexico-en-el-corazo\u0301n-de-Me\u0301xico.jpg\",\"contentUrl\":\"https:\/\/rednacionaldearte.com\/noticias\/wp-content\/uploads\/2018\/02\/Ceniza-de-los-Pasos-Mexico-en-el-corazo\u0301n-de-Me\u0301xico.jpg\",\"width\":4128,\"height\":3096,\"caption\":\"Ceniza de los Pasos\"},{\"@type\":\"BreadcrumbList\",\"@id\":\"http:\/\/rednacionaldearte.com\/noticias\/ceniza-pasos-corazon-mexico\/#breadcrumb\",\"itemListElement\":[{\"@type\":\"ListItem\",\"position\":1,\"name\":\"Home\",\"item\":\"http:\/\/rednacionaldearte.com\/noticias\/\"},{\"@type\":\"ListItem\",\"position\":2,\"name\":\"Ceniza de los Pasos presente en M\u00e9xico en el Coraz\u00f3n de M\u00e9xico\"}]},{\"@type\":\"WebSite\",\"@id\":\"http:\/\/rednacionaldearte.com\/noticias\/#website\",\"url\":\"http:\/\/rednacionaldearte.com\/noticias\/\",\"name\":\"Red Nacional de Arte\",\"description\":\"Cultura y Arte contempor\u00e1neo en M\u00e9xico\",\"publisher\":{\"@id\":\"http:\/\/rednacionaldearte.com\/noticias\/#organization\"},\"potentialAction\":[{\"@type\":\"SearchAction\",\"target\":{\"@type\":\"EntryPoint\",\"urlTemplate\":\"http:\/\/rednacionaldearte.com\/noticias\/?s={search_term_string}\"},\"query-input\":{\"@type\":\"PropertyValueSpecification\",\"valueRequired\":true,\"valueName\":\"search_term_string\"}}],\"inLanguage\":\"es\"},{\"@type\":\"Organization\",\"@id\":\"http:\/\/rednacionaldearte.com\/noticias\/#organization\",\"name\":\"Red Nacional de Arte\",\"url\":\"http:\/\/rednacionaldearte.com\/noticias\/\",\"logo\":{\"@type\":\"ImageObject\",\"inLanguage\":\"es\",\"@id\":\"http:\/\/rednacionaldearte.com\/noticias\/#\/schema\/logo\/image\/\",\"url\":\"http:\/\/rednacionaldearte.com\/noticias\/wp-content\/uploads\/2016\/04\/logo.png\",\"contentUrl\":\"http:\/\/rednacionaldearte.com\/noticias\/wp-content\/uploads\/2016\/04\/logo.png\",\"width\":575,\"height\":554,\"caption\":\"Red Nacional de Arte\"},\"image\":{\"@id\":\"http:\/\/rednacionaldearte.com\/noticias\/#\/schema\/logo\/image\/\"},\"sameAs\":[\"http:\/\/www.facebook.com\/rednacionaldearte\/\",\"https:\/\/x.com\/rednacionalarte\"]},{\"@type\":\"Person\",\"@id\":\"http:\/\/rednacionaldearte.com\/noticias\/#\/schema\/person\/489d635082b1de413434d2708a3e5b9b\",\"name\":\"Redacci\u00f3n\",\"image\":{\"@type\":\"ImageObject\",\"inLanguage\":\"es\",\"@id\":\"https:\/\/secure.gravatar.com\/avatar\/1d1c30eaee7c2f6cfa13fb8502cb06839106cdf371b9953d50e4b572d0bfa3c7?s=96&d=mm&r=g\",\"url\":\"https:\/\/secure.gravatar.com\/avatar\/1d1c30eaee7c2f6cfa13fb8502cb06839106cdf371b9953d50e4b572d0bfa3c7?s=96&d=mm&r=g\",\"contentUrl\":\"https:\/\/secure.gravatar.com\/avatar\/1d1c30eaee7c2f6cfa13fb8502cb06839106cdf371b9953d50e4b572d0bfa3c7?s=96&d=mm&r=g\",\"caption\":\"Redacci\u00f3n\"},\"url\":\"https:\/\/rednacionaldearte.com\/noticias\/author\/adan\/\"}]}<\/script>\n<!-- \/ Yoast SEO plugin. -->","yoast_head_json":{"title":"Ceniza de los Pasos en M\u00e9xico en el Coraz\u00f3n de M\u00e9xico","description":"Ceniza de los Pasos present\u00f3 una conferencia y fragmento de la obra en el Z\u00f3calo de la Ciudad de M\u00e9xico, en el marco de las celebraciones por el 75 aniversario del Paricut\u00edn y el festival \"M\u00e9xico en el Coraz\u00f3n de M\u00e9xico\".","robots":{"index":"index","follow":"follow","max-snippet":"max-snippet:-1","max-image-preview":"max-image-preview:large","max-video-preview":"max-video-preview:-1"},"canonical":"http:\/\/rednacionaldearte.com\/noticias\/ceniza-pasos-corazon-mexico\/","og_locale":"es_ES","og_type":"article","og_title":"Ceniza de los Pasos en M\u00e9xico en el Coraz\u00f3n de M\u00e9xico","og_description":"Ceniza de los Pasos present\u00f3 una conferencia y fragmento de la obra en el Z\u00f3calo de la Ciudad de M\u00e9xico, en el marco de las celebraciones por el 75 aniversario del Paricut\u00edn y el festival \"M\u00e9xico en el Coraz\u00f3n de M\u00e9xico\".","og_url":"http:\/\/rednacionaldearte.com\/noticias\/ceniza-pasos-corazon-mexico\/","og_site_name":"Red Nacional de Arte","article_publisher":"http:\/\/www.facebook.com\/rednacionaldearte\/","article_published_time":"2018-02-23T09:31:10+00:00","article_modified_time":"2018-03-03T22:17:46+00:00","og_image":[{"width":4128,"height":3096,"url":"http:\/\/rednacionaldearte.com\/noticias\/wp-content\/uploads\/2018\/02\/Ceniza-de-los-Pasos-Mexico-en-el-corazo\u0301n-de-Me\u0301xico.jpg","type":"image\/jpeg"}],"author":"Redacci\u00f3n","twitter_card":"summary_large_image","twitter_creator":"@rednacionalarte","twitter_site":"@rednacionalarte","twitter_misc":{"Escrito por":"Redacci\u00f3n","Tiempo de lectura":"1 minuto"},"schema":{"@context":"https:\/\/schema.org","@graph":[{"@type":"Article","@id":"http:\/\/rednacionaldearte.com\/noticias\/ceniza-pasos-corazon-mexico\/#article","isPartOf":{"@id":"http:\/\/rednacionaldearte.com\/noticias\/ceniza-pasos-corazon-mexico\/"},"author":{"name":"Redacci\u00f3n","@id":"http:\/\/rednacionaldearte.com\/noticias\/#\/schema\/person\/489d635082b1de413434d2708a3e5b9b"},"headline":"Ceniza de los Pasos presente en M\u00e9xico en el Coraz\u00f3n de M\u00e9xico","datePublished":"2018-02-23T09:31:10+00:00","dateModified":"2018-03-03T22:17:46+00:00","mainEntityOfPage":{"@id":"http:\/\/rednacionaldearte.com\/noticias\/ceniza-pasos-corazon-mexico\/"},"wordCount":185,"publisher":{"@id":"http:\/\/rednacionaldearte.com\/noticias\/#organization"},"image":{"@id":"http:\/\/rednacionaldearte.com\/noticias\/ceniza-pasos-corazon-mexico\/#primaryimage"},"thumbnailUrl":"https:\/\/rednacionaldearte.com\/noticias\/wp-content\/uploads\/2018\/02\/Ceniza-de-los-Pasos-Mexico-en-el-corazo\u0301n-de-Me\u0301xico.jpg","keywords":["Ceniza de los Pasos"],"articleSection":["Artes Esc\u00e9nicas","Danza","Eventos","Festivales","RNA"],"inLanguage":"es"},{"@type":"WebPage","@id":"http:\/\/rednacionaldearte.com\/noticias\/ceniza-pasos-corazon-mexico\/","url":"http:\/\/rednacionaldearte.com\/noticias\/ceniza-pasos-corazon-mexico\/","name":"Ceniza de los Pasos en M\u00e9xico en el Coraz\u00f3n de M\u00e9xico","isPartOf":{"@id":"http:\/\/rednacionaldearte.com\/noticias\/#website"},"primaryImageOfPage":{"@id":"http:\/\/rednacionaldearte.com\/noticias\/ceniza-pasos-corazon-mexico\/#primaryimage"},"image":{"@id":"http:\/\/rednacionaldearte.com\/noticias\/ceniza-pasos-corazon-mexico\/#primaryimage"},"thumbnailUrl":"https:\/\/rednacionaldearte.com\/noticias\/wp-content\/uploads\/2018\/02\/Ceniza-de-los-Pasos-Mexico-en-el-corazo\u0301n-de-Me\u0301xico.jpg","datePublished":"2018-02-23T09:31:10+00:00","dateModified":"2018-03-03T22:17:46+00:00","description":"Ceniza de los Pasos present\u00f3 una conferencia y fragmento de la obra en el Z\u00f3calo de la Ciudad de M\u00e9xico, en el marco de las celebraciones por el 75 aniversario del Paricut\u00edn y el festival \"M\u00e9xico en el Coraz\u00f3n de M\u00e9xico\".","breadcrumb":{"@id":"http:\/\/rednacionaldearte.com\/noticias\/ceniza-pasos-corazon-mexico\/#breadcrumb"},"inLanguage":"es","potentialAction":[{"@type":"ReadAction","target":["http:\/\/rednacionaldearte.com\/noticias\/ceniza-pasos-corazon-mexico\/"]}]},{"@type":"ImageObject","inLanguage":"es","@id":"http:\/\/rednacionaldearte.com\/noticias\/ceniza-pasos-corazon-mexico\/#primaryimage","url":"https:\/\/rednacionaldearte.com\/noticias\/wp-content\/uploads\/2018\/02\/Ceniza-de-los-Pasos-Mexico-en-el-corazo\u0301n-de-Me\u0301xico.jpg","contentUrl":"https:\/\/rednacionaldearte.com\/noticias\/wp-content\/uploads\/2018\/02\/Ceniza-de-los-Pasos-Mexico-en-el-corazo\u0301n-de-Me\u0301xico.jpg","width":4128,"height":3096,"caption":"Ceniza de los Pasos"},{"@type":"BreadcrumbList","@id":"http:\/\/rednacionaldearte.com\/noticias\/ceniza-pasos-corazon-mexico\/#breadcrumb","itemListElement":[{"@type":"ListItem","position":1,"name":"Home","item":"http:\/\/rednacionaldearte.com\/noticias\/"},{"@type":"ListItem","position":2,"name":"Ceniza de los Pasos presente en M\u00e9xico en el Coraz\u00f3n de M\u00e9xico"}]},{"@type":"WebSite","@id":"http:\/\/rednacionaldearte.com\/noticias\/#website","url":"http:\/\/rednacionaldearte.com\/noticias\/","name":"Red Nacional de Arte","description":"Cultura y Arte contempor\u00e1neo en M\u00e9xico","publisher":{"@id":"http:\/\/rednacionaldearte.com\/noticias\/#organization"},"potentialAction":[{"@type":"SearchAction","target":{"@type":"EntryPoint","urlTemplate":"http:\/\/rednacionaldearte.com\/noticias\/?s={search_term_string}"},"query-input":{"@type":"PropertyValueSpecification","valueRequired":true,"valueName":"search_term_string"}}],"inLanguage":"es"},{"@type":"Organization","@id":"http:\/\/rednacionaldearte.com\/noticias\/#organization","name":"Red Nacional de Arte","url":"http:\/\/rednacionaldearte.com\/noticias\/","logo":{"@type":"ImageObject","inLanguage":"es","@id":"http:\/\/rednacionaldearte.com\/noticias\/#\/schema\/logo\/image\/","url":"http:\/\/rednacionaldearte.com\/noticias\/wp-content\/uploads\/2016\/04\/logo.png","contentUrl":"http:\/\/rednacionaldearte.com\/noticias\/wp-content\/uploads\/2016\/04\/logo.png","width":575,"height":554,"caption":"Red Nacional de Arte"},"image":{"@id":"http:\/\/rednacionaldearte.com\/noticias\/#\/schema\/logo\/image\/"},"sameAs":["http:\/\/www.facebook.com\/rednacionaldearte\/","https:\/\/x.com\/rednacionalarte"]},{"@type":"Person","@id":"http:\/\/rednacionaldearte.com\/noticias\/#\/schema\/person\/489d635082b1de413434d2708a3e5b9b","name":"Redacci\u00f3n","image":{"@type":"ImageObject","inLanguage":"es","@id":"https:\/\/secure.gravatar.com\/avatar\/1d1c30eaee7c2f6cfa13fb8502cb06839106cdf371b9953d50e4b572d0bfa3c7?s=96&d=mm&r=g","url":"https:\/\/secure.gravatar.com\/avatar\/1d1c30eaee7c2f6cfa13fb8502cb06839106cdf371b9953d50e4b572d0bfa3c7?s=96&d=mm&r=g","contentUrl":"https:\/\/secure.gravatar.com\/avatar\/1d1c30eaee7c2f6cfa13fb8502cb06839106cdf371b9953d50e4b572d0bfa3c7?s=96&d=mm&r=g","caption":"Redacci\u00f3n"},"url":"https:\/\/rednacionaldearte.com\/noticias\/author\/adan\/"}]}},"amp_validity":null,"amp_enabled":true,"_links":{"self":[{"href":"https:\/\/rednacionaldearte.com\/noticias\/wp-json\/wp\/v2\/posts\/764","targetHints":{"allow":["GET"]}}],"collection":[{"href":"https:\/\/rednacionaldearte.com\/noticias\/wp-json\/wp\/v2\/posts"}],"about":[{"href":"https:\/\/rednacionaldearte.com\/noticias\/wp-json\/wp\/v2\/types\/post"}],"author":[{"embeddable":true,"href":"https:\/\/rednacionaldearte.com\/noticias\/wp-json\/wp\/v2\/users\/1"}],"replies":[{"embeddable":true,"href":"https:\/\/rednacionaldearte.com\/noticias\/wp-json\/wp\/v2\/comments?post=764"}],"version-history":[{"count":1,"href":"https:\/\/rednacionaldearte.com\/noticias\/wp-json\/wp\/v2\/posts\/764\/revisions"}],"predecessor-version":[{"id":767,"href":"https:\/\/rednacionaldearte.com\/noticias\/wp-json\/wp\/v2\/posts\/764\/revisions\/767"}],"wp:featuredmedia":[{"embeddable":true,"href":"https:\/\/rednacionaldearte.com\/noticias\/wp-json\/wp\/v2\/media\/765"}],"wp:attachment":[{"href":"https:\/\/rednacionaldearte.com\/noticias\/wp-json\/wp\/v2\/media?parent=764"}],"wp:term":[{"taxonomy":"category","embeddable":true,"href":"https:\/\/rednacionaldearte.com\/noticias\/wp-json\/wp\/v2\/categories?post=764"},{"taxonomy":"post_tag","embeddable":true,"href":"https:\/\/rednacionaldearte.com\/noticias\/wp-json\/wp\/v2\/tags?post=764"}],"curies":[{"name":"wp","href":"https:\/\/api.w.org\/{rel}","templated":true}]}}