{"id":768,"date":"2018-03-07T19:56:12","date_gmt":"2018-03-07T19:56:12","guid":{"rendered":"http:\/\/rednacionaldearte.com\/noticias\/?p=768"},"modified":"2019-09-02T20:02:04","modified_gmt":"2019-09-02T20:02:04","slug":"convocatoria-talleristas","status":"publish","type":"post","link":"https:\/\/rednacionaldearte.com\/noticias\/convocatoria-talleristas\/","title":{"rendered":"Convocatoria para Talleristas en Red Nacional de Arte"},"content":{"rendered":"<div class=\"column\">\n<p style=\"text-align: center;\"><strong>ATENCI\u00d3N: CONVOCATORIA CERRADA<\/strong><\/p>\n<hr \/>\n<p>Red Nacional de Arte invita a profesionales de cualquier rama del arte y la cultura a postularse para impartir talleres, laboratorios y cursos a desarrollarse en la Ciudad de M\u00e9xico durante el a\u00f1o 2018.<\/p>\n<p>Entre los \u00e1mbitos buscados, sin limitarse a disciplinas concretas, se incluyen: danza, teatro, cine, fotograf\u00eda, ilustraci\u00f3n, new-media, gesti\u00f3n y producci\u00f3n cultural, por mencionar algunos.<\/p>\n<p style=\"text-align: center;\">BASES:<\/p>\n<p>1. Podr\u00e1n participar personas de cualquier nacionalidad y sexo, de forma individual o colectiva que residan en la Ciudad de M\u00e9xico.<\/p>\n<p>2. La convocatoria estar\u00e1 abierta desde el momento de su publicaci\u00f3n y de forma indefinida hasta nuevo aviso.<\/p>\n<p>3. Se puede participar con un m\u00e1ximo de 2 propuestas por persona.<\/p>\n<p>4. Para la presentaci\u00f3n de los proyectos se deber\u00e1 enviar un correo a cursos@rednacionaldearte.com con la siguiente informaci\u00f3n:<\/p>\n<p>Datos del tallerista:<\/p>\n<ul>\n<li>Nombre completo<\/li>\n<li>Tel\u00e9fono de contacto<\/li>\n<li>E-mail<\/li>\n<li>Nacionalidad<\/li>\n<li>Edad<\/li>\n<li>P\u00e1gina web, en caso de contar con una<\/li>\n<li>Semblanza (m\u00e1ximo media cuartilla)<\/li>\n<li>Curriculum vitae<\/li>\n<\/ul>\n<p>Datos del proyecto:<\/p>\n<ul>\n<li>Nombre del curso y descripci\u00f3n general<\/li>\n<li>Cantidad de horas y d\u00edas propuestos<\/li>\n<li>Fechas tentativas para realizarlo (opcional)<\/li>\n<li>Requerimientos t\u00e9cnicos<\/li>\n<li>Cupo m\u00e1ximo, en su caso<\/li>\n<li>Propuestas de costos de inscripci\u00f3n<\/li>\n<li>Especificar si el curso se ha impartido con anterioridad<\/li>\n<\/ul>\n<p>5. Red Nacional de Arte se encargar\u00e1 de la gesti\u00f3n de los espacios, pudiendo recibir propuestas por parte del tallerista.<\/p>\n<p>6. Despu\u00e9s de revisar el proyecto, Red Nacional de Arte podr\u00e1 hacer una propuesta econ\u00f3mica al tallerista en relaci\u00f3n a las necesidades log\u00edsticas, de difusi\u00f3n y producci\u00f3n del curso.<\/p>\n<p>7. S\u00f3lo se responder\u00e1 a los correos con propuestas que resulten factibles para llevarse a cabo.<\/p>\n<p>8. Para poder realizar el taller, se debe garantizar una cantidad m\u00ednima de alumnos inscritos. Esta ser\u00e1 ponderada en relaci\u00f3n a las caracter\u00edsticas de la propuesta.<\/p>\n<p>9. En caso de que una propuesta sea seleccionada, Red Nacional de Arte podr\u00e1 establecer mecanismos para tener una aproximaci\u00f3n de posibles personas interesadas en tomar el curso en cuesti\u00f3n. Si los mecanismos demuestran que no existen las condiciones para llevar a cabo el curso, no ser\u00e1 organizado aunque haya sido seleccionado.<\/p>\n<p>10. Si los mecanismos previamente descritos demuestran que existe un inter\u00e9s suficiente, pero durante el tiempo designado para la captaci\u00f3n de inscripciones no se alcanza la cantidad requerida de inscritos, el curso ser\u00e1 cancelado por no resultar econ\u00f3micamente viable.<\/p>\n<p>11. Cualquier asunto no especificado en la presente convocatoria ser\u00e1 resuelto por los organizadores.<\/p>\n<p>Para mayor informaci\u00f3n, escribir a cursos@rednacionaldearte.com<\/p>\n<\/div>\n","protected":false},"excerpt":{"rendered":"<p>ATENCI\u00d3N: CONVOCATORIA CERRADA Red Nacional de Arte invita a profesionales de cualquier rama del arte y la cultura a postularse para impartir talleres, laboratorios y cursos a desarrollarse en la Ciudad de M\u00e9xico durante el a\u00f1o 2018. Entre los \u00e1mbitos buscados, sin limitarse a disciplinas concretas, se incluyen: danza, teatro, cine, fotograf\u00eda, ilustraci\u00f3n, new-media, gesti\u00f3n [&hellip;]<\/p>\n","protected":false},"author":1,"featured_media":1132,"comment_status":"closed","ping_status":"open","sticky":false,"template":"","format":"standard","meta":{"footnotes":""},"categories":[24,43,41],"tags":[],"class_list":["post-768","post","type-post","status-publish","format-standard","has-post-thumbnail","hentry","category-convocatorias","category-cursos","category-rna"],"yoast_head":"<!-- This site is optimized with the Yoast SEO plugin v27.2 - https:\/\/yoast.com\/product\/yoast-seo-wordpress\/ -->\n<title>Convocatoria para Talleristas en Red Nacional de Arte - Red Nacional de Arte<\/title>\n<meta name=\"robots\" content=\"index, follow, max-snippet:-1, max-image-preview:large, max-video-preview:-1\" \/>\n<link rel=\"canonical\" href=\"http:\/\/rednacionaldearte.com\/noticias\/convocatoria-talleristas\/\" \/>\n<meta property=\"og:locale\" content=\"es_ES\" \/>\n<meta property=\"og:type\" content=\"article\" \/>\n<meta property=\"og:title\" content=\"Convocatoria para Talleristas en Red Nacional de Arte - Red Nacional de Arte\" \/>\n<meta property=\"og:description\" content=\"ATENCI\u00d3N: CONVOCATORIA CERRADA Red Nacional de Arte invita a profesionales de cualquier rama del arte y la cultura a postularse para impartir talleres, laboratorios y cursos a desarrollarse en la Ciudad de M\u00e9xico durante el a\u00f1o 2018. Entre los \u00e1mbitos buscados, sin limitarse a disciplinas concretas, se incluyen: danza, teatro, cine, fotograf\u00eda, ilustraci\u00f3n, new-media, gesti\u00f3n [&hellip;]\" \/>\n<meta property=\"og:url\" content=\"http:\/\/rednacionaldearte.com\/noticias\/convocatoria-talleristas\/\" \/>\n<meta property=\"og:site_name\" content=\"Red Nacional de Arte\" \/>\n<meta property=\"article:publisher\" content=\"http:\/\/www.facebook.com\/rednacionaldearte\/\" \/>\n<meta property=\"article:published_time\" content=\"2018-03-07T19:56:12+00:00\" \/>\n<meta property=\"article:modified_time\" content=\"2019-09-02T20:02:04+00:00\" \/>\n<meta property=\"og:image\" content=\"http:\/\/rednacionaldearte.com\/noticias\/wp-content\/uploads\/2018\/03\/pablo-1.png\" \/>\n\t<meta property=\"og:image:width\" content=\"1024\" \/>\n\t<meta property=\"og:image:height\" content=\"512\" \/>\n\t<meta property=\"og:image:type\" content=\"image\/png\" \/>\n<meta name=\"author\" content=\"Redacci\u00f3n\" \/>\n<meta name=\"twitter:card\" content=\"summary_large_image\" \/>\n<meta name=\"twitter:creator\" content=\"@rednacionalarte\" \/>\n<meta name=\"twitter:site\" content=\"@rednacionalarte\" \/>\n<meta name=\"twitter:label1\" content=\"Escrito por\" \/>\n\t<meta name=\"twitter:data1\" content=\"Redacci\u00f3n\" \/>\n\t<meta name=\"twitter:label2\" content=\"Tiempo de lectura\" \/>\n\t<meta name=\"twitter:data2\" content=\"2 minutos\" \/>\n<script type=\"application\/ld+json\" class=\"yoast-schema-graph\">{\"@context\":\"https:\/\/schema.org\",\"@graph\":[{\"@type\":\"Article\",\"@id\":\"http:\/\/rednacionaldearte.com\/noticias\/convocatoria-talleristas\/#article\",\"isPartOf\":{\"@id\":\"http:\/\/rednacionaldearte.com\/noticias\/convocatoria-talleristas\/\"},\"author\":{\"name\":\"Redacci\u00f3n\",\"@id\":\"http:\/\/rednacionaldearte.com\/noticias\/#\/schema\/person\/489d635082b1de413434d2708a3e5b9b\"},\"headline\":\"Convocatoria para Talleristas en Red Nacional de Arte\",\"datePublished\":\"2018-03-07T19:56:12+00:00\",\"dateModified\":\"2019-09-02T20:02:04+00:00\",\"mainEntityOfPage\":{\"@id\":\"http:\/\/rednacionaldearte.com\/noticias\/convocatoria-talleristas\/\"},\"wordCount\":436,\"publisher\":{\"@id\":\"http:\/\/rednacionaldearte.com\/noticias\/#organization\"},\"image\":{\"@id\":\"http:\/\/rednacionaldearte.com\/noticias\/convocatoria-talleristas\/#primaryimage\"},\"thumbnailUrl\":\"https:\/\/rednacionaldearte.com\/noticias\/wp-content\/uploads\/2018\/03\/pablo-1.png\",\"articleSection\":[\"Convocatorias\",\"Cursos\",\"RNA\"],\"inLanguage\":\"es\"},{\"@type\":\"WebPage\",\"@id\":\"http:\/\/rednacionaldearte.com\/noticias\/convocatoria-talleristas\/\",\"url\":\"http:\/\/rednacionaldearte.com\/noticias\/convocatoria-talleristas\/\",\"name\":\"Convocatoria para Talleristas en Red Nacional de Arte - Red Nacional de Arte\",\"isPartOf\":{\"@id\":\"http:\/\/rednacionaldearte.com\/noticias\/#website\"},\"primaryImageOfPage\":{\"@id\":\"http:\/\/rednacionaldearte.com\/noticias\/convocatoria-talleristas\/#primaryimage\"},\"image\":{\"@id\":\"http:\/\/rednacionaldearte.com\/noticias\/convocatoria-talleristas\/#primaryimage\"},\"thumbnailUrl\":\"https:\/\/rednacionaldearte.com\/noticias\/wp-content\/uploads\/2018\/03\/pablo-1.png\",\"datePublished\":\"2018-03-07T19:56:12+00:00\",\"dateModified\":\"2019-09-02T20:02:04+00:00\",\"breadcrumb\":{\"@id\":\"http:\/\/rednacionaldearte.com\/noticias\/convocatoria-talleristas\/#breadcrumb\"},\"inLanguage\":\"es\",\"potentialAction\":[{\"@type\":\"ReadAction\",\"target\":[\"http:\/\/rednacionaldearte.com\/noticias\/convocatoria-talleristas\/\"]}]},{\"@type\":\"ImageObject\",\"inLanguage\":\"es\",\"@id\":\"http:\/\/rednacionaldearte.com\/noticias\/convocatoria-talleristas\/#primaryimage\",\"url\":\"https:\/\/rednacionaldearte.com\/noticias\/wp-content\/uploads\/2018\/03\/pablo-1.png\",\"contentUrl\":\"https:\/\/rednacionaldearte.com\/noticias\/wp-content\/uploads\/2018\/03\/pablo-1.png\",\"width\":1024,\"height\":512,\"caption\":\"Convocatoria Talleristas\"},{\"@type\":\"BreadcrumbList\",\"@id\":\"http:\/\/rednacionaldearte.com\/noticias\/convocatoria-talleristas\/#breadcrumb\",\"itemListElement\":[{\"@type\":\"ListItem\",\"position\":1,\"name\":\"Home\",\"item\":\"http:\/\/rednacionaldearte.com\/noticias\/\"},{\"@type\":\"ListItem\",\"position\":2,\"name\":\"Convocatoria para Talleristas en Red Nacional de Arte\"}]},{\"@type\":\"WebSite\",\"@id\":\"http:\/\/rednacionaldearte.com\/noticias\/#website\",\"url\":\"http:\/\/rednacionaldearte.com\/noticias\/\",\"name\":\"Red Nacional de Arte\",\"description\":\"Cultura y Arte contempor\u00e1neo en M\u00e9xico\",\"publisher\":{\"@id\":\"http:\/\/rednacionaldearte.com\/noticias\/#organization\"},\"potentialAction\":[{\"@type\":\"SearchAction\",\"target\":{\"@type\":\"EntryPoint\",\"urlTemplate\":\"http:\/\/rednacionaldearte.com\/noticias\/?s={search_term_string}\"},\"query-input\":{\"@type\":\"PropertyValueSpecification\",\"valueRequired\":true,\"valueName\":\"search_term_string\"}}],\"inLanguage\":\"es\"},{\"@type\":\"Organization\",\"@id\":\"http:\/\/rednacionaldearte.com\/noticias\/#organization\",\"name\":\"Red Nacional de Arte\",\"url\":\"http:\/\/rednacionaldearte.com\/noticias\/\",\"logo\":{\"@type\":\"ImageObject\",\"inLanguage\":\"es\",\"@id\":\"http:\/\/rednacionaldearte.com\/noticias\/#\/schema\/logo\/image\/\",\"url\":\"http:\/\/rednacionaldearte.com\/noticias\/wp-content\/uploads\/2016\/04\/logo.png\",\"contentUrl\":\"http:\/\/rednacionaldearte.com\/noticias\/wp-content\/uploads\/2016\/04\/logo.png\",\"width\":575,\"height\":554,\"caption\":\"Red Nacional de Arte\"},\"image\":{\"@id\":\"http:\/\/rednacionaldearte.com\/noticias\/#\/schema\/logo\/image\/\"},\"sameAs\":[\"http:\/\/www.facebook.com\/rednacionaldearte\/\",\"https:\/\/x.com\/rednacionalarte\"]},{\"@type\":\"Person\",\"@id\":\"http:\/\/rednacionaldearte.com\/noticias\/#\/schema\/person\/489d635082b1de413434d2708a3e5b9b\",\"name\":\"Redacci\u00f3n\",\"image\":{\"@type\":\"ImageObject\",\"inLanguage\":\"es\",\"@id\":\"https:\/\/secure.gravatar.com\/avatar\/1d1c30eaee7c2f6cfa13fb8502cb06839106cdf371b9953d50e4b572d0bfa3c7?s=96&d=mm&r=g\",\"url\":\"https:\/\/secure.gravatar.com\/avatar\/1d1c30eaee7c2f6cfa13fb8502cb06839106cdf371b9953d50e4b572d0bfa3c7?s=96&d=mm&r=g\",\"contentUrl\":\"https:\/\/secure.gravatar.com\/avatar\/1d1c30eaee7c2f6cfa13fb8502cb06839106cdf371b9953d50e4b572d0bfa3c7?s=96&d=mm&r=g\",\"caption\":\"Redacci\u00f3n\"},\"url\":\"https:\/\/rednacionaldearte.com\/noticias\/author\/adan\/\"}]}<\/script>\n<!-- \/ Yoast SEO plugin. -->","yoast_head_json":{"title":"Convocatoria para Talleristas en Red Nacional de Arte - Red Nacional de Arte","robots":{"index":"index","follow":"follow","max-snippet":"max-snippet:-1","max-image-preview":"max-image-preview:large","max-video-preview":"max-video-preview:-1"},"canonical":"http:\/\/rednacionaldearte.com\/noticias\/convocatoria-talleristas\/","og_locale":"es_ES","og_type":"article","og_title":"Convocatoria para Talleristas en Red Nacional de Arte - Red Nacional de Arte","og_description":"ATENCI\u00d3N: CONVOCATORIA CERRADA Red Nacional de Arte invita a profesionales de cualquier rama del arte y la cultura a postularse para impartir talleres, laboratorios y cursos a desarrollarse en la Ciudad de M\u00e9xico durante el a\u00f1o 2018. Entre los \u00e1mbitos buscados, sin limitarse a disciplinas concretas, se incluyen: danza, teatro, cine, fotograf\u00eda, ilustraci\u00f3n, new-media, gesti\u00f3n [&hellip;]","og_url":"http:\/\/rednacionaldearte.com\/noticias\/convocatoria-talleristas\/","og_site_name":"Red Nacional de Arte","article_publisher":"http:\/\/www.facebook.com\/rednacionaldearte\/","article_published_time":"2018-03-07T19:56:12+00:00","article_modified_time":"2019-09-02T20:02:04+00:00","og_image":[{"width":1024,"height":512,"url":"http:\/\/rednacionaldearte.com\/noticias\/wp-content\/uploads\/2018\/03\/pablo-1.png","type":"image\/png"}],"author":"Redacci\u00f3n","twitter_card":"summary_large_image","twitter_creator":"@rednacionalarte","twitter_site":"@rednacionalarte","twitter_misc":{"Escrito por":"Redacci\u00f3n","Tiempo de lectura":"2 minutos"},"schema":{"@context":"https:\/\/schema.org","@graph":[{"@type":"Article","@id":"http:\/\/rednacionaldearte.com\/noticias\/convocatoria-talleristas\/#article","isPartOf":{"@id":"http:\/\/rednacionaldearte.com\/noticias\/convocatoria-talleristas\/"},"author":{"name":"Redacci\u00f3n","@id":"http:\/\/rednacionaldearte.com\/noticias\/#\/schema\/person\/489d635082b1de413434d2708a3e5b9b"},"headline":"Convocatoria para Talleristas en Red Nacional de Arte","datePublished":"2018-03-07T19:56:12+00:00","dateModified":"2019-09-02T20:02:04+00:00","mainEntityOfPage":{"@id":"http:\/\/rednacionaldearte.com\/noticias\/convocatoria-talleristas\/"},"wordCount":436,"publisher":{"@id":"http:\/\/rednacionaldearte.com\/noticias\/#organization"},"image":{"@id":"http:\/\/rednacionaldearte.com\/noticias\/convocatoria-talleristas\/#primaryimage"},"thumbnailUrl":"https:\/\/rednacionaldearte.com\/noticias\/wp-content\/uploads\/2018\/03\/pablo-1.png","articleSection":["Convocatorias","Cursos","RNA"],"inLanguage":"es"},{"@type":"WebPage","@id":"http:\/\/rednacionaldearte.com\/noticias\/convocatoria-talleristas\/","url":"http:\/\/rednacionaldearte.com\/noticias\/convocatoria-talleristas\/","name":"Convocatoria para Talleristas en Red Nacional de Arte - Red Nacional de Arte","isPartOf":{"@id":"http:\/\/rednacionaldearte.com\/noticias\/#website"},"primaryImageOfPage":{"@id":"http:\/\/rednacionaldearte.com\/noticias\/convocatoria-talleristas\/#primaryimage"},"image":{"@id":"http:\/\/rednacionaldearte.com\/noticias\/convocatoria-talleristas\/#primaryimage"},"thumbnailUrl":"https:\/\/rednacionaldearte.com\/noticias\/wp-content\/uploads\/2018\/03\/pablo-1.png","datePublished":"2018-03-07T19:56:12+00:00","dateModified":"2019-09-02T20:02:04+00:00","breadcrumb":{"@id":"http:\/\/rednacionaldearte.com\/noticias\/convocatoria-talleristas\/#breadcrumb"},"inLanguage":"es","potentialAction":[{"@type":"ReadAction","target":["http:\/\/rednacionaldearte.com\/noticias\/convocatoria-talleristas\/"]}]},{"@type":"ImageObject","inLanguage":"es","@id":"http:\/\/rednacionaldearte.com\/noticias\/convocatoria-talleristas\/#primaryimage","url":"https:\/\/rednacionaldearte.com\/noticias\/wp-content\/uploads\/2018\/03\/pablo-1.png","contentUrl":"https:\/\/rednacionaldearte.com\/noticias\/wp-content\/uploads\/2018\/03\/pablo-1.png","width":1024,"height":512,"caption":"Convocatoria Talleristas"},{"@type":"BreadcrumbList","@id":"http:\/\/rednacionaldearte.com\/noticias\/convocatoria-talleristas\/#breadcrumb","itemListElement":[{"@type":"ListItem","position":1,"name":"Home","item":"http:\/\/rednacionaldearte.com\/noticias\/"},{"@type":"ListItem","position":2,"name":"Convocatoria para Talleristas en Red Nacional de Arte"}]},{"@type":"WebSite","@id":"http:\/\/rednacionaldearte.com\/noticias\/#website","url":"http:\/\/rednacionaldearte.com\/noticias\/","name":"Red Nacional de Arte","description":"Cultura y Arte contempor\u00e1neo en M\u00e9xico","publisher":{"@id":"http:\/\/rednacionaldearte.com\/noticias\/#organization"},"potentialAction":[{"@type":"SearchAction","target":{"@type":"EntryPoint","urlTemplate":"http:\/\/rednacionaldearte.com\/noticias\/?s={search_term_string}"},"query-input":{"@type":"PropertyValueSpecification","valueRequired":true,"valueName":"search_term_string"}}],"inLanguage":"es"},{"@type":"Organization","@id":"http:\/\/rednacionaldearte.com\/noticias\/#organization","name":"Red Nacional de Arte","url":"http:\/\/rednacionaldearte.com\/noticias\/","logo":{"@type":"ImageObject","inLanguage":"es","@id":"http:\/\/rednacionaldearte.com\/noticias\/#\/schema\/logo\/image\/","url":"http:\/\/rednacionaldearte.com\/noticias\/wp-content\/uploads\/2016\/04\/logo.png","contentUrl":"http:\/\/rednacionaldearte.com\/noticias\/wp-content\/uploads\/2016\/04\/logo.png","width":575,"height":554,"caption":"Red Nacional de Arte"},"image":{"@id":"http:\/\/rednacionaldearte.com\/noticias\/#\/schema\/logo\/image\/"},"sameAs":["http:\/\/www.facebook.com\/rednacionaldearte\/","https:\/\/x.com\/rednacionalarte"]},{"@type":"Person","@id":"http:\/\/rednacionaldearte.com\/noticias\/#\/schema\/person\/489d635082b1de413434d2708a3e5b9b","name":"Redacci\u00f3n","image":{"@type":"ImageObject","inLanguage":"es","@id":"https:\/\/secure.gravatar.com\/avatar\/1d1c30eaee7c2f6cfa13fb8502cb06839106cdf371b9953d50e4b572d0bfa3c7?s=96&d=mm&r=g","url":"https:\/\/secure.gravatar.com\/avatar\/1d1c30eaee7c2f6cfa13fb8502cb06839106cdf371b9953d50e4b572d0bfa3c7?s=96&d=mm&r=g","contentUrl":"https:\/\/secure.gravatar.com\/avatar\/1d1c30eaee7c2f6cfa13fb8502cb06839106cdf371b9953d50e4b572d0bfa3c7?s=96&d=mm&r=g","caption":"Redacci\u00f3n"},"url":"https:\/\/rednacionaldearte.com\/noticias\/author\/adan\/"}]}},"amp_validity":null,"amp_enabled":true,"_links":{"self":[{"href":"https:\/\/rednacionaldearte.com\/noticias\/wp-json\/wp\/v2\/posts\/768","targetHints":{"allow":["GET"]}}],"collection":[{"href":"https:\/\/rednacionaldearte.com\/noticias\/wp-json\/wp\/v2\/posts"}],"about":[{"href":"https:\/\/rednacionaldearte.com\/noticias\/wp-json\/wp\/v2\/types\/post"}],"author":[{"embeddable":true,"href":"https:\/\/rednacionaldearte.com\/noticias\/wp-json\/wp\/v2\/users\/1"}],"replies":[{"embeddable":true,"href":"https:\/\/rednacionaldearte.com\/noticias\/wp-json\/wp\/v2\/comments?post=768"}],"version-history":[{"count":2,"href":"https:\/\/rednacionaldearte.com\/noticias\/wp-json\/wp\/v2\/posts\/768\/revisions"}],"predecessor-version":[{"id":4515,"href":"https:\/\/rednacionaldearte.com\/noticias\/wp-json\/wp\/v2\/posts\/768\/revisions\/4515"}],"wp:featuredmedia":[{"embeddable":true,"href":"https:\/\/rednacionaldearte.com\/noticias\/wp-json\/wp\/v2\/media\/1132"}],"wp:attachment":[{"href":"https:\/\/rednacionaldearte.com\/noticias\/wp-json\/wp\/v2\/media?parent=768"}],"wp:term":[{"taxonomy":"category","embeddable":true,"href":"https:\/\/rednacionaldearte.com\/noticias\/wp-json\/wp\/v2\/categories?post=768"},{"taxonomy":"post_tag","embeddable":true,"href":"https:\/\/rednacionaldearte.com\/noticias\/wp-json\/wp\/v2\/tags?post=768"}],"curies":[{"name":"wp","href":"https:\/\/api.w.org\/{rel}","templated":true}]}}