{"id":772,"date":"2018-02-27T03:42:08","date_gmt":"2018-02-27T03:42:08","guid":{"rendered":"http:\/\/rednacionaldearte.com\/noticias\/?p=772"},"modified":"2018-03-09T23:24:51","modified_gmt":"2018-03-09T23:24:51","slug":"horizontes-urbanos-convocatoria-fotografia-cdmx","status":"publish","type":"post","link":"https:\/\/rednacionaldearte.com\/noticias\/horizontes-urbanos-convocatoria-fotografia-cdmx\/","title":{"rendered":"Horizontes Urbanos: Convocatoria para Exposici\u00f3n Fotogr\u00e1fica en la Ciudad de M\u00e9xico"},"content":{"rendered":"<div class=\"column\">\n<p>&nbsp;<\/p>\n<p><a href=\"http:\/\/rednacionaldearte.com\/noticias\/wp-content\/uploads\/2018\/02\/Convocatoria-abierta-2.jpg\"><img loading=\"lazy\" decoding=\"async\" class=\"aligncenter  wp-image-1264\" src=\"http:\/\/rednacionaldearte.com\/noticias\/wp-content\/uploads\/2018\/02\/Convocatoria-abierta-2.jpg\" alt=\"Convocatoria Horizontes Urbanos\" width=\"487\" height=\"500\"><\/a><\/p>\n<p>Red Nacional de Arte, plataforma para artistas, gestores, centros culturales, galer\u00edas y personas dedicadas al arte y la cultura invita a participar en la exposici\u00f3n fotogr\u00e1fica colectiva \u201c<strong>Horizontes Urbanos: La Ciudad a trav\u00e9s de la Mirada<\/strong>\u201d.<\/p>\n<\/div>\n<div class=\"page\" title=\"Page 1\">\n<div class=\"layoutArea\">\n<div class=\"column\">\n<p>La muestra tiene como objetivo reunir el trabajo de fot\u00f3grafos de M\u00e9xico y el mundo que aborden el concepto de <em>fotograf\u00eda urbana<\/em> bajo una visi\u00f3n propositiva, desde todo tipo de planteamientos y t\u00e9cnicas.<\/p>\n<p>Para mayor informaci\u00f3n, consulta la convocatoria:<\/p>\n<p style=\"text-align: center;\"><a class=\"fasc-button fasc-size-medium fasc-type-flat fasc-ico-before dashicons-info\" style=\"background-color: #5694b0; color: #ffffff;\" href=\"http:\/\/rednacionaldearte.com\/docs\/Convocatoria-Horizontes-Urbanos.pdf\">Descargar Convocatoria<\/a><\/p>\n<p>&nbsp;<\/p>\n<\/div>\n<\/div>\n<\/div>\n","protected":false},"excerpt":{"rendered":"<p>&nbsp; Red Nacional de Arte, plataforma para artistas, gestores, centros culturales, galer\u00edas y personas dedicadas al arte y la cultura invita a participar en la exposici\u00f3n fotogr\u00e1fica colectiva \u201cHorizontes Urbanos: La Ciudad a trav\u00e9s de la Mirada\u201d. La muestra tiene como objetivo reunir el trabajo de fot\u00f3grafos de M\u00e9xico y el mundo que aborden el [&hellip;]<\/p>\n","protected":false},"author":1,"featured_media":774,"comment_status":"closed","ping_status":"open","sticky":false,"template":"","format":"standard","meta":{"footnotes":""},"categories":[24,119,2,41],"tags":[],"class_list":["post-772","post","type-post","status-publish","format-standard","has-post-thumbnail","hentry","category-convocatorias","category-exposiciones","category-fotografia","category-rna"],"yoast_head":"<!-- This site is optimized with the Yoast SEO plugin v27.2 - https:\/\/yoast.com\/product\/yoast-seo-wordpress\/ -->\n<title>Horizontes Urbanos: Convocatoria para Exposici\u00f3n Fotogr\u00e1fica en CDMX<\/title>\n<meta name=\"robots\" content=\"index, follow, max-snippet:-1, max-image-preview:large, max-video-preview:-1\" \/>\n<link rel=\"canonical\" href=\"https:\/\/rednacionaldearte.com\/noticias\/horizontes-urbanos-convocatoria-fotografia-cdmx\/\" \/>\n<meta property=\"og:locale\" content=\"es_ES\" \/>\n<meta property=\"og:type\" content=\"article\" \/>\n<meta property=\"og:title\" content=\"Horizontes Urbanos: Convocatoria para Exposici\u00f3n Fotogr\u00e1fica en CDMX\" \/>\n<meta property=\"og:description\" content=\"&nbsp; Red Nacional de Arte, plataforma para artistas, gestores, centros culturales, galer\u00edas y personas dedicadas al arte y la cultura invita a participar en la exposici\u00f3n fotogr\u00e1fica colectiva \u201cHorizontes Urbanos: La Ciudad a trav\u00e9s de la Mirada\u201d. La muestra tiene como objetivo reunir el trabajo de fot\u00f3grafos de M\u00e9xico y el mundo que aborden el [&hellip;]\" \/>\n<meta property=\"og:url\" content=\"https:\/\/rednacionaldearte.com\/noticias\/horizontes-urbanos-convocatoria-fotografia-cdmx\/\" \/>\n<meta property=\"og:site_name\" content=\"Red Nacional de Arte\" \/>\n<meta property=\"article:publisher\" content=\"http:\/\/www.facebook.com\/rednacionaldearte\/\" \/>\n<meta property=\"article:published_time\" content=\"2018-02-27T03:42:08+00:00\" \/>\n<meta property=\"article:modified_time\" content=\"2018-03-09T23:24:51+00:00\" \/>\n<meta property=\"og:image\" content=\"http:\/\/rednacionaldearte.com\/noticias\/wp-content\/uploads\/2018\/02\/Screen-Shot-2018-02-26-at-8.34.30-PM.jpg\" \/>\n\t<meta property=\"og:image:width\" content=\"913\" \/>\n\t<meta property=\"og:image:height\" content=\"612\" \/>\n\t<meta property=\"og:image:type\" content=\"image\/jpeg\" \/>\n<meta name=\"author\" content=\"Redacci\u00f3n\" \/>\n<meta name=\"twitter:card\" content=\"summary_large_image\" \/>\n<meta name=\"twitter:creator\" content=\"@rednacionalarte\" \/>\n<meta name=\"twitter:site\" content=\"@rednacionalarte\" \/>\n<meta name=\"twitter:label1\" content=\"Escrito por\" \/>\n\t<meta name=\"twitter:data1\" content=\"Redacci\u00f3n\" \/>\n<script type=\"application\/ld+json\" class=\"yoast-schema-graph\">{\"@context\":\"https:\/\/schema.org\",\"@graph\":[{\"@type\":\"Article\",\"@id\":\"https:\/\/rednacionaldearte.com\/noticias\/horizontes-urbanos-convocatoria-fotografia-cdmx\/#article\",\"isPartOf\":{\"@id\":\"https:\/\/rednacionaldearte.com\/noticias\/horizontes-urbanos-convocatoria-fotografia-cdmx\/\"},\"author\":{\"name\":\"Redacci\u00f3n\",\"@id\":\"http:\/\/rednacionaldearte.com\/noticias\/#\/schema\/person\/489d635082b1de413434d2708a3e5b9b\"},\"headline\":\"Horizontes Urbanos: Convocatoria para Exposici\u00f3n Fotogr\u00e1fica en la Ciudad de M\u00e9xico\",\"datePublished\":\"2018-02-27T03:42:08+00:00\",\"dateModified\":\"2018-03-09T23:24:51+00:00\",\"mainEntityOfPage\":{\"@id\":\"https:\/\/rednacionaldearte.com\/noticias\/horizontes-urbanos-convocatoria-fotografia-cdmx\/\"},\"wordCount\":103,\"publisher\":{\"@id\":\"http:\/\/rednacionaldearte.com\/noticias\/#organization\"},\"image\":{\"@id\":\"https:\/\/rednacionaldearte.com\/noticias\/horizontes-urbanos-convocatoria-fotografia-cdmx\/#primaryimage\"},\"thumbnailUrl\":\"https:\/\/rednacionaldearte.com\/noticias\/wp-content\/uploads\/2018\/02\/Screen-Shot-2018-02-26-at-8.34.30-PM.jpg\",\"articleSection\":[\"Convocatorias\",\"Exposiciones\",\"Fotograf\u00eda\",\"RNA\"],\"inLanguage\":\"es\"},{\"@type\":\"WebPage\",\"@id\":\"https:\/\/rednacionaldearte.com\/noticias\/horizontes-urbanos-convocatoria-fotografia-cdmx\/\",\"url\":\"https:\/\/rednacionaldearte.com\/noticias\/horizontes-urbanos-convocatoria-fotografia-cdmx\/\",\"name\":\"Horizontes Urbanos: Convocatoria para Exposici\u00f3n Fotogr\u00e1fica en CDMX\",\"isPartOf\":{\"@id\":\"http:\/\/rednacionaldearte.com\/noticias\/#website\"},\"primaryImageOfPage\":{\"@id\":\"https:\/\/rednacionaldearte.com\/noticias\/horizontes-urbanos-convocatoria-fotografia-cdmx\/#primaryimage\"},\"image\":{\"@id\":\"https:\/\/rednacionaldearte.com\/noticias\/horizontes-urbanos-convocatoria-fotografia-cdmx\/#primaryimage\"},\"thumbnailUrl\":\"https:\/\/rednacionaldearte.com\/noticias\/wp-content\/uploads\/2018\/02\/Screen-Shot-2018-02-26-at-8.34.30-PM.jpg\",\"datePublished\":\"2018-02-27T03:42:08+00:00\",\"dateModified\":\"2018-03-09T23:24:51+00:00\",\"breadcrumb\":{\"@id\":\"https:\/\/rednacionaldearte.com\/noticias\/horizontes-urbanos-convocatoria-fotografia-cdmx\/#breadcrumb\"},\"inLanguage\":\"es\",\"potentialAction\":[{\"@type\":\"ReadAction\",\"target\":[\"https:\/\/rednacionaldearte.com\/noticias\/horizontes-urbanos-convocatoria-fotografia-cdmx\/\"]}]},{\"@type\":\"ImageObject\",\"inLanguage\":\"es\",\"@id\":\"https:\/\/rednacionaldearte.com\/noticias\/horizontes-urbanos-convocatoria-fotografia-cdmx\/#primaryimage\",\"url\":\"https:\/\/rednacionaldearte.com\/noticias\/wp-content\/uploads\/2018\/02\/Screen-Shot-2018-02-26-at-8.34.30-PM.jpg\",\"contentUrl\":\"https:\/\/rednacionaldearte.com\/noticias\/wp-content\/uploads\/2018\/02\/Screen-Shot-2018-02-26-at-8.34.30-PM.jpg\",\"width\":913,\"height\":612},{\"@type\":\"BreadcrumbList\",\"@id\":\"https:\/\/rednacionaldearte.com\/noticias\/horizontes-urbanos-convocatoria-fotografia-cdmx\/#breadcrumb\",\"itemListElement\":[{\"@type\":\"ListItem\",\"position\":1,\"name\":\"Home\",\"item\":\"http:\/\/rednacionaldearte.com\/noticias\/\"},{\"@type\":\"ListItem\",\"position\":2,\"name\":\"Horizontes Urbanos: Convocatoria para Exposici\u00f3n Fotogr\u00e1fica en la Ciudad de M\u00e9xico\"}]},{\"@type\":\"WebSite\",\"@id\":\"http:\/\/rednacionaldearte.com\/noticias\/#website\",\"url\":\"http:\/\/rednacionaldearte.com\/noticias\/\",\"name\":\"Red Nacional de Arte\",\"description\":\"Cultura y Arte contempor\u00e1neo en M\u00e9xico\",\"publisher\":{\"@id\":\"http:\/\/rednacionaldearte.com\/noticias\/#organization\"},\"potentialAction\":[{\"@type\":\"SearchAction\",\"target\":{\"@type\":\"EntryPoint\",\"urlTemplate\":\"http:\/\/rednacionaldearte.com\/noticias\/?s={search_term_string}\"},\"query-input\":{\"@type\":\"PropertyValueSpecification\",\"valueRequired\":true,\"valueName\":\"search_term_string\"}}],\"inLanguage\":\"es\"},{\"@type\":\"Organization\",\"@id\":\"http:\/\/rednacionaldearte.com\/noticias\/#organization\",\"name\":\"Red Nacional de Arte\",\"url\":\"http:\/\/rednacionaldearte.com\/noticias\/\",\"logo\":{\"@type\":\"ImageObject\",\"inLanguage\":\"es\",\"@id\":\"http:\/\/rednacionaldearte.com\/noticias\/#\/schema\/logo\/image\/\",\"url\":\"http:\/\/rednacionaldearte.com\/noticias\/wp-content\/uploads\/2016\/04\/logo.png\",\"contentUrl\":\"http:\/\/rednacionaldearte.com\/noticias\/wp-content\/uploads\/2016\/04\/logo.png\",\"width\":575,\"height\":554,\"caption\":\"Red Nacional de Arte\"},\"image\":{\"@id\":\"http:\/\/rednacionaldearte.com\/noticias\/#\/schema\/logo\/image\/\"},\"sameAs\":[\"http:\/\/www.facebook.com\/rednacionaldearte\/\",\"https:\/\/x.com\/rednacionalarte\"]},{\"@type\":\"Person\",\"@id\":\"http:\/\/rednacionaldearte.com\/noticias\/#\/schema\/person\/489d635082b1de413434d2708a3e5b9b\",\"name\":\"Redacci\u00f3n\",\"image\":{\"@type\":\"ImageObject\",\"inLanguage\":\"es\",\"@id\":\"https:\/\/secure.gravatar.com\/avatar\/1d1c30eaee7c2f6cfa13fb8502cb06839106cdf371b9953d50e4b572d0bfa3c7?s=96&d=mm&r=g\",\"url\":\"https:\/\/secure.gravatar.com\/avatar\/1d1c30eaee7c2f6cfa13fb8502cb06839106cdf371b9953d50e4b572d0bfa3c7?s=96&d=mm&r=g\",\"contentUrl\":\"https:\/\/secure.gravatar.com\/avatar\/1d1c30eaee7c2f6cfa13fb8502cb06839106cdf371b9953d50e4b572d0bfa3c7?s=96&d=mm&r=g\",\"caption\":\"Redacci\u00f3n\"},\"url\":\"https:\/\/rednacionaldearte.com\/noticias\/author\/adan\/\"}]}<\/script>\n<!-- \/ Yoast SEO plugin. -->","yoast_head_json":{"title":"Horizontes Urbanos: Convocatoria para Exposici\u00f3n Fotogr\u00e1fica en CDMX","robots":{"index":"index","follow":"follow","max-snippet":"max-snippet:-1","max-image-preview":"max-image-preview:large","max-video-preview":"max-video-preview:-1"},"canonical":"https:\/\/rednacionaldearte.com\/noticias\/horizontes-urbanos-convocatoria-fotografia-cdmx\/","og_locale":"es_ES","og_type":"article","og_title":"Horizontes Urbanos: Convocatoria para Exposici\u00f3n Fotogr\u00e1fica en CDMX","og_description":"&nbsp; Red Nacional de Arte, plataforma para artistas, gestores, centros culturales, galer\u00edas y personas dedicadas al arte y la cultura invita a participar en la exposici\u00f3n fotogr\u00e1fica colectiva \u201cHorizontes Urbanos: La Ciudad a trav\u00e9s de la Mirada\u201d. La muestra tiene como objetivo reunir el trabajo de fot\u00f3grafos de M\u00e9xico y el mundo que aborden el [&hellip;]","og_url":"https:\/\/rednacionaldearte.com\/noticias\/horizontes-urbanos-convocatoria-fotografia-cdmx\/","og_site_name":"Red Nacional de Arte","article_publisher":"http:\/\/www.facebook.com\/rednacionaldearte\/","article_published_time":"2018-02-27T03:42:08+00:00","article_modified_time":"2018-03-09T23:24:51+00:00","og_image":[{"width":913,"height":612,"url":"http:\/\/rednacionaldearte.com\/noticias\/wp-content\/uploads\/2018\/02\/Screen-Shot-2018-02-26-at-8.34.30-PM.jpg","type":"image\/jpeg"}],"author":"Redacci\u00f3n","twitter_card":"summary_large_image","twitter_creator":"@rednacionalarte","twitter_site":"@rednacionalarte","twitter_misc":{"Escrito por":"Redacci\u00f3n"},"schema":{"@context":"https:\/\/schema.org","@graph":[{"@type":"Article","@id":"https:\/\/rednacionaldearte.com\/noticias\/horizontes-urbanos-convocatoria-fotografia-cdmx\/#article","isPartOf":{"@id":"https:\/\/rednacionaldearte.com\/noticias\/horizontes-urbanos-convocatoria-fotografia-cdmx\/"},"author":{"name":"Redacci\u00f3n","@id":"http:\/\/rednacionaldearte.com\/noticias\/#\/schema\/person\/489d635082b1de413434d2708a3e5b9b"},"headline":"Horizontes Urbanos: Convocatoria para Exposici\u00f3n Fotogr\u00e1fica en la Ciudad de M\u00e9xico","datePublished":"2018-02-27T03:42:08+00:00","dateModified":"2018-03-09T23:24:51+00:00","mainEntityOfPage":{"@id":"https:\/\/rednacionaldearte.com\/noticias\/horizontes-urbanos-convocatoria-fotografia-cdmx\/"},"wordCount":103,"publisher":{"@id":"http:\/\/rednacionaldearte.com\/noticias\/#organization"},"image":{"@id":"https:\/\/rednacionaldearte.com\/noticias\/horizontes-urbanos-convocatoria-fotografia-cdmx\/#primaryimage"},"thumbnailUrl":"https:\/\/rednacionaldearte.com\/noticias\/wp-content\/uploads\/2018\/02\/Screen-Shot-2018-02-26-at-8.34.30-PM.jpg","articleSection":["Convocatorias","Exposiciones","Fotograf\u00eda","RNA"],"inLanguage":"es"},{"@type":"WebPage","@id":"https:\/\/rednacionaldearte.com\/noticias\/horizontes-urbanos-convocatoria-fotografia-cdmx\/","url":"https:\/\/rednacionaldearte.com\/noticias\/horizontes-urbanos-convocatoria-fotografia-cdmx\/","name":"Horizontes Urbanos: Convocatoria para Exposici\u00f3n Fotogr\u00e1fica en CDMX","isPartOf":{"@id":"http:\/\/rednacionaldearte.com\/noticias\/#website"},"primaryImageOfPage":{"@id":"https:\/\/rednacionaldearte.com\/noticias\/horizontes-urbanos-convocatoria-fotografia-cdmx\/#primaryimage"},"image":{"@id":"https:\/\/rednacionaldearte.com\/noticias\/horizontes-urbanos-convocatoria-fotografia-cdmx\/#primaryimage"},"thumbnailUrl":"https:\/\/rednacionaldearte.com\/noticias\/wp-content\/uploads\/2018\/02\/Screen-Shot-2018-02-26-at-8.34.30-PM.jpg","datePublished":"2018-02-27T03:42:08+00:00","dateModified":"2018-03-09T23:24:51+00:00","breadcrumb":{"@id":"https:\/\/rednacionaldearte.com\/noticias\/horizontes-urbanos-convocatoria-fotografia-cdmx\/#breadcrumb"},"inLanguage":"es","potentialAction":[{"@type":"ReadAction","target":["https:\/\/rednacionaldearte.com\/noticias\/horizontes-urbanos-convocatoria-fotografia-cdmx\/"]}]},{"@type":"ImageObject","inLanguage":"es","@id":"https:\/\/rednacionaldearte.com\/noticias\/horizontes-urbanos-convocatoria-fotografia-cdmx\/#primaryimage","url":"https:\/\/rednacionaldearte.com\/noticias\/wp-content\/uploads\/2018\/02\/Screen-Shot-2018-02-26-at-8.34.30-PM.jpg","contentUrl":"https:\/\/rednacionaldearte.com\/noticias\/wp-content\/uploads\/2018\/02\/Screen-Shot-2018-02-26-at-8.34.30-PM.jpg","width":913,"height":612},{"@type":"BreadcrumbList","@id":"https:\/\/rednacionaldearte.com\/noticias\/horizontes-urbanos-convocatoria-fotografia-cdmx\/#breadcrumb","itemListElement":[{"@type":"ListItem","position":1,"name":"Home","item":"http:\/\/rednacionaldearte.com\/noticias\/"},{"@type":"ListItem","position":2,"name":"Horizontes Urbanos: Convocatoria para Exposici\u00f3n Fotogr\u00e1fica en la Ciudad de M\u00e9xico"}]},{"@type":"WebSite","@id":"http:\/\/rednacionaldearte.com\/noticias\/#website","url":"http:\/\/rednacionaldearte.com\/noticias\/","name":"Red Nacional de Arte","description":"Cultura y Arte contempor\u00e1neo en M\u00e9xico","publisher":{"@id":"http:\/\/rednacionaldearte.com\/noticias\/#organization"},"potentialAction":[{"@type":"SearchAction","target":{"@type":"EntryPoint","urlTemplate":"http:\/\/rednacionaldearte.com\/noticias\/?s={search_term_string}"},"query-input":{"@type":"PropertyValueSpecification","valueRequired":true,"valueName":"search_term_string"}}],"inLanguage":"es"},{"@type":"Organization","@id":"http:\/\/rednacionaldearte.com\/noticias\/#organization","name":"Red Nacional de Arte","url":"http:\/\/rednacionaldearte.com\/noticias\/","logo":{"@type":"ImageObject","inLanguage":"es","@id":"http:\/\/rednacionaldearte.com\/noticias\/#\/schema\/logo\/image\/","url":"http:\/\/rednacionaldearte.com\/noticias\/wp-content\/uploads\/2016\/04\/logo.png","contentUrl":"http:\/\/rednacionaldearte.com\/noticias\/wp-content\/uploads\/2016\/04\/logo.png","width":575,"height":554,"caption":"Red Nacional de Arte"},"image":{"@id":"http:\/\/rednacionaldearte.com\/noticias\/#\/schema\/logo\/image\/"},"sameAs":["http:\/\/www.facebook.com\/rednacionaldearte\/","https:\/\/x.com\/rednacionalarte"]},{"@type":"Person","@id":"http:\/\/rednacionaldearte.com\/noticias\/#\/schema\/person\/489d635082b1de413434d2708a3e5b9b","name":"Redacci\u00f3n","image":{"@type":"ImageObject","inLanguage":"es","@id":"https:\/\/secure.gravatar.com\/avatar\/1d1c30eaee7c2f6cfa13fb8502cb06839106cdf371b9953d50e4b572d0bfa3c7?s=96&d=mm&r=g","url":"https:\/\/secure.gravatar.com\/avatar\/1d1c30eaee7c2f6cfa13fb8502cb06839106cdf371b9953d50e4b572d0bfa3c7?s=96&d=mm&r=g","contentUrl":"https:\/\/secure.gravatar.com\/avatar\/1d1c30eaee7c2f6cfa13fb8502cb06839106cdf371b9953d50e4b572d0bfa3c7?s=96&d=mm&r=g","caption":"Redacci\u00f3n"},"url":"https:\/\/rednacionaldearte.com\/noticias\/author\/adan\/"}]}},"amp_validity":null,"amp_enabled":true,"_links":{"self":[{"href":"https:\/\/rednacionaldearte.com\/noticias\/wp-json\/wp\/v2\/posts\/772","targetHints":{"allow":["GET"]}}],"collection":[{"href":"https:\/\/rednacionaldearte.com\/noticias\/wp-json\/wp\/v2\/posts"}],"about":[{"href":"https:\/\/rednacionaldearte.com\/noticias\/wp-json\/wp\/v2\/types\/post"}],"author":[{"embeddable":true,"href":"https:\/\/rednacionaldearte.com\/noticias\/wp-json\/wp\/v2\/users\/1"}],"replies":[{"embeddable":true,"href":"https:\/\/rednacionaldearte.com\/noticias\/wp-json\/wp\/v2\/comments?post=772"}],"version-history":[{"count":5,"href":"https:\/\/rednacionaldearte.com\/noticias\/wp-json\/wp\/v2\/posts\/772\/revisions"}],"predecessor-version":[{"id":1277,"href":"https:\/\/rednacionaldearte.com\/noticias\/wp-json\/wp\/v2\/posts\/772\/revisions\/1277"}],"wp:featuredmedia":[{"embeddable":true,"href":"https:\/\/rednacionaldearte.com\/noticias\/wp-json\/wp\/v2\/media\/774"}],"wp:attachment":[{"href":"https:\/\/rednacionaldearte.com\/noticias\/wp-json\/wp\/v2\/media?parent=772"}],"wp:term":[{"taxonomy":"category","embeddable":true,"href":"https:\/\/rednacionaldearte.com\/noticias\/wp-json\/wp\/v2\/categories?post=772"},{"taxonomy":"post_tag","embeddable":true,"href":"https:\/\/rednacionaldearte.com\/noticias\/wp-json\/wp\/v2\/tags?post=772"}],"curies":[{"name":"wp","href":"https:\/\/api.w.org\/{rel}","templated":true}]}}