{"id":875,"date":"2018-03-05T03:19:28","date_gmt":"2018-03-05T03:19:28","guid":{"rendered":"http:\/\/circuloa.com\/?p=23024"},"modified":"2018-03-05T03:56:54","modified_gmt":"2018-03-05T03:56:54","slug":"fonca-jovenes-creadores-2018-convocatoria-abierta","status":"publish","type":"post","link":"https:\/\/rednacionaldearte.com\/noticias\/fonca-jovenes-creadores-2018-convocatoria-abierta\/","title":{"rendered":"FONCA J\u00f3venes Creadores 2018: Convocatoria Abierta"},"content":{"rendered":"<p><strong>Convocatoria cierra:&nbsp;<\/strong>13 de Abril del 2018<br \/>\n<strong>Pa\u00eds:<\/strong>&nbsp;M\u00e9xico<\/p>\n<p><a href=\"http:\/\/rednacionaldearte.com\/noticias\/wp-content\/uploads\/2018\/03\/fonca-aniversario-1420913.jpg\"><img loading=\"lazy\" decoding=\"async\" class=\"aligncenter size-full wp-image-992\" src=\"http:\/\/rednacionaldearte.com\/noticias\/wp-content\/uploads\/2018\/03\/fonca-aniversario-1420913.jpg\" alt=\"FONCA\" width=\"630\" height=\"330\" srcset=\"https:\/\/rednacionaldearte.com\/noticias\/wp-content\/uploads\/2018\/03\/fonca-aniversario-1420913.jpg 630w, https:\/\/rednacionaldearte.com\/noticias\/wp-content\/uploads\/2018\/03\/fonca-aniversario-1420913-300x157.jpg 300w\" sizes=\"auto, (max-width: 630px) 100vw, 630px\" \/><\/a><\/p>\n<p>La Secretar\u00eda de Cultura a trav\u00e9s del Fondo Nacional para la Cultura y las Artes, por medio de la presente convocatoria ofrece 220 becas en 29 especialidades art\u00edsticas, as\u00ed como el acompa\u00f1amiento por tutores especializados, la participaci\u00f3n en tres encuentros de trabajo y la salida al p\u00fablico de muestras de la obra realizada.<\/p>\n<p style=\"text-align: center;\"><a class=\"fasc-button fasc-size-medium fasc-type-flat\" style=\"background-color: #33809e; color: #ffffff;\" target=\"_blank\" rel=\"nofollow\" href=\"http:\/\/fonca.cultura.gob.mx\/wp-content\/uploads\/2018\/02\/bases_JC_2018.pdf\">Descargar convocatoria<\/a><\/p>\n<p>&nbsp;<\/p>\n","protected":false},"excerpt":{"rendered":"<p>Convocatoria cierra:&nbsp;13 de Abril del 2018 Pa\u00eds:&nbsp;M\u00e9xico La Secretar\u00eda de Cultura a trav\u00e9s del Fondo Nacional para la Cultura y las Artes, por medio de la presente convocatoria ofrece 220 becas en 29 especialidades art\u00edsticas, as\u00ed como el acompa\u00f1amiento por tutores especializados, la participaci\u00f3n en tres encuentros de trabajo y la salida al p\u00fablico de [&hellip;]<\/p>\n","protected":false},"author":1,"featured_media":992,"comment_status":"open","ping_status":"closed","sticky":false,"template":"","format":"standard","meta":{"footnotes":""},"categories":[85,103,59,24],"tags":[],"class_list":["post-875","post","type-post","status-publish","format-standard","has-post-thumbnail","hentry","category-arte-contemporaneo","category-artes-escenicas","category-artes-visuales","category-convocatorias"],"yoast_head":"<!-- This site is optimized with the Yoast SEO plugin v27.2 - https:\/\/yoast.com\/product\/yoast-seo-wordpress\/ -->\n<title>FONCA J\u00f3venes Creadores 2018: Convocatoria Abierta - Red Nacional de Arte<\/title>\n<meta name=\"robots\" content=\"index, follow, max-snippet:-1, max-image-preview:large, max-video-preview:-1\" \/>\n<link rel=\"canonical\" href=\"https:\/\/rednacionaldearte.com\/noticias\/fonca-jovenes-creadores-2018-convocatoria-abierta\/\" \/>\n<meta property=\"og:locale\" content=\"es_ES\" \/>\n<meta property=\"og:type\" content=\"article\" \/>\n<meta property=\"og:title\" content=\"FONCA J\u00f3venes Creadores 2018: Convocatoria Abierta - Red Nacional de Arte\" \/>\n<meta property=\"og:description\" content=\"Convocatoria cierra:&nbsp;13 de Abril del 2018 Pa\u00eds:&nbsp;M\u00e9xico La Secretar\u00eda de Cultura a trav\u00e9s del Fondo Nacional para la Cultura y las Artes, por medio de la presente convocatoria ofrece 220 becas en 29 especialidades art\u00edsticas, as\u00ed como el acompa\u00f1amiento por tutores especializados, la participaci\u00f3n en tres encuentros de trabajo y la salida al p\u00fablico de [&hellip;]\" \/>\n<meta property=\"og:url\" content=\"https:\/\/rednacionaldearte.com\/noticias\/fonca-jovenes-creadores-2018-convocatoria-abierta\/\" \/>\n<meta property=\"og:site_name\" content=\"Red Nacional de Arte\" \/>\n<meta property=\"article:publisher\" content=\"http:\/\/www.facebook.com\/rednacionaldearte\/\" \/>\n<meta property=\"article:published_time\" content=\"2018-03-05T03:19:28+00:00\" \/>\n<meta property=\"article:modified_time\" content=\"2018-03-05T03:56:54+00:00\" \/>\n<meta property=\"og:image\" content=\"https:\/\/rednacionaldearte.com\/noticias\/wp-content\/uploads\/2018\/03\/fonca-aniversario-1420913.jpg\" \/>\n\t<meta property=\"og:image:width\" content=\"630\" \/>\n\t<meta property=\"og:image:height\" content=\"330\" \/>\n\t<meta property=\"og:image:type\" content=\"image\/jpeg\" \/>\n<meta name=\"author\" content=\"Redacci\u00f3n\" \/>\n<meta name=\"twitter:card\" content=\"summary_large_image\" \/>\n<meta name=\"twitter:creator\" content=\"@rednacionalarte\" \/>\n<meta name=\"twitter:site\" content=\"@rednacionalarte\" \/>\n<meta name=\"twitter:label1\" content=\"Escrito por\" \/>\n\t<meta name=\"twitter:data1\" content=\"Redacci\u00f3n\" \/>\n<script type=\"application\/ld+json\" class=\"yoast-schema-graph\">{\"@context\":\"https:\/\/schema.org\",\"@graph\":[{\"@type\":\"Article\",\"@id\":\"https:\/\/rednacionaldearte.com\/noticias\/fonca-jovenes-creadores-2018-convocatoria-abierta\/#article\",\"isPartOf\":{\"@id\":\"https:\/\/rednacionaldearte.com\/noticias\/fonca-jovenes-creadores-2018-convocatoria-abierta\/\"},\"author\":{\"name\":\"Redacci\u00f3n\",\"@id\":\"http:\/\/rednacionaldearte.com\/noticias\/#\/schema\/person\/489d635082b1de413434d2708a3e5b9b\"},\"headline\":\"FONCA J\u00f3venes Creadores 2018: Convocatoria Abierta\",\"datePublished\":\"2018-03-05T03:19:28+00:00\",\"dateModified\":\"2018-03-05T03:56:54+00:00\",\"mainEntityOfPage\":{\"@id\":\"https:\/\/rednacionaldearte.com\/noticias\/fonca-jovenes-creadores-2018-convocatoria-abierta\/\"},\"wordCount\":77,\"commentCount\":0,\"publisher\":{\"@id\":\"http:\/\/rednacionaldearte.com\/noticias\/#organization\"},\"image\":{\"@id\":\"https:\/\/rednacionaldearte.com\/noticias\/fonca-jovenes-creadores-2018-convocatoria-abierta\/#primaryimage\"},\"thumbnailUrl\":\"https:\/\/rednacionaldearte.com\/noticias\/wp-content\/uploads\/2018\/03\/fonca-aniversario-1420913.jpg\",\"articleSection\":[\"Arte Contempor\u00e1neo\",\"Artes Esc\u00e9nicas\",\"Artes Visuales\",\"Convocatorias\"],\"inLanguage\":\"es\",\"potentialAction\":[{\"@type\":\"CommentAction\",\"name\":\"Comment\",\"target\":[\"https:\/\/rednacionaldearte.com\/noticias\/fonca-jovenes-creadores-2018-convocatoria-abierta\/#respond\"]}]},{\"@type\":\"WebPage\",\"@id\":\"https:\/\/rednacionaldearte.com\/noticias\/fonca-jovenes-creadores-2018-convocatoria-abierta\/\",\"url\":\"https:\/\/rednacionaldearte.com\/noticias\/fonca-jovenes-creadores-2018-convocatoria-abierta\/\",\"name\":\"FONCA J\u00f3venes Creadores 2018: Convocatoria Abierta - Red Nacional de Arte\",\"isPartOf\":{\"@id\":\"http:\/\/rednacionaldearte.com\/noticias\/#website\"},\"primaryImageOfPage\":{\"@id\":\"https:\/\/rednacionaldearte.com\/noticias\/fonca-jovenes-creadores-2018-convocatoria-abierta\/#primaryimage\"},\"image\":{\"@id\":\"https:\/\/rednacionaldearte.com\/noticias\/fonca-jovenes-creadores-2018-convocatoria-abierta\/#primaryimage\"},\"thumbnailUrl\":\"https:\/\/rednacionaldearte.com\/noticias\/wp-content\/uploads\/2018\/03\/fonca-aniversario-1420913.jpg\",\"datePublished\":\"2018-03-05T03:19:28+00:00\",\"dateModified\":\"2018-03-05T03:56:54+00:00\",\"breadcrumb\":{\"@id\":\"https:\/\/rednacionaldearte.com\/noticias\/fonca-jovenes-creadores-2018-convocatoria-abierta\/#breadcrumb\"},\"inLanguage\":\"es\",\"potentialAction\":[{\"@type\":\"ReadAction\",\"target\":[\"https:\/\/rednacionaldearte.com\/noticias\/fonca-jovenes-creadores-2018-convocatoria-abierta\/\"]}]},{\"@type\":\"ImageObject\",\"inLanguage\":\"es\",\"@id\":\"https:\/\/rednacionaldearte.com\/noticias\/fonca-jovenes-creadores-2018-convocatoria-abierta\/#primaryimage\",\"url\":\"https:\/\/rednacionaldearte.com\/noticias\/wp-content\/uploads\/2018\/03\/fonca-aniversario-1420913.jpg\",\"contentUrl\":\"https:\/\/rednacionaldearte.com\/noticias\/wp-content\/uploads\/2018\/03\/fonca-aniversario-1420913.jpg\",\"width\":630,\"height\":330,\"caption\":\"FONCA\"},{\"@type\":\"BreadcrumbList\",\"@id\":\"https:\/\/rednacionaldearte.com\/noticias\/fonca-jovenes-creadores-2018-convocatoria-abierta\/#breadcrumb\",\"itemListElement\":[{\"@type\":\"ListItem\",\"position\":1,\"name\":\"Home\",\"item\":\"http:\/\/rednacionaldearte.com\/noticias\/\"},{\"@type\":\"ListItem\",\"position\":2,\"name\":\"FONCA J\u00f3venes Creadores 2018: Convocatoria Abierta\"}]},{\"@type\":\"WebSite\",\"@id\":\"http:\/\/rednacionaldearte.com\/noticias\/#website\",\"url\":\"http:\/\/rednacionaldearte.com\/noticias\/\",\"name\":\"Red Nacional de Arte\",\"description\":\"Cultura y Arte contempor\u00e1neo en M\u00e9xico\",\"publisher\":{\"@id\":\"http:\/\/rednacionaldearte.com\/noticias\/#organization\"},\"potentialAction\":[{\"@type\":\"SearchAction\",\"target\":{\"@type\":\"EntryPoint\",\"urlTemplate\":\"http:\/\/rednacionaldearte.com\/noticias\/?s={search_term_string}\"},\"query-input\":{\"@type\":\"PropertyValueSpecification\",\"valueRequired\":true,\"valueName\":\"search_term_string\"}}],\"inLanguage\":\"es\"},{\"@type\":\"Organization\",\"@id\":\"http:\/\/rednacionaldearte.com\/noticias\/#organization\",\"name\":\"Red Nacional de Arte\",\"url\":\"http:\/\/rednacionaldearte.com\/noticias\/\",\"logo\":{\"@type\":\"ImageObject\",\"inLanguage\":\"es\",\"@id\":\"http:\/\/rednacionaldearte.com\/noticias\/#\/schema\/logo\/image\/\",\"url\":\"http:\/\/rednacionaldearte.com\/noticias\/wp-content\/uploads\/2016\/04\/logo.png\",\"contentUrl\":\"http:\/\/rednacionaldearte.com\/noticias\/wp-content\/uploads\/2016\/04\/logo.png\",\"width\":575,\"height\":554,\"caption\":\"Red Nacional de Arte\"},\"image\":{\"@id\":\"http:\/\/rednacionaldearte.com\/noticias\/#\/schema\/logo\/image\/\"},\"sameAs\":[\"http:\/\/www.facebook.com\/rednacionaldearte\/\",\"https:\/\/x.com\/rednacionalarte\"]},{\"@type\":\"Person\",\"@id\":\"http:\/\/rednacionaldearte.com\/noticias\/#\/schema\/person\/489d635082b1de413434d2708a3e5b9b\",\"name\":\"Redacci\u00f3n\",\"image\":{\"@type\":\"ImageObject\",\"inLanguage\":\"es\",\"@id\":\"https:\/\/secure.gravatar.com\/avatar\/1d1c30eaee7c2f6cfa13fb8502cb06839106cdf371b9953d50e4b572d0bfa3c7?s=96&d=mm&r=g\",\"url\":\"https:\/\/secure.gravatar.com\/avatar\/1d1c30eaee7c2f6cfa13fb8502cb06839106cdf371b9953d50e4b572d0bfa3c7?s=96&d=mm&r=g\",\"contentUrl\":\"https:\/\/secure.gravatar.com\/avatar\/1d1c30eaee7c2f6cfa13fb8502cb06839106cdf371b9953d50e4b572d0bfa3c7?s=96&d=mm&r=g\",\"caption\":\"Redacci\u00f3n\"},\"url\":\"https:\/\/rednacionaldearte.com\/noticias\/author\/adan\/\"}]}<\/script>\n<!-- \/ Yoast SEO plugin. -->","yoast_head_json":{"title":"FONCA J\u00f3venes Creadores 2018: Convocatoria Abierta - Red Nacional de Arte","robots":{"index":"index","follow":"follow","max-snippet":"max-snippet:-1","max-image-preview":"max-image-preview:large","max-video-preview":"max-video-preview:-1"},"canonical":"https:\/\/rednacionaldearte.com\/noticias\/fonca-jovenes-creadores-2018-convocatoria-abierta\/","og_locale":"es_ES","og_type":"article","og_title":"FONCA J\u00f3venes Creadores 2018: Convocatoria Abierta - Red Nacional de Arte","og_description":"Convocatoria cierra:&nbsp;13 de Abril del 2018 Pa\u00eds:&nbsp;M\u00e9xico La Secretar\u00eda de Cultura a trav\u00e9s del Fondo Nacional para la Cultura y las Artes, por medio de la presente convocatoria ofrece 220 becas en 29 especialidades art\u00edsticas, as\u00ed como el acompa\u00f1amiento por tutores especializados, la participaci\u00f3n en tres encuentros de trabajo y la salida al p\u00fablico de [&hellip;]","og_url":"https:\/\/rednacionaldearte.com\/noticias\/fonca-jovenes-creadores-2018-convocatoria-abierta\/","og_site_name":"Red Nacional de Arte","article_publisher":"http:\/\/www.facebook.com\/rednacionaldearte\/","article_published_time":"2018-03-05T03:19:28+00:00","article_modified_time":"2018-03-05T03:56:54+00:00","og_image":[{"width":630,"height":330,"url":"https:\/\/rednacionaldearte.com\/noticias\/wp-content\/uploads\/2018\/03\/fonca-aniversario-1420913.jpg","type":"image\/jpeg"}],"author":"Redacci\u00f3n","twitter_card":"summary_large_image","twitter_creator":"@rednacionalarte","twitter_site":"@rednacionalarte","twitter_misc":{"Escrito por":"Redacci\u00f3n"},"schema":{"@context":"https:\/\/schema.org","@graph":[{"@type":"Article","@id":"https:\/\/rednacionaldearte.com\/noticias\/fonca-jovenes-creadores-2018-convocatoria-abierta\/#article","isPartOf":{"@id":"https:\/\/rednacionaldearte.com\/noticias\/fonca-jovenes-creadores-2018-convocatoria-abierta\/"},"author":{"name":"Redacci\u00f3n","@id":"http:\/\/rednacionaldearte.com\/noticias\/#\/schema\/person\/489d635082b1de413434d2708a3e5b9b"},"headline":"FONCA J\u00f3venes Creadores 2018: Convocatoria Abierta","datePublished":"2018-03-05T03:19:28+00:00","dateModified":"2018-03-05T03:56:54+00:00","mainEntityOfPage":{"@id":"https:\/\/rednacionaldearte.com\/noticias\/fonca-jovenes-creadores-2018-convocatoria-abierta\/"},"wordCount":77,"commentCount":0,"publisher":{"@id":"http:\/\/rednacionaldearte.com\/noticias\/#organization"},"image":{"@id":"https:\/\/rednacionaldearte.com\/noticias\/fonca-jovenes-creadores-2018-convocatoria-abierta\/#primaryimage"},"thumbnailUrl":"https:\/\/rednacionaldearte.com\/noticias\/wp-content\/uploads\/2018\/03\/fonca-aniversario-1420913.jpg","articleSection":["Arte Contempor\u00e1neo","Artes Esc\u00e9nicas","Artes Visuales","Convocatorias"],"inLanguage":"es","potentialAction":[{"@type":"CommentAction","name":"Comment","target":["https:\/\/rednacionaldearte.com\/noticias\/fonca-jovenes-creadores-2018-convocatoria-abierta\/#respond"]}]},{"@type":"WebPage","@id":"https:\/\/rednacionaldearte.com\/noticias\/fonca-jovenes-creadores-2018-convocatoria-abierta\/","url":"https:\/\/rednacionaldearte.com\/noticias\/fonca-jovenes-creadores-2018-convocatoria-abierta\/","name":"FONCA J\u00f3venes Creadores 2018: Convocatoria Abierta - Red Nacional de Arte","isPartOf":{"@id":"http:\/\/rednacionaldearte.com\/noticias\/#website"},"primaryImageOfPage":{"@id":"https:\/\/rednacionaldearte.com\/noticias\/fonca-jovenes-creadores-2018-convocatoria-abierta\/#primaryimage"},"image":{"@id":"https:\/\/rednacionaldearte.com\/noticias\/fonca-jovenes-creadores-2018-convocatoria-abierta\/#primaryimage"},"thumbnailUrl":"https:\/\/rednacionaldearte.com\/noticias\/wp-content\/uploads\/2018\/03\/fonca-aniversario-1420913.jpg","datePublished":"2018-03-05T03:19:28+00:00","dateModified":"2018-03-05T03:56:54+00:00","breadcrumb":{"@id":"https:\/\/rednacionaldearte.com\/noticias\/fonca-jovenes-creadores-2018-convocatoria-abierta\/#breadcrumb"},"inLanguage":"es","potentialAction":[{"@type":"ReadAction","target":["https:\/\/rednacionaldearte.com\/noticias\/fonca-jovenes-creadores-2018-convocatoria-abierta\/"]}]},{"@type":"ImageObject","inLanguage":"es","@id":"https:\/\/rednacionaldearte.com\/noticias\/fonca-jovenes-creadores-2018-convocatoria-abierta\/#primaryimage","url":"https:\/\/rednacionaldearte.com\/noticias\/wp-content\/uploads\/2018\/03\/fonca-aniversario-1420913.jpg","contentUrl":"https:\/\/rednacionaldearte.com\/noticias\/wp-content\/uploads\/2018\/03\/fonca-aniversario-1420913.jpg","width":630,"height":330,"caption":"FONCA"},{"@type":"BreadcrumbList","@id":"https:\/\/rednacionaldearte.com\/noticias\/fonca-jovenes-creadores-2018-convocatoria-abierta\/#breadcrumb","itemListElement":[{"@type":"ListItem","position":1,"name":"Home","item":"http:\/\/rednacionaldearte.com\/noticias\/"},{"@type":"ListItem","position":2,"name":"FONCA J\u00f3venes Creadores 2018: Convocatoria Abierta"}]},{"@type":"WebSite","@id":"http:\/\/rednacionaldearte.com\/noticias\/#website","url":"http:\/\/rednacionaldearte.com\/noticias\/","name":"Red Nacional de Arte","description":"Cultura y Arte contempor\u00e1neo en M\u00e9xico","publisher":{"@id":"http:\/\/rednacionaldearte.com\/noticias\/#organization"},"potentialAction":[{"@type":"SearchAction","target":{"@type":"EntryPoint","urlTemplate":"http:\/\/rednacionaldearte.com\/noticias\/?s={search_term_string}"},"query-input":{"@type":"PropertyValueSpecification","valueRequired":true,"valueName":"search_term_string"}}],"inLanguage":"es"},{"@type":"Organization","@id":"http:\/\/rednacionaldearte.com\/noticias\/#organization","name":"Red Nacional de Arte","url":"http:\/\/rednacionaldearte.com\/noticias\/","logo":{"@type":"ImageObject","inLanguage":"es","@id":"http:\/\/rednacionaldearte.com\/noticias\/#\/schema\/logo\/image\/","url":"http:\/\/rednacionaldearte.com\/noticias\/wp-content\/uploads\/2016\/04\/logo.png","contentUrl":"http:\/\/rednacionaldearte.com\/noticias\/wp-content\/uploads\/2016\/04\/logo.png","width":575,"height":554,"caption":"Red Nacional de Arte"},"image":{"@id":"http:\/\/rednacionaldearte.com\/noticias\/#\/schema\/logo\/image\/"},"sameAs":["http:\/\/www.facebook.com\/rednacionaldearte\/","https:\/\/x.com\/rednacionalarte"]},{"@type":"Person","@id":"http:\/\/rednacionaldearte.com\/noticias\/#\/schema\/person\/489d635082b1de413434d2708a3e5b9b","name":"Redacci\u00f3n","image":{"@type":"ImageObject","inLanguage":"es","@id":"https:\/\/secure.gravatar.com\/avatar\/1d1c30eaee7c2f6cfa13fb8502cb06839106cdf371b9953d50e4b572d0bfa3c7?s=96&d=mm&r=g","url":"https:\/\/secure.gravatar.com\/avatar\/1d1c30eaee7c2f6cfa13fb8502cb06839106cdf371b9953d50e4b572d0bfa3c7?s=96&d=mm&r=g","contentUrl":"https:\/\/secure.gravatar.com\/avatar\/1d1c30eaee7c2f6cfa13fb8502cb06839106cdf371b9953d50e4b572d0bfa3c7?s=96&d=mm&r=g","caption":"Redacci\u00f3n"},"url":"https:\/\/rednacionaldearte.com\/noticias\/author\/adan\/"}]}},"amp_validity":null,"amp_enabled":true,"_links":{"self":[{"href":"https:\/\/rednacionaldearte.com\/noticias\/wp-json\/wp\/v2\/posts\/875","targetHints":{"allow":["GET"]}}],"collection":[{"href":"https:\/\/rednacionaldearte.com\/noticias\/wp-json\/wp\/v2\/posts"}],"about":[{"href":"https:\/\/rednacionaldearte.com\/noticias\/wp-json\/wp\/v2\/types\/post"}],"author":[{"embeddable":true,"href":"https:\/\/rednacionaldearte.com\/noticias\/wp-json\/wp\/v2\/users\/1"}],"replies":[{"embeddable":true,"href":"https:\/\/rednacionaldearte.com\/noticias\/wp-json\/wp\/v2\/comments?post=875"}],"version-history":[{"count":1,"href":"https:\/\/rednacionaldearte.com\/noticias\/wp-json\/wp\/v2\/posts\/875\/revisions"}],"predecessor-version":[{"id":993,"href":"https:\/\/rednacionaldearte.com\/noticias\/wp-json\/wp\/v2\/posts\/875\/revisions\/993"}],"wp:featuredmedia":[{"embeddable":true,"href":"https:\/\/rednacionaldearte.com\/noticias\/wp-json\/wp\/v2\/media\/992"}],"wp:attachment":[{"href":"https:\/\/rednacionaldearte.com\/noticias\/wp-json\/wp\/v2\/media?parent=875"}],"wp:term":[{"taxonomy":"category","embeddable":true,"href":"https:\/\/rednacionaldearte.com\/noticias\/wp-json\/wp\/v2\/categories?post=875"},{"taxonomy":"post_tag","embeddable":true,"href":"https:\/\/rednacionaldearte.com\/noticias\/wp-json\/wp\/v2\/tags?post=875"}],"curies":[{"name":"wp","href":"https:\/\/api.w.org\/{rel}","templated":true}]}}