{"id":9,"date":"2015-11-06T21:55:43","date_gmt":"2015-11-06T21:55:43","guid":{"rendered":"http:\/\/rednacionaldearte.com\/noticias\/?p=9"},"modified":"2015-11-10T18:24:42","modified_gmt":"2015-11-10T18:24:42","slug":"nairy-baghramian-y-heinz-peter-knes-llegan-al-tamayo","status":"publish","type":"post","link":"https:\/\/rednacionaldearte.com\/noticias\/nairy-baghramian-y-heinz-peter-knes-llegan-al-tamayo\/","title":{"rendered":"Nairy Baghramian y Heinz Peter Knes llegan al Tamayo"},"content":{"rendered":"<p class=\"p1\" style=\"text-align: justify;\">Este s\u00e1bado 7 de noviembre se inaugurar\u00e1n de forma\u00a0simult\u00e1nea las exposiciones\u00a0\u00ab<strong>Hand me Down<\/strong>\u00bb (realizada ex profeso para el museo) de la escultora iran\u00ed\u00a0<strong>Nairy Baghramian<\/strong>,<strong>\u00a0<\/strong>e \u00ab<strong>Intimation Allover\/Insinuaci\u00f3n expandida<\/strong>\u00bb (exhibici\u00f3n parte del Festival Foto M\u00e9xico) del fot\u00f3grafo alem\u00e1n <strong>Heinz Peter Knes<\/strong>. Con dichas muestras, el <strong>Museo Tamayo de Arte Contempor\u00e1neo<\/strong> cerrar\u00e1 su ciclo de exposiciones del 2015.<\/p>\n<p class=\"p1\" style=\"text-align: justify;\">\u00abHand Me Down\u00bb exhibe una serie de esculturas que han sido separadas en componentes abstractos que aun as\u00ed remiten a un caparaz\u00f3n hueco, a un esqueleto y a \u00f3rganos dilatados.\u00a0El t\u00edtulo de la exposici\u00f3n alude al acto de obsequiar ropa de segunda mano como met\u00e1fora del estereotipo contradictorio que ha sido legado por la escultura contempor\u00e1nea desde el minimalismo.<\/p>\n<p style=\"text-align: justify;\">Por otra parte, intimation allover\/insinuaci\u00f3n expandida de Heinz Peter Knes (Alemania, 1969) re\u00fane fotograf\u00edas de varios \u00e1mbitos y per\u00edodos en el trabajo del artista, las cuales fueron seleccionadas por \u00e9l mismo. De igual forma, decidi\u00f3 desproveerse de categor\u00edas convencionales en la fotograf\u00eda \u2013paisaje, retrato, naturaleza muerta, documentaci\u00f3n de viaje\u2013 para privilegiar maneras de dar a entender la complejidad de composiciones construidas en una producci\u00f3n amplia.<\/p>\n<p style=\"text-align: justify;\">Las im\u00e1genes que conforman la muestra son compartidas en su forma elemental: descontextualizadas de una narrativa que las excede, acumulan sentido y fuerza en s\u00ed mismas, as\u00ed como en su interrelaci\u00f3n que juega con y contra las convenciones cl\u00e1sicas de presentaci\u00f3n y secuencia.<\/p>\n<p style=\"text-align: justify;\">Hand Me Down de\u00a0Nairy Baghramian permanecer\u00e1 hasta el\u00a013 de marzo de 2016. \u00abHeinz Peter Knes: intimation allover\/insinuaci\u00f3n expandida\u00bb estar\u00e1 hasta el\u00a021 de febrero de 2016.\u00a0Estas muestras se suman a\u00a0\u00ab<strong>Bite Your Tongue<\/strong>\u00bb de\u00a0\u00a0Leon Golub, abierta desde septiembre pasado.<\/p>\n<p style=\"text-align: justify;\">\n","protected":false},"excerpt":{"rendered":"<p>Este s\u00e1bado 7 de noviembre se inaugurar\u00e1n de forma\u00a0simult\u00e1nea las exposiciones\u00a0\u00abHand me Down\u00bb (realizada ex profeso para el museo) de la escultora iran\u00ed\u00a0Nairy Baghramian,\u00a0e \u00abIntimation Allover\/Insinuaci\u00f3n expandida\u00bb (exhibici\u00f3n parte del Festival Foto M\u00e9xico) del fot\u00f3grafo alem\u00e1n Heinz Peter Knes. Con dichas muestras, el Museo Tamayo de Arte Contempor\u00e1neo cerrar\u00e1 su ciclo de exposiciones del 2015. [&hellip;]<\/p>\n","protected":false},"author":1,"featured_media":10,"comment_status":"closed","ping_status":"open","sticky":false,"template":"","format":"standard","meta":{"footnotes":""},"categories":[3,2],"tags":[13,12,10,8,4,7,5,11,9,6],"class_list":["post-9","post","type-post","status-publish","format-standard","has-post-thumbnail","hentry","category-escultura","category-fotografia","tag-arte-contemporaneo","tag-arte-moderno","tag-bite-your-tongue","tag-festival-foto-mexico","tag-hand-me-down","tag-heinz-peter-knes","tag-intimation-alloverinsinuacion-expandida","tag-leon-golub","tag-museo-tamayo","tag-nairy-baghramian"],"yoast_head":"<!-- This site is optimized with the Yoast SEO plugin v27.2 - https:\/\/yoast.com\/product\/yoast-seo-wordpress\/ -->\n<title>Nairy Baghramian y Heinz Peter Knes llegan al Tamayo - Red Nacional de Arte<\/title>\n<meta name=\"robots\" content=\"index, follow, max-snippet:-1, max-image-preview:large, max-video-preview:-1\" \/>\n<link rel=\"canonical\" href=\"https:\/\/rednacionaldearte.com\/noticias\/nairy-baghramian-y-heinz-peter-knes-llegan-al-tamayo\/\" \/>\n<meta property=\"og:locale\" content=\"es_ES\" \/>\n<meta property=\"og:type\" content=\"article\" \/>\n<meta property=\"og:title\" content=\"Nairy Baghramian y Heinz Peter Knes llegan al Tamayo - Red Nacional de Arte\" \/>\n<meta property=\"og:description\" content=\"Este s\u00e1bado 7 de noviembre se inaugurar\u00e1n de forma\u00a0simult\u00e1nea las exposiciones\u00a0\u00abHand me Down\u00bb (realizada ex profeso para el museo) de la escultora iran\u00ed\u00a0Nairy Baghramian,\u00a0e \u00abIntimation Allover\/Insinuaci\u00f3n expandida\u00bb (exhibici\u00f3n parte del Festival Foto M\u00e9xico) del fot\u00f3grafo alem\u00e1n Heinz Peter Knes. Con dichas muestras, el Museo Tamayo de Arte Contempor\u00e1neo cerrar\u00e1 su ciclo de exposiciones del 2015. [&hellip;]\" \/>\n<meta property=\"og:url\" content=\"https:\/\/rednacionaldearte.com\/noticias\/nairy-baghramian-y-heinz-peter-knes-llegan-al-tamayo\/\" \/>\n<meta property=\"og:site_name\" content=\"Red Nacional de Arte\" \/>\n<meta property=\"article:publisher\" content=\"http:\/\/www.facebook.com\/rednacionaldearte\/\" \/>\n<meta property=\"article:published_time\" content=\"2015-11-06T21:55:43+00:00\" \/>\n<meta property=\"article:modified_time\" content=\"2015-11-10T18:24:42+00:00\" \/>\n<meta property=\"og:image\" content=\"http:\/\/rednacionaldearte.com\/noticias\/wp-content\/uploads\/2015\/11\/Hand-me-down-Nairy-Baghramian.jpg\" \/>\n\t<meta property=\"og:image:width\" content=\"956\" \/>\n\t<meta property=\"og:image:height\" content=\"608\" \/>\n\t<meta property=\"og:image:type\" content=\"image\/jpeg\" \/>\n<meta name=\"author\" content=\"Redacci\u00f3n\" \/>\n<meta name=\"twitter:card\" content=\"summary_large_image\" \/>\n<meta name=\"twitter:creator\" content=\"@rednacionalarte\" \/>\n<meta name=\"twitter:site\" content=\"@rednacionalarte\" \/>\n<meta name=\"twitter:label1\" content=\"Escrito por\" \/>\n\t<meta name=\"twitter:data1\" content=\"Redacci\u00f3n\" \/>\n\t<meta name=\"twitter:label2\" content=\"Tiempo de lectura\" \/>\n\t<meta name=\"twitter:data2\" content=\"1 minuto\" \/>\n<script type=\"application\/ld+json\" class=\"yoast-schema-graph\">{\"@context\":\"https:\/\/schema.org\",\"@graph\":[{\"@type\":\"Article\",\"@id\":\"https:\/\/rednacionaldearte.com\/noticias\/nairy-baghramian-y-heinz-peter-knes-llegan-al-tamayo\/#article\",\"isPartOf\":{\"@id\":\"https:\/\/rednacionaldearte.com\/noticias\/nairy-baghramian-y-heinz-peter-knes-llegan-al-tamayo\/\"},\"author\":{\"name\":\"Redacci\u00f3n\",\"@id\":\"http:\/\/rednacionaldearte.com\/noticias\/#\/schema\/person\/489d635082b1de413434d2708a3e5b9b\"},\"headline\":\"Nairy Baghramian y Heinz Peter Knes llegan al Tamayo\",\"datePublished\":\"2015-11-06T21:55:43+00:00\",\"dateModified\":\"2015-11-10T18:24:42+00:00\",\"mainEntityOfPage\":{\"@id\":\"https:\/\/rednacionaldearte.com\/noticias\/nairy-baghramian-y-heinz-peter-knes-llegan-al-tamayo\/\"},\"wordCount\":302,\"publisher\":{\"@id\":\"http:\/\/rednacionaldearte.com\/noticias\/#organization\"},\"image\":{\"@id\":\"https:\/\/rednacionaldearte.com\/noticias\/nairy-baghramian-y-heinz-peter-knes-llegan-al-tamayo\/#primaryimage\"},\"thumbnailUrl\":\"https:\/\/rednacionaldearte.com\/noticias\/wp-content\/uploads\/2015\/11\/Hand-me-down-Nairy-Baghramian.jpg\",\"keywords\":[\"Arte Contempor\u00e1neo\",\"Arte Moderno\",\"Bite Your Tongue\",\"Festival Foto M\u00e9xico\",\"Hand me Down\",\"Heinz Peter Knes\",\"Intimation Allover\/Insinuaci\u00f3n expandida\",\"Leon Golub\",\"Museo Tamayo\",\"Nairy Baghramian\"],\"articleSection\":[\"Escultura\",\"Fotograf\u00eda\"],\"inLanguage\":\"es\"},{\"@type\":\"WebPage\",\"@id\":\"https:\/\/rednacionaldearte.com\/noticias\/nairy-baghramian-y-heinz-peter-knes-llegan-al-tamayo\/\",\"url\":\"https:\/\/rednacionaldearte.com\/noticias\/nairy-baghramian-y-heinz-peter-knes-llegan-al-tamayo\/\",\"name\":\"Nairy Baghramian y Heinz Peter Knes llegan al Tamayo - Red Nacional de Arte\",\"isPartOf\":{\"@id\":\"http:\/\/rednacionaldearte.com\/noticias\/#website\"},\"primaryImageOfPage\":{\"@id\":\"https:\/\/rednacionaldearte.com\/noticias\/nairy-baghramian-y-heinz-peter-knes-llegan-al-tamayo\/#primaryimage\"},\"image\":{\"@id\":\"https:\/\/rednacionaldearte.com\/noticias\/nairy-baghramian-y-heinz-peter-knes-llegan-al-tamayo\/#primaryimage\"},\"thumbnailUrl\":\"https:\/\/rednacionaldearte.com\/noticias\/wp-content\/uploads\/2015\/11\/Hand-me-down-Nairy-Baghramian.jpg\",\"datePublished\":\"2015-11-06T21:55:43+00:00\",\"dateModified\":\"2015-11-10T18:24:42+00:00\",\"breadcrumb\":{\"@id\":\"https:\/\/rednacionaldearte.com\/noticias\/nairy-baghramian-y-heinz-peter-knes-llegan-al-tamayo\/#breadcrumb\"},\"inLanguage\":\"es\",\"potentialAction\":[{\"@type\":\"ReadAction\",\"target\":[\"https:\/\/rednacionaldearte.com\/noticias\/nairy-baghramian-y-heinz-peter-knes-llegan-al-tamayo\/\"]}]},{\"@type\":\"ImageObject\",\"inLanguage\":\"es\",\"@id\":\"https:\/\/rednacionaldearte.com\/noticias\/nairy-baghramian-y-heinz-peter-knes-llegan-al-tamayo\/#primaryimage\",\"url\":\"https:\/\/rednacionaldearte.com\/noticias\/wp-content\/uploads\/2015\/11\/Hand-me-down-Nairy-Baghramian.jpg\",\"contentUrl\":\"https:\/\/rednacionaldearte.com\/noticias\/wp-content\/uploads\/2015\/11\/Hand-me-down-Nairy-Baghramian.jpg\",\"width\":956,\"height\":608},{\"@type\":\"BreadcrumbList\",\"@id\":\"https:\/\/rednacionaldearte.com\/noticias\/nairy-baghramian-y-heinz-peter-knes-llegan-al-tamayo\/#breadcrumb\",\"itemListElement\":[{\"@type\":\"ListItem\",\"position\":1,\"name\":\"Home\",\"item\":\"http:\/\/rednacionaldearte.com\/noticias\/\"},{\"@type\":\"ListItem\",\"position\":2,\"name\":\"Nairy Baghramian y Heinz Peter Knes llegan al Tamayo\"}]},{\"@type\":\"WebSite\",\"@id\":\"http:\/\/rednacionaldearte.com\/noticias\/#website\",\"url\":\"http:\/\/rednacionaldearte.com\/noticias\/\",\"name\":\"Red Nacional de Arte\",\"description\":\"Cultura y Arte contempor\u00e1neo en M\u00e9xico\",\"publisher\":{\"@id\":\"http:\/\/rednacionaldearte.com\/noticias\/#organization\"},\"potentialAction\":[{\"@type\":\"SearchAction\",\"target\":{\"@type\":\"EntryPoint\",\"urlTemplate\":\"http:\/\/rednacionaldearte.com\/noticias\/?s={search_term_string}\"},\"query-input\":{\"@type\":\"PropertyValueSpecification\",\"valueRequired\":true,\"valueName\":\"search_term_string\"}}],\"inLanguage\":\"es\"},{\"@type\":\"Organization\",\"@id\":\"http:\/\/rednacionaldearte.com\/noticias\/#organization\",\"name\":\"Red Nacional de Arte\",\"url\":\"http:\/\/rednacionaldearte.com\/noticias\/\",\"logo\":{\"@type\":\"ImageObject\",\"inLanguage\":\"es\",\"@id\":\"http:\/\/rednacionaldearte.com\/noticias\/#\/schema\/logo\/image\/\",\"url\":\"http:\/\/rednacionaldearte.com\/noticias\/wp-content\/uploads\/2016\/04\/logo.png\",\"contentUrl\":\"http:\/\/rednacionaldearte.com\/noticias\/wp-content\/uploads\/2016\/04\/logo.png\",\"width\":575,\"height\":554,\"caption\":\"Red Nacional de Arte\"},\"image\":{\"@id\":\"http:\/\/rednacionaldearte.com\/noticias\/#\/schema\/logo\/image\/\"},\"sameAs\":[\"http:\/\/www.facebook.com\/rednacionaldearte\/\",\"https:\/\/x.com\/rednacionalarte\"]},{\"@type\":\"Person\",\"@id\":\"http:\/\/rednacionaldearte.com\/noticias\/#\/schema\/person\/489d635082b1de413434d2708a3e5b9b\",\"name\":\"Redacci\u00f3n\",\"image\":{\"@type\":\"ImageObject\",\"inLanguage\":\"es\",\"@id\":\"https:\/\/secure.gravatar.com\/avatar\/1d1c30eaee7c2f6cfa13fb8502cb06839106cdf371b9953d50e4b572d0bfa3c7?s=96&d=mm&r=g\",\"url\":\"https:\/\/secure.gravatar.com\/avatar\/1d1c30eaee7c2f6cfa13fb8502cb06839106cdf371b9953d50e4b572d0bfa3c7?s=96&d=mm&r=g\",\"contentUrl\":\"https:\/\/secure.gravatar.com\/avatar\/1d1c30eaee7c2f6cfa13fb8502cb06839106cdf371b9953d50e4b572d0bfa3c7?s=96&d=mm&r=g\",\"caption\":\"Redacci\u00f3n\"},\"url\":\"https:\/\/rednacionaldearte.com\/noticias\/author\/adan\/\"}]}<\/script>\n<!-- \/ Yoast SEO plugin. -->","yoast_head_json":{"title":"Nairy Baghramian y Heinz Peter Knes llegan al Tamayo - Red Nacional de Arte","robots":{"index":"index","follow":"follow","max-snippet":"max-snippet:-1","max-image-preview":"max-image-preview:large","max-video-preview":"max-video-preview:-1"},"canonical":"https:\/\/rednacionaldearte.com\/noticias\/nairy-baghramian-y-heinz-peter-knes-llegan-al-tamayo\/","og_locale":"es_ES","og_type":"article","og_title":"Nairy Baghramian y Heinz Peter Knes llegan al Tamayo - Red Nacional de Arte","og_description":"Este s\u00e1bado 7 de noviembre se inaugurar\u00e1n de forma\u00a0simult\u00e1nea las exposiciones\u00a0\u00abHand me Down\u00bb (realizada ex profeso para el museo) de la escultora iran\u00ed\u00a0Nairy Baghramian,\u00a0e \u00abIntimation Allover\/Insinuaci\u00f3n expandida\u00bb (exhibici\u00f3n parte del Festival Foto M\u00e9xico) del fot\u00f3grafo alem\u00e1n Heinz Peter Knes. Con dichas muestras, el Museo Tamayo de Arte Contempor\u00e1neo cerrar\u00e1 su ciclo de exposiciones del 2015. [&hellip;]","og_url":"https:\/\/rednacionaldearte.com\/noticias\/nairy-baghramian-y-heinz-peter-knes-llegan-al-tamayo\/","og_site_name":"Red Nacional de Arte","article_publisher":"http:\/\/www.facebook.com\/rednacionaldearte\/","article_published_time":"2015-11-06T21:55:43+00:00","article_modified_time":"2015-11-10T18:24:42+00:00","og_image":[{"width":956,"height":608,"url":"http:\/\/rednacionaldearte.com\/noticias\/wp-content\/uploads\/2015\/11\/Hand-me-down-Nairy-Baghramian.jpg","type":"image\/jpeg"}],"author":"Redacci\u00f3n","twitter_card":"summary_large_image","twitter_creator":"@rednacionalarte","twitter_site":"@rednacionalarte","twitter_misc":{"Escrito por":"Redacci\u00f3n","Tiempo de lectura":"1 minuto"},"schema":{"@context":"https:\/\/schema.org","@graph":[{"@type":"Article","@id":"https:\/\/rednacionaldearte.com\/noticias\/nairy-baghramian-y-heinz-peter-knes-llegan-al-tamayo\/#article","isPartOf":{"@id":"https:\/\/rednacionaldearte.com\/noticias\/nairy-baghramian-y-heinz-peter-knes-llegan-al-tamayo\/"},"author":{"name":"Redacci\u00f3n","@id":"http:\/\/rednacionaldearte.com\/noticias\/#\/schema\/person\/489d635082b1de413434d2708a3e5b9b"},"headline":"Nairy Baghramian y Heinz Peter Knes llegan al Tamayo","datePublished":"2015-11-06T21:55:43+00:00","dateModified":"2015-11-10T18:24:42+00:00","mainEntityOfPage":{"@id":"https:\/\/rednacionaldearte.com\/noticias\/nairy-baghramian-y-heinz-peter-knes-llegan-al-tamayo\/"},"wordCount":302,"publisher":{"@id":"http:\/\/rednacionaldearte.com\/noticias\/#organization"},"image":{"@id":"https:\/\/rednacionaldearte.com\/noticias\/nairy-baghramian-y-heinz-peter-knes-llegan-al-tamayo\/#primaryimage"},"thumbnailUrl":"https:\/\/rednacionaldearte.com\/noticias\/wp-content\/uploads\/2015\/11\/Hand-me-down-Nairy-Baghramian.jpg","keywords":["Arte Contempor\u00e1neo","Arte Moderno","Bite Your Tongue","Festival Foto M\u00e9xico","Hand me Down","Heinz Peter Knes","Intimation Allover\/Insinuaci\u00f3n expandida","Leon Golub","Museo Tamayo","Nairy Baghramian"],"articleSection":["Escultura","Fotograf\u00eda"],"inLanguage":"es"},{"@type":"WebPage","@id":"https:\/\/rednacionaldearte.com\/noticias\/nairy-baghramian-y-heinz-peter-knes-llegan-al-tamayo\/","url":"https:\/\/rednacionaldearte.com\/noticias\/nairy-baghramian-y-heinz-peter-knes-llegan-al-tamayo\/","name":"Nairy Baghramian y Heinz Peter Knes llegan al Tamayo - Red Nacional de Arte","isPartOf":{"@id":"http:\/\/rednacionaldearte.com\/noticias\/#website"},"primaryImageOfPage":{"@id":"https:\/\/rednacionaldearte.com\/noticias\/nairy-baghramian-y-heinz-peter-knes-llegan-al-tamayo\/#primaryimage"},"image":{"@id":"https:\/\/rednacionaldearte.com\/noticias\/nairy-baghramian-y-heinz-peter-knes-llegan-al-tamayo\/#primaryimage"},"thumbnailUrl":"https:\/\/rednacionaldearte.com\/noticias\/wp-content\/uploads\/2015\/11\/Hand-me-down-Nairy-Baghramian.jpg","datePublished":"2015-11-06T21:55:43+00:00","dateModified":"2015-11-10T18:24:42+00:00","breadcrumb":{"@id":"https:\/\/rednacionaldearte.com\/noticias\/nairy-baghramian-y-heinz-peter-knes-llegan-al-tamayo\/#breadcrumb"},"inLanguage":"es","potentialAction":[{"@type":"ReadAction","target":["https:\/\/rednacionaldearte.com\/noticias\/nairy-baghramian-y-heinz-peter-knes-llegan-al-tamayo\/"]}]},{"@type":"ImageObject","inLanguage":"es","@id":"https:\/\/rednacionaldearte.com\/noticias\/nairy-baghramian-y-heinz-peter-knes-llegan-al-tamayo\/#primaryimage","url":"https:\/\/rednacionaldearte.com\/noticias\/wp-content\/uploads\/2015\/11\/Hand-me-down-Nairy-Baghramian.jpg","contentUrl":"https:\/\/rednacionaldearte.com\/noticias\/wp-content\/uploads\/2015\/11\/Hand-me-down-Nairy-Baghramian.jpg","width":956,"height":608},{"@type":"BreadcrumbList","@id":"https:\/\/rednacionaldearte.com\/noticias\/nairy-baghramian-y-heinz-peter-knes-llegan-al-tamayo\/#breadcrumb","itemListElement":[{"@type":"ListItem","position":1,"name":"Home","item":"http:\/\/rednacionaldearte.com\/noticias\/"},{"@type":"ListItem","position":2,"name":"Nairy Baghramian y Heinz Peter Knes llegan al Tamayo"}]},{"@type":"WebSite","@id":"http:\/\/rednacionaldearte.com\/noticias\/#website","url":"http:\/\/rednacionaldearte.com\/noticias\/","name":"Red Nacional de Arte","description":"Cultura y Arte contempor\u00e1neo en M\u00e9xico","publisher":{"@id":"http:\/\/rednacionaldearte.com\/noticias\/#organization"},"potentialAction":[{"@type":"SearchAction","target":{"@type":"EntryPoint","urlTemplate":"http:\/\/rednacionaldearte.com\/noticias\/?s={search_term_string}"},"query-input":{"@type":"PropertyValueSpecification","valueRequired":true,"valueName":"search_term_string"}}],"inLanguage":"es"},{"@type":"Organization","@id":"http:\/\/rednacionaldearte.com\/noticias\/#organization","name":"Red Nacional de Arte","url":"http:\/\/rednacionaldearte.com\/noticias\/","logo":{"@type":"ImageObject","inLanguage":"es","@id":"http:\/\/rednacionaldearte.com\/noticias\/#\/schema\/logo\/image\/","url":"http:\/\/rednacionaldearte.com\/noticias\/wp-content\/uploads\/2016\/04\/logo.png","contentUrl":"http:\/\/rednacionaldearte.com\/noticias\/wp-content\/uploads\/2016\/04\/logo.png","width":575,"height":554,"caption":"Red Nacional de Arte"},"image":{"@id":"http:\/\/rednacionaldearte.com\/noticias\/#\/schema\/logo\/image\/"},"sameAs":["http:\/\/www.facebook.com\/rednacionaldearte\/","https:\/\/x.com\/rednacionalarte"]},{"@type":"Person","@id":"http:\/\/rednacionaldearte.com\/noticias\/#\/schema\/person\/489d635082b1de413434d2708a3e5b9b","name":"Redacci\u00f3n","image":{"@type":"ImageObject","inLanguage":"es","@id":"https:\/\/secure.gravatar.com\/avatar\/1d1c30eaee7c2f6cfa13fb8502cb06839106cdf371b9953d50e4b572d0bfa3c7?s=96&d=mm&r=g","url":"https:\/\/secure.gravatar.com\/avatar\/1d1c30eaee7c2f6cfa13fb8502cb06839106cdf371b9953d50e4b572d0bfa3c7?s=96&d=mm&r=g","contentUrl":"https:\/\/secure.gravatar.com\/avatar\/1d1c30eaee7c2f6cfa13fb8502cb06839106cdf371b9953d50e4b572d0bfa3c7?s=96&d=mm&r=g","caption":"Redacci\u00f3n"},"url":"https:\/\/rednacionaldearte.com\/noticias\/author\/adan\/"}]}},"amp_validity":null,"amp_enabled":true,"_links":{"self":[{"href":"https:\/\/rednacionaldearte.com\/noticias\/wp-json\/wp\/v2\/posts\/9","targetHints":{"allow":["GET"]}}],"collection":[{"href":"https:\/\/rednacionaldearte.com\/noticias\/wp-json\/wp\/v2\/posts"}],"about":[{"href":"https:\/\/rednacionaldearte.com\/noticias\/wp-json\/wp\/v2\/types\/post"}],"author":[{"embeddable":true,"href":"https:\/\/rednacionaldearte.com\/noticias\/wp-json\/wp\/v2\/users\/1"}],"replies":[{"embeddable":true,"href":"https:\/\/rednacionaldearte.com\/noticias\/wp-json\/wp\/v2\/comments?post=9"}],"version-history":[{"count":5,"href":"https:\/\/rednacionaldearte.com\/noticias\/wp-json\/wp\/v2\/posts\/9\/revisions"}],"predecessor-version":[{"id":24,"href":"https:\/\/rednacionaldearte.com\/noticias\/wp-json\/wp\/v2\/posts\/9\/revisions\/24"}],"wp:featuredmedia":[{"embeddable":true,"href":"https:\/\/rednacionaldearte.com\/noticias\/wp-json\/wp\/v2\/media\/10"}],"wp:attachment":[{"href":"https:\/\/rednacionaldearte.com\/noticias\/wp-json\/wp\/v2\/media?parent=9"}],"wp:term":[{"taxonomy":"category","embeddable":true,"href":"https:\/\/rednacionaldearte.com\/noticias\/wp-json\/wp\/v2\/categories?post=9"},{"taxonomy":"post_tag","embeddable":true,"href":"https:\/\/rednacionaldearte.com\/noticias\/wp-json\/wp\/v2\/tags?post=9"}],"curies":[{"name":"wp","href":"https:\/\/api.w.org\/{rel}","templated":true}]}}